{"id":10019,"date":"2025-09-25T15:06:30","date_gmt":"2025-09-25T18:06:30","guid":{"rendered":"https:\/\/gazetadoabranches.com\/?p=10019"},"modified":"2025-09-25T15:06:30","modified_gmt":"2025-09-25T18:06:30","slug":"obras-no-contorno-norte-confira-o-que-muda-na-regiao","status":"publish","type":"post","link":"https:\/\/gazetadoabranches.com\/index.php\/2025\/09\/25\/obras-no-contorno-norte-confira-o-que-muda-na-regiao\/","title":{"rendered":"Obras no Contorno Norte: confira o que muda na regi\u00e3o"},"content":{"rendered":"<figure id=\"attachment_10020\" aria-describedby=\"caption-attachment-10020\" style=\"width: 800px\" class=\"wp-caption aligncenter\"><img loading=\"lazy\" decoding=\"async\" class=\"size-full wp-image-10020\" src=\"https:\/\/gazetadoabranches.com\/wp-content\/uploads\/2025\/09\/Obras-contorno-norte.png\" alt=\"\" width=\"800\" height=\"565\" srcset=\"https:\/\/gazetadoabranches.com\/wp-content\/uploads\/2025\/09\/Obras-contorno-norte.png 800w, https:\/\/gazetadoabranches.com\/wp-content\/uploads\/2025\/09\/Obras-contorno-norte-300x212.png 300w, https:\/\/gazetadoabranches.com\/wp-content\/uploads\/2025\/09\/Obras-contorno-norte-768x542.png 768w\" sizes=\"auto, (max-width: 800px) 100vw, 800px\" \/><figcaption id=\"caption-attachment-10020\" class=\"wp-caption-text\">Obras no Contorno Norte: confira o que muda na regi\u00e3o.<\/figcaption><\/figure>\n<p data-placeholder=\" \">A partir desta segunda-feira (22\/9), obras realizadas pela Concession\u00e1ria Via Arauc\u00e1ria v\u00e3o provocar interdi\u00e7\u00f5es em alguns locais de acesso \u00e0 PR-418. As interven\u00e7\u00f5es fazem parte do projeto de amplia\u00e7\u00e3o da rodovia e t\u00eam previs\u00e3o de conclus\u00e3o para abril de 2026.<\/p>\n<h3>Bloqueio de acesso no km 13.220 da PR-418<\/h3>\n<p>Durante o per\u00edodo de obras, haver\u00e1 interdi\u00e7\u00e3o total da passagem superior do viaduto, afetando diretamente a liga\u00e7\u00e3o entre Jardim Ipanema, Jardim Valma e entorno, para ve\u00edculos e pedestres.<\/p>\n<p>Durante a execu\u00e7\u00e3o da obra, as ruas at\u00e9 a travessia n\u00e3o ser\u00e3o bloqueadas, apenas a passagem sobre o viaduto. Os motoristas dever\u00e3o utilizar os seguintes desvios:<\/p>\n<p><strong>Jardim Ipanema partindo do Jardim Valma:<\/strong><br \/>\nOs motoristas dever\u00e3o seguir pela Rua Vereador Wadislau Bugalski, acessar a Rua Rio Paran\u00e1, em seguida a Laurindo Pereira Machado e posteriormente a Rodovia dos Min\u00e9rios (sentido Centro de Curitiba). Depois, a Rua Prod\u00f3cimo Lago e Vereador Wadislau Bugalski, que permitir\u00e1 o acesso ao Jardim Ipanema.<\/p>\n<p><strong>Para acessar o Jardim Valma partindo do Jardim Ipanema:<\/strong><br \/>\nO motorista dever\u00e1 realizar o mesmo percurso mencionado acima, em sentido inverso.<\/p>\n<p>Para garantir a seguran\u00e7a dos pedestres e condutores, todo o trecho em obras estar\u00e1 sinalizado, sob responsabilidade da Concession\u00e1ria Via Arauc\u00e1ria.<\/p>\n","protected":false},"excerpt":{"rendered":"<p>A partir desta segunda-feira (22\/9), obras realizadas pela Concession\u00e1ria Via Arauc\u00e1ria v\u00e3o provocar interdi\u00e7\u00f5es em alguns locais de acesso \u00e0 PR-418. As interven\u00e7\u00f5es fazem parte do projeto de amplia\u00e7\u00e3o da rodovia e t\u00eam previs\u00e3o de conclus\u00e3o para abril de 2026. Bloqueio de acesso no km 13.220 da PR-418 Durante o [&hellip;]<\/p>\n","protected":false},"author":1,"featured_media":10020,"comment_status":"open","ping_status":"open","sticky":false,"template":"","format":"standard","meta":{"ngg_post_thumbnail":0,"jetpack_post_was_ever_published":false,"amp_status":"","_jetpack_newsletter_access":"","_jetpack_dont_email_post_to_subs":false,"_jetpack_newsletter_tier_id":0,"_jetpack_memberships_contains_paywalled_content":false,"_jetpack_memberships_contains_paid_content":false,"footnotes":""},"categories":[10],"tags":[],"class_list":["post-10019","post","type-post","status-publish","format-standard","has-post-thumbnail","hentry","category-obras"],"aioseo_notices":[],"jetpack_featured_media_url":"https:\/\/gazetadoabranches.com\/wp-content\/uploads\/2025\/09\/Obras-contorno-norte.png","jetpack-related-posts":[{"id":9203,"url":"https:\/\/gazetadoabranches.com\/index.php\/2023\/12\/02\/prefeitura-de-curitiba-libera-novo-trecho-da-linha-verde-norte-na-regiao-do-bairro-alto\/","url_meta":{"origin":10019,"position":0},"title":"Prefeitura de Curitiba libera novo trecho da Linha Verde Norte na regi\u00e3o do Bairro Alto","author":"Gazeta do Abranches","date":"dezembro 2, 2023","format":false,"excerpt":"Com o avan\u00e7o nas obras da\u00a0Linha Verde\u00a0Norte (Lote 4.1) na regi\u00e3o do Bairro Alto, a Prefeitura de Curitiba liberou no fim da manh\u00e3 desta sexta-feira (24\/11) um novo trecho para a passagem dos motoristas. A libera\u00e7\u00e3o \u00e9 na pista marginal norte, sentido S\u00e3o Paulo, no trecho de 340 metros entre\u2026","rel":"","context":"Em &quot;Obras&quot;","block_context":{"text":"Obras","link":"https:\/\/gazetadoabranches.com\/index.php\/category\/obras\/"},"img":{"alt_text":"","src":"https:\/\/i0.wp.com\/gazetadoabranches.com\/wp-content\/uploads\/2023\/12\/Linha-Verde1.jpg?resize=350%2C200&ssl=1","width":350,"height":200,"srcset":"https:\/\/i0.wp.com\/gazetadoabranches.com\/wp-content\/uploads\/2023\/12\/Linha-Verde1.jpg?resize=350%2C200&ssl=1 1x, https:\/\/i0.wp.com\/gazetadoabranches.com\/wp-content\/uploads\/2023\/12\/Linha-Verde1.jpg?resize=525%2C300&ssl=1 1.5x, https:\/\/i0.wp.com\/gazetadoabranches.com\/wp-content\/uploads\/2023\/12\/Linha-Verde1.jpg?resize=700%2C400&ssl=1 2x"},"classes":[]},{"id":10292,"url":"https:\/\/gazetadoabranches.com\/index.php\/2026\/01\/22\/prefeitura-revitaliza-rua-do-bairro-taboao-que-faz-ligacao-metropolitana\/","url_meta":{"origin":10019,"position":1},"title":"Prefeitura de Curitiba faz requalifica\u00e7\u00e3o do pavimento na rua Prod\u00f3cimo Lago, no Bairro Tabo\u00e3o.","author":"Gazeta do Abranches","date":"janeiro 22, 2026","format":false,"excerpt":"Requalifica\u00e7\u00e3o do pavimento que a Prefeitura de Curitiba na rua Prod\u00f3cimo Lago, no Bairro Tabo\u00e3o. Curitiba, 13\/01\/2026. Foto: Valquir Kiu Aureliano\/SECOM A Prefeitura de Curitiba iniciou esta semana a recupera\u00e7\u00e3o do pavimento da Rua Prod\u00f3cimo Lago, no bairro Tabo\u00e3o, no trecho entre a Desembargador Jos\u00e9 Carlos Ribeiro Ribas e Eug\u00eanio\u2026","rel":"","context":"Em &quot;Bairros&quot;","block_context":{"text":"Bairros","link":"https:\/\/gazetadoabranches.com\/index.php\/category\/bairros\/"},"img":{"alt_text":"Requalifica\u00e7\u00e3o do pavimento que a Prefeitura de Curitiba na rua Prod\u00f3cimo Lago, no Bairro Tabo\u00e3o. Curitiba, 13\/01\/2026. Foto: Valquir Kiu Aureliano\/SECOM","src":"https:\/\/i0.wp.com\/gazetadoabranches.com\/wp-content\/uploads\/2026\/01\/00540799.png?resize=350%2C200&ssl=1","width":350,"height":200,"srcset":"https:\/\/i0.wp.com\/gazetadoabranches.com\/wp-content\/uploads\/2026\/01\/00540799.png?resize=350%2C200&ssl=1 1x, https:\/\/i0.wp.com\/gazetadoabranches.com\/wp-content\/uploads\/2026\/01\/00540799.png?resize=525%2C300&ssl=1 1.5x, https:\/\/i0.wp.com\/gazetadoabranches.com\/wp-content\/uploads\/2026\/01\/00540799.png?resize=700%2C400&ssl=1 2x"},"classes":[]},{"id":8864,"url":"https:\/\/gazetadoabranches.com\/index.php\/2023\/04\/11\/regional-boa-vista-recebe-1113-km-de-asfalto-novo-em-seis-anos\/","url_meta":{"origin":10019,"position":2},"title":"Regional Boa Vista recebe 111,3 km de asfalto novo em seis anos","author":"Gazeta do Abranches","date":"abril 11, 2023","format":false,"excerpt":"Curitibanos que residem nos 12 bairros da Regional Boa Vista t\u00eam um bom motivo para comemorar. A regi\u00e3o recebeu 111,3 km de asfalto novo em suas ruas nos \u00faltimos seis anos. Em mar\u00e7o, a Prefeitura anunciou como parte das comemora\u00e7\u00f5es dos\u00a0330 anos de Curitiba\u00a0que mais 46 ruas da regional v\u00e3o\u2026","rel":"","context":"Em &quot;Obras&quot;","block_context":{"text":"Obras","link":"https:\/\/gazetadoabranches.com\/index.php\/category\/obras\/"},"img":{"alt_text":"","src":"https:\/\/i0.wp.com\/gazetadoabranches.com\/wp-content\/uploads\/2023\/04\/Cruz-do-Pilarzinho2.jpg?resize=350%2C200&ssl=1","width":350,"height":200,"srcset":"https:\/\/i0.wp.com\/gazetadoabranches.com\/wp-content\/uploads\/2023\/04\/Cruz-do-Pilarzinho2.jpg?resize=350%2C200&ssl=1 1x, https:\/\/i0.wp.com\/gazetadoabranches.com\/wp-content\/uploads\/2023\/04\/Cruz-do-Pilarzinho2.jpg?resize=525%2C300&ssl=1 1.5x, https:\/\/i0.wp.com\/gazetadoabranches.com\/wp-content\/uploads\/2023\/04\/Cruz-do-Pilarzinho2.jpg?resize=700%2C400&ssl=1 2x"},"classes":[]},{"id":7742,"url":"https:\/\/gazetadoabranches.com\/index.php\/2021\/10\/01\/governo-lanca-edital-para-instalacao-de-nova-iluminacao-no-contorno-sul-de-curitiba\/","url_meta":{"origin":10019,"position":3},"title":"Governo lan\u00e7a edital para instala\u00e7\u00e3o de nova ilumina\u00e7\u00e3o no Contorno Sul de Curitiba","author":"Gazeta do Abranches","date":"outubro 1, 2021","format":false,"excerpt":"O Contorno Sul de Curitiba ficar\u00e1 mais seguro para motoristas e pedestres. O trecho de 14,6 quil\u00f4metros, entre as intercess\u00f5es com a BR-277 (km 587) e a Linha Verde (km 601), vai receber nova ilumina\u00e7\u00e3o, toda em LED. O edital que d\u00e1 in\u00edcio ao processo de interven\u00e7\u00e3o foi lan\u00e7ado nesta\u2026","rel":"","context":"Em &quot;Governo&quot;","block_context":{"text":"Governo","link":"https:\/\/gazetadoabranches.com\/index.php\/category\/governo\/"},"img":{"alt_text":"","src":"https:\/\/i0.wp.com\/gazetadoabranches.com\/wp-content\/uploads\/2021\/10\/Imunina%C3%A7%C3%A3o-Contorno-sul-1-scaled.jpg?resize=350%2C200&ssl=1","width":350,"height":200,"srcset":"https:\/\/i0.wp.com\/gazetadoabranches.com\/wp-content\/uploads\/2021\/10\/Imunina%C3%A7%C3%A3o-Contorno-sul-1-scaled.jpg?resize=350%2C200&ssl=1 1x, https:\/\/i0.wp.com\/gazetadoabranches.com\/wp-content\/uploads\/2021\/10\/Imunina%C3%A7%C3%A3o-Contorno-sul-1-scaled.jpg?resize=525%2C300&ssl=1 1.5x, https:\/\/i0.wp.com\/gazetadoabranches.com\/wp-content\/uploads\/2021\/10\/Imunina%C3%A7%C3%A3o-Contorno-sul-1-scaled.jpg?resize=700%2C400&ssl=1 2x, https:\/\/i0.wp.com\/gazetadoabranches.com\/wp-content\/uploads\/2021\/10\/Imunina%C3%A7%C3%A3o-Contorno-sul-1-scaled.jpg?resize=1050%2C600&ssl=1 3x, https:\/\/i0.wp.com\/gazetadoabranches.com\/wp-content\/uploads\/2021\/10\/Imunina%C3%A7%C3%A3o-Contorno-sul-1-scaled.jpg?resize=1400%2C800&ssl=1 4x"},"classes":[]},{"id":10038,"url":"https:\/\/gazetadoabranches.com\/index.php\/2025\/10\/07\/novo-viaduto-do-orleans-sonho-antigo-avanca-com-parceria-entre-prefeitura-governo-do-estado-a-colaboracao-da-concessionaria-e-a-luta-iniciada-pelo-vereador-mauro-ignacio-desde-2013\/","url_meta":{"origin":10019,"position":4},"title":"Novo Viaduto do Orleans: sonho antigo avan\u00e7a com parceria entre Prefeitura, Governo do Estado, a colabora\u00e7\u00e3o da concession\u00e1ria e a luta iniciada pelo vereador Mauro Ign\u00e1cio desde 2013","author":"Gazeta do Abranches","date":"outubro 7, 2025","format":false,"excerpt":"CURITIBA \u2013 (Bairros Orleans \/ S\u00e3o Braz \/ Santa Felicidade \/ Campo Comprido) \u2013 A t\u00e3o aguardada constru\u00e7\u00e3o de um novo viaduto sobre a BR-277, no trecho do bairro Orleans, ganhou novo f\u00f4lego com o an\u00fancio do Governo do Estado e da Prefeitura de Curitiba, al\u00e9m da valida\u00e7\u00e3o t\u00e9cnica da\u2026","rel":"","context":"Em &quot;Bairros&quot;","block_context":{"text":"Bairros","link":"https:\/\/gazetadoabranches.com\/index.php\/category\/bairros\/"},"img":{"alt_text":"Mauro Ign\u00e1cio com o Deputado Romanelli","src":"https:\/\/i0.wp.com\/gazetadoabranches.com\/wp-content\/uploads\/2025\/10\/Imagem-do-WhatsApp-de-2025-10-02-as-17.38.47_3955386d.jpg?resize=350%2C200&ssl=1","width":350,"height":200,"srcset":"https:\/\/i0.wp.com\/gazetadoabranches.com\/wp-content\/uploads\/2025\/10\/Imagem-do-WhatsApp-de-2025-10-02-as-17.38.47_3955386d.jpg?resize=350%2C200&ssl=1 1x, https:\/\/i0.wp.com\/gazetadoabranches.com\/wp-content\/uploads\/2025\/10\/Imagem-do-WhatsApp-de-2025-10-02-as-17.38.47_3955386d.jpg?resize=525%2C300&ssl=1 1.5x, https:\/\/i0.wp.com\/gazetadoabranches.com\/wp-content\/uploads\/2025\/10\/Imagem-do-WhatsApp-de-2025-10-02-as-17.38.47_3955386d.jpg?resize=700%2C400&ssl=1 2x, https:\/\/i0.wp.com\/gazetadoabranches.com\/wp-content\/uploads\/2025\/10\/Imagem-do-WhatsApp-de-2025-10-02-as-17.38.47_3955386d.jpg?resize=1050%2C600&ssl=1 3x, https:\/\/i0.wp.com\/gazetadoabranches.com\/wp-content\/uploads\/2025\/10\/Imagem-do-WhatsApp-de-2025-10-02-as-17.38.47_3955386d.jpg?resize=1400%2C800&ssl=1 4x"},"classes":[]},{"id":8837,"url":"https:\/\/gazetadoabranches.com\/index.php\/2023\/03\/28\/ruas-arthur-leinig-e-carlos-razera-ganham-novo-tracado-para-organizar-transito-no-vista-alegre\/","url_meta":{"origin":10019,"position":5},"title":"Ruas Arthur Leinig e Carlos Razera ganham novo tra\u00e7ado para organizar tr\u00e2nsito no Vista Alegre","author":"Gazeta do Abranches","date":"mar\u00e7o 28, 2023","format":false,"excerpt":"Uma nova obra da Prefeitura de Curitiba est\u00e1 em andamento no bairro Vista Alegre para reduzir conflitos no tr\u00e2nsito e melhorar a acessibilidade dos pedestres. Equipes coordenadas pela Secretaria Municipal de Obras P\u00fablicas (Smop) trabalham na corre\u00e7\u00e3o do tra\u00e7ado da Rua Arthur Leinig, no cruzamento com a Rua Carlos Razera,\u2026","rel":"","context":"Em &quot;Obras&quot;","block_context":{"text":"Obras","link":"https:\/\/gazetadoabranches.com\/index.php\/category\/obras\/"},"img":{"alt_text":"","src":"https:\/\/i0.wp.com\/gazetadoabranches.com\/wp-content\/uploads\/2023\/03\/Vista-Alegre.jpg?resize=350%2C200&ssl=1","width":350,"height":200,"srcset":"https:\/\/i0.wp.com\/gazetadoabranches.com\/wp-content\/uploads\/2023\/03\/Vista-Alegre.jpg?resize=350%2C200&ssl=1 1x, https:\/\/i0.wp.com\/gazetadoabranches.com\/wp-content\/uploads\/2023\/03\/Vista-Alegre.jpg?resize=525%2C300&ssl=1 1.5x, https:\/\/i0.wp.com\/gazetadoabranches.com\/wp-content\/uploads\/2023\/03\/Vista-Alegre.jpg?resize=700%2C400&ssl=1 2x"},"classes":[]}],"jetpack_likes_enabled":true,"jetpack_sharing_enabled":true,"_links":{"self":[{"href":"https:\/\/gazetadoabranches.com\/index.php\/wp-json\/wp\/v2\/posts\/10019","targetHints":{"allow":["GET"]}}],"collection":[{"href":"https:\/\/gazetadoabranches.com\/index.php\/wp-json\/wp\/v2\/posts"}],"about":[{"href":"https:\/\/gazetadoabranches.com\/index.php\/wp-json\/wp\/v2\/types\/post"}],"author":[{"embeddable":true,"href":"https:\/\/gazetadoabranches.com\/index.php\/wp-json\/wp\/v2\/users\/1"}],"replies":[{"embeddable":true,"href":"https:\/\/gazetadoabranches.com\/index.php\/wp-json\/wp\/v2\/comments?post=10019"}],"version-history":[{"count":1,"href":"https:\/\/gazetadoabranches.com\/index.php\/wp-json\/wp\/v2\/posts\/10019\/revisions"}],"predecessor-version":[{"id":10021,"href":"https:\/\/gazetadoabranches.com\/index.php\/wp-json\/wp\/v2\/posts\/10019\/revisions\/10021"}],"wp:featuredmedia":[{"embeddable":true,"href":"https:\/\/gazetadoabranches.com\/index.php\/wp-json\/wp\/v2\/media\/10020"}],"wp:attachment":[{"href":"https:\/\/gazetadoabranches.com\/index.php\/wp-json\/wp\/v2\/media?parent=10019"}],"wp:term":[{"taxonomy":"category","embeddable":true,"href":"https:\/\/gazetadoabranches.com\/index.php\/wp-json\/wp\/v2\/categories?post=10019"},{"taxonomy":"post_tag","embeddable":true,"href":"https:\/\/gazetadoabranches.com\/index.php\/wp-json\/wp\/v2\/tags?post=10019"}],"curies":[{"name":"wp","href":"https:\/\/api.w.org\/{rel}","templated":true}]}}