{"id":10112,"date":"2025-10-20T15:50:56","date_gmt":"2025-10-20T18:50:56","guid":{"rendered":"https:\/\/gazetadoabranches.com\/?p=10112"},"modified":"2025-10-20T15:50:56","modified_gmt":"2025-10-20T18:50:56","slug":"setran-realiza-vistoria-tecnica-na-rua-antonio-krainiski-no-abranches","status":"publish","type":"post","link":"https:\/\/gazetadoabranches.com\/index.php\/2025\/10\/20\/setran-realiza-vistoria-tecnica-na-rua-antonio-krainiski-no-abranches\/","title":{"rendered":"SETRAN realiza vistoria t\u00e9cnica na Rua Antonio Krainiski, no Abranches"},"content":{"rendered":"<p><strong>Curitiba, 17 de outubro de 2025<\/strong><\/p>\n<p>A Secretaria Municipal de Tr\u00e2nsito (Setran) realizou, nesta sexta-feira (17), uma vistoria t\u00e9cnica na Rua Antonio Krainiski, no bairro Abranches, atendendo a uma solicita\u00e7\u00e3o do Conselho Comunit\u00e1rio de Seguran\u00e7a (Conseg) Abranches. A visita contou com a presen\u00e7a de um t\u00e9cnico da Setran e representantes da Administra\u00e7\u00e3o Regional da Boa Vista.<\/p>\n<p>&nbsp;<\/p>\n<figure id=\"attachment_10113\" aria-describedby=\"caption-attachment-10113\" style=\"width: 640px\" class=\"wp-caption aligncenter\"><img loading=\"lazy\" decoding=\"async\" class=\"size-large wp-image-10113\" src=\"https:\/\/gazetadoabranches.com\/wp-content\/uploads\/2025\/10\/Imagem-do-WhatsApp-de-2025-10-20-as-12.41.30_c23971f1-1024x766.jpg\" alt=\"SETRAN realiza vistoria t\u00e9cnica na Rua Antonio Krainiski, no Abranches\" width=\"640\" height=\"479\" srcset=\"https:\/\/gazetadoabranches.com\/wp-content\/uploads\/2025\/10\/Imagem-do-WhatsApp-de-2025-10-20-as-12.41.30_c23971f1-1024x766.jpg 1024w, https:\/\/gazetadoabranches.com\/wp-content\/uploads\/2025\/10\/Imagem-do-WhatsApp-de-2025-10-20-as-12.41.30_c23971f1-300x224.jpg 300w, https:\/\/gazetadoabranches.com\/wp-content\/uploads\/2025\/10\/Imagem-do-WhatsApp-de-2025-10-20-as-12.41.30_c23971f1-768x575.jpg 768w, https:\/\/gazetadoabranches.com\/wp-content\/uploads\/2025\/10\/Imagem-do-WhatsApp-de-2025-10-20-as-12.41.30_c23971f1-1536x1149.jpg 1536w, https:\/\/gazetadoabranches.com\/wp-content\/uploads\/2025\/10\/Imagem-do-WhatsApp-de-2025-10-20-as-12.41.30_c23971f1.jpg 1600w\" sizes=\"auto, (max-width: 640px) 100vw, 640px\" \/><figcaption id=\"caption-attachment-10113\" class=\"wp-caption-text\">SETRAN realiza vistoria t\u00e9cnica na Rua Antonio Krainiski, no Abranches<\/figcaption><\/figure>\n<p>A vistoria ocorreu no trecho entre as ruas Jo\u00e3o Gava e Nilo Pe\u00e7anha, onde moradores e motoristas reivindicam altera\u00e7\u00f5es no sentido da via. A solicita\u00e7\u00e3o, feita por meio do canal 156 e refor\u00e7ada em reuni\u00e3o do Conseg, busca avaliar a viabilidade de implantar o modelo de \u201cm\u00e3o inglesa\u201d \u2013 onde o fluxo de ve\u00edculos ocorre nos dois sentidos, mas com o lado de circula\u00e7\u00e3o invertido em rela\u00e7\u00e3o ao padr\u00e3o brasileiro.<\/p>\n<p>De acordo com os moradores, a mudan\u00e7a facilitaria o acesso para quem sobe a Rua Jo\u00e3o Gava no sentido Pilarzinho, permitindo a convers\u00e3o \u00e0 esquerda na Rua Antonio Krainiski. Tamb\u00e9m beneficiaria motoristas que trafegam pela Rua Nilo Pe\u00e7anha no sentido centro, al\u00e9m de melhorar o fluxo para quem j\u00e1 est\u00e1 na pr\u00f3pria Krainiski.<\/p>\n<p>Durante a inspe\u00e7\u00e3o, o t\u00e9cnico da Setran apontou que o alto fluxo de ve\u00edculos na regi\u00e3o exige melhorias na sinaliza\u00e7\u00e3o. O local \u00e9 vizinho a importantes pontos tur\u00edsticos da cidade, como a \u00d3pera de Arame e a Pedreira Paulo Leminski, o que aumenta a complexidade da altera\u00e7\u00e3o vi\u00e1ria devido \u00e0 presen\u00e7a constante de turistas.<\/p>\n<p>&nbsp;<\/p>\n<figure id=\"attachment_10114\" aria-describedby=\"caption-attachment-10114\" style=\"width: 640px\" class=\"wp-caption aligncenter\"><img loading=\"lazy\" decoding=\"async\" class=\"size-large wp-image-10114\" src=\"https:\/\/gazetadoabranches.com\/wp-content\/uploads\/2025\/10\/Imagem-do-WhatsApp-de-2025-10-20-as-12.41.29_9cc441fe-1024x766.jpg\" alt=\"SETRAN realiza vistoria t\u00e9cnica na Rua Antonio Krainiski, no Abranches\" width=\"640\" height=\"479\" srcset=\"https:\/\/gazetadoabranches.com\/wp-content\/uploads\/2025\/10\/Imagem-do-WhatsApp-de-2025-10-20-as-12.41.29_9cc441fe-1024x766.jpg 1024w, https:\/\/gazetadoabranches.com\/wp-content\/uploads\/2025\/10\/Imagem-do-WhatsApp-de-2025-10-20-as-12.41.29_9cc441fe-300x224.jpg 300w, https:\/\/gazetadoabranches.com\/wp-content\/uploads\/2025\/10\/Imagem-do-WhatsApp-de-2025-10-20-as-12.41.29_9cc441fe-768x575.jpg 768w, https:\/\/gazetadoabranches.com\/wp-content\/uploads\/2025\/10\/Imagem-do-WhatsApp-de-2025-10-20-as-12.41.29_9cc441fe-1536x1149.jpg 1536w, https:\/\/gazetadoabranches.com\/wp-content\/uploads\/2025\/10\/Imagem-do-WhatsApp-de-2025-10-20-as-12.41.29_9cc441fe.jpg 1600w\" sizes=\"auto, (max-width: 640px) 100vw, 640px\" \/><figcaption id=\"caption-attachment-10114\" class=\"wp-caption-text\">SETRAN realiza vistoria t\u00e9cnica na Rua Antonio Krainiski, no Abranches<\/figcaption><\/figure>\n<p>Al\u00e9m da mudan\u00e7a no sentido da via, foi solicitado um estudo sobre as condi\u00e7\u00f5es de estacionamento. Segundo os moradores, a rua \u00e9 estreita e, com ve\u00edculos estacionados de um lado \u2013 o que \u00e9 permitido atualmente \u2013 a passagem simult\u00e2nea de dois carros torna-se invi\u00e1vel, gerando congestionamentos e inseguran\u00e7a.<\/p>\n<p>A Setran informou que ir\u00e1 analisar as demandas com aten\u00e7\u00e3o, levando em conta a seguran\u00e7a vi\u00e1ria e a fluidez do tr\u00e2nsito na regi\u00e3o. A expectativa dos usu\u00e1rios da via \u00e9 que uma solu\u00e7\u00e3o seja implementada o quanto antes, promovendo mais seguran\u00e7a e mobilidade para motoristas, pedestres e visitantes.<\/p>\n","protected":false},"excerpt":{"rendered":"<p>Curitiba, 17 de outubro de 2025 A Secretaria Municipal de Tr\u00e2nsito (Setran) realizou, nesta sexta-feira (17), uma vistoria t\u00e9cnica na Rua Antonio Krainiski, no bairro Abranches, atendendo a uma solicita\u00e7\u00e3o do Conselho Comunit\u00e1rio de Seguran\u00e7a (Conseg) Abranches. A visita contou com a presen\u00e7a de um t\u00e9cnico da Setran e representantes [&hellip;]<\/p>\n","protected":false},"author":1,"featured_media":10113,"comment_status":"open","ping_status":"open","sticky":false,"template":"","format":"standard","meta":{"ngg_post_thumbnail":0,"jetpack_post_was_ever_published":false,"amp_status":"","_jetpack_newsletter_access":"","_jetpack_dont_email_post_to_subs":false,"_jetpack_newsletter_tier_id":0,"_jetpack_memberships_contains_paywalled_content":false,"_jetpack_memberships_contains_paid_content":false,"footnotes":""},"categories":[5,56],"tags":[203,205,204,201,206],"class_list":["post-10112","post","type-post","status-publish","format-standard","has-post-thumbnail","hentry","category-bairros","category-setran","tag-abranches-pedreira","tag-mao-inglesa","tag-pedreira-paulo-leminsky","tag-setran","tag-transito-abranches"],"aioseo_notices":[],"jetpack_featured_media_url":"https:\/\/gazetadoabranches.com\/wp-content\/uploads\/2025\/10\/Imagem-do-WhatsApp-de-2025-10-20-as-12.41.30_c23971f1.jpg","jetpack-related-posts":[{"id":10096,"url":"https:\/\/gazetadoabranches.com\/index.php\/2025\/10\/16\/setran-instala-tachoes-em-cruzamento-perigoso-no-bairro-abranches\/","url_meta":{"origin":10112,"position":0},"title":"Setran instala tach\u00f5es em cruzamento perigoso no bairro Abranches","author":"Gazeta do Abranches","date":"outubro 16, 2025","format":false,"excerpt":"A Superintend\u00eancia de Tr\u00e2nsito de Curitiba (Setran) instalou, na \u00faltima quarta-feira (15), tach\u00f5es no cruzamento entre as ruas Clara Kucheny e Martin Kaiser, no bairro Abranches. A medida tem como objetivo aumentar a seguran\u00e7a vi\u00e1ria em um ponto conhecido por registrar frequentes acidentes. O local \u00e9 considerado perigoso principalmente pela\u2026","rel":"","context":"Em &quot;Bairros&quot;","block_context":{"text":"Bairros","link":"https:\/\/gazetadoabranches.com\/index.php\/category\/bairros\/"},"img":{"alt_text":"Cruzamento da Rua Clara Kuchenny com Martin Kaiser","src":"https:\/\/i0.wp.com\/gazetadoabranches.com\/wp-content\/uploads\/2025\/10\/Imagem-do-WhatsApp-de-2025-10-16-as-09.20.33_a416ed10.jpg?resize=350%2C200&ssl=1","width":350,"height":200,"srcset":"https:\/\/i0.wp.com\/gazetadoabranches.com\/wp-content\/uploads\/2025\/10\/Imagem-do-WhatsApp-de-2025-10-16-as-09.20.33_a416ed10.jpg?resize=350%2C200&ssl=1 1x, https:\/\/i0.wp.com\/gazetadoabranches.com\/wp-content\/uploads\/2025\/10\/Imagem-do-WhatsApp-de-2025-10-16-as-09.20.33_a416ed10.jpg?resize=525%2C300&ssl=1 1.5x, https:\/\/i0.wp.com\/gazetadoabranches.com\/wp-content\/uploads\/2025\/10\/Imagem-do-WhatsApp-de-2025-10-16-as-09.20.33_a416ed10.jpg?resize=700%2C400&ssl=1 2x, https:\/\/i0.wp.com\/gazetadoabranches.com\/wp-content\/uploads\/2025\/10\/Imagem-do-WhatsApp-de-2025-10-16-as-09.20.33_a416ed10.jpg?resize=1050%2C600&ssl=1 3x, https:\/\/i0.wp.com\/gazetadoabranches.com\/wp-content\/uploads\/2025\/10\/Imagem-do-WhatsApp-de-2025-10-16-as-09.20.33_a416ed10.jpg?resize=1400%2C800&ssl=1 4x"},"classes":[]},{"id":10052,"url":"https:\/\/gazetadoabranches.com\/index.php\/2025\/10\/08\/moradores-do-abranches-pedem-lombada-na-rua-clara-kucheny\/","url_meta":{"origin":10112,"position":1},"title":"Moradores do Abranches pedem Lombada na Rua Clara Kucheny","author":"Gazeta do Abranches","date":"outubro 8, 2025","format":false,"excerpt":"\u00a0Moradores do bairro Abranches est\u00e3o preocupados com o aumento no fluxo de ve\u00edculos e a alta velocidade na Rua Clara Kucheny. Segundo os relatos, a via tem sido usada como rota de fuga por motoristas que tentam evitar o tr\u00e2nsito intenso da Rua Desembargador Jos\u00e9 Carlos Ribeiro Ribas, especialmente nos\u2026","rel":"","context":"Em &quot;Bairros&quot;","block_context":{"text":"Bairros","link":"https:\/\/gazetadoabranches.com\/index.php\/category\/bairros\/"},"img":{"alt_text":"Moradores pedem lombada na rua Clara Kucheny","src":"https:\/\/i0.wp.com\/gazetadoabranches.com\/wp-content\/uploads\/2025\/10\/Clara-Kuchenny.jpg?resize=350%2C200&ssl=1","width":350,"height":200,"srcset":"https:\/\/i0.wp.com\/gazetadoabranches.com\/wp-content\/uploads\/2025\/10\/Clara-Kuchenny.jpg?resize=350%2C200&ssl=1 1x, https:\/\/i0.wp.com\/gazetadoabranches.com\/wp-content\/uploads\/2025\/10\/Clara-Kuchenny.jpg?resize=525%2C300&ssl=1 1.5x, https:\/\/i0.wp.com\/gazetadoabranches.com\/wp-content\/uploads\/2025\/10\/Clara-Kuchenny.jpg?resize=700%2C400&ssl=1 2x, https:\/\/i0.wp.com\/gazetadoabranches.com\/wp-content\/uploads\/2025\/10\/Clara-Kuchenny.jpg?resize=1050%2C600&ssl=1 3x"},"classes":[]},{"id":8984,"url":"https:\/\/gazetadoabranches.com\/index.php\/2023\/07\/06\/mauro-ignacio-recebe-demandas-dos-moradores-do-abranches-sobre-rodovia-dos-minerios\/","url_meta":{"origin":10112,"position":2},"title":"Mauro Ign\u00e1cio recebe demandas dos moradores do Abranches sobre Rodovia dos Min\u00e9rios","author":"Gazeta do Abranches","date":"julho 6, 2023","format":false,"excerpt":"No ultimo s\u00e1bado (01\/07) o vereador Mauro Ign\u00e1cio veio ouvir as demandas dos moradores do jardim Eldorado, que fica bem no in\u00edcio da Rodovia dos Min\u00e9rios. Os moradores reclamam do acesso para suas resid\u00eancias, pois no hor\u00e1rio de pico a rodovia no trecho entre a rua Mateus Leme ( Sociedade\u2026","rel":"","context":"Em &quot;Bairros&quot;","block_context":{"text":"Bairros","link":"https:\/\/gazetadoabranches.com\/index.php\/category\/bairros\/"},"img":{"alt_text":"","src":"https:\/\/i0.wp.com\/gazetadoabranches.com\/wp-content\/uploads\/2023\/07\/WhatsApp-Image-2023-07-01-at-17.04.37.jpeg?resize=350%2C200&ssl=1","width":350,"height":200,"srcset":"https:\/\/i0.wp.com\/gazetadoabranches.com\/wp-content\/uploads\/2023\/07\/WhatsApp-Image-2023-07-01-at-17.04.37.jpeg?resize=350%2C200&ssl=1 1x, https:\/\/i0.wp.com\/gazetadoabranches.com\/wp-content\/uploads\/2023\/07\/WhatsApp-Image-2023-07-01-at-17.04.37.jpeg?resize=525%2C300&ssl=1 1.5x, https:\/\/i0.wp.com\/gazetadoabranches.com\/wp-content\/uploads\/2023\/07\/WhatsApp-Image-2023-07-01-at-17.04.37.jpeg?resize=700%2C400&ssl=1 2x, https:\/\/i0.wp.com\/gazetadoabranches.com\/wp-content\/uploads\/2023\/07\/WhatsApp-Image-2023-07-01-at-17.04.37.jpeg?resize=1050%2C600&ssl=1 3x, https:\/\/i0.wp.com\/gazetadoabranches.com\/wp-content\/uploads\/2023\/07\/WhatsApp-Image-2023-07-01-at-17.04.37.jpeg?resize=1400%2C800&ssl=1 4x"},"classes":[]},{"id":8436,"url":"https:\/\/gazetadoabranches.com\/index.php\/2022\/08\/15\/mais-59-ruas-greca-lanca-nova-fase-do-programa-de-recuperacao-da-malha-viaria\/","url_meta":{"origin":10112,"position":3},"title":"Mais 59 ruas: Greca lan\u00e7a nova fase do programa de recupera\u00e7\u00e3o da malha vi\u00e1ria","author":"Gazeta do Abranches","date":"agosto 15, 2022","format":false,"excerpt":"Uma nova fase do programa de recupera\u00e7\u00e3o da malha vi\u00e1ria da Prefeitura vai assegurar mais 43 km de asfalto novo em 59 ruas de bairros de oito regionais da cidade. O lan\u00e7amento da nova etapa foi feito nesta quinta-feira (28\/7), pelo prefeito Rafael Greca, durante vistoria t\u00e9cnica na obra de\u2026","rel":"","context":"Em &quot;Outros&quot;","block_context":{"text":"Outros","link":"https:\/\/gazetadoabranches.com\/index.php\/category\/outros\/"},"img":{"alt_text":"","src":"https:\/\/i0.wp.com\/gazetadoabranches.com\/wp-content\/uploads\/2022\/08\/00351608.jpg?resize=350%2C200&ssl=1","width":350,"height":200,"srcset":"https:\/\/i0.wp.com\/gazetadoabranches.com\/wp-content\/uploads\/2022\/08\/00351608.jpg?resize=350%2C200&ssl=1 1x, https:\/\/i0.wp.com\/gazetadoabranches.com\/wp-content\/uploads\/2022\/08\/00351608.jpg?resize=525%2C300&ssl=1 1.5x, https:\/\/i0.wp.com\/gazetadoabranches.com\/wp-content\/uploads\/2022\/08\/00351608.jpg?resize=700%2C400&ssl=1 2x"},"classes":[]},{"id":8473,"url":"https:\/\/gazetadoabranches.com\/index.php\/2022\/08\/16\/placa-tipo-sargento-reimplantada-em-curva-no-abranches\/","url_meta":{"origin":10112,"position":4},"title":"Placa tipo sargento reimplantada em curva no Abranches","author":"Gazeta do Abranches","date":"agosto 16, 2022","format":false,"excerpt":"Uma placa de sinaliza\u00e7\u00e3o \"tipo sargento\" , foi reimplantada na curva da rua Mateus Leme no bairro Abranches. A mesma j\u00e1 existia anteriormente mas acabou sendo arrancada por um acidente onde um ve\u00edculo n\u00e3o conseguiu fazer a curva e bateu na placa derrubando a mesma. A pedido de moradores vizinhos\u2026","rel":"","context":"Em &quot;Bairros&quot;","block_context":{"text":"Bairros","link":"https:\/\/gazetadoabranches.com\/index.php\/category\/bairros\/"},"img":{"alt_text":"","src":"https:\/\/i0.wp.com\/gazetadoabranches.com\/wp-content\/uploads\/2022\/08\/WhatsApp-Image-2022-08-16-at-17.22.15.jpeg?resize=350%2C200&ssl=1","width":350,"height":200,"srcset":"https:\/\/i0.wp.com\/gazetadoabranches.com\/wp-content\/uploads\/2022\/08\/WhatsApp-Image-2022-08-16-at-17.22.15.jpeg?resize=350%2C200&ssl=1 1x, https:\/\/i0.wp.com\/gazetadoabranches.com\/wp-content\/uploads\/2022\/08\/WhatsApp-Image-2022-08-16-at-17.22.15.jpeg?resize=525%2C300&ssl=1 1.5x, https:\/\/i0.wp.com\/gazetadoabranches.com\/wp-content\/uploads\/2022\/08\/WhatsApp-Image-2022-08-16-at-17.22.15.jpeg?resize=700%2C400&ssl=1 2x, https:\/\/i0.wp.com\/gazetadoabranches.com\/wp-content\/uploads\/2022\/08\/WhatsApp-Image-2022-08-16-at-17.22.15.jpeg?resize=1050%2C600&ssl=1 3x"},"classes":[]},{"id":10081,"url":"https:\/\/gazetadoabranches.com\/index.php\/2025\/10\/14\/moradores-do-abranches-pedem-redutor-de-velocidade-na-rua-jose-bajerski\/","url_meta":{"origin":10112,"position":5},"title":"Moradores do Abranches Pedem Redutor de Velocidade na Rua Jos\u00e9 Bajerski","author":"Gazeta do Abranches","date":"outubro 14, 2025","format":false,"excerpt":"\u00a0Moradores e frequentadores da Rua Jos\u00e9 Bajerski, no bairro Abranches, est\u00e3o solicitando \u00e0 Prefeitura de Curitiba a instala\u00e7\u00e3o de um redutor de velocidade nas proximidades do cruzamento com a Rua Irm\u00e3 Anat\u00f3lia, pr\u00f3ximo ao Condom\u00ednio Ilha do Arvore \u201cB\u201d. Segundo relatos da comunidade, o trecho \u00e9 uma curva com baixa\u2026","rel":"","context":"Em &quot;Bairros&quot;","block_context":{"text":"Bairros","link":"https:\/\/gazetadoabranches.com\/index.php\/category\/bairros\/"},"img":{"alt_text":"Moradores do Abranches Pedem Redutor de Velocidade na Rua Jos\u00e9 Bajerski","src":"https:\/\/i0.wp.com\/gazetadoabranches.com\/wp-content\/uploads\/2025\/10\/Imagem-do-WhatsApp-de-2025-10-14-as-11.18.12_1c39abb5.jpg?resize=350%2C200&ssl=1","width":350,"height":200,"srcset":"https:\/\/i0.wp.com\/gazetadoabranches.com\/wp-content\/uploads\/2025\/10\/Imagem-do-WhatsApp-de-2025-10-14-as-11.18.12_1c39abb5.jpg?resize=350%2C200&ssl=1 1x, https:\/\/i0.wp.com\/gazetadoabranches.com\/wp-content\/uploads\/2025\/10\/Imagem-do-WhatsApp-de-2025-10-14-as-11.18.12_1c39abb5.jpg?resize=525%2C300&ssl=1 1.5x, https:\/\/i0.wp.com\/gazetadoabranches.com\/wp-content\/uploads\/2025\/10\/Imagem-do-WhatsApp-de-2025-10-14-as-11.18.12_1c39abb5.jpg?resize=700%2C400&ssl=1 2x, https:\/\/i0.wp.com\/gazetadoabranches.com\/wp-content\/uploads\/2025\/10\/Imagem-do-WhatsApp-de-2025-10-14-as-11.18.12_1c39abb5.jpg?resize=1050%2C600&ssl=1 3x, https:\/\/i0.wp.com\/gazetadoabranches.com\/wp-content\/uploads\/2025\/10\/Imagem-do-WhatsApp-de-2025-10-14-as-11.18.12_1c39abb5.jpg?resize=1400%2C800&ssl=1 4x"},"classes":[]}],"jetpack_likes_enabled":true,"jetpack_sharing_enabled":true,"_links":{"self":[{"href":"https:\/\/gazetadoabranches.com\/index.php\/wp-json\/wp\/v2\/posts\/10112","targetHints":{"allow":["GET"]}}],"collection":[{"href":"https:\/\/gazetadoabranches.com\/index.php\/wp-json\/wp\/v2\/posts"}],"about":[{"href":"https:\/\/gazetadoabranches.com\/index.php\/wp-json\/wp\/v2\/types\/post"}],"author":[{"embeddable":true,"href":"https:\/\/gazetadoabranches.com\/index.php\/wp-json\/wp\/v2\/users\/1"}],"replies":[{"embeddable":true,"href":"https:\/\/gazetadoabranches.com\/index.php\/wp-json\/wp\/v2\/comments?post=10112"}],"version-history":[{"count":1,"href":"https:\/\/gazetadoabranches.com\/index.php\/wp-json\/wp\/v2\/posts\/10112\/revisions"}],"predecessor-version":[{"id":10115,"href":"https:\/\/gazetadoabranches.com\/index.php\/wp-json\/wp\/v2\/posts\/10112\/revisions\/10115"}],"wp:featuredmedia":[{"embeddable":true,"href":"https:\/\/gazetadoabranches.com\/index.php\/wp-json\/wp\/v2\/media\/10113"}],"wp:attachment":[{"href":"https:\/\/gazetadoabranches.com\/index.php\/wp-json\/wp\/v2\/media?parent=10112"}],"wp:term":[{"taxonomy":"category","embeddable":true,"href":"https:\/\/gazetadoabranches.com\/index.php\/wp-json\/wp\/v2\/categories?post=10112"},{"taxonomy":"post_tag","embeddable":true,"href":"https:\/\/gazetadoabranches.com\/index.php\/wp-json\/wp\/v2\/tags?post=10112"}],"curies":[{"name":"wp","href":"https:\/\/api.w.org\/{rel}","templated":true}]}}