{"id":10118,"date":"2025-10-20T17:58:18","date_gmt":"2025-10-20T20:58:18","guid":{"rendered":"https:\/\/gazetadoabranches.com\/?p=10118"},"modified":"2025-10-20T17:58:18","modified_gmt":"2025-10-20T20:58:18","slug":"mutirao-de-empregos-em-santa-felicidade-oferece-4-721-oportunidades-de-63-empresas","status":"publish","type":"post","link":"https:\/\/gazetadoabranches.com\/index.php\/2025\/10\/20\/mutirao-de-empregos-em-santa-felicidade-oferece-4-721-oportunidades-de-63-empresas\/","title":{"rendered":"Mutir\u00e3o de Empregos em Santa Felicidade oferece 4.721 oportunidades de 63 empresas"},"content":{"rendered":"<h6><img decoding=\"async\" src=\"https:\/\/mid-noticias.curitiba.pr.gov.br\/2025\/capa\/00523101.jpg\" alt=\"Mutir\u00e3o de Empregos vai oferecer mais de 4 mil vagas esta semana em Curitiba. \nFoto: Levy Ferreira\/SECOM\"><\/p>\n<p>Mutir\u00e3o de Empregos vai oferecer mais de 4 mil vagas esta semana em Curitiba. Foto: Levy Ferreira\/SECOM<\/h6>\n<div class=\"row\">\n<div class=\"col textoNoticias\">\n<div class=\"textoBanner\">\n<div class=\"boxBannerTextoAnuncio\">\n<p data-placeholder=\" \">A Prefeitura de Curitiba, em parceria com o Governo do Estado, faz nesta quarta-feira (22\/10), na Rua da Cidadania de Santa Felicidade, mais uma edi\u00e7\u00e3o do Mutir\u00e3o de Empregos, com in\u00edcio \u00e0s 9h. Ser\u00e3o ofertadas 3.231 vagas de trabalho dispon\u00edveis em diversos setores de 63 empresas. Somadas \u00e0s 1.462 vagas que j\u00e1 est\u00e3o no Sistema Nacional de Emprego (Sine) municipal ser\u00e3o 4.721 oportunidades para quem est\u00e1 em busca de recoloca\u00e7\u00e3o ou do primeiro emprego.<\/p>\n<p>Durante o evento, organizado pela Secretaria Municipal de Desenvolvimento Econ\u00f4mico e Inova\u00e7\u00e3o e pela Secretaria Estadual de Trabalho, Qualifica\u00e7\u00e3o e Renda, as empresas participantes far\u00e3o entrevistas no local e encaminhar\u00e3o candidatos para contrata\u00e7\u00e3o imediata. A expectativa \u00e9 receber pelo menos 600 trabalhadores ao longo do dia.<\/p>\n<p>De acordo com o secret\u00e1rio municipal de Desenvolvimento Econ\u00f4mico e Inova\u00e7\u00e3o, Paulo Martins, o mutir\u00e3o refor\u00e7a a postura ativa da Prefeitura em aproximar as oportunidades da popula\u00e7\u00e3o.<\/p>\n<blockquote><p>\u201cNosso objetivo \u00e9 ir at\u00e9 onde a comunidade est\u00e1, facilitando o acesso de quem busca uma recoloca\u00e7\u00e3o ou o primeiro emprego. \u00c9 uma a\u00e7\u00e3o pr\u00e1tica e eficiente, que conecta trabalhadores e empresas de forma direta e humanizada\u201d, afirma o secret\u00e1rio.<\/p><\/blockquote>\n<h3>Servi\u00e7o<\/h3>\n<p><strong>Emprega Curitiba Santa Felicidade<\/strong><br \/>\nData: quarta-feira (22\/10)<br \/>\nHor\u00e1rio: das 9h \u00e0s 14h<br \/>\nLocal: Rua da Cidadania Santa Felicidade (Regional Santa Felicidade)<br \/>\n<i>Importante: os participantes devem levar documento com foto e CPF. As senhas ser\u00e3o distribu\u00eddas at\u00e9 as 14h, por ordem de chegada.<\/i><\/p>\n<\/div>\n<\/div>\n<\/div>\n<\/div>\n<div class=\"row\">\n<div class=\"col text-right compNoticias\">\n<h6 class=\"d-flex midiasDetalheNoticias\">\n<p><img decoding=\"async\" src=\"https:\/\/mid-noticias.curitiba.pr.gov.br\/2025\/capa\/00523103.jpg\" alt=\"Mutir\u00e3o de Empregos vai oferecer mais de 4 mil vagas esta semana em Curitiba. \nFoto: Levy Ferreira\/SECOM\"><br \/>\nMutir\u00e3o de Empregos vai oferecer mais de 4 mil vagas esta semana em Curitiba. Foto: Levy Ferreira\/SECOM<\/h6>\n<\/div>\n<\/div>\n","protected":false},"excerpt":{"rendered":"<p>Mutir\u00e3o de Empregos vai oferecer mais de 4 mil vagas esta semana em Curitiba. Foto: Levy Ferreira\/SECOM A Prefeitura de Curitiba, em parceria com o Governo do Estado, faz nesta quarta-feira (22\/10), na Rua da Cidadania de Santa Felicidade, mais uma edi\u00e7\u00e3o do Mutir\u00e3o de Empregos, com in\u00edcio \u00e0s 9h. [&hellip;]<\/p>\n","protected":false},"author":1,"featured_media":10119,"comment_status":"open","ping_status":"open","sticky":false,"template":"","format":"standard","meta":{"ngg_post_thumbnail":0,"jetpack_post_was_ever_published":false,"amp_status":"","_jetpack_newsletter_access":"","_jetpack_dont_email_post_to_subs":false,"_jetpack_newsletter_tier_id":0,"_jetpack_memberships_contains_paywalled_content":false,"_jetpack_memberships_contains_paid_content":false,"footnotes":""},"categories":[5,71,3,131,18],"tags":[],"class_list":["post-10118","post","type-post","status-publish","format-standard","has-post-thumbnail","hentry","category-bairros","category-consulta-publica","category-curitiba","category-emprego","category-prefeitura"],"aioseo_notices":[],"jetpack_featured_media_url":"https:\/\/gazetadoabranches.com\/wp-content\/uploads\/2025\/10\/00523103.png","jetpack-related-posts":[{"id":8653,"url":"https:\/\/gazetadoabranches.com\/index.php\/2022\/11\/21\/ruas-da-cidadania-do-boqueirao-e-boa-vista-sediam-mutiroes-de-emprego\/","url_meta":{"origin":10118,"position":0},"title":"Ruas da Cidadania do Boqueir\u00e3o e Boa Vista sediam mutir\u00f5es de emprego","author":"Gazeta do Abranches","date":"novembro 21, 2022","format":false,"excerpt":"Quem est\u00e1 em busca de emprego ter\u00e1 duas chances para buscar recoloca\u00e7\u00e3o no mercado de trabalho nesta semana. Ser\u00e3o 120 oportunidades para atuar no setor atacadista de Curitiba. O primeiro mutir\u00e3o \u00e9 o Circuito Atacadista e acontecer\u00e1 nesta ter\u00e7a-feira (22\/11), das 9h \u00e0s 16h, a sede do Sine (Sistema Nacional\u2026","rel":"","context":"Em &quot;Emprego&quot;","block_context":{"text":"Emprego","link":"https:\/\/gazetadoabranches.com\/index.php\/category\/emprego\/"},"img":{"alt_text":"","src":"https:\/\/i0.wp.com\/gazetadoabranches.com\/wp-content\/uploads\/2022\/11\/Emprego.jpg?resize=350%2C200&ssl=1","width":350,"height":200,"srcset":"https:\/\/i0.wp.com\/gazetadoabranches.com\/wp-content\/uploads\/2022\/11\/Emprego.jpg?resize=350%2C200&ssl=1 1x, https:\/\/i0.wp.com\/gazetadoabranches.com\/wp-content\/uploads\/2022\/11\/Emprego.jpg?resize=525%2C300&ssl=1 1.5x, https:\/\/i0.wp.com\/gazetadoabranches.com\/wp-content\/uploads\/2022\/11\/Emprego.jpg?resize=700%2C400&ssl=1 2x"},"classes":[]},{"id":8118,"url":"https:\/\/gazetadoabranches.com\/index.php\/2022\/03\/17\/cursos-da-prefeitura-ajudam-trabalhadores-a-encontrar-emprego\/","url_meta":{"origin":10118,"position":1},"title":"Cursos da Prefeitura ajudam trabalhadores a encontrar emprego","author":"Gazeta do Abranches","date":"mar\u00e7o 17, 2022","format":false,"excerpt":"Em Curitiba, a oferta de programas e servi\u00e7os gratuitos pela Funda\u00e7\u00e3o de A\u00e7\u00e3o Social (FAS) tem ajudado trabalhadores e empreendedores a garantir espa\u00e7o no mercado de trabalho e, com isso, dado sustenta\u00e7\u00e3o \u00e0 retomada da atividade econ\u00f4mica no munic\u00edpio. S\u00e3o programas de forma\u00e7\u00e3o de adolescentes para trabalhar na condi\u00e7\u00e3o de\u2026","rel":"","context":"Em &quot;Curitiba&quot;","block_context":{"text":"Curitiba","link":"https:\/\/gazetadoabranches.com\/index.php\/category\/curitiba\/"},"img":{"alt_text":"","src":"https:\/\/i0.wp.com\/gazetadoabranches.com\/wp-content\/uploads\/2022\/03\/00338388.jpg?resize=350%2C200&ssl=1","width":350,"height":200,"srcset":"https:\/\/i0.wp.com\/gazetadoabranches.com\/wp-content\/uploads\/2022\/03\/00338388.jpg?resize=350%2C200&ssl=1 1x, https:\/\/i0.wp.com\/gazetadoabranches.com\/wp-content\/uploads\/2022\/03\/00338388.jpg?resize=525%2C300&ssl=1 1.5x, https:\/\/i0.wp.com\/gazetadoabranches.com\/wp-content\/uploads\/2022\/03\/00338388.jpg?resize=700%2C400&ssl=1 2x"},"classes":[]},{"id":8305,"url":"https:\/\/gazetadoabranches.com\/index.php\/2022\/05\/16\/estado-inicia-semana-com-oferta-de-10-254-vagas-de-emprego-nas-agencias-do-trabalhador\/","url_meta":{"origin":10118,"position":2},"title":"Estado inicia semana com oferta de 10.254 vagas de emprego nas Ag\u00eancias do Trabalhador","author":"Gazeta do Abranches","date":"maio 16, 2022","format":false,"excerpt":"\u00a0 O mercado de trabalho do Paran\u00e1 continua em alta para os trabalhadores que buscam emprego. A semana inicia com a oferta de 10.254 vagas nos postos avan\u00e7ados e nas Ag\u00eancias do Trabalhador do Estado. A maior parte das oportunidades \u00e9 para operador de telemarketing ativo e receptivo, com 985\u2026","rel":"","context":"Em &quot;Outros&quot;","block_context":{"text":"Outros","link":"https:\/\/gazetadoabranches.com\/index.php\/category\/outros\/"},"img":{"alt_text":"","src":"https:\/\/i0.wp.com\/gazetadoabranches.com\/wp-content\/uploads\/2022\/05\/20220512_agb_multirao_emprego-14-scaled.jpg?resize=350%2C200&ssl=1","width":350,"height":200,"srcset":"https:\/\/i0.wp.com\/gazetadoabranches.com\/wp-content\/uploads\/2022\/05\/20220512_agb_multirao_emprego-14-scaled.jpg?resize=350%2C200&ssl=1 1x, https:\/\/i0.wp.com\/gazetadoabranches.com\/wp-content\/uploads\/2022\/05\/20220512_agb_multirao_emprego-14-scaled.jpg?resize=525%2C300&ssl=1 1.5x, https:\/\/i0.wp.com\/gazetadoabranches.com\/wp-content\/uploads\/2022\/05\/20220512_agb_multirao_emprego-14-scaled.jpg?resize=700%2C400&ssl=1 2x, https:\/\/i0.wp.com\/gazetadoabranches.com\/wp-content\/uploads\/2022\/05\/20220512_agb_multirao_emprego-14-scaled.jpg?resize=1050%2C600&ssl=1 3x, https:\/\/i0.wp.com\/gazetadoabranches.com\/wp-content\/uploads\/2022\/05\/20220512_agb_multirao_emprego-14-scaled.jpg?resize=1400%2C800&ssl=1 4x"},"classes":[]},{"id":8226,"url":"https:\/\/gazetadoabranches.com\/index.php\/2022\/04\/30\/programacao-da-prefeitura-comeca-com-oferta-de-vagas-de-emprego-e-de-cursos\/","url_meta":{"origin":10118,"position":3},"title":"Programa\u00e7\u00e3o da Prefeitura come\u00e7a com oferta de vagas de emprego e de cursos","author":"Gazeta do Abranches","date":"abril 30, 2022","format":false,"excerpt":"Come\u00e7ou a funcionar nesta sexta-feira (29\/4) um posto tempor\u00e1rio do Sistema Nacional de Emprego (Sine) no Shopping Esta\u00e7\u00e3o, no Centro. At\u00e9 3 de junho, a unidade vai atender os trabalhadores que buscam uma vaga de emprego. A abertura do posto tempor\u00e1rio abre a programa\u00e7\u00e3o da Prefeitura em comemora\u00e7\u00e3o ao Dia\u2026","rel":"","context":"Em &quot;Outros&quot;","block_context":{"text":"Outros","link":"https:\/\/gazetadoabranches.com\/index.php\/category\/outros\/"},"img":{"alt_text":"","src":"https:\/\/i0.wp.com\/gazetadoabranches.com\/wp-content\/uploads\/2022\/04\/00342370.jpg?resize=350%2C200&ssl=1","width":350,"height":200,"srcset":"https:\/\/i0.wp.com\/gazetadoabranches.com\/wp-content\/uploads\/2022\/04\/00342370.jpg?resize=350%2C200&ssl=1 1x, https:\/\/i0.wp.com\/gazetadoabranches.com\/wp-content\/uploads\/2022\/04\/00342370.jpg?resize=525%2C300&ssl=1 1.5x, https:\/\/i0.wp.com\/gazetadoabranches.com\/wp-content\/uploads\/2022\/04\/00342370.jpg?resize=700%2C400&ssl=1 2x"},"classes":[]},{"id":10324,"url":"https:\/\/gazetadoabranches.com\/index.php\/2026\/02\/25\/prefeitura-de-curitiba-abre-4-mil-vagas-gratuitas-para-pratica-de-esporte-e-atividade-fisica\/","url_meta":{"origin":10118,"position":4},"title":"Prefeitura de Curitiba abre 4 mil vagas gratuitas para pr\u00e1tica de esporte e atividade f\u00edsica","author":"Gazeta do Abranches","date":"fevereiro 25, 2026","format":false,"excerpt":"Foto: Pedro Ribas\/SECOM (arquivo) Nesta quarta-feira (25\/2), a\u00a0Prefeitura de Curitiba\u00a0abre mais 4 mil vagas remanescentes para que a popula\u00e7\u00e3o pratique atividades f\u00edsicas gratuitamente nos 39 espa\u00e7os esportivos da cidade. As inscri\u00e7\u00f5es s\u00e3o realizadas pelo\u00a0portal Curitiba em Movimento. A\u00a0Secretaria Municipal do Esporte, Lazer e Juventude\u00a0(Smelj)\u00a0vai ofertar vagas em mais de 90\u2026","rel":"","context":"Em &quot;Curitiba&quot;","block_context":{"text":"Curitiba","link":"https:\/\/gazetadoabranches.com\/index.php\/category\/curitiba\/"},"img":{"alt_text":"Curitiba abre vagas quatro mil vagas remanescentes para partica de esporte e atividade f\u00edsica a partir desta quarta-feira. Foto: Daniel Castellano\/SECOM (arquivo)","src":"https:\/\/i0.wp.com\/gazetadoabranches.com\/wp-content\/uploads\/2026\/02\/00546205.png?resize=350%2C200&ssl=1","width":350,"height":200,"srcset":"https:\/\/i0.wp.com\/gazetadoabranches.com\/wp-content\/uploads\/2026\/02\/00546205.png?resize=350%2C200&ssl=1 1x, https:\/\/i0.wp.com\/gazetadoabranches.com\/wp-content\/uploads\/2026\/02\/00546205.png?resize=525%2C300&ssl=1 1.5x, https:\/\/i0.wp.com\/gazetadoabranches.com\/wp-content\/uploads\/2026\/02\/00546205.png?resize=700%2C400&ssl=1 2x"},"classes":[]},{"id":10060,"url":"https:\/\/gazetadoabranches.com\/index.php\/2025\/10\/09\/curitiba-abre-120-vagas-para-novos-expositores-nas-feiras-de-artesanato-nos-bairros\/","url_meta":{"origin":10118,"position":5},"title":"Curitiba abre 120 vagas para novos expositores nas Feiras de Artesanato nos bairros","author":"Gazeta do Abranches","date":"outubro 9, 2025","format":false,"excerpt":"Foto: Valdecir Galor\/SECOM (arquivo) Artes\u00e3os e artistas pl\u00e1sticos que desejam mostrar seu talento e impulsionar a renda com produtos autorais j\u00e1 podem se inscrever para participar das Feiras de Bairro de Curitiba. O edital foi lan\u00e7ado pela Prefeitura por meio do\u00a0Instituto Municipal de Turismo (IMT). S\u00e3o 120 vagas para diversas\u2026","rel":"","context":"Em &quot;Bairros&quot;","block_context":{"text":"Bairros","link":"https:\/\/gazetadoabranches.com\/index.php\/category\/bairros\/"},"img":{"alt_text":"","src":"https:\/\/i0.wp.com\/gazetadoabranches.com\/wp-content\/uploads\/2025\/10\/00520604.png?resize=350%2C200&ssl=1","width":350,"height":200,"srcset":"https:\/\/i0.wp.com\/gazetadoabranches.com\/wp-content\/uploads\/2025\/10\/00520604.png?resize=350%2C200&ssl=1 1x, https:\/\/i0.wp.com\/gazetadoabranches.com\/wp-content\/uploads\/2025\/10\/00520604.png?resize=525%2C300&ssl=1 1.5x, https:\/\/i0.wp.com\/gazetadoabranches.com\/wp-content\/uploads\/2025\/10\/00520604.png?resize=700%2C400&ssl=1 2x"},"classes":[]}],"jetpack_likes_enabled":true,"jetpack_sharing_enabled":true,"_links":{"self":[{"href":"https:\/\/gazetadoabranches.com\/index.php\/wp-json\/wp\/v2\/posts\/10118","targetHints":{"allow":["GET"]}}],"collection":[{"href":"https:\/\/gazetadoabranches.com\/index.php\/wp-json\/wp\/v2\/posts"}],"about":[{"href":"https:\/\/gazetadoabranches.com\/index.php\/wp-json\/wp\/v2\/types\/post"}],"author":[{"embeddable":true,"href":"https:\/\/gazetadoabranches.com\/index.php\/wp-json\/wp\/v2\/users\/1"}],"replies":[{"embeddable":true,"href":"https:\/\/gazetadoabranches.com\/index.php\/wp-json\/wp\/v2\/comments?post=10118"}],"version-history":[{"count":1,"href":"https:\/\/gazetadoabranches.com\/index.php\/wp-json\/wp\/v2\/posts\/10118\/revisions"}],"predecessor-version":[{"id":10120,"href":"https:\/\/gazetadoabranches.com\/index.php\/wp-json\/wp\/v2\/posts\/10118\/revisions\/10120"}],"wp:featuredmedia":[{"embeddable":true,"href":"https:\/\/gazetadoabranches.com\/index.php\/wp-json\/wp\/v2\/media\/10119"}],"wp:attachment":[{"href":"https:\/\/gazetadoabranches.com\/index.php\/wp-json\/wp\/v2\/media?parent=10118"}],"wp:term":[{"taxonomy":"category","embeddable":true,"href":"https:\/\/gazetadoabranches.com\/index.php\/wp-json\/wp\/v2\/categories?post=10118"},{"taxonomy":"post_tag","embeddable":true,"href":"https:\/\/gazetadoabranches.com\/index.php\/wp-json\/wp\/v2\/tags?post=10118"}],"curies":[{"name":"wp","href":"https:\/\/api.w.org\/{rel}","templated":true}]}}