{"id":10126,"date":"2025-10-23T10:24:06","date_gmt":"2025-10-23T13:24:06","guid":{"rendered":"https:\/\/gazetadoabranches.com\/?p=10126"},"modified":"2025-10-23T10:24:06","modified_gmt":"2025-10-23T13:24:06","slug":"moradores-do-abranches-pedem-revitalizacao-e-lombada-em-ruas-utilizadas-como-desvio","status":"publish","type":"post","link":"https:\/\/gazetadoabranches.com\/index.php\/2025\/10\/23\/moradores-do-abranches-pedem-revitalizacao-e-lombada-em-ruas-utilizadas-como-desvio\/","title":{"rendered":"Moradores do Abranches Pedem Revitaliza\u00e7\u00e3o e Lombada em Ruas Utilizadas como Desvio"},"content":{"rendered":"<p><span style=\"font-weight: 400;\">&nbsp;Os moradores das ruas Padre Sigismund Pietrowski e Florentina Fernandes Camargo, no bairro Abranches, cobram da Prefeitura de Curitiba a revitaliza\u00e7\u00e3o do asfalto e a instala\u00e7\u00e3o de redutores de velocidade. As duas vias, embora curtas, s\u00e3o amplamente utilizadas como rota de desvio por motoristas que buscam evitar o sem\u00e1foro no cruzamento das ruas Desembargador Jos\u00e9 Carlos Ribeiro Ribas com Eug\u00eanio Flor, resultando em um fluxo constante de ve\u00edculos ao longo do dia.<\/span><\/p>\n<p>&nbsp;<\/p>\n<p>Moradores do Abranches Pedem Revitaliza\u00e7\u00e3o e Lombada em Ruas Utilizadas como Desvio<\/p>\n<figure id=\"attachment_10128\" aria-describedby=\"caption-attachment-10128\" style=\"width: 576px\" class=\"wp-caption aligncenter\"><img loading=\"lazy\" decoding=\"async\" class=\"size-large wp-image-10128\" src=\"https:\/\/gazetadoabranches.com\/wp-content\/uploads\/2025\/10\/pesigismundo-576x1024.jpg\" alt=\"\" width=\"576\" height=\"1024\" srcset=\"https:\/\/gazetadoabranches.com\/wp-content\/uploads\/2025\/10\/pesigismundo-576x1024.jpg 576w, https:\/\/gazetadoabranches.com\/wp-content\/uploads\/2025\/10\/pesigismundo-169x300.jpg 169w, https:\/\/gazetadoabranches.com\/wp-content\/uploads\/2025\/10\/pesigismundo.jpg 720w\" sizes=\"auto, (max-width: 576px) 100vw, 576px\" \/><figcaption id=\"caption-attachment-10128\" class=\"wp-caption-text\">Moradores do Abranches Pedem Revitaliza\u00e7\u00e3o e Lombada em Ruas Utilizadas como Desvio<\/figcaption><\/figure>\n<p><span style=\"font-weight: 400;\">Segundo os moradores, o pavimento das ruas est\u00e1 completamente deteriorado, o que provoca trepida\u00e7\u00e3o nas resid\u00eancias, especialmente com a passagem de ve\u00edculos pesados. Al\u00e9m da m\u00e1 conserva\u00e7\u00e3o, h\u00e1 preocupa\u00e7\u00e3o com a alta velocidade praticada por muitos motoristas, mesmo diante das m\u00e1s condi\u00e7\u00f5es da via.<\/span><\/p>\n<blockquote><p><span style=\"font-weight: 400;\"><em>&#8220;S\u00e3o duas quadras pequenas, mas com um movimento muito acima do que suportam. Os buracos e remendos fazem as casas tremerem, e ainda tem carro passando correndo. A situa\u00e7\u00e3o est\u00e1 insustent\u00e1vel&#8221;,<\/em> afirma um morador da regi\u00e3o.<\/span><\/p><\/blockquote>\n<p><img loading=\"lazy\" decoding=\"async\" class=\"size-large wp-image-10127 aligncenter\" src=\"https:\/\/gazetadoabranches.com\/wp-content\/uploads\/2025\/10\/pesigismundo2-576x1024.jpg\" alt=\"Moradores do Abranches Pedem Revitaliza\u00e7\u00e3o e Lombada em Ruas Utilizadas como Desvio\" width=\"576\" height=\"1024\" srcset=\"https:\/\/gazetadoabranches.com\/wp-content\/uploads\/2025\/10\/pesigismundo2-576x1024.jpg 576w, https:\/\/gazetadoabranches.com\/wp-content\/uploads\/2025\/10\/pesigismundo2-169x300.jpg 169w, https:\/\/gazetadoabranches.com\/wp-content\/uploads\/2025\/10\/pesigismundo2.jpg 720w\" sizes=\"auto, (max-width: 576px) 100vw, 576px\" \/><\/p>\n<p><span style=\"font-weight: 400;\">A comunidade j\u00e1 protocolou pedidos de melhorias por meio do servi\u00e7o 156 da prefeitura e tamb\u00e9m levou a demanda ao Conselho Comunit\u00e1rio de Seguran\u00e7a (Conseg) do Abranches. Um of\u00edcio foi enviado \u00e0 Administra\u00e7\u00e3o Regional da Boa Vista, direcionado \u00e0 Superintend\u00eancia de Tr\u00e2nsito (Setran), solicitando provid\u00eancias.<\/span><\/p>\n<p><span style=\"font-weight: 400;\">Os moradores aguardam uma resposta efetiva do poder p\u00fablico e esperam que as solicita\u00e7\u00f5es sejam atendidas, garantindo mais seguran\u00e7a e qualidade de vida para quem vive e transita pela regi\u00e3o<\/span><\/p>\n","protected":false},"excerpt":{"rendered":"<p>&nbsp;Os moradores das ruas Padre Sigismund Pietrowski e Florentina Fernandes Camargo, no bairro Abranches, cobram da Prefeitura de Curitiba a revitaliza\u00e7\u00e3o do asfalto e a instala\u00e7\u00e3o de redutores de velocidade. As duas vias, embora curtas, s\u00e3o amplamente utilizadas como rota de desvio por motoristas que buscam evitar o sem\u00e1foro no [&hellip;]<\/p>\n","protected":false},"author":1,"featured_media":10128,"comment_status":"open","ping_status":"open","sticky":false,"template":"","format":"standard","meta":{"ngg_post_thumbnail":0,"jetpack_post_was_ever_published":false,"amp_status":"","_jetpack_newsletter_access":"","_jetpack_dont_email_post_to_subs":false,"_jetpack_newsletter_tier_id":0,"_jetpack_memberships_contains_paywalled_content":false,"_jetpack_memberships_contains_paid_content":false,"footnotes":""},"categories":[5,56],"tags":[202,207],"class_list":["post-10126","post","type-post","status-publish","format-standard","has-post-thumbnail","hentry","category-bairros","category-setran","tag-lombada","tag-revitalizacao"],"aioseo_notices":[],"jetpack_featured_media_url":"https:\/\/gazetadoabranches.com\/wp-content\/uploads\/2025\/10\/pesigismundo.jpg","jetpack-related-posts":[{"id":10221,"url":"https:\/\/gazetadoabranches.com\/index.php\/2025\/11\/27\/moradores-pedem-revitalizacao-urgente-da-rua-catharina-prodlik-no-abranches\/","url_meta":{"origin":10126,"position":0},"title":"Moradores pedem revitaliza\u00e7\u00e3o urgente da Rua Catharina Prodlik, no Abranches","author":"Gazeta do Abranches","date":"novembro 27, 2025","format":false,"excerpt":"Moradores da Rua Catharina Prodlik, no bairro Abranches, reivindicam a revitaliza\u00e7\u00e3o da via, que, segundo eles, se encontra em condi\u00e7\u00f5es prec\u00e1rias. Apesar de pequena \u2014 com apenas duas quadras \u2014, a rua tem um trecho com tr\u00e1fego intenso, especialmente na quadra que liga as ruas Desembargador Jos\u00e9 Carlos Ribeiro Ribas\u2026","rel":"","context":"Em &quot;Bairros&quot;","block_context":{"text":"Bairros","link":"https:\/\/gazetadoabranches.com\/index.php\/category\/bairros\/"},"img":{"alt_text":"Moradores pedem revitaliza\u00e7\u00e3o urgente da Rua Catharina Prodlik, no Abranches","src":"https:\/\/i0.wp.com\/gazetadoabranches.com\/wp-content\/uploads\/2025\/11\/catharina-prodilik.jpg?resize=350%2C200&ssl=1","width":350,"height":200,"srcset":"https:\/\/i0.wp.com\/gazetadoabranches.com\/wp-content\/uploads\/2025\/11\/catharina-prodilik.jpg?resize=350%2C200&ssl=1 1x, https:\/\/i0.wp.com\/gazetadoabranches.com\/wp-content\/uploads\/2025\/11\/catharina-prodilik.jpg?resize=525%2C300&ssl=1 1.5x, https:\/\/i0.wp.com\/gazetadoabranches.com\/wp-content\/uploads\/2025\/11\/catharina-prodilik.jpg?resize=700%2C400&ssl=1 2x, https:\/\/i0.wp.com\/gazetadoabranches.com\/wp-content\/uploads\/2025\/11\/catharina-prodilik.jpg?resize=1050%2C600&ssl=1 3x, https:\/\/i0.wp.com\/gazetadoabranches.com\/wp-content\/uploads\/2025\/11\/catharina-prodilik.jpg?resize=1400%2C800&ssl=1 4x"},"classes":[]},{"id":10184,"url":"https:\/\/gazetadoabranches.com\/index.php\/2025\/11\/13\/moradores-cobram-revitalizacao-da-rua-dr-rubem-fleury-da-rocha-no-abranches\/","url_meta":{"origin":10126,"position":1},"title":"Moradores cobram revitaliza\u00e7\u00e3o da  Rua Dr. Rubem Fleury da Rocha, no Abranches","author":"Gazeta do Abranches","date":"novembro 13, 2025","format":false,"excerpt":"Moradores da Rua Dr. Rubem Fleury da Rocha, no bairro Abranches, voltam a cobrar a revitaliza\u00e7\u00e3o da via, que, segundo eles, est\u00e1 com o pavimento bastante deteriorado. O asfalto antigo, ainda do tipo \u201canti-p\u00f3\u201d, apresenta in\u00fameros remendos e irregularidades, tornando o tr\u00e1fego dif\u00edcil e desconfort\u00e1vel para motoristas e pedestres. \u00a0\u2026","rel":"","context":"Em &quot;Bairros&quot;","block_context":{"text":"Bairros","link":"https:\/\/gazetadoabranches.com\/index.php\/category\/bairros\/"},"img":{"alt_text":"Moradores cobram revitaliza\u00e7\u00e3o da Rua Dr. Rubem Fleury da Rocha, no Abranches","src":"https:\/\/i0.wp.com\/gazetadoabranches.com\/wp-content\/uploads\/2025\/11\/rubem-fleury-da-rocha.jpg?resize=350%2C200&ssl=1","width":350,"height":200,"srcset":"https:\/\/i0.wp.com\/gazetadoabranches.com\/wp-content\/uploads\/2025\/11\/rubem-fleury-da-rocha.jpg?resize=350%2C200&ssl=1 1x, https:\/\/i0.wp.com\/gazetadoabranches.com\/wp-content\/uploads\/2025\/11\/rubem-fleury-da-rocha.jpg?resize=525%2C300&ssl=1 1.5x, https:\/\/i0.wp.com\/gazetadoabranches.com\/wp-content\/uploads\/2025\/11\/rubem-fleury-da-rocha.jpg?resize=700%2C400&ssl=1 2x, https:\/\/i0.wp.com\/gazetadoabranches.com\/wp-content\/uploads\/2025\/11\/rubem-fleury-da-rocha.jpg?resize=1050%2C600&ssl=1 3x, https:\/\/i0.wp.com\/gazetadoabranches.com\/wp-content\/uploads\/2025\/11\/rubem-fleury-da-rocha.jpg?resize=1400%2C800&ssl=1 4x"},"classes":[]},{"id":10052,"url":"https:\/\/gazetadoabranches.com\/index.php\/2025\/10\/08\/moradores-do-abranches-pedem-lombada-na-rua-clara-kucheny\/","url_meta":{"origin":10126,"position":2},"title":"Moradores do Abranches pedem Lombada na Rua Clara Kucheny","author":"Gazeta do Abranches","date":"outubro 8, 2025","format":false,"excerpt":"\u00a0Moradores do bairro Abranches est\u00e3o preocupados com o aumento no fluxo de ve\u00edculos e a alta velocidade na Rua Clara Kucheny. Segundo os relatos, a via tem sido usada como rota de fuga por motoristas que tentam evitar o tr\u00e2nsito intenso da Rua Desembargador Jos\u00e9 Carlos Ribeiro Ribas, especialmente nos\u2026","rel":"","context":"Em &quot;Bairros&quot;","block_context":{"text":"Bairros","link":"https:\/\/gazetadoabranches.com\/index.php\/category\/bairros\/"},"img":{"alt_text":"Moradores pedem lombada na rua Clara Kucheny","src":"https:\/\/i0.wp.com\/gazetadoabranches.com\/wp-content\/uploads\/2025\/10\/Clara-Kuchenny.jpg?resize=350%2C200&ssl=1","width":350,"height":200,"srcset":"https:\/\/i0.wp.com\/gazetadoabranches.com\/wp-content\/uploads\/2025\/10\/Clara-Kuchenny.jpg?resize=350%2C200&ssl=1 1x, https:\/\/i0.wp.com\/gazetadoabranches.com\/wp-content\/uploads\/2025\/10\/Clara-Kuchenny.jpg?resize=525%2C300&ssl=1 1.5x, https:\/\/i0.wp.com\/gazetadoabranches.com\/wp-content\/uploads\/2025\/10\/Clara-Kuchenny.jpg?resize=700%2C400&ssl=1 2x, https:\/\/i0.wp.com\/gazetadoabranches.com\/wp-content\/uploads\/2025\/10\/Clara-Kuchenny.jpg?resize=1050%2C600&ssl=1 3x"},"classes":[]},{"id":9034,"url":"https:\/\/gazetadoabranches.com\/index.php\/2023\/08\/14\/obras-de-revitalizacao-de-ruas-no-abranches-e-pilarzinho-atendem-demandas-do-vereador-mauro-ignacio\/","url_meta":{"origin":10126,"position":3},"title":"Obras de revitaliza\u00e7\u00e3o de ruas no Abranches e Pilarzinho atendem demandas do Vereador Mauro Ign\u00e1cio","author":"Gazeta do Abranches","date":"agosto 14, 2023","format":false,"excerpt":"Rua Jo\u00e3o Kubis, no Abranches, recebe nova malha asf\u00e1ltica ap\u00f3s interven\u00e7\u00e3o do Vereador Mauro Ign\u00e1cio A t\u00e3o aguardada revitaliza\u00e7\u00e3o da rua Jo\u00e3o Kubis, localizada no bairro Abranches, finalmente se tornou realidade. Ap\u00f3s um longo per\u00edodo de m\u00e1s condi\u00e7\u00f5es em sua malha vi\u00e1ria, os moradores podem, enfim, comemorar o novo asfalto.\u2026","rel":"","context":"Em &quot;Obras&quot;","block_context":{"text":"Obras","link":"https:\/\/gazetadoabranches.com\/index.php\/category\/obras\/"},"img":{"alt_text":"","src":"https:\/\/i0.wp.com\/gazetadoabranches.com\/wp-content\/uploads\/2023\/08\/WhatsApp-Image-2023-08-01-at-22.40.41.jpeg?resize=350%2C200&ssl=1","width":350,"height":200,"srcset":"https:\/\/i0.wp.com\/gazetadoabranches.com\/wp-content\/uploads\/2023\/08\/WhatsApp-Image-2023-08-01-at-22.40.41.jpeg?resize=350%2C200&ssl=1 1x, https:\/\/i0.wp.com\/gazetadoabranches.com\/wp-content\/uploads\/2023\/08\/WhatsApp-Image-2023-08-01-at-22.40.41.jpeg?resize=525%2C300&ssl=1 1.5x, https:\/\/i0.wp.com\/gazetadoabranches.com\/wp-content\/uploads\/2023\/08\/WhatsApp-Image-2023-08-01-at-22.40.41.jpeg?resize=700%2C400&ssl=1 2x, https:\/\/i0.wp.com\/gazetadoabranches.com\/wp-content\/uploads\/2023\/08\/WhatsApp-Image-2023-08-01-at-22.40.41.jpeg?resize=1050%2C600&ssl=1 3x"},"classes":[]},{"id":8984,"url":"https:\/\/gazetadoabranches.com\/index.php\/2023\/07\/06\/mauro-ignacio-recebe-demandas-dos-moradores-do-abranches-sobre-rodovia-dos-minerios\/","url_meta":{"origin":10126,"position":4},"title":"Mauro Ign\u00e1cio recebe demandas dos moradores do Abranches sobre Rodovia dos Min\u00e9rios","author":"Gazeta do Abranches","date":"julho 6, 2023","format":false,"excerpt":"No ultimo s\u00e1bado (01\/07) o vereador Mauro Ign\u00e1cio veio ouvir as demandas dos moradores do jardim Eldorado, que fica bem no in\u00edcio da Rodovia dos Min\u00e9rios. Os moradores reclamam do acesso para suas resid\u00eancias, pois no hor\u00e1rio de pico a rodovia no trecho entre a rua Mateus Leme ( Sociedade\u2026","rel":"","context":"Em &quot;Bairros&quot;","block_context":{"text":"Bairros","link":"https:\/\/gazetadoabranches.com\/index.php\/category\/bairros\/"},"img":{"alt_text":"","src":"https:\/\/i0.wp.com\/gazetadoabranches.com\/wp-content\/uploads\/2023\/07\/WhatsApp-Image-2023-07-01-at-17.04.37.jpeg?resize=350%2C200&ssl=1","width":350,"height":200,"srcset":"https:\/\/i0.wp.com\/gazetadoabranches.com\/wp-content\/uploads\/2023\/07\/WhatsApp-Image-2023-07-01-at-17.04.37.jpeg?resize=350%2C200&ssl=1 1x, https:\/\/i0.wp.com\/gazetadoabranches.com\/wp-content\/uploads\/2023\/07\/WhatsApp-Image-2023-07-01-at-17.04.37.jpeg?resize=525%2C300&ssl=1 1.5x, https:\/\/i0.wp.com\/gazetadoabranches.com\/wp-content\/uploads\/2023\/07\/WhatsApp-Image-2023-07-01-at-17.04.37.jpeg?resize=700%2C400&ssl=1 2x, https:\/\/i0.wp.com\/gazetadoabranches.com\/wp-content\/uploads\/2023\/07\/WhatsApp-Image-2023-07-01-at-17.04.37.jpeg?resize=1050%2C600&ssl=1 3x, https:\/\/i0.wp.com\/gazetadoabranches.com\/wp-content\/uploads\/2023\/07\/WhatsApp-Image-2023-07-01-at-17.04.37.jpeg?resize=1400%2C800&ssl=1 4x"},"classes":[]},{"id":10168,"url":"https:\/\/gazetadoabranches.com\/index.php\/2025\/11\/07\/moradores-voltam-a-reclamar-das-mas-condicoes-da-rua-prodocimo-lago-no-taboao\/","url_meta":{"origin":10126,"position":5},"title":"Moradores voltam a reclamar das m\u00e1s condi\u00e7\u00f5es da Rua Prod\u00f3cimo Lago, no Tabo\u00e3o","author":"Gazeta do Abranches","date":"novembro 7, 2025","format":false,"excerpt":"Os moradores e usu\u00e1rios da Rua Prod\u00f3cimo Lago, no bairro Tabo\u00e3o, voltaram a cobrar melhorias nas condi\u00e7\u00f5es da via. O asfalto apresenta diversos remendos e buracos, o tr\u00e1fego de ve\u00edculos \u00e9 intenso e, em v\u00e1rios trechos, n\u00e3o h\u00e1 cal\u00e7adas para pedestres, o que aumenta o risco de acidentes. \u00a0 A\u2026","rel":"","context":"Em &quot;Bairros&quot;","block_context":{"text":"Bairros","link":"https:\/\/gazetadoabranches.com\/index.php\/category\/bairros\/"},"img":{"alt_text":"Moradores voltam a reclamar das m\u00e1s condi\u00e7\u00f5es da Rua Prod\u00f3cimo Lago, no Tabo\u00e3o","src":"https:\/\/i0.wp.com\/gazetadoabranches.com\/wp-content\/uploads\/2025\/11\/PRODOCIMO-LAGO-02.jpg?resize=350%2C200&ssl=1","width":350,"height":200,"srcset":"https:\/\/i0.wp.com\/gazetadoabranches.com\/wp-content\/uploads\/2025\/11\/PRODOCIMO-LAGO-02.jpg?resize=350%2C200&ssl=1 1x, https:\/\/i0.wp.com\/gazetadoabranches.com\/wp-content\/uploads\/2025\/11\/PRODOCIMO-LAGO-02.jpg?resize=525%2C300&ssl=1 1.5x, https:\/\/i0.wp.com\/gazetadoabranches.com\/wp-content\/uploads\/2025\/11\/PRODOCIMO-LAGO-02.jpg?resize=700%2C400&ssl=1 2x, https:\/\/i0.wp.com\/gazetadoabranches.com\/wp-content\/uploads\/2025\/11\/PRODOCIMO-LAGO-02.jpg?resize=1050%2C600&ssl=1 3x"},"classes":[]}],"jetpack_likes_enabled":true,"jetpack_sharing_enabled":true,"_links":{"self":[{"href":"https:\/\/gazetadoabranches.com\/index.php\/wp-json\/wp\/v2\/posts\/10126","targetHints":{"allow":["GET"]}}],"collection":[{"href":"https:\/\/gazetadoabranches.com\/index.php\/wp-json\/wp\/v2\/posts"}],"about":[{"href":"https:\/\/gazetadoabranches.com\/index.php\/wp-json\/wp\/v2\/types\/post"}],"author":[{"embeddable":true,"href":"https:\/\/gazetadoabranches.com\/index.php\/wp-json\/wp\/v2\/users\/1"}],"replies":[{"embeddable":true,"href":"https:\/\/gazetadoabranches.com\/index.php\/wp-json\/wp\/v2\/comments?post=10126"}],"version-history":[{"count":1,"href":"https:\/\/gazetadoabranches.com\/index.php\/wp-json\/wp\/v2\/posts\/10126\/revisions"}],"predecessor-version":[{"id":10129,"href":"https:\/\/gazetadoabranches.com\/index.php\/wp-json\/wp\/v2\/posts\/10126\/revisions\/10129"}],"wp:featuredmedia":[{"embeddable":true,"href":"https:\/\/gazetadoabranches.com\/index.php\/wp-json\/wp\/v2\/media\/10128"}],"wp:attachment":[{"href":"https:\/\/gazetadoabranches.com\/index.php\/wp-json\/wp\/v2\/media?parent=10126"}],"wp:term":[{"taxonomy":"category","embeddable":true,"href":"https:\/\/gazetadoabranches.com\/index.php\/wp-json\/wp\/v2\/categories?post=10126"},{"taxonomy":"post_tag","embeddable":true,"href":"https:\/\/gazetadoabranches.com\/index.php\/wp-json\/wp\/v2\/tags?post=10126"}],"curies":[{"name":"wp","href":"https:\/\/api.w.org\/{rel}","templated":true}]}}