{"id":10146,"date":"2025-10-30T12:47:07","date_gmt":"2025-10-30T15:47:07","guid":{"rendered":"https:\/\/gazetadoabranches.com\/?p=10146"},"modified":"2025-10-30T12:47:07","modified_gmt":"2025-10-30T15:47:07","slug":"10-dicas-da-saude-de-curitiba-para-evitar-criadouros-da-dengue-em-cemiterios","status":"publish","type":"post","link":"https:\/\/gazetadoabranches.com\/index.php\/2025\/10\/30\/10-dicas-da-saude-de-curitiba-para-evitar-criadouros-da-dengue-em-cemiterios\/","title":{"rendered":"10 dicas da Sa\u00fade de Curitiba para evitar criadouros da dengue em cemit\u00e9rios"},"content":{"rendered":"<p><img decoding=\"async\" src=\"https:\/\/mid-noticias.curitiba.pr.gov.br\/2025\/capa\/00525117.jpg\" alt=\"Sa\u00fade de Curitiba orienta sobre potenciais criadouros da dengue em cemit\u00e9rios. Curitiba, 29\/10\/2025. Foto: Isabella Mayer\/SECOM\"><\/p>\n<h6 data-placeholder=\" \">Sa\u00fade de Curitiba orienta sobre potenciais criadouros da dengue em cemit\u00e9rios. Curitiba, 29\/10\/2025. Foto: Isabella Mayer\/SECOM<\/h6>\n<p data-placeholder=\" \"><i>Texto: Quiteria Bevilheri<\/i><br \/>\n<i>Secretaria Municipal da Comunica\u00e7\u00e3o Social<\/i><\/p>\n<p data-placeholder=\" \">O m\u00eas de novembro abre o per\u00edodo de maior risco para a dengue, \u00e9poca em que h\u00e1 dias mais quentes e chuvosos, ambiente prop\u00edcio para a prolifera\u00e7\u00e3o do mosquito&nbsp;<i>Aedes&nbsp;<\/i>aegypti, transmissor da doen\u00e7a.<\/p>\n<p>Al\u00e9m das caracter\u00edsticas clim\u00e1ticas, a chegada do dia de finados, no pr\u00f3ximo domingo (2\/11), traz um alerta importante para as pessoas que frequentam os cemit\u00e9rios: \u00e9 poss\u00edvel homenagear seus entes queridos sem, no entanto, trazer riscos para os vivos.<\/p>\n<p>O alerta \u00e9 da coordenadora do Programa Municipal de Controle do Aedes da&nbsp;<a href=\"https:\/\/saude.curitiba.pr.gov.br\/\" target=\"_blank\" rel=\"noopener\">Secretaria Municipal da Sa\u00fade<\/a>&nbsp;(SMS) de Curitiba, Tatiana Bausewein, que recomenda alguns cuidados simples para evitar \u00e1gua parada.<\/p>\n<blockquote><p>\u201cApesar de Curitiba ainda apresentar dias frios nesta \u00e9poca do ano, precisamos lembrar que a presen\u00e7a de \u00e1gua parada em recipientes ao ar livre \u00e9 um potencial risco para a dengue. Basta o aumento da temperatura para que ovos depositados nesses locais possam eclodir, iniciar a infesta\u00e7\u00e3o dos mosquitos e a transmiss\u00e3o da doen\u00e7a\u201d, destaca Tatiana.<\/p><\/blockquote>\n<h3>&nbsp;<\/h3>\n<h3>Cuidados com as flores<\/h3>\n<p>Em vistoria no Cemit\u00e9rio Municipal S\u00e3o Francisco, nesta quarta-feira (29\/10), \u00e0s v\u00e9speras do Dia de Finados, as agentes de endemias Francine de Freitas e Marina Bogoni puderam indicar os potenciais riscos de prolifera\u00e7\u00e3o do Aedes aegypti no local.&nbsp;Segundo as profissionais da SMS, os vasos de flores est\u00e3o entre os principais vil\u00f5es.<\/p>\n<div class=\"raw-html-embed ck-widget ck-widget_with-selection-handle\" dir=\"ltr\" contenteditable=\"false\" data-html-embed-label=\"HTML snippet\">\n<div class=\"ck ck-widget__selection-handle\">&nbsp;<\/div>\n<div class=\"raw-html-embed__content-wrapper\">\n<div class=\"raw-html-embed__preview\">\n<div class=\"raw-html-embed__preview-content\" dir=\"ltr\">\n<div class=\"ck ck-widget__selection-handle\">&nbsp;<\/div>\n<div class=\"raw-html-embed__content-wrapper\">\n<div class=\"raw-html-embed__preview\">\n<div class=\"raw-html-embed__preview-content\" dir=\"ltr\">\n<div class=\"ck ck-widget__selection-handle\">&nbsp;<\/div>\n<div class=\"raw-html-embed__content-wrapper\">\n<div class=\"raw-html-embed__preview\">\n<div class=\"raw-html-embed__preview-content\" dir=\"ltr\">\n<div id=\"div-imagem-525137\">\n<div class=\"embed-responsive-video editor-img\"><img decoding=\"async\" class=\"img-fluid\" src=\"https:\/\/mid-noticias.curitiba.pr.gov.br\/2025\/capa\/00525137.jpg\" alt=\"Imagem\"><\/div>\n<\/div>\n<\/div>\n<\/div>\n<\/div>\n<\/div>\n<\/div>\n<\/div>\n<\/div>\n<\/div>\n<\/div>\n<\/div>\n<blockquote><p>&nbsp;<\/p>\n<h6>Foto: Isabella Mayer\/SECOM<\/h6>\n<p><em><strong>\u201cS\u00e3o a forma de homenagem mais usada, mas \u00e9 importante que as pessoas utilizem vasos com furos para drenagem da \u00e1gua e sem embalagens pl\u00e1sticas ou de celofane, que ret\u00e9m a \u00e1gua da chuva e da rega\u201d, orienta Francine.<\/strong><\/em><\/p><\/blockquote>\n<p>Tanto os vasos descart\u00e1veis como os fixos nas l\u00e1pides precisam ter furos para a drenagem, al\u00e9m de colocar areia no fundo para evitar o ac\u00famulo de \u00e1gua parada.<\/p>\n<p>As equipes de zeladores da administra\u00e7\u00e3o dos cemit\u00e9rios municipais de Curitiba receberam orienta\u00e7\u00f5es sobre os cuidados com a dengue. Durante o trabalho cotidiano, eles vistoriam os locais em busca de situa\u00e7\u00f5es de risco para a prolifera\u00e7\u00e3o do Aedes, retiram embalagens e depositam areia onde \u00e9 poss\u00edvel. Al\u00e9m disso, orientam as fam\u00edlias para fazer as adequa\u00e7\u00f5es necess\u00e1rias em vasos e vel\u00e1rios fixos nas l\u00e1pides, como furar os recipientes e utilizar plantas em terra ou areia.<\/p>\n<div class=\"raw-html-embed ck-widget ck-widget_with-selection-handle\" dir=\"ltr\" contenteditable=\"false\" data-html-embed-label=\"HTML snippet\">\n<div class=\"ck ck-widget__selection-handle\">&nbsp;<\/div>\n<div class=\"raw-html-embed__content-wrapper\">\n<div class=\"raw-html-embed__preview\">\n<div class=\"raw-html-embed__preview-content\" dir=\"ltr\">\n<div class=\"ck ck-widget__selection-handle\">&nbsp;<\/div>\n<div class=\"raw-html-embed__content-wrapper\">\n<div class=\"raw-html-embed__preview\">\n<div class=\"raw-html-embed__preview-content\" dir=\"ltr\">\n<div class=\"ck ck-widget__selection-handle\">&nbsp;<\/div>\n<div class=\"raw-html-embed__content-wrapper\">\n<div class=\"raw-html-embed__preview\">\n<div class=\"raw-html-embed__preview-content\" dir=\"ltr\">\n<div id=\"div-imagem-525129\">\n<div class=\"embed-responsive-video editor-img\"><img decoding=\"async\" class=\"img-fluid\" src=\"https:\/\/mid-noticias.curitiba.pr.gov.br\/2025\/capa\/00525129.jpg\" alt=\"Imagem\"><\/div>\n<\/div>\n<\/div>\n<\/div>\n<\/div>\n<\/div>\n<\/div>\n<\/div>\n<\/div>\n<\/div>\n<\/div>\n<\/div>\n<h6>Foto: Isabella Mayer\/SECOM<\/h6>\n<p><em><strong>\u201cMesmo as flores pl\u00e1sticas precisam de aten\u00e7\u00e3o, porque s\u00e3o depositadas em vasos ou potes que ret\u00e9m a \u00e1gua de chuva. Sempre que poss\u00edvel, devem ficar em locais abrigados da chuva e em recipientes furados\u201d, orienta a agente de endemias Marina Bogoni.<\/strong><\/em><\/p>\n<p>&nbsp;<\/p>\n<h3>Exemplo<\/h3>\n<p>O casal Carmen L\u00facia e Jos\u00e9 Luiz Inocente estava munido de balde, vassoura e demais apetrechos para a limpeza do t\u00famulo da fam\u00edlia, ritual que utilizam anualmente \u00e0s v\u00e9speras do dia de finados.<\/p>\n<div class=\"raw-html-embed ck-widget ck-widget_with-selection-handle\" dir=\"ltr\" contenteditable=\"false\" data-html-embed-label=\"HTML snippet\">\n<div class=\"ck ck-widget__selection-handle\">&nbsp;<\/div>\n<div class=\"raw-html-embed__content-wrapper\">\n<div class=\"raw-html-embed__preview\">\n<div class=\"raw-html-embed__preview-content\" dir=\"ltr\">\n<div class=\"ck ck-widget__selection-handle\">&nbsp;<\/div>\n<div class=\"raw-html-embed__content-wrapper\">\n<div class=\"raw-html-embed__preview\">\n<div class=\"raw-html-embed__preview-content\" dir=\"ltr\">\n<div id=\"div-imagem-525130\">\n<div class=\"embed-responsive-video editor-img\"><img decoding=\"async\" class=\"img-fluid\" src=\"https:\/\/mid-noticias.curitiba.pr.gov.br\/2025\/capa\/00525130.jpg\" alt=\"Imagem\"><\/div>\n<\/div>\n<\/div>\n<\/div>\n<\/div>\n<\/div>\n<\/div>\n<\/div>\n<\/div>\n<h6>Foto: Isabella Mayer\/SECOM<\/h6>\n<p>Segundo Carmen L\u00facia, a fam\u00edlia mant\u00e9m o tumulo enfeitado com folhagens e suculentas plantadas em vasos e com flores artificiais, mas sempre com o cuidado de ficar abrigado da chuva. O casal elogiou o trabalho de monitoramento dos agentes de endemias.<\/p>\n<blockquote><p>\u201cEsse cemit\u00e9rio fica no Centro da cidade, uma regi\u00e3o com grande concentra\u00e7\u00e3o de pessoas e n\u00e3o pode haver espa\u00e7o para a prolifera\u00e7\u00e3o do mosquito da dengue. \u00c9 bom ver que a Prefeitura mant\u00e9m o cuidado com nossa sa\u00fade, mas cada pessoa precisa fazer a sua parte\u201d, disse Carmen L\u00facia.<\/p><\/blockquote>\n<h3>Dicas para evitar que os cemit\u00e9rios sejam um risco para a prolifera\u00e7\u00e3o do mosquito<\/h3>\n<p>&nbsp;<\/p>\n<p><strong>FLORES:<\/strong><\/p>\n<div class=\"raw-html-embed ck-widget ck-widget_with-selection-handle\" dir=\"ltr\" contenteditable=\"false\" data-html-embed-label=\"HTML snippet\">\n<div class=\"ck ck-widget__selection-handle\">&nbsp;<\/div>\n<div class=\"raw-html-embed__content-wrapper\">\n<div class=\"raw-html-embed__preview\">\n<div class=\"raw-html-embed__preview-content\" dir=\"ltr\">\n<div class=\"ck ck-widget__selection-handle\">&nbsp;<\/div>\n<div class=\"raw-html-embed__content-wrapper\">\n<div class=\"raw-html-embed__preview\">\n<div class=\"raw-html-embed__preview-content\" dir=\"ltr\">\n<div class=\"ck ck-widget__selection-handle\">&nbsp;<\/div>\n<div class=\"raw-html-embed__content-wrapper\">\n<div class=\"raw-html-embed__preview\">\n<div class=\"raw-html-embed__preview-content\" dir=\"ltr\">\n<div id=\"div-imagem-525139\">\n<div class=\"embed-responsive-video editor-img\"><img decoding=\"async\" class=\"img-fluid\" src=\"https:\/\/mid-noticias.curitiba.pr.gov.br\/2025\/capa\/00525139.jpg\" alt=\"Imagem\"><\/div>\n<\/div>\n<\/div>\n<\/div>\n<\/div>\n<\/div>\n<\/div>\n<\/div>\n<\/div>\n<\/div>\n<\/div>\n<\/div>\n<p>Foto: Isabella Mayer\/SECOM<\/p>\n<ul>\n<li><span class=\"ck-list-bogus-paragraph\">Os vasos com flores plantadas devem ser furados para a drenagem da \u00e1gua. As embalagens pl\u00e1sticas ou de celofane devem ser retiradas, pois tamb\u00e9m ret\u00e9m a \u00e1gua da chuva ou da rega.<\/span><\/li>\n<li><span class=\"ck-list-bogus-paragraph\">Os vasos fixos nas l\u00e1pides tamb\u00e9m devem ser furados e ter sistema de drenagem, al\u00e9m de preencher com areia para n\u00e3o acumular \u00e1gua.<\/span><\/li>\n<\/ul>\n<p>&nbsp;<\/p>\n<p><strong>Vel\u00e1rios<\/strong><\/p>\n<div class=\"raw-html-embed ck-widget ck-widget_with-selection-handle\" dir=\"ltr\" contenteditable=\"false\" data-html-embed-label=\"HTML snippet\">\n<div class=\"ck ck-widget__selection-handle\">&nbsp;<\/div>\n<div class=\"raw-html-embed__content-wrapper\">\n<div class=\"raw-html-embed__preview\">\n<div class=\"raw-html-embed__preview-content\" dir=\"ltr\">\n<div class=\"ck ck-widget__selection-handle\">&nbsp;<\/div>\n<div class=\"raw-html-embed__content-wrapper\">\n<div class=\"raw-html-embed__preview\">\n<div class=\"raw-html-embed__preview-content\" dir=\"ltr\">\n<div class=\"ck ck-widget__selection-handle\">&nbsp;<\/div>\n<div class=\"raw-html-embed__content-wrapper\">\n<div class=\"raw-html-embed__preview\">\n<div class=\"raw-html-embed__preview-content\" dir=\"ltr\">\n<div id=\"div-imagem-525127\">\n<div class=\"embed-responsive-video editor-img\"><img decoding=\"async\" class=\"img-fluid\" src=\"https:\/\/mid-noticias.curitiba.pr.gov.br\/2025\/capa\/00525127.jpg\" alt=\"Imagem\"><\/div>\n<\/div>\n<\/div>\n<\/div>\n<\/div>\n<\/div>\n<\/div>\n<\/div>\n<\/div>\n<\/div>\n<\/div>\n<\/div>\n<p>Foto: Isabella Mayer\/SECOM<\/p>\n<ul>\n<li><span class=\"ck-list-bogus-paragraph\">Os vel\u00e1rios, que ficam no entorno das l\u00e1pides geralmente s\u00e3o pe\u00e7as de zinco ou de m\u00e1rmore, e \u00e9 comum que n\u00e3o tenham escoamento.<\/span><\/li>\n<li><span class=\"ck-list-bogus-paragraph\">O ideal \u00e9 furar esses recipientes para as velas, evitando o ac\u00famulo de \u00e1gua.<\/span><\/li>\n<li><span class=\"ck-list-bogus-paragraph\">\u00c9 importante n\u00e3o colocar velas em copos ou outros recipientes fundos e tamb\u00e9m descartar as embalagens que as envolvem.<\/span><\/li>\n<\/ul>\n<p>&nbsp;<\/p>\n<p><strong>Mausol\u00e9us<\/strong><\/p>\n<ul>\n<li><span class=\"ck-list-bogus-paragraph\">Se os jazigos ou mausol\u00e9us estiverem abaixo do n\u00edvel do solo, tamb\u00e9m \u00e9 necess\u00e1rio verificar se h\u00e1 ac\u00famulo de \u00e1gua.<\/span><\/li>\n<li><span class=\"ck-list-bogus-paragraph\">Se houver ralos ou tubos para escoar a \u00e1gua, \u00e9 importante manter limpos e sem ac\u00famulo de folhas ou terra, que acabam entupindo. \u00c9 preciso providenciar um sistema para libera\u00e7\u00e3o da \u00e1gua da chuva.<\/span><\/li>\n<li><span class=\"ck-list-bogus-paragraph\">A limpeza dos t\u00famulos com \u00e1gua sanit\u00e1ria \u00e9 importante, mas o produto evapora facilmente, portanto, n\u00e3o elimina o risco.<\/span><\/li>\n<\/ul>\n<p>&nbsp;<\/p>\n<p><strong>Manuten\u00e7\u00e3o<\/strong><\/p>\n<ul>\n<li><span class=\"ck-list-bogus-paragraph\">Manter a l\u00e1pide limpa e livre de materiais que acumulam \u00e1gua \u00e9 a melhor op\u00e7\u00e3o para evitar o risco de prolifera\u00e7\u00e3o do mosquito transmissor da dengue.<\/span><\/li>\n<li><span class=\"ck-list-bogus-paragraph\">Ao visitar o cemit\u00e9rio, lembre-se de descartar embalagens e materiais de limpeza em lixeiras fechadas, evitando que esses materiais fiquem espalhados e tamb\u00e9m possam se tornar criadouros do Aedes aegypti.<\/span><\/li>\n<\/ul>\n<h6>Fonte: https:\/\/www.curitiba.pr.gov.br\/noticias<\/h6>\n","protected":false},"excerpt":{"rendered":"<p>Sa\u00fade de Curitiba orienta sobre potenciais criadouros da dengue em cemit\u00e9rios. Curitiba, 29\/10\/2025. Foto: Isabella Mayer\/SECOM Texto: Quiteria Bevilheri Secretaria Municipal da Comunica\u00e7\u00e3o Social O m\u00eas de novembro abre o per\u00edodo de maior risco para a dengue, \u00e9poca em que h\u00e1 dias mais quentes e chuvosos, ambiente prop\u00edcio para a [&hellip;]<\/p>\n","protected":false},"author":1,"featured_media":10147,"comment_status":"open","ping_status":"open","sticky":false,"template":"","format":"standard","meta":{"ngg_post_thumbnail":0,"jetpack_post_was_ever_published":false,"amp_status":"","_jetpack_newsletter_access":"","_jetpack_dont_email_post_to_subs":false,"_jetpack_newsletter_tier_id":0,"_jetpack_memberships_contains_paywalled_content":false,"_jetpack_memberships_contains_paid_content":false,"footnotes":""},"categories":[142,23,18,4],"tags":[],"class_list":["post-10146","post","type-post","status-publish","format-standard","has-post-thumbnail","hentry","category-comunicacao","category-feriado","category-prefeitura","category-saude"],"aioseo_notices":[],"jetpack_featured_media_url":"https:\/\/gazetadoabranches.com\/wp-content\/uploads\/2025\/10\/00525117.png","jetpack-related-posts":[{"id":10320,"url":"https:\/\/gazetadoabranches.com\/index.php\/2026\/02\/10\/prefeito-recebe-estudantes-na-volta-as-aulas-dia-de-reencontros-e-orientacoes-sobre-transito-e-dengue\/","url_meta":{"origin":10146,"position":0},"title":"Prefeito recebe estudantes na volta \u00e0s aulas, dia de reencontros e orienta\u00e7\u00f5es sobre tr\u00e2nsito e dengue","author":"Gazeta do Abranches","date":"fevereiro 10, 2026","format":false,"excerpt":"Foto: Pedro Ribas\/SECOM Mais de 130 mil estudantes da rede p\u00fablica municipal de Curitiba voltaram \u00e0s aulas nesta ter\u00e7a-feira (10\/2), em 188 escolas e 240 Centros Municipais de Educa\u00e7\u00e3o Infantil (CMEIs). Em dia marcado pela alegria e saudades dos colegas e professores, o prefeito Eduardo Pimentel acompanhou o retorno dos\u2026","rel":"","context":"Em &quot;Bairros&quot;","block_context":{"text":"Bairros","link":"https:\/\/gazetadoabranches.com\/index.php\/category\/bairros\/"},"img":{"alt_text":"Prefeito recebe estudantes na volta \u00e0s aulas, dia de reencontros e orienta\u00e7\u00f5es sobre tr\u00e2nsito e dengue","src":"https:\/\/i0.wp.com\/gazetadoabranches.com\/wp-content\/uploads\/2026\/02\/00544521.png?resize=350%2C200&ssl=1","width":350,"height":200,"srcset":"https:\/\/i0.wp.com\/gazetadoabranches.com\/wp-content\/uploads\/2026\/02\/00544521.png?resize=350%2C200&ssl=1 1x, https:\/\/i0.wp.com\/gazetadoabranches.com\/wp-content\/uploads\/2026\/02\/00544521.png?resize=525%2C300&ssl=1 1.5x, https:\/\/i0.wp.com\/gazetadoabranches.com\/wp-content\/uploads\/2026\/02\/00544521.png?resize=700%2C400&ssl=1 2x"},"classes":[]},{"id":10085,"url":"https:\/\/gazetadoabranches.com\/index.php\/2025\/10\/14\/veja-quais-sao-os-prazos-para-limpeza-e-reparos-de-tumulos-nos-cemiterios-municipais\/","url_meta":{"origin":10146,"position":1},"title":"Veja quais s\u00e3o os prazos para limpeza e reparos de t\u00famulos nos cemit\u00e9rios municipais","author":"Gazeta do Abranches","date":"outubro 14, 2025","format":false,"excerpt":"\u00a0 O Departamento de Servi\u00e7os Especiais da Secretaria Municipal do Meio Ambiente publicou no Di\u00e1rio Oficial do Munic\u00edpio os hor\u00e1rios e regras para a limpeza e pequenos reparos nos t\u00famulos dos cinco cemit\u00e9rios municipais de Curitiba: S\u00e3o Francisco de Paula, \u00c1gua Verde, Boqueir\u00e3o, Santa C\u00e2ndida e Zona Sul. A limpeza\u2026","rel":"","context":"Em &quot;Curitiba&quot;","block_context":{"text":"Curitiba","link":"https:\/\/gazetadoabranches.com\/index.php\/category\/curitiba\/"},"img":{"alt_text":"Secretaria do Meio Ambiente define prazos e hor\u00e1rios para limpeza e pequenos reparos nos cemit\u00e9rios municipais.. Foto: Jaelson Lucas\/SECOM (arquivo)","src":"https:\/\/i0.wp.com\/gazetadoabranches.com\/wp-content\/uploads\/2025\/10\/00521827.png?resize=350%2C200&ssl=1","width":350,"height":200,"srcset":"https:\/\/i0.wp.com\/gazetadoabranches.com\/wp-content\/uploads\/2025\/10\/00521827.png?resize=350%2C200&ssl=1 1x, https:\/\/i0.wp.com\/gazetadoabranches.com\/wp-content\/uploads\/2025\/10\/00521827.png?resize=525%2C300&ssl=1 1.5x, https:\/\/i0.wp.com\/gazetadoabranches.com\/wp-content\/uploads\/2025\/10\/00521827.png?resize=700%2C400&ssl=1 2x"},"classes":[]},{"id":8064,"url":"https:\/\/gazetadoabranches.com\/index.php\/2022\/03\/08\/fala-curitiba\/","url_meta":{"origin":10146,"position":2},"title":"Fala Curitiba","author":"Gazeta do Abranches","date":"mar\u00e7o 8, 2022","format":false,"excerpt":"Come\u00e7ou nesta segunda-feira (7\/3) a primeira das tr\u00eas etapas do Fala Curitiba 2022, programa de consultas p\u00fablicas da Prefeitura de Curitiba, que entra na sua sexta edi\u00e7\u00e3o e se estender\u00e1 ao longo do ano todo. Cidad\u00e3os curitibanos poder\u00e3o ajudar a definir como o dinheiro do or\u00e7amento da cidade ser\u00e1 aplicado\u2026","rel":"","context":"Em &quot;Fala Curitiba&quot;","block_context":{"text":"Fala Curitiba","link":"https:\/\/gazetadoabranches.com\/index.php\/category\/fala-curitiba\/"},"img":{"alt_text":"","src":"https:\/\/i0.wp.com\/gazetadoabranches.com\/wp-content\/uploads\/2022\/03\/275512472_5252955484738930_4508143368074051059_n.jpg?resize=350%2C200&ssl=1","width":350,"height":200,"srcset":"https:\/\/i0.wp.com\/gazetadoabranches.com\/wp-content\/uploads\/2022\/03\/275512472_5252955484738930_4508143368074051059_n.jpg?resize=350%2C200&ssl=1 1x, https:\/\/i0.wp.com\/gazetadoabranches.com\/wp-content\/uploads\/2022\/03\/275512472_5252955484738930_4508143368074051059_n.jpg?resize=525%2C300&ssl=1 1.5x, https:\/\/i0.wp.com\/gazetadoabranches.com\/wp-content\/uploads\/2022\/03\/275512472_5252955484738930_4508143368074051059_n.jpg?resize=700%2C400&ssl=1 2x, https:\/\/i0.wp.com\/gazetadoabranches.com\/wp-content\/uploads\/2022\/03\/275512472_5252955484738930_4508143368074051059_n.jpg?resize=1050%2C600&ssl=1 3x"},"classes":[]},{"id":10275,"url":"https:\/\/gazetadoabranches.com\/index.php\/2026\/01\/16\/musica-ao-vivo-adocao-de-pets-e-atividades-para-criancas-integram-a-programacao-do-primeiro-domingo-no-centro-de-2026\/","url_meta":{"origin":10146,"position":3},"title":"M\u00fasica ao vivo, ado\u00e7\u00e3o de pets e atividades para crian\u00e7as integram a programa\u00e7\u00e3o do primeiro Domingo no Centro de 2026","author":"Gazeta do Abranches","date":"janeiro 16, 2026","format":false,"excerpt":"Programa da Prefeitura que fez sucesso com as fam\u00edlias curitibanas em 2025 volta para a Rua XV de Novembro neste domingo (18\/1), com uma programa\u00e7\u00e3o recheada de atividades gratuitas para todas as idades.\u00a0 O primeiro Domingo no Centro do ano acontece das 9h \u00e0s 15h, entre a Pra\u00e7a Os\u00f3rio e\u2026","rel":"","context":"Em &quot;Cultura&quot;","block_context":{"text":"Cultura","link":"https:\/\/gazetadoabranches.com\/index.php\/category\/cultura\/"},"img":{"alt_text":"M\u00fasica ao vivo, ado\u00e7\u00e3o de pets e atividades para crian\u00e7as integram a programa\u00e7\u00e3o do primeiro Domingo no Centro de 2026. Foto: Isabella Mayer\/SECOM","src":"https:\/\/i0.wp.com\/gazetadoabranches.com\/wp-content\/uploads\/2026\/01\/00541115.png?resize=350%2C200&ssl=1","width":350,"height":200,"srcset":"https:\/\/i0.wp.com\/gazetadoabranches.com\/wp-content\/uploads\/2026\/01\/00541115.png?resize=350%2C200&ssl=1 1x, https:\/\/i0.wp.com\/gazetadoabranches.com\/wp-content\/uploads\/2026\/01\/00541115.png?resize=525%2C300&ssl=1 1.5x, https:\/\/i0.wp.com\/gazetadoabranches.com\/wp-content\/uploads\/2026\/01\/00541115.png?resize=700%2C400&ssl=1 2x"},"classes":[]},{"id":7405,"url":"https:\/\/gazetadoabranches.com\/index.php\/2021\/02\/04\/curitiba-prepara-vacinacao-anticovid-para-idosos\/","url_meta":{"origin":10146,"position":4},"title":"Curitiba prepara vacina\u00e7\u00e3o anticovid para idosos","author":"Gazeta do Abranches","date":"fevereiro 4, 2021","format":false,"excerpt":"Com a expectativa de receber mais vacinas na pr\u00f3xima semana, a Secretaria Municipal de Sa\u00fade de Curitiba est\u00e1 preparando a nova fase de imuniza\u00e7\u00e3o contra a covid-19, que atender\u00e1 grupos de idosos residentes na cidade. Essa nova etapa come\u00e7ar\u00e1 pelos idosos acamados\u00a0e a imuniza\u00e7\u00e3o avan\u00e7ar\u00e1 para os demais grupos, conforme\u2026","rel":"","context":"Em &quot;Sa\u00fade&quot;","block_context":{"text":"Sa\u00fade","link":"https:\/\/gazetadoabranches.com\/index.php\/category\/saude\/"},"img":{"alt_text":"","src":"https:\/\/i0.wp.com\/gazetadoabranches.com\/wp-content\/uploads\/2021\/02\/Vacina-para-idosos.jpg?resize=350%2C200&ssl=1","width":350,"height":200,"srcset":"https:\/\/i0.wp.com\/gazetadoabranches.com\/wp-content\/uploads\/2021\/02\/Vacina-para-idosos.jpg?resize=350%2C200&ssl=1 1x, https:\/\/i0.wp.com\/gazetadoabranches.com\/wp-content\/uploads\/2021\/02\/Vacina-para-idosos.jpg?resize=525%2C300&ssl=1 1.5x, https:\/\/i0.wp.com\/gazetadoabranches.com\/wp-content\/uploads\/2021\/02\/Vacina-para-idosos.jpg?resize=700%2C400&ssl=1 2x"},"classes":[]},{"id":8072,"url":"https:\/\/gazetadoabranches.com\/index.php\/2022\/03\/08\/saude-publica-de-curitiba-mulheres-ocupam-os-principais-cargos-de-chefia\/","url_meta":{"origin":10146,"position":5},"title":"Sa\u00fade p\u00fablica de Curitiba: mulheres ocupam os principais cargos de chefia","author":"Gazeta do Abranches","date":"mar\u00e7o 8, 2022","format":false,"excerpt":"Os servi\u00e7os da Secretaria Municipal da Sa\u00fade de Curitiba s\u00e3o resultado da for\u00e7a feminina - inclusive nos mais altos cargos \u2013 um exemplo de que a\u00a0presen\u00e7a da mulher\u00a0em todas as esferas n\u00e3o \u00e9 apenas poss\u00edvel, mas tamb\u00e9m essencial \u00e0 sociedade. A cada dez profissionais da Sa\u00fade no SUS Curitibano, oito\u2026","rel":"","context":"Em &quot;Curitiba&quot;","block_context":{"text":"Curitiba","link":"https:\/\/gazetadoabranches.com\/index.php\/category\/curitiba\/"},"img":{"alt_text":"","src":"https:\/\/i0.wp.com\/gazetadoabranches.com\/wp-content\/uploads\/2022\/03\/00337443.jpg?resize=350%2C200&ssl=1","width":350,"height":200,"srcset":"https:\/\/i0.wp.com\/gazetadoabranches.com\/wp-content\/uploads\/2022\/03\/00337443.jpg?resize=350%2C200&ssl=1 1x, https:\/\/i0.wp.com\/gazetadoabranches.com\/wp-content\/uploads\/2022\/03\/00337443.jpg?resize=525%2C300&ssl=1 1.5x, https:\/\/i0.wp.com\/gazetadoabranches.com\/wp-content\/uploads\/2022\/03\/00337443.jpg?resize=700%2C400&ssl=1 2x"},"classes":[]}],"jetpack_likes_enabled":true,"jetpack_sharing_enabled":true,"_links":{"self":[{"href":"https:\/\/gazetadoabranches.com\/index.php\/wp-json\/wp\/v2\/posts\/10146","targetHints":{"allow":["GET"]}}],"collection":[{"href":"https:\/\/gazetadoabranches.com\/index.php\/wp-json\/wp\/v2\/posts"}],"about":[{"href":"https:\/\/gazetadoabranches.com\/index.php\/wp-json\/wp\/v2\/types\/post"}],"author":[{"embeddable":true,"href":"https:\/\/gazetadoabranches.com\/index.php\/wp-json\/wp\/v2\/users\/1"}],"replies":[{"embeddable":true,"href":"https:\/\/gazetadoabranches.com\/index.php\/wp-json\/wp\/v2\/comments?post=10146"}],"version-history":[{"count":1,"href":"https:\/\/gazetadoabranches.com\/index.php\/wp-json\/wp\/v2\/posts\/10146\/revisions"}],"predecessor-version":[{"id":10148,"href":"https:\/\/gazetadoabranches.com\/index.php\/wp-json\/wp\/v2\/posts\/10146\/revisions\/10148"}],"wp:featuredmedia":[{"embeddable":true,"href":"https:\/\/gazetadoabranches.com\/index.php\/wp-json\/wp\/v2\/media\/10147"}],"wp:attachment":[{"href":"https:\/\/gazetadoabranches.com\/index.php\/wp-json\/wp\/v2\/media?parent=10146"}],"wp:term":[{"taxonomy":"category","embeddable":true,"href":"https:\/\/gazetadoabranches.com\/index.php\/wp-json\/wp\/v2\/categories?post=10146"},{"taxonomy":"post_tag","embeddable":true,"href":"https:\/\/gazetadoabranches.com\/index.php\/wp-json\/wp\/v2\/tags?post=10146"}],"curies":[{"name":"wp","href":"https:\/\/api.w.org\/{rel}","templated":true}]}}