{"id":10149,"date":"2025-10-30T17:52:23","date_gmt":"2025-10-30T20:52:23","guid":{"rendered":"https:\/\/gazetadoabranches.com\/?p=10149"},"modified":"2025-10-30T17:52:23","modified_gmt":"2025-10-30T20:52:23","slug":"esculturas-da-caravana-do-silvinho-ja-tomam-conta-do-memorial-paranista","status":"publish","type":"post","link":"https:\/\/gazetadoabranches.com\/index.php\/2025\/10\/30\/esculturas-da-caravana-do-silvinho-ja-tomam-conta-do-memorial-paranista\/","title":{"rendered":"Esculturas da Caravana do Silvinho j\u00e1 tomam conta do Memorial Paranista"},"content":{"rendered":"<p><img decoding=\"async\" src=\"https:\/\/mid-noticias.curitiba.pr.gov.br\/2025\/capa\/00525596.jpg\" alt=\"Esculturas da Caravana do Silvinho j\u00e1 tomam conta do Memorial Paranista. \nCuritiba, 30\/10\/2025. \nFoto: Cido Marques\/FCC\"><\/p>\n<h6>Esculturas da Caravana do Silvinho j\u00e1 tomam conta do Memorial Paranista. Curitiba, 30\/10\/2025. Foto: Cido Marques\/FCC<\/h6>\n<p>A Caravana do Silvinho j\u00e1 desembarcou em Curitiba e preencheu o Memorial Paranista de cor e nostalgia. As 45 esculturas estilizadas de Silvio Santos, uma homenagem a um dos maiores comunicadores da televis\u00e3o brasileira, foram instaladas no Jardim das Esculturas do espa\u00e7o, onde o p\u00fablico poder\u00e1 interagir e tirar fotos.<\/p>\n<div class=\"row\">\n<div class=\"col textoNoticias\">\n<div class=\"textoBanner\">\n<div class=\"boxBannerTextoAnuncio\">\n<p>A exposi\u00e7\u00e3o abre oficialmente nesta sexta-feira (31\/10), \u00e0s 11h, com a presen\u00e7a de Cintia Abravanel, uma das filhas de Silvio Santos, e poder\u00e1 ser visitada gratuitamente at\u00e9 o dia 30 de novembro, todos os dias da semana, das 6h \u00e0s 22h.<\/p>\n<\/div>\n<p><img decoding=\"async\" src=\"https:\/\/mid-noticias.curitiba.pr.gov.br\/2025\/capa\/00525604.jpg\" alt=\"Esculturas da Caravana do Silvinho j\u00e1 tomam conta do Memorial Paranista. \nCuritiba, 30\/10\/2025. \nFoto: Cido Marques\/FCC\"><\/p>\n<p>Foto: Cido Marques\/FCC<\/p>\n<div class=\"boxBannerTextoAnuncio\">\n<p>Produzidas em fibra de vidro e com 1,60 metro de altura, as esculturas foram personalizadas por mais de 40 artistas de v\u00e1rias regi\u00f5es do pa\u00eds, entre eles o muralista Eduardo Kobra e o curitibano Betuel Lima.<\/p>\n<p>No Memorial, as obras est\u00e3o distribu\u00eddas no p\u00e1tio que conecta o pr\u00e9dio ao Parque S\u00e3o Louren\u00e7o, criando um di\u00e1logo entre o verde do entorno e as esculturas de Jo\u00e3o Turin, artista que d\u00e1 nome ao espa\u00e7o.<\/p>\n<\/div>\n<p><img decoding=\"async\" src=\"https:\/\/mid-noticias.curitiba.pr.gov.br\/2025\/capa\/00525607.jpg\" alt=\"Esculturas da Caravana do Silvinho j\u00e1 tomam conta do Memorial Paranista. \nCuritiba, 30\/10\/2025. \nFoto: Cido Marques\/FCC\"><\/p>\n<p>Foto: Cido Marques\/FCC<\/p>\n<div class=\"boxBannerTextoAnuncio\">\n<p>Com curadoria da Abrava Arte Produ\u00e7\u00f5es e produ\u00e7\u00e3o da Breit Produ\u00e7\u00f5es, a mostra prop\u00f5e uma experi\u00eancia divertida e afetiva, celebrando a irrever\u00eancia e o legado de um dos nomes mais queridos da televis\u00e3o brasileira. A Caravana do Silvinho segue em circuito itinerante por outras cidades do pa\u00eds at\u00e9 2026.<\/p>\n<h3>Servi\u00e7o<\/h3>\n<p><strong>Exposi\u00e7\u00e3o Caravana do Silvinho \u2013 Curitiba<\/strong><br \/>\nMemorial Paranista \u2013 Parque S\u00e3o Louren\u00e7o (R. Mateus Leme, 4700 \u2013 S\u00e3o Louren\u00e7o, Curitiba \u2013 PR)<br \/>\nDe 31 de outubro a 30 de novembro<br \/>\nTodos os dias, das 6h \u00e0s 22h<br \/>\nEntrada gratuita<\/p>\n<\/div>\n<\/div>\n<\/div>\n<\/div>\n<div class=\"row\">\n<h6 class=\"d-flex midiasDetalheNoticias\">FONTE:https:\/\/www.curitiba.pr.gov.br\/noticias\/<\/h6>\n<\/div>\n","protected":false},"excerpt":{"rendered":"<p>Esculturas da Caravana do Silvinho j\u00e1 tomam conta do Memorial Paranista. Curitiba, 30\/10\/2025. Foto: Cido Marques\/FCC A Caravana do Silvinho j\u00e1 desembarcou em Curitiba e preencheu o Memorial Paranista de cor e nostalgia. As 45 esculturas estilizadas de Silvio Santos, uma homenagem a um dos maiores comunicadores da televis\u00e3o brasileira, [&hellip;]<\/p>\n","protected":false},"author":1,"featured_media":10150,"comment_status":"open","ping_status":"open","sticky":false,"template":"","format":"standard","meta":{"ngg_post_thumbnail":0,"jetpack_post_was_ever_published":false,"amp_status":"","_jetpack_newsletter_access":"","_jetpack_dont_email_post_to_subs":false,"_jetpack_newsletter_tier_id":0,"_jetpack_memberships_contains_paywalled_content":false,"_jetpack_memberships_contains_paid_content":false,"footnotes":""},"categories":[99,3,196,130,1,14,18],"tags":[],"class_list":["post-10149","post","type-post","status-publish","format-standard","has-post-thumbnail","hentry","category-cultura","category-curitiba","category-eventos","category-homenagem","category-outros","category-parques","category-prefeitura"],"aioseo_notices":[],"jetpack_featured_media_url":"https:\/\/gazetadoabranches.com\/wp-content\/uploads\/2025\/10\/00525596.png","jetpack-related-posts":[{"id":7587,"url":"https:\/\/gazetadoabranches.com\/index.php\/2021\/05\/17\/novo-espaco-no-sao-lourenco-exalta-paranismo-de-joao-turin\/","url_meta":{"origin":10149,"position":0},"title":"Novo espa\u00e7o no S\u00e3o Louren\u00e7o exalta paranismo de Jo\u00e3o Turin","author":"Gazeta do Abranches","date":"maio 17, 2021","format":false,"excerpt":"O prefeito Rafael Greca inaugurou nesta sexta-feira (14\/5), no Parque S\u00e3o Louren\u00e7o, o Memorial Paranista e o Jardim das Esculturas, com r\u00e9plicas ampliadas de exemplares do artista pl\u00e1stico paranaense e precursor do Paranismo Jo\u00e3o Turin. Jo\u00e3o Turin, idealizador e expoente do paranismo O novo espa\u00e7o cultural exibe 100 obras entre\u2026","rel":"","context":"Em &quot;Prefeitura&quot;","block_context":{"text":"Prefeitura","link":"https:\/\/gazetadoabranches.com\/index.php\/category\/prefeitura\/"},"img":{"alt_text":"","src":"https:\/\/i0.wp.com\/gazetadoabranches.com\/wp-content\/uploads\/2021\/05\/Pq-S%C3%A3o-Louren%C3%A7o.jpg?resize=350%2C200&ssl=1","width":350,"height":200,"srcset":"https:\/\/i0.wp.com\/gazetadoabranches.com\/wp-content\/uploads\/2021\/05\/Pq-S%C3%A3o-Louren%C3%A7o.jpg?resize=350%2C200&ssl=1 1x, https:\/\/i0.wp.com\/gazetadoabranches.com\/wp-content\/uploads\/2021\/05\/Pq-S%C3%A3o-Louren%C3%A7o.jpg?resize=525%2C300&ssl=1 1.5x, https:\/\/i0.wp.com\/gazetadoabranches.com\/wp-content\/uploads\/2021\/05\/Pq-S%C3%A3o-Louren%C3%A7o.jpg?resize=700%2C400&ssl=1 2x"},"classes":[]},{"id":9941,"url":"https:\/\/gazetadoabranches.com\/index.php\/2025\/08\/01\/comitiva-do-museu-georges-pompidou-visita-memorial-paranista-em-curitiba\/","url_meta":{"origin":10149,"position":1},"title":"Comitiva do Museu Georges Pompidou visita Memorial Paranista em Curitiba","author":"Gazeta do Abranches","date":"agosto 1, 2025","format":false,"excerpt":"O Memorial Paranista, um dos espa\u00e7os culturais mais emblem\u00e1ticos de Curitiba, recebeu na tarde desta segunda-feira (28\/7) a visita de uma comitiva do Museu Georges Pompidou, de Paris. O grupo est\u00e1 no Paran\u00e1 a convite do Governo do Estado, que, em parceria com a institui\u00e7\u00e3o francesa, desenvolve o projeto de\u2026","rel":"","context":"Em &quot;Cultura&quot;","block_context":{"text":"Cultura","link":"https:\/\/gazetadoabranches.com\/index.php\/category\/cultura\/"},"img":{"alt_text":"","src":"https:\/\/i0.wp.com\/gazetadoabranches.com\/wp-content\/uploads\/2025\/08\/Comitiva-Francesa.png?resize=350%2C200&ssl=1","width":350,"height":200,"srcset":"https:\/\/i0.wp.com\/gazetadoabranches.com\/wp-content\/uploads\/2025\/08\/Comitiva-Francesa.png?resize=350%2C200&ssl=1 1x, https:\/\/i0.wp.com\/gazetadoabranches.com\/wp-content\/uploads\/2025\/08\/Comitiva-Francesa.png?resize=525%2C300&ssl=1 1.5x, https:\/\/i0.wp.com\/gazetadoabranches.com\/wp-content\/uploads\/2025\/08\/Comitiva-Francesa.png?resize=700%2C400&ssl=1 2x"},"classes":[]},{"id":8300,"url":"https:\/\/gazetadoabranches.com\/index.php\/2022\/05\/16\/criancas-e-instalacao-interativa-marcam-aniversario-do-memorial-paranista\/","url_meta":{"origin":10149,"position":2},"title":"Visitantes do Memorial Paranista j\u00e1 podem brincar de ser est\u00e1tua","author":"Gazeta do Abranches","date":"maio 16, 2022","format":false,"excerpt":"Os visitantes do\u00a0Memorial Paranista\u00a0podem agora brincar de ser est\u00e1tua, imitando as obras de arte em tamanhos heroicos de Jo\u00e3o Turin, expostas no Parque S\u00e3o Louren\u00e7o. O complexo cultural da Prefeitura de Curitiba dedicado \u00e0 arte paranista\u00a0completa um ano neste s\u00e1bado (14\/5) e de presente o p\u00fablico ganhou a nova instala\u00e7\u00e3o\u2026","rel":"","context":"Em &quot;Comemora\u00e7\u00e3o&quot;","block_context":{"text":"Comemora\u00e7\u00e3o","link":"https:\/\/gazetadoabranches.com\/index.php\/category\/comemoracao\/"},"img":{"alt_text":"","src":"https:\/\/i0.wp.com\/gazetadoabranches.com\/wp-content\/uploads\/2022\/05\/00343682.jpg?resize=350%2C200&ssl=1","width":350,"height":200,"srcset":"https:\/\/i0.wp.com\/gazetadoabranches.com\/wp-content\/uploads\/2022\/05\/00343682.jpg?resize=350%2C200&ssl=1 1x, https:\/\/i0.wp.com\/gazetadoabranches.com\/wp-content\/uploads\/2022\/05\/00343682.jpg?resize=525%2C300&ssl=1 1.5x, https:\/\/i0.wp.com\/gazetadoabranches.com\/wp-content\/uploads\/2022\/05\/00343682.jpg?resize=700%2C400&ssl=1 2x"},"classes":[]},{"id":7468,"url":"https:\/\/gazetadoabranches.com\/index.php\/2021\/03\/05\/jardim-das-esculturas-recebe-mais-tres-obras-de-joao-turin\/","url_meta":{"origin":10149,"position":3},"title":"Jardim das Esculturas recebe mais tr\u00eas obras de Jo\u00e3o Turin","author":"Gazeta do Abranches","date":"mar\u00e7o 5, 2021","format":false,"excerpt":"O Jardim das Esculturas do Memorial Paranista, no Parque S\u00e3o Louren\u00e7o, acaba de ganhar mais tr\u00eas obras de arte de Jo\u00e3o Turin. S\u00e3o dois baixo relevos e uma escultura, todos em bronze e escala her\u00f3ica (em tamanhos bem maiores que as pe\u00e7as originalmente criadas). As pe\u00e7as ser\u00e3o colocadas em pontos\u2026","rel":"","context":"Em &quot;Parques&quot;","block_context":{"text":"Parques","link":"https:\/\/gazetadoabranches.com\/index.php\/category\/parques\/"},"img":{"alt_text":"","src":"https:\/\/i0.wp.com\/gazetadoabranches.com\/wp-content\/uploads\/2021\/03\/Obras-Jo%C3%A3o-Turin.jpg?resize=350%2C200&ssl=1","width":350,"height":200,"srcset":"https:\/\/i0.wp.com\/gazetadoabranches.com\/wp-content\/uploads\/2021\/03\/Obras-Jo%C3%A3o-Turin.jpg?resize=350%2C200&ssl=1 1x, https:\/\/i0.wp.com\/gazetadoabranches.com\/wp-content\/uploads\/2021\/03\/Obras-Jo%C3%A3o-Turin.jpg?resize=525%2C300&ssl=1 1.5x, https:\/\/i0.wp.com\/gazetadoabranches.com\/wp-content\/uploads\/2021\/03\/Obras-Jo%C3%A3o-Turin.jpg?resize=700%2C400&ssl=1 2x"},"classes":[]},{"id":8517,"url":"https:\/\/gazetadoabranches.com\/index.php\/2022\/09\/19\/memorial-paranista-tera-visitacao-noturna-na-primavera-dos-museus\/","url_meta":{"origin":10149,"position":4},"title":"Memorial Paranista ter\u00e1 visita\u00e7\u00e3o noturna na Primavera dos Museus","author":"Gazeta do Abranches","date":"setembro 19, 2022","format":false,"excerpt":"Com hor\u00e1rio estendido at\u00e9 as 21h e cursos abertos, o\u00a0Memorial Paranista\u00a0integra o roteiro da 16\u00aa Primavera dos Museus, a\u00e7\u00e3o anual coordenada pelo Instituto Brasileiro de Museus (Ibraim). Este \u00e9 o segundo ano que o Memorial participa da programa\u00e7\u00e3o. De ter\u00e7a-feira (20\/9) at\u00e9 domingo (25\/9), o hor\u00e1rio da visita\u00e7\u00e3o do Memorial\u2026","rel":"","context":"Em &quot;Parques&quot;","block_context":{"text":"Parques","link":"https:\/\/gazetadoabranches.com\/index.php\/category\/parques\/"},"img":{"alt_text":"","src":"https:\/\/i0.wp.com\/gazetadoabranches.com\/wp-content\/uploads\/2022\/09\/Museu-Paranista.jpg?resize=350%2C200&ssl=1","width":350,"height":200,"srcset":"https:\/\/i0.wp.com\/gazetadoabranches.com\/wp-content\/uploads\/2022\/09\/Museu-Paranista.jpg?resize=350%2C200&ssl=1 1x, https:\/\/i0.wp.com\/gazetadoabranches.com\/wp-content\/uploads\/2022\/09\/Museu-Paranista.jpg?resize=525%2C300&ssl=1 1.5x, https:\/\/i0.wp.com\/gazetadoabranches.com\/wp-content\/uploads\/2022\/09\/Museu-Paranista.jpg?resize=700%2C400&ssl=1 2x"},"classes":[]},{"id":10288,"url":"https:\/\/gazetadoabranches.com\/index.php\/2026\/01\/21\/aposentadas-do-programa-vida-nova-participam-de-curso-de-anatomia-humana-em-argila-no-memorial-paranista\/","url_meta":{"origin":10149,"position":5},"title":"Aposentadas do Programa Vida Nova participam de curso de anatomia humana em argila no Memorial Paranista","author":"Gazeta do Abranches","date":"janeiro 21, 2026","format":false,"excerpt":"As servidoras aposentadas Marise Bonamim, 79 anos, e Eliane Santos, 44, integrantes do Programa Vida Nova, participam, nas primeiras semanas deste ano, de uma experi\u00eancia especial: o curso de escultura que prop\u00f5e o estudo de anatomia humana com a modelagem de cabe\u00e7a, no Memorial Paranista. Entusiastas das artes, elas aproveitam\u2026","rel":"","context":"Em &quot;Bairros&quot;","block_context":{"text":"Bairros","link":"https:\/\/gazetadoabranches.com\/index.php\/category\/bairros\/"},"img":{"alt_text":"A servidora aposentada Marise Bonamim, do Programa Vida Nova, participa de curso de escultura no Memorial Paranista. Curitiba, 20\/01\/2026. Foto: Hully Paiva\/SECOM","src":"https:\/\/i0.wp.com\/gazetadoabranches.com\/wp-content\/uploads\/2026\/01\/00541985-scaled.jpg?resize=350%2C200&ssl=1","width":350,"height":200,"srcset":"https:\/\/i0.wp.com\/gazetadoabranches.com\/wp-content\/uploads\/2026\/01\/00541985-scaled.jpg?resize=350%2C200&ssl=1 1x, https:\/\/i0.wp.com\/gazetadoabranches.com\/wp-content\/uploads\/2026\/01\/00541985-scaled.jpg?resize=525%2C300&ssl=1 1.5x, https:\/\/i0.wp.com\/gazetadoabranches.com\/wp-content\/uploads\/2026\/01\/00541985-scaled.jpg?resize=700%2C400&ssl=1 2x, https:\/\/i0.wp.com\/gazetadoabranches.com\/wp-content\/uploads\/2026\/01\/00541985-scaled.jpg?resize=1050%2C600&ssl=1 3x, https:\/\/i0.wp.com\/gazetadoabranches.com\/wp-content\/uploads\/2026\/01\/00541985-scaled.jpg?resize=1400%2C800&ssl=1 4x"},"classes":[]}],"jetpack_likes_enabled":true,"jetpack_sharing_enabled":true,"_links":{"self":[{"href":"https:\/\/gazetadoabranches.com\/index.php\/wp-json\/wp\/v2\/posts\/10149","targetHints":{"allow":["GET"]}}],"collection":[{"href":"https:\/\/gazetadoabranches.com\/index.php\/wp-json\/wp\/v2\/posts"}],"about":[{"href":"https:\/\/gazetadoabranches.com\/index.php\/wp-json\/wp\/v2\/types\/post"}],"author":[{"embeddable":true,"href":"https:\/\/gazetadoabranches.com\/index.php\/wp-json\/wp\/v2\/users\/1"}],"replies":[{"embeddable":true,"href":"https:\/\/gazetadoabranches.com\/index.php\/wp-json\/wp\/v2\/comments?post=10149"}],"version-history":[{"count":1,"href":"https:\/\/gazetadoabranches.com\/index.php\/wp-json\/wp\/v2\/posts\/10149\/revisions"}],"predecessor-version":[{"id":10151,"href":"https:\/\/gazetadoabranches.com\/index.php\/wp-json\/wp\/v2\/posts\/10149\/revisions\/10151"}],"wp:featuredmedia":[{"embeddable":true,"href":"https:\/\/gazetadoabranches.com\/index.php\/wp-json\/wp\/v2\/media\/10150"}],"wp:attachment":[{"href":"https:\/\/gazetadoabranches.com\/index.php\/wp-json\/wp\/v2\/media?parent=10149"}],"wp:term":[{"taxonomy":"category","embeddable":true,"href":"https:\/\/gazetadoabranches.com\/index.php\/wp-json\/wp\/v2\/categories?post=10149"},{"taxonomy":"post_tag","embeddable":true,"href":"https:\/\/gazetadoabranches.com\/index.php\/wp-json\/wp\/v2\/tags?post=10149"}],"curies":[{"name":"wp","href":"https:\/\/api.w.org\/{rel}","templated":true}]}}