{"id":10181,"date":"2025-11-13T13:09:23","date_gmt":"2025-11-13T16:09:23","guid":{"rendered":"https:\/\/gazetadoabranches.com\/?p=10181"},"modified":"2025-11-13T13:09:23","modified_gmt":"2025-11-13T16:09:23","slug":"todas-as-pessoas-a-partir-dos-60-anos-agora-podem-comprar-nos-armazens-da-familia-sem-precisar-de-cadastro","status":"publish","type":"post","link":"https:\/\/gazetadoabranches.com\/index.php\/2025\/11\/13\/todas-as-pessoas-a-partir-dos-60-anos-agora-podem-comprar-nos-armazens-da-familia-sem-precisar-de-cadastro\/","title":{"rendered":"Todas as pessoas a partir dos 60 anos agora podem comprar nos Armaz\u00e9ns da Fam\u00edlia sem precisar de cadastro"},"content":{"rendered":"<p><img decoding=\"async\" src=\"https:\/\/mid-noticias.curitiba.pr.gov.br\/2025\/capa\/00528051.jpg\" alt=\" Armaz\u00e9ns da Fam\u00edlia ampliam alcance e refor\u00e7am inclus\u00e3o social. \nFoto: Levy Ferreira\/SECOM\"><\/p>\n<p>Armaz\u00e9ns da Fam\u00edlia ampliam alcance e refor\u00e7am inclus\u00e3o social.&nbsp;Foto: Levy Ferreira\/SECOM<\/p>\n<div class=\"row\">\n<div class=\"col textoNoticias\">\n<div class=\"textoBanner\">\n<div class=\"boxBannerTextoAnuncio\">\n<p data-placeholder=\" \">Os Armaz\u00e9ns da Fam\u00edlia, refer\u00eancia nacional em seguran\u00e7a alimentar e no acesso a alimentos de qualidade a pre\u00e7os mais baixos, passam a ter alcance ampliado e novos p\u00fablicos atendidos. A partir de agora, idosos a partir de 60 anos podem realizar suas compras diretamente nas unidades, sem necessidade de cadastro pr\u00e9vio ou comprova\u00e7\u00e3o de renda, bastando apresentar um documento oficial com foto.&nbsp;A mudan\u00e7a est\u00e1 em conformidade com o Estatuto da Pessoa Idosa (Lei Federal n\u00ba 10.741\/2003) e refor\u00e7a o car\u00e1ter social e inclusivo do programa.<\/p>\n<p data-placeholder=\" \">A mudan\u00e7a est\u00e1 prevista na moderniza\u00e7\u00e3o da lei do Fundo de Abastecimento Alimentar de Curitiba (FAAC), aprovada em definitivo pela C\u00e2mara Municipal no dia 5 de novembro e sancionada pelo prefeito Eduardo Pimentel.<\/p>\n<p><img decoding=\"async\" src=\"https:\/\/mid-noticias.curitiba.pr.gov.br\/2025\/capa\/00528245.jpg\" alt=\"Armaz\u00e9ns da Fam\u00edlia ampliam alcance e refor\u00e7am inclus\u00e3o social. \nFoto: Levy Ferreira\/SECOM\"><\/p>\n<p>Foto: Levy Ferreira\/SECOM<\/p>\n<p>Outra mudan\u00e7a com a atualiza\u00e7\u00e3o da lei \u00e9 que a partir de agora o programa Armaz\u00e9m da Fam\u00edlia poder\u00e1 ser estendido a cidades do litoral paranaense e localidades num raio de at\u00e9 200 quil\u00f4metros da capital. Antes, o alcance estava restrito a munic\u00edpios da Regi\u00e3o Metropolitana. Essa amplia\u00e7\u00e3o fortalece a integra\u00e7\u00e3o regional das pol\u00edticas de seguran\u00e7a alimentar, especialmente em situa\u00e7\u00f5es de vulnerabilidade social e emerg\u00eancias.<\/p>\n<\/div>\n<p><img decoding=\"async\" src=\"https:\/\/mid-noticias.curitiba.pr.gov.br\/2025\/capa\/00528054.jpg\" alt=\"Armaz\u00e9ns da Fam\u00edlia ampliam alcance e refor\u00e7am inclus\u00e3o social. Foto: Isabella Mayer\/SECOM\"><\/p>\n<p>Foto: Isabella Mayer\/SECOM<\/p>\n<div class=\"boxBannerTextoAnuncio\">\n<p>A nova legisla\u00e7\u00e3o tamb\u00e9m autoriza conv\u00eanios com organiza\u00e7\u00f5es da sociedade civil (OSCs), creches conveniadas e empreendimentos de economia solid\u00e1ria, fortalecendo redes locais de produ\u00e7\u00e3o e abastecimento. Al\u00e9m disso, o texto amplia as possibilidades de parceria com entidades da Rede de Aten\u00e7\u00e3o Psicossocial (RAPS) e comunidades terap\u00eauticas, que poder\u00e3o fornecer alimentos e produtos diretamente ao programa.<\/p>\n<p>Para o secret\u00e1rio municipal de Seguran\u00e7a Alimentar e Nutricional, Leverci Silveira Filho, as mudan\u00e7as consolidam Curitiba como refer\u00eancia em pol\u00edticas p\u00fablicas voltadas \u00e0 seguran\u00e7a alimentar e inclus\u00e3o social.<\/p>\n<blockquote><p>\u201cA amplia\u00e7\u00e3o dos Armaz\u00e9ns da Fam\u00edlia \u00e9 um passo importante na constru\u00e7\u00e3o de uma cidade mais justa e solid\u00e1ria. Ao incluir os idosos e fortalecer parcerias com entidades e produtores locais, garantimos que mais pessoas tenham acesso a alimentos saud\u00e1veis e a pre\u00e7os justos, promovendo bem-estar e integra\u00e7\u00e3o regional\u201d, destacou o secret\u00e1rio.<\/p><\/blockquote>\n<p>A revis\u00e3o da lei tamb\u00e9m reconhece o interesse p\u00fablico e estrat\u00e9gico do FAAC, permitindo o desenvolvimento de mecanismos de incentivo e reconhecimento de boas pr\u00e1ticas no setor. Segundo a Secretaria Municipal de Seguran\u00e7a Alimentar e Nutricional (SMSAN), a amplia\u00e7\u00e3o refor\u00e7a o compromisso de Curitiba com o combate \u00e0 fome, o apoio \u00e0 economia solid\u00e1ria e a sustentabilidade regional.<\/p>\n<\/div>\n<\/div>\n<\/div>\n<\/div>\n<div class=\"row\">\n<div class=\"col text-right compNoticias\">\n<h6 class=\"d-flex midiasDetalheNoticias\">Fonte: https:\/\/www.curitiba.pr.gov.br\/noticias\/<\/h6>\n<\/div>\n<\/div>\n","protected":false},"excerpt":{"rendered":"<p>Armaz\u00e9ns da Fam\u00edlia ampliam alcance e refor\u00e7am inclus\u00e3o social.&nbsp;Foto: Levy Ferreira\/SECOM Os Armaz\u00e9ns da Fam\u00edlia, refer\u00eancia nacional em seguran\u00e7a alimentar e no acesso a alimentos de qualidade a pre\u00e7os mais baixos, passam a ter alcance ampliado e novos p\u00fablicos atendidos. A partir de agora, idosos a partir de 60 anos [&hellip;]<\/p>\n","protected":false},"author":1,"featured_media":10182,"comment_status":"open","ping_status":"open","sticky":false,"template":"","format":"standard","meta":{"ngg_post_thumbnail":0,"jetpack_post_was_ever_published":false,"amp_status":"","_jetpack_newsletter_access":"","_jetpack_dont_email_post_to_subs":false,"_jetpack_newsletter_tier_id":0,"_jetpack_memberships_contains_paywalled_content":false,"_jetpack_memberships_contains_paid_content":false,"footnotes":""},"categories":[30,5,138,3],"tags":[],"class_list":["post-10181","post","type-post","status-publish","format-standard","has-post-thumbnail","hentry","category-alimentacao","category-bairros","category-camara-municipal-de-curitiba","category-curitiba"],"aioseo_notices":[],"jetpack_featured_media_url":"https:\/\/gazetadoabranches.com\/wp-content\/uploads\/2025\/11\/00528051.png","jetpack-related-posts":[{"id":10218,"url":"https:\/\/gazetadoabranches.com\/index.php\/2025\/11\/26\/armazens-da-familia-de-curitiba-tem-semana-da-economia-especial-black-friday\/","url_meta":{"origin":10181,"position":0},"title":"Armaz\u00e9ns da Fam\u00edlia de Curitiba t\u00eam Semana da Economia especial Black Friday","author":"Gazeta do Abranches","date":"novembro 26, 2025","format":false,"excerpt":"Foto: Levy Ferreira\/SECOM A \u00faltima semana de novembro chega com pre\u00e7os ainda mais baixos nos\u00a0Armaz\u00e9ns da Fam\u00edlia\u00a0de Curitiba. De ter\u00e7a-feira (25\/11) a s\u00e1bado (29\/11),\u00a0a Semana da Economia est\u00e1 com uma sele\u00e7\u00e3o especial de produtos muito procurados pelos clientes, no ritmo da Black Friday (data em que todo o com\u00e9rcio faz\u2026","rel":"","context":"Em &quot;Alimenta\u00e7\u00e3o&quot;","block_context":{"text":"Alimenta\u00e7\u00e3o","link":"https:\/\/gazetadoabranches.com\/index.php\/category\/alimentacao\/"},"img":{"alt_text":"Armaz\u00e9ns da Fam\u00edlia t\u00eam Semana da Economia especial Black Friday. Foto: Levy Ferreira\/SECOM","src":"https:\/\/i0.wp.com\/gazetadoabranches.com\/wp-content\/uploads\/2025\/11\/00530271.png?resize=350%2C200&ssl=1","width":350,"height":200,"srcset":"https:\/\/i0.wp.com\/gazetadoabranches.com\/wp-content\/uploads\/2025\/11\/00530271.png?resize=350%2C200&ssl=1 1x, https:\/\/i0.wp.com\/gazetadoabranches.com\/wp-content\/uploads\/2025\/11\/00530271.png?resize=525%2C300&ssl=1 1.5x, https:\/\/i0.wp.com\/gazetadoabranches.com\/wp-content\/uploads\/2025\/11\/00530271.png?resize=700%2C400&ssl=1 2x"},"classes":[]},{"id":10072,"url":"https:\/\/gazetadoabranches.com\/index.php\/2025\/10\/13\/supersemana-da-economia-reune-18-produtos-com-precos-menores-nos-armazens-da-familia-de-curitiba\/","url_meta":{"origin":10181,"position":1},"title":"Supersemana da Economia re\u00fane 18 produtos com pre\u00e7os menores nos Armaz\u00e9ns da Fam\u00edlia de Curitiba","author":"Gazeta do Abranches","date":"outubro 13, 2025","format":"audio","excerpt":"Foto: Isabella Mayer\/SECOM A Semana da Economia dos\u00a0Armaz\u00e9ns da Fam\u00edlia\u00a0de Curitiba ser\u00e1 especial em comemora\u00e7\u00e3o ao Dia Mundial da Alimenta\u00e7\u00e3o (16\/10). Nesta Supersemana da Economia, de ter\u00e7a-feira (14\/10) a s\u00e1bado (18\/10), os produtos da cesta b\u00e1sica de Curitiba, reconhecida como a mais barata do pa\u00eds, ter\u00e3o pre\u00e7os ainda mais baixos.\u00a0\u2026","rel":"","context":"Em &quot;Alimenta\u00e7\u00e3o&quot;","block_context":{"text":"Alimenta\u00e7\u00e3o","link":"https:\/\/gazetadoabranches.com\/index.php\/category\/alimentacao\/"},"img":{"alt_text":"","src":"https:\/\/i0.wp.com\/gazetadoabranches.com\/wp-content\/uploads\/2025\/10\/00521545.png?resize=350%2C200&ssl=1","width":350,"height":200,"srcset":"https:\/\/i0.wp.com\/gazetadoabranches.com\/wp-content\/uploads\/2025\/10\/00521545.png?resize=350%2C200&ssl=1 1x, https:\/\/i0.wp.com\/gazetadoabranches.com\/wp-content\/uploads\/2025\/10\/00521545.png?resize=525%2C300&ssl=1 1.5x, https:\/\/i0.wp.com\/gazetadoabranches.com\/wp-content\/uploads\/2025\/10\/00521545.png?resize=700%2C400&ssl=1 2x"},"classes":[]},{"id":10370,"url":"https:\/\/gazetadoabranches.com\/index.php\/2026\/03\/25\/semana-da-economia-especial-de-pascoa-tem-dez-produtos-em-oferta-inclusive-os-pescados\/","url_meta":{"origin":10181,"position":2},"title":"Semana da Economia especial de P\u00e1scoa tem dez produtos em oferta, inclusive os pescados","author":"Gazeta do Abranches","date":"mar\u00e7o 25, 2026","format":false,"excerpt":"Os Armaz\u00e9ns da Fam\u00edlia promovem, de ter\u00e7a-feira (24\/3) a s\u00e1bado (28\/3), uma edi\u00e7\u00e3o especial de P\u00e1scoa da Semana da Economia, com pre\u00e7os mais acess\u00edveis para produtos bastante procurados neste per\u00edodo, especialmente peixes e alimentos b\u00e1sicos. Entre os destaques est\u00e3o op\u00e7\u00f5es de pescado, muito consumidas durante a P\u00e1scoa. O fil\u00e9 de\u2026","rel":"","context":"Em &quot;Armaz\u00e9m da familia&quot;","block_context":{"text":"Armaz\u00e9m da familia","link":"https:\/\/gazetadoabranches.com\/index.php\/category\/armazem-da-familia\/"},"img":{"alt_text":"","src":"https:\/\/i0.wp.com\/gazetadoabranches.com\/wp-content\/uploads\/2026\/03\/00552117.png?resize=350%2C200&ssl=1","width":350,"height":200,"srcset":"https:\/\/i0.wp.com\/gazetadoabranches.com\/wp-content\/uploads\/2026\/03\/00552117.png?resize=350%2C200&ssl=1 1x, https:\/\/i0.wp.com\/gazetadoabranches.com\/wp-content\/uploads\/2026\/03\/00552117.png?resize=525%2C300&ssl=1 1.5x, https:\/\/i0.wp.com\/gazetadoabranches.com\/wp-content\/uploads\/2026\/03\/00552117.png?resize=700%2C400&ssl=1 2x"},"classes":[]},{"id":8015,"url":"https:\/\/gazetadoabranches.com\/index.php\/2022\/01\/24\/camara-estuda-multar-empresas-que-praticam-marketing-abusivo-em-curitiba\/","url_meta":{"origin":10181,"position":3},"title":"C\u00e2mara estuda multar empresas que praticam marketing abusivo em Curitiba","author":"Gazeta do Abranches","date":"janeiro 24, 2022","format":false,"excerpt":"Projeto de Mauro Ign\u00e1cio cria um cadastro municipal para evitar telemarketing abusivo e prev\u00ea perda de alvar\u00e1 e multa para empresa que desrespeitar medida. Para impedir que as pessoas sejam importunadas por telefonemas e mensagens indesejadas de marketing, o vereador Mauro Ign\u00e1cio (DEM) protocolou um projeto de lei na C\u00e2mara\u2026","rel":"","context":"Em &quot;Outros&quot;","block_context":{"text":"Outros","link":"https:\/\/gazetadoabranches.com\/index.php\/category\/outros\/"},"img":{"alt_text":"","src":"https:\/\/i0.wp.com\/gazetadoabranches.com\/wp-content\/uploads\/2022\/01\/Projeto-dividas.jpg?resize=350%2C200&ssl=1","width":350,"height":200,"srcset":"https:\/\/i0.wp.com\/gazetadoabranches.com\/wp-content\/uploads\/2022\/01\/Projeto-dividas.jpg?resize=350%2C200&ssl=1 1x, https:\/\/i0.wp.com\/gazetadoabranches.com\/wp-content\/uploads\/2022\/01\/Projeto-dividas.jpg?resize=525%2C300&ssl=1 1.5x, https:\/\/i0.wp.com\/gazetadoabranches.com\/wp-content\/uploads\/2022\/01\/Projeto-dividas.jpg?resize=700%2C400&ssl=1 2x, https:\/\/i0.wp.com\/gazetadoabranches.com\/wp-content\/uploads\/2022\/01\/Projeto-dividas.jpg?resize=1050%2C600&ssl=1 3x"},"classes":[]},{"id":7486,"url":"https:\/\/gazetadoabranches.com\/index.php\/2021\/03\/09\/projeto-torna-restaurantes-e-similares-atividade-essencial-em-curitiba\/","url_meta":{"origin":10181,"position":4},"title":"Projeto torna restaurantes e similares atividade essencial em Curitiba","author":"Gazeta do Abranches","date":"mar\u00e7o 9, 2021","format":false,"excerpt":"Autor da proposta, Mauro Ign\u00e1cio argumenta que se restri\u00e7\u00f5es persistirem setor deixar\u00e1 de empregar, quando poderia contribuir para retomada da economia. \u00a0 Da mesma forma que a C\u00e2mara Municipal de Curitiba (CMC) incluiu a\u00a0Educa\u00e7\u00e3o no rol de atividades essenciais\u00a0durante situa\u00e7\u00f5es de calamidade p\u00fablica, agora a CMC pode atribuir a mesma\u2026","rel":"","context":"Em &quot;Outros&quot;","block_context":{"text":"Outros","link":"https:\/\/gazetadoabranches.com\/index.php\/category\/outros\/"},"img":{"alt_text":"","src":"https:\/\/i0.wp.com\/gazetadoabranches.com\/wp-content\/uploads\/2021\/03\/Projeto-restaurantes.jpg?resize=350%2C200&ssl=1","width":350,"height":200,"srcset":"https:\/\/i0.wp.com\/gazetadoabranches.com\/wp-content\/uploads\/2021\/03\/Projeto-restaurantes.jpg?resize=350%2C200&ssl=1 1x, https:\/\/i0.wp.com\/gazetadoabranches.com\/wp-content\/uploads\/2021\/03\/Projeto-restaurantes.jpg?resize=525%2C300&ssl=1 1.5x, https:\/\/i0.wp.com\/gazetadoabranches.com\/wp-content\/uploads\/2021\/03\/Projeto-restaurantes.jpg?resize=700%2C400&ssl=1 2x, https:\/\/i0.wp.com\/gazetadoabranches.com\/wp-content\/uploads\/2021\/03\/Projeto-restaurantes.jpg?resize=1050%2C600&ssl=1 3x"},"classes":[]},{"id":7449,"url":"https:\/\/gazetadoabranches.com\/index.php\/2021\/02\/25\/parques-serao-fechados-ou-terao-restricoes-de-estacionamento-aos-domingos\/","url_meta":{"origin":10181,"position":5},"title":"Parques ser\u00e3o fechados ou ter\u00e3o restri\u00e7\u00f5es de estacionamento aos domingos","author":"Gazeta do Abranches","date":"fevereiro 25, 2021","format":false,"excerpt":"Em raz\u00e3o da mudan\u00e7a no n\u00edvel de alerta de preven\u00e7\u00e3o \u00e0 covid-19 na cidade e ado\u00e7\u00e3o da bandeira laranja, parques e outras unidades de conserva\u00e7\u00e3o de Curitiba ter\u00e3o restri\u00e7\u00f5es de funcionamento. A medida vale j\u00e1 a partir deste domingo (28\/2). De acordo com o decreto, apenas servi\u00e7os essenciais podem funcionar\u2026","rel":"","context":"Em &quot;Parques&quot;","block_context":{"text":"Parques","link":"https:\/\/gazetadoabranches.com\/index.php\/category\/parques\/"},"img":{"alt_text":"","src":"https:\/\/i0.wp.com\/gazetadoabranches.com\/wp-content\/uploads\/2021\/02\/Parques.jpg?resize=350%2C200&ssl=1","width":350,"height":200,"srcset":"https:\/\/i0.wp.com\/gazetadoabranches.com\/wp-content\/uploads\/2021\/02\/Parques.jpg?resize=350%2C200&ssl=1 1x, https:\/\/i0.wp.com\/gazetadoabranches.com\/wp-content\/uploads\/2021\/02\/Parques.jpg?resize=525%2C300&ssl=1 1.5x, https:\/\/i0.wp.com\/gazetadoabranches.com\/wp-content\/uploads\/2021\/02\/Parques.jpg?resize=700%2C400&ssl=1 2x"},"classes":[]}],"jetpack_likes_enabled":true,"jetpack_sharing_enabled":true,"_links":{"self":[{"href":"https:\/\/gazetadoabranches.com\/index.php\/wp-json\/wp\/v2\/posts\/10181","targetHints":{"allow":["GET"]}}],"collection":[{"href":"https:\/\/gazetadoabranches.com\/index.php\/wp-json\/wp\/v2\/posts"}],"about":[{"href":"https:\/\/gazetadoabranches.com\/index.php\/wp-json\/wp\/v2\/types\/post"}],"author":[{"embeddable":true,"href":"https:\/\/gazetadoabranches.com\/index.php\/wp-json\/wp\/v2\/users\/1"}],"replies":[{"embeddable":true,"href":"https:\/\/gazetadoabranches.com\/index.php\/wp-json\/wp\/v2\/comments?post=10181"}],"version-history":[{"count":1,"href":"https:\/\/gazetadoabranches.com\/index.php\/wp-json\/wp\/v2\/posts\/10181\/revisions"}],"predecessor-version":[{"id":10183,"href":"https:\/\/gazetadoabranches.com\/index.php\/wp-json\/wp\/v2\/posts\/10181\/revisions\/10183"}],"wp:featuredmedia":[{"embeddable":true,"href":"https:\/\/gazetadoabranches.com\/index.php\/wp-json\/wp\/v2\/media\/10182"}],"wp:attachment":[{"href":"https:\/\/gazetadoabranches.com\/index.php\/wp-json\/wp\/v2\/media?parent=10181"}],"wp:term":[{"taxonomy":"category","embeddable":true,"href":"https:\/\/gazetadoabranches.com\/index.php\/wp-json\/wp\/v2\/categories?post=10181"},{"taxonomy":"post_tag","embeddable":true,"href":"https:\/\/gazetadoabranches.com\/index.php\/wp-json\/wp\/v2\/tags?post=10181"}],"curies":[{"name":"wp","href":"https:\/\/api.w.org\/{rel}","templated":true}]}}