{"id":10184,"date":"2025-11-13T16:12:19","date_gmt":"2025-11-13T19:12:19","guid":{"rendered":"https:\/\/gazetadoabranches.com\/?p=10184"},"modified":"2025-11-13T16:12:19","modified_gmt":"2025-11-13T19:12:19","slug":"moradores-cobram-revitalizacao-da-rua-dr-rubem-fleury-da-rocha-no-abranches","status":"publish","type":"post","link":"https:\/\/gazetadoabranches.com\/index.php\/2025\/11\/13\/moradores-cobram-revitalizacao-da-rua-dr-rubem-fleury-da-rocha-no-abranches\/","title":{"rendered":"Moradores cobram revitaliza\u00e7\u00e3o da  Rua Dr. Rubem Fleury da Rocha, no Abranches"},"content":{"rendered":"<p>Moradores da Rua Dr. Rubem Fleury da Rocha, no bairro Abranches, voltam a cobrar a revitaliza\u00e7\u00e3o da via, que, segundo eles, est\u00e1 com o pavimento bastante deteriorado. O asfalto antigo, ainda do tipo \u201canti-p\u00f3\u201d, apresenta in\u00fameros remendos e irregularidades, tornando o tr\u00e1fego dif\u00edcil e desconfort\u00e1vel para motoristas e pedestres.<\/p>\n<figure id=\"attachment_10185\" aria-describedby=\"caption-attachment-10185\" style=\"width: 640px\" class=\"wp-caption aligncenter\"><img loading=\"lazy\" decoding=\"async\" class=\"size-large wp-image-10185\" src=\"https:\/\/gazetadoabranches.com\/wp-content\/uploads\/2025\/11\/rubem-fleury-da-rocha-2-1024x768.jpg\" alt=\"Moradores cobram revitaliza\u00e7\u00e3o da Rua Dr. Rubem Fleury da Rocha, no Abranches\" width=\"640\" height=\"480\" srcset=\"https:\/\/gazetadoabranches.com\/wp-content\/uploads\/2025\/11\/rubem-fleury-da-rocha-2-1024x768.jpg 1024w, https:\/\/gazetadoabranches.com\/wp-content\/uploads\/2025\/11\/rubem-fleury-da-rocha-2-300x225.jpg 300w, https:\/\/gazetadoabranches.com\/wp-content\/uploads\/2025\/11\/rubem-fleury-da-rocha-2-768x576.jpg 768w, https:\/\/gazetadoabranches.com\/wp-content\/uploads\/2025\/11\/rubem-fleury-da-rocha-2-1536x1152.jpg 1536w, https:\/\/gazetadoabranches.com\/wp-content\/uploads\/2025\/11\/rubem-fleury-da-rocha-2.jpg 1600w\" sizes=\"auto, (max-width: 640px) 100vw, 640px\" \/><figcaption id=\"caption-attachment-10185\" class=\"wp-caption-text\">Moradores cobram revitaliza\u00e7\u00e3o da Rua Dr. Rubem Fleury da Rocha, no Abranches<\/figcaption><\/figure>\n<div class=\"mceTemp\">&nbsp;<\/div>\n<p>A comunidade j\u00e1 realizou um abaixo-assinado, entregue \u00e0 Administra\u00e7\u00e3o Regional Boa Vista em 2024, e tamb\u00e9m participou do programa Fala Curitiba. No entanto, at\u00e9 o momento, a obra de melhoria n\u00e3o foi inclu\u00edda entre as a\u00e7\u00f5es priorit\u00e1rias da Prefeitura.<\/p>\n<p>A Rua Rubens Fleury da Rocha \u00e9 considerada uma via principal da regi\u00e3o, pois d\u00e1 acesso a diversas ruas sem sa\u00edda no entorno. Por isso, todos os moradores da \u00e1rea precisam utiliz\u00e1-la diariamente. Eles pedem que a Prefeitura inclua a via no cronograma de revitaliza\u00e7\u00e3o vi\u00e1ria, destacando que a melhoria \u00e9 necess\u00e1ria tanto para o conforto quanto para a seguran\u00e7a de quem transita pelo local.<\/p>\n<figure id=\"attachment_10186\" aria-describedby=\"caption-attachment-10186\" style=\"width: 640px\" class=\"wp-caption aligncenter\"><img loading=\"lazy\" decoding=\"async\" class=\"size-large wp-image-10186\" src=\"https:\/\/gazetadoabranches.com\/wp-content\/uploads\/2025\/11\/rubem-fleury-da-rocha-1024x768.jpg\" alt=\"Moradores cobram revitaliza\u00e7\u00e3o da Rua Dr. Rubem Fleury da Rocha, no Abranches\" width=\"640\" height=\"480\" srcset=\"https:\/\/gazetadoabranches.com\/wp-content\/uploads\/2025\/11\/rubem-fleury-da-rocha-1024x768.jpg 1024w, https:\/\/gazetadoabranches.com\/wp-content\/uploads\/2025\/11\/rubem-fleury-da-rocha-300x225.jpg 300w, https:\/\/gazetadoabranches.com\/wp-content\/uploads\/2025\/11\/rubem-fleury-da-rocha-768x576.jpg 768w, https:\/\/gazetadoabranches.com\/wp-content\/uploads\/2025\/11\/rubem-fleury-da-rocha-1536x1152.jpg 1536w, https:\/\/gazetadoabranches.com\/wp-content\/uploads\/2025\/11\/rubem-fleury-da-rocha.jpg 1600w\" sizes=\"auto, (max-width: 640px) 100vw, 640px\" \/><figcaption id=\"caption-attachment-10186\" class=\"wp-caption-text\">Moradores cobram revitaliza\u00e7\u00e3o da Rua Dr. Rubem Fleury da Rocha, no Abranches<\/figcaption><\/figure>\n","protected":false},"excerpt":{"rendered":"<p>Moradores da Rua Dr. Rubem Fleury da Rocha, no bairro Abranches, voltam a cobrar a revitaliza\u00e7\u00e3o da via, que, segundo eles, est\u00e1 com o pavimento bastante deteriorado. O asfalto antigo, ainda do tipo \u201canti-p\u00f3\u201d, apresenta in\u00fameros remendos e irregularidades, tornando o tr\u00e1fego dif\u00edcil e desconfort\u00e1vel para motoristas e pedestres. &nbsp; [&hellip;]<\/p>\n","protected":false},"author":1,"featured_media":10186,"comment_status":"open","ping_status":"open","sticky":false,"template":"","format":"standard","meta":{"ngg_post_thumbnail":0,"jetpack_post_was_ever_published":false,"amp_status":"","_jetpack_newsletter_access":"","_jetpack_dont_email_post_to_subs":false,"_jetpack_newsletter_tier_id":0,"_jetpack_memberships_contains_paywalled_content":false,"_jetpack_memberships_contains_paid_content":false,"footnotes":""},"categories":[5],"tags":[],"class_list":["post-10184","post","type-post","status-publish","format-standard","has-post-thumbnail","hentry","category-bairros"],"aioseo_notices":[],"jetpack_featured_media_url":"https:\/\/gazetadoabranches.com\/wp-content\/uploads\/2025\/11\/rubem-fleury-da-rocha.jpg","jetpack-related-posts":[{"id":7761,"url":"https:\/\/gazetadoabranches.com\/index.php\/2021\/10\/01\/radar-no-cruzamento-da-mateus-leme-com-rubem-fleury-da-rocha-quase-pronto\/","url_meta":{"origin":10184,"position":0},"title":"Radar no cruzamento da Mateus Leme com Rubem Fleury da Rocha quase pronto","author":"Gazeta do Abranches","date":"outubro 1, 2021","format":false,"excerpt":"Depois de muita espera por parte dos moradores , principalmente quem precisa cruzar a p\u00e9 este cruzamento, sabe o perigo que correm. Pois muitos motoristas e motoqueiros n\u00e3o respeitam o sinal vermelho e furam o sinal. Ap\u00f3s reivindica\u00e7\u00f5es, pedidos no 156 e abaixo assinado enviado ao Vereador Mauro Ign\u00e1cio, foi\u2026","rel":"","context":"Em &quot;Bairros&quot;","block_context":{"text":"Bairros","link":"https:\/\/gazetadoabranches.com\/index.php\/category\/bairros\/"},"img":{"alt_text":"","src":"https:\/\/i0.wp.com\/gazetadoabranches.com\/wp-content\/uploads\/2021\/10\/Radar.jpg?resize=350%2C200&ssl=1","width":350,"height":200,"srcset":"https:\/\/i0.wp.com\/gazetadoabranches.com\/wp-content\/uploads\/2021\/10\/Radar.jpg?resize=350%2C200&ssl=1 1x, https:\/\/i0.wp.com\/gazetadoabranches.com\/wp-content\/uploads\/2021\/10\/Radar.jpg?resize=525%2C300&ssl=1 1.5x, https:\/\/i0.wp.com\/gazetadoabranches.com\/wp-content\/uploads\/2021\/10\/Radar.jpg?resize=700%2C400&ssl=1 2x, https:\/\/i0.wp.com\/gazetadoabranches.com\/wp-content\/uploads\/2021\/10\/Radar.jpg?resize=1050%2C600&ssl=1 3x"},"classes":[]},{"id":7940,"url":"https:\/\/gazetadoabranches.com\/index.php\/2021\/12\/07\/radar-implantado-na-rua-mateus-leme-no-abranches\/","url_meta":{"origin":10184,"position":1},"title":"Radar implantado na rua Mateus Leme no Abranches","author":"Gazeta do Abranches","date":"dezembro 7, 2021","format":false,"excerpt":"\u00a0 \u00a0 \u00a0 \u00a0 \u00a0 \u00a0 \u00a0 \u00a0 \u00a0 \u00a0 \u00a0 \u00a0 \u00a0 \u00a0Velocidade m\u00e1xima permitida de 50km\/h O radar t\u00e3o esperado pelos moradores e pedestres que se utilizam da travessia entre as ruas Mateus Leme com Vit\u00f3rio Jo\u00e3o Brunor e Rubem Fleury da Rocha est\u00e1 devidamente instalado e em\u2026","rel":"","context":"Em &quot;Bairros&quot;","block_context":{"text":"Bairros","link":"https:\/\/gazetadoabranches.com\/index.php\/category\/bairros\/"},"img":{"alt_text":"","src":"https:\/\/i0.wp.com\/gazetadoabranches.com\/wp-content\/uploads\/2021\/12\/WhatsApp-Image-2021-12-07-at-15.10.09.jpeg?resize=350%2C200&ssl=1","width":350,"height":200,"srcset":"https:\/\/i0.wp.com\/gazetadoabranches.com\/wp-content\/uploads\/2021\/12\/WhatsApp-Image-2021-12-07-at-15.10.09.jpeg?resize=350%2C200&ssl=1 1x, https:\/\/i0.wp.com\/gazetadoabranches.com\/wp-content\/uploads\/2021\/12\/WhatsApp-Image-2021-12-07-at-15.10.09.jpeg?resize=525%2C300&ssl=1 1.5x, https:\/\/i0.wp.com\/gazetadoabranches.com\/wp-content\/uploads\/2021\/12\/WhatsApp-Image-2021-12-07-at-15.10.09.jpeg?resize=700%2C400&ssl=1 2x, https:\/\/i0.wp.com\/gazetadoabranches.com\/wp-content\/uploads\/2021\/12\/WhatsApp-Image-2021-12-07-at-15.10.09.jpeg?resize=1050%2C600&ssl=1 3x"},"classes":[]},{"id":10221,"url":"https:\/\/gazetadoabranches.com\/index.php\/2025\/11\/27\/moradores-pedem-revitalizacao-urgente-da-rua-catharina-prodlik-no-abranches\/","url_meta":{"origin":10184,"position":2},"title":"Moradores pedem revitaliza\u00e7\u00e3o urgente da Rua Catharina Prodlik, no Abranches","author":"Gazeta do Abranches","date":"novembro 27, 2025","format":false,"excerpt":"Moradores da Rua Catharina Prodlik, no bairro Abranches, reivindicam a revitaliza\u00e7\u00e3o da via, que, segundo eles, se encontra em condi\u00e7\u00f5es prec\u00e1rias. Apesar de pequena \u2014 com apenas duas quadras \u2014, a rua tem um trecho com tr\u00e1fego intenso, especialmente na quadra que liga as ruas Desembargador Jos\u00e9 Carlos Ribeiro Ribas\u2026","rel":"","context":"Em &quot;Bairros&quot;","block_context":{"text":"Bairros","link":"https:\/\/gazetadoabranches.com\/index.php\/category\/bairros\/"},"img":{"alt_text":"Moradores pedem revitaliza\u00e7\u00e3o urgente da Rua Catharina Prodlik, no Abranches","src":"https:\/\/i0.wp.com\/gazetadoabranches.com\/wp-content\/uploads\/2025\/11\/catharina-prodilik.jpg?resize=350%2C200&ssl=1","width":350,"height":200,"srcset":"https:\/\/i0.wp.com\/gazetadoabranches.com\/wp-content\/uploads\/2025\/11\/catharina-prodilik.jpg?resize=350%2C200&ssl=1 1x, https:\/\/i0.wp.com\/gazetadoabranches.com\/wp-content\/uploads\/2025\/11\/catharina-prodilik.jpg?resize=525%2C300&ssl=1 1.5x, https:\/\/i0.wp.com\/gazetadoabranches.com\/wp-content\/uploads\/2025\/11\/catharina-prodilik.jpg?resize=700%2C400&ssl=1 2x, https:\/\/i0.wp.com\/gazetadoabranches.com\/wp-content\/uploads\/2025\/11\/catharina-prodilik.jpg?resize=1050%2C600&ssl=1 3x, https:\/\/i0.wp.com\/gazetadoabranches.com\/wp-content\/uploads\/2025\/11\/catharina-prodilik.jpg?resize=1400%2C800&ssl=1 4x"},"classes":[]},{"id":9034,"url":"https:\/\/gazetadoabranches.com\/index.php\/2023\/08\/14\/obras-de-revitalizacao-de-ruas-no-abranches-e-pilarzinho-atendem-demandas-do-vereador-mauro-ignacio\/","url_meta":{"origin":10184,"position":3},"title":"Obras de revitaliza\u00e7\u00e3o de ruas no Abranches e Pilarzinho atendem demandas do Vereador Mauro Ign\u00e1cio","author":"Gazeta do Abranches","date":"agosto 14, 2023","format":false,"excerpt":"Rua Jo\u00e3o Kubis, no Abranches, recebe nova malha asf\u00e1ltica ap\u00f3s interven\u00e7\u00e3o do Vereador Mauro Ign\u00e1cio A t\u00e3o aguardada revitaliza\u00e7\u00e3o da rua Jo\u00e3o Kubis, localizada no bairro Abranches, finalmente se tornou realidade. Ap\u00f3s um longo per\u00edodo de m\u00e1s condi\u00e7\u00f5es em sua malha vi\u00e1ria, os moradores podem, enfim, comemorar o novo asfalto.\u2026","rel":"","context":"Em &quot;Obras&quot;","block_context":{"text":"Obras","link":"https:\/\/gazetadoabranches.com\/index.php\/category\/obras\/"},"img":{"alt_text":"","src":"https:\/\/i0.wp.com\/gazetadoabranches.com\/wp-content\/uploads\/2023\/08\/WhatsApp-Image-2023-08-01-at-22.40.41.jpeg?resize=350%2C200&ssl=1","width":350,"height":200,"srcset":"https:\/\/i0.wp.com\/gazetadoabranches.com\/wp-content\/uploads\/2023\/08\/WhatsApp-Image-2023-08-01-at-22.40.41.jpeg?resize=350%2C200&ssl=1 1x, https:\/\/i0.wp.com\/gazetadoabranches.com\/wp-content\/uploads\/2023\/08\/WhatsApp-Image-2023-08-01-at-22.40.41.jpeg?resize=525%2C300&ssl=1 1.5x, https:\/\/i0.wp.com\/gazetadoabranches.com\/wp-content\/uploads\/2023\/08\/WhatsApp-Image-2023-08-01-at-22.40.41.jpeg?resize=700%2C400&ssl=1 2x, https:\/\/i0.wp.com\/gazetadoabranches.com\/wp-content\/uploads\/2023\/08\/WhatsApp-Image-2023-08-01-at-22.40.41.jpeg?resize=1050%2C600&ssl=1 3x"},"classes":[]},{"id":8743,"url":"https:\/\/gazetadoabranches.com\/index.php\/2023\/01\/23\/rua-antonio-krainiski-no-abranches-recebendo-revitalizacao-asfaltica\/","url_meta":{"origin":10184,"position":4},"title":"Rua Antonio krainiski no Abranches recebendo revitaliza\u00e7\u00e3o asf\u00e1ltica","author":"Gazeta do Abranches","date":"janeiro 23, 2023","format":false,"excerpt":"A rua Antonio Krainiski est\u00e1 recebendo a revitaliza\u00e7\u00e3o asf\u00e1ltica, uma obra muito solicitada pelos moradores e usu\u00e1rios desta rua. A rua em quest\u00e3o recebe um grande fluxo de ve\u00edculos , principalmente nos hor\u00e1rios de pico, al\u00e9m de receber todo final de semana in\u00fameros \u00f4nibus de turismo em raz\u00e3o da proximidade\u2026","rel":"","context":"Em &quot;Bairros&quot;","block_context":{"text":"Bairros","link":"https:\/\/gazetadoabranches.com\/index.php\/category\/bairros\/"},"img":{"alt_text":"","src":"https:\/\/i0.wp.com\/gazetadoabranches.com\/wp-content\/uploads\/2023\/01\/WhatsApp-Image-2023-01-23-at-11.12.37.jpeg?resize=350%2C200&ssl=1","width":350,"height":200,"srcset":"https:\/\/i0.wp.com\/gazetadoabranches.com\/wp-content\/uploads\/2023\/01\/WhatsApp-Image-2023-01-23-at-11.12.37.jpeg?resize=350%2C200&ssl=1 1x, https:\/\/i0.wp.com\/gazetadoabranches.com\/wp-content\/uploads\/2023\/01\/WhatsApp-Image-2023-01-23-at-11.12.37.jpeg?resize=525%2C300&ssl=1 1.5x, https:\/\/i0.wp.com\/gazetadoabranches.com\/wp-content\/uploads\/2023\/01\/WhatsApp-Image-2023-01-23-at-11.12.37.jpeg?resize=700%2C400&ssl=1 2x, https:\/\/i0.wp.com\/gazetadoabranches.com\/wp-content\/uploads\/2023\/01\/WhatsApp-Image-2023-01-23-at-11.12.37.jpeg?resize=1050%2C600&ssl=1 3x"},"classes":[]},{"id":7566,"url":"https:\/\/gazetadoabranches.com\/index.php\/2021\/05\/09\/rua-francisco-krainski-no-sao-lourenco-foi-revitalizada\/","url_meta":{"origin":10184,"position":5},"title":"Rua Francisco Krainski no S\u00e3o Louren\u00e7o foi revitalizada","author":"Gazeta do Abranches","date":"maio 9, 2021","format":false,"excerpt":"A rua Francisco Krainski no S\u00e3o Louren\u00e7o recebeu revitaliza\u00e7\u00e3o em toda sua extens\u00e3o, a mesma come\u00e7a na rua Reinaldo Hecke e termina na rua Anita Garibaldi. Esta rua serve de liga\u00e7\u00e3o entre os bairros do Abranches atr\u00e1s do parque S\u00e3o Louren\u00e7o at\u00e9 a Anita Garibaldi e tinha seu asfalto muito\u2026","rel":"","context":"Em &quot;Bairros&quot;","block_context":{"text":"Bairros","link":"https:\/\/gazetadoabranches.com\/index.php\/category\/bairros\/"},"img":{"alt_text":"","src":"https:\/\/i0.wp.com\/gazetadoabranches.com\/wp-content\/uploads\/2021\/05\/WhatsApp-Image-2021-05-09-at-20.03.47-2.jpeg?resize=350%2C200&ssl=1","width":350,"height":200,"srcset":"https:\/\/i0.wp.com\/gazetadoabranches.com\/wp-content\/uploads\/2021\/05\/WhatsApp-Image-2021-05-09-at-20.03.47-2.jpeg?resize=350%2C200&ssl=1 1x, https:\/\/i0.wp.com\/gazetadoabranches.com\/wp-content\/uploads\/2021\/05\/WhatsApp-Image-2021-05-09-at-20.03.47-2.jpeg?resize=525%2C300&ssl=1 1.5x, https:\/\/i0.wp.com\/gazetadoabranches.com\/wp-content\/uploads\/2021\/05\/WhatsApp-Image-2021-05-09-at-20.03.47-2.jpeg?resize=700%2C400&ssl=1 2x, https:\/\/i0.wp.com\/gazetadoabranches.com\/wp-content\/uploads\/2021\/05\/WhatsApp-Image-2021-05-09-at-20.03.47-2.jpeg?resize=1050%2C600&ssl=1 3x"},"classes":[]}],"jetpack_likes_enabled":true,"jetpack_sharing_enabled":true,"_links":{"self":[{"href":"https:\/\/gazetadoabranches.com\/index.php\/wp-json\/wp\/v2\/posts\/10184","targetHints":{"allow":["GET"]}}],"collection":[{"href":"https:\/\/gazetadoabranches.com\/index.php\/wp-json\/wp\/v2\/posts"}],"about":[{"href":"https:\/\/gazetadoabranches.com\/index.php\/wp-json\/wp\/v2\/types\/post"}],"author":[{"embeddable":true,"href":"https:\/\/gazetadoabranches.com\/index.php\/wp-json\/wp\/v2\/users\/1"}],"replies":[{"embeddable":true,"href":"https:\/\/gazetadoabranches.com\/index.php\/wp-json\/wp\/v2\/comments?post=10184"}],"version-history":[{"count":1,"href":"https:\/\/gazetadoabranches.com\/index.php\/wp-json\/wp\/v2\/posts\/10184\/revisions"}],"predecessor-version":[{"id":10187,"href":"https:\/\/gazetadoabranches.com\/index.php\/wp-json\/wp\/v2\/posts\/10184\/revisions\/10187"}],"wp:featuredmedia":[{"embeddable":true,"href":"https:\/\/gazetadoabranches.com\/index.php\/wp-json\/wp\/v2\/media\/10186"}],"wp:attachment":[{"href":"https:\/\/gazetadoabranches.com\/index.php\/wp-json\/wp\/v2\/media?parent=10184"}],"wp:term":[{"taxonomy":"category","embeddable":true,"href":"https:\/\/gazetadoabranches.com\/index.php\/wp-json\/wp\/v2\/categories?post=10184"},{"taxonomy":"post_tag","embeddable":true,"href":"https:\/\/gazetadoabranches.com\/index.php\/wp-json\/wp\/v2\/tags?post=10184"}],"curies":[{"name":"wp","href":"https:\/\/api.w.org\/{rel}","templated":true}]}}