{"id":10206,"date":"2025-11-24T16:14:07","date_gmt":"2025-11-24T19:14:07","guid":{"rendered":"https:\/\/gazetadoabranches.com\/?p=10206"},"modified":"2025-11-24T16:15:01","modified_gmt":"2025-11-24T19:15:01","slug":"paroquia-sao-marcos-promove-cursos-gratuitos-com-certificacao-senac-pr","status":"publish","type":"post","link":"https:\/\/gazetadoabranches.com\/index.php\/2025\/11\/24\/paroquia-sao-marcos-promove-cursos-gratuitos-com-certificacao-senac-pr\/","title":{"rendered":"Par\u00f3quia S\u00e3o Marcos promove cursos Gratuitos com certifica\u00e7\u00e3o SENAC-PR"},"content":{"rendered":"<div class=\"entry-content wp-block-post-content is-layout-flow wp-block-post-content-is-layout-flow\">\n<figure id=\"attachment_10207\" aria-describedby=\"caption-attachment-10207\" style=\"width: 640px\" class=\"wp-caption aligncenter\"><img loading=\"lazy\" decoding=\"async\" class=\"size-large wp-image-10207\" src=\"https:\/\/gazetadoabranches.com\/wp-content\/uploads\/2025\/11\/Imagem-do-WhatsApp-de-2025-11-24-as-16.08.13_6d5a61a5-724x1024.jpg\" alt=\"Carreta do Senac na Par\u00f3quia S\u00e3o Marcos\" width=\"640\" height=\"905\" srcset=\"https:\/\/gazetadoabranches.com\/wp-content\/uploads\/2025\/11\/Imagem-do-WhatsApp-de-2025-11-24-as-16.08.13_6d5a61a5-724x1024.jpg 724w, https:\/\/gazetadoabranches.com\/wp-content\/uploads\/2025\/11\/Imagem-do-WhatsApp-de-2025-11-24-as-16.08.13_6d5a61a5-212x300.jpg 212w, https:\/\/gazetadoabranches.com\/wp-content\/uploads\/2025\/11\/Imagem-do-WhatsApp-de-2025-11-24-as-16.08.13_6d5a61a5-768x1086.jpg 768w, https:\/\/gazetadoabranches.com\/wp-content\/uploads\/2025\/11\/Imagem-do-WhatsApp-de-2025-11-24-as-16.08.13_6d5a61a5.jpg 905w\" sizes=\"auto, (max-width: 640px) 100vw, 640px\" \/><figcaption id=\"caption-attachment-10207\" class=\"wp-caption-text\">Carreta do Senac na Par\u00f3quia S\u00e3o Marcos<\/figcaption><\/figure>\n<p>Cursos Gratuitos para a Comunidade!**<\/p>\n<p>A Par\u00f3quia S\u00e3o Marcos recebe, entre os dias&nbsp;<strong>24 de novembro e 4 de dezembro<\/strong>, a&nbsp;<strong>Carreta-Escola do Senac<\/strong>, oferecendo cursos gratuitos de curta dura\u00e7\u00e3o para toda a comunidade.<br \/>\n\u00c9 uma excelente oportunidade para quem deseja se capacitar, aprender uma nova habilidade ou complementar o curr\u00edculo.<\/p>\n<p>Todos os cursos oferecidos t\u00eam&nbsp;<strong>certifica\u00e7\u00e3o Senac Paran\u00e1<\/strong>&nbsp;e carga hor\u00e1ria de&nbsp;<strong>15 horas<\/strong>.<\/p>\n<hr class=\"wp-block-separator has-alpha-channel-opacity\">\n<h2 class=\"wp-block-heading\"><strong>\ud83d\udcc5 Programa\u00e7\u00e3o dos Cursos<\/strong><\/h2>\n<h3 class=\"wp-block-heading\"><strong>\u27a1\ufe0f 24\/11 a 28\/11 \u2014 ESCOVA E MODELAGEM DOS CABELOS (15h)<\/strong><\/h3>\n<ul class=\"wp-block-list\">\n<li><strong>Hor\u00e1rio:<\/strong>&nbsp;09h00 \u00e0s 12h00<\/li>\n<li><strong>Objetivo:<\/strong>&nbsp;Aplicar t\u00e9cnicas b\u00e1sicas de lavat\u00f3rio, higieniza\u00e7\u00e3o e modelagem dos cabelos.<\/li>\n<li><strong>Inscri\u00e7\u00e3o:<\/strong>&nbsp;<a href=\"https:\/\/www.pr.senac.br\/cursos\/?uep=1&amp;tc=202501521\" target=\"_blank\" rel=\"noreferrer noopener\">Acesse o link<\/a>&nbsp;\u2192 (ESCOVA \u2013 turma 24\/11)<\/li>\n<li><strong>Palavra-chave para inscri\u00e7\u00e3o:<\/strong>&nbsp;<strong>fws*2@25<\/strong><\/li>\n<\/ul>\n<hr class=\"wp-block-separator has-alpha-channel-opacity\">\n<h3 class=\"wp-block-heading\"><strong>\u27a1\ufe0f 24\/11 a 28\/11 \u2014 MAQUIAGEM SOCIAL (15h)<\/strong><\/h3>\n<ul class=\"wp-block-list\">\n<li><strong>Hor\u00e1rio:<\/strong>&nbsp;14h00 \u00e0s 17h00<\/li>\n<li><strong>Objetivo:<\/strong>&nbsp;Reconhecer diferentes tipos de maquiagem social e aplicar t\u00e9cnicas de prepara\u00e7\u00e3o de pele conforme a necessidade do cliente.<\/li>\n<li><strong>Inscri\u00e7\u00e3o:<\/strong>&nbsp;<a href=\"https:\/\/www.pr.senac.br\/cursos\/?uep=1&amp;tc=202501519\" target=\"_blank\" rel=\"noreferrer noopener\">Acesse o link&nbsp;<\/a>\u2192 (MAQUIAGEM \u2013 turma 24\/11)<\/li>\n<li><strong>Palavra-chave:<\/strong>&nbsp;<strong>fws*2@25<\/strong><\/li>\n<\/ul>\n<hr class=\"wp-block-separator has-alpha-channel-opacity\">\n<h3 class=\"wp-block-heading\"><strong>\u27a1\ufe0f 01\/12 a 04\/12 \u2014 ESCOVA E MODELAGEM DOS CABELOS (15h)<\/strong><\/h3>\n<ul class=\"wp-block-list\">\n<li><strong>Hor\u00e1rio:<\/strong>&nbsp;08h00 \u00e0s 12h00<\/li>\n<li><strong>Objetivo:<\/strong>&nbsp;Aplicar t\u00e9cnicas b\u00e1sicas de lavat\u00f3rio, higieniza\u00e7\u00e3o e modelagem dos cabelos.<\/li>\n<li><strong>Inscri\u00e7\u00e3o:<\/strong>&nbsp;<a href=\"https:\/\/www.pr.senac.br\/cursos\/?uep=1&amp;tc=202501522\" target=\"_blank\" rel=\"noreferrer noopener\">Acesse o link<\/a>&nbsp;\u2192 (ESCOVA \u2013 turma 01\/12)<\/li>\n<li><strong>Palavra-chave:<\/strong>&nbsp;<strong>fws*2@25<\/strong><\/li>\n<\/ul>\n<hr class=\"wp-block-separator has-alpha-channel-opacity\">\n<h3 class=\"wp-block-heading\"><strong>\u27a1\ufe0f 01\/12 a 04\/12 \u2014 MAQUIAGEM SOCIAL (15h)<\/strong><\/h3>\n<ul class=\"wp-block-list\">\n<li><strong>Hor\u00e1rio:<\/strong>&nbsp;13h00 \u00e0s 17h00<\/li>\n<li><strong>Objetivo:<\/strong>&nbsp;Reconhecer diferentes tipos de maquiagem social e aplicar t\u00e9cnicas de prepara\u00e7\u00e3o de pele conforme a necessidade do cliente.<\/li>\n<li><strong>Inscri\u00e7\u00e3o:<\/strong>&nbsp;<a href=\"https:\/\/www.pr.senac.br\/cursos\/?uep=1&amp;tc=202501520\" target=\"_blank\" rel=\"noreferrer noopener\">Acesse o link<\/a>&nbsp;\u2192 (MAQUIAGEM \u2013 turma 01\/12)<\/li>\n<li><strong>Palavra-chave:<\/strong>&nbsp;<strong>fws*2@25<\/strong><\/li>\n<\/ul>\n<hr class=\"wp-block-separator has-alpha-channel-opacity\">\n<h2 class=\"wp-block-heading\"><strong>\ud83d\udccd Local<\/strong><\/h2>\n<p><strong>Estacionamento da Par\u00f3quia S\u00e3o Marcos<\/strong><br \/>\nRua Roberto Gava, 310 \u2013 Pilarzinho, Curitiba<\/p>\n<hr class=\"wp-block-separator has-alpha-channel-opacity\">\n<h2 class=\"wp-block-heading\"><strong>\u2139\ufe0f Como se inscrever<\/strong><\/h2>\n<ol class=\"wp-block-list\">\n<li>Clique no link correspondente ao curso desejado.<\/li>\n<li>Insira a palavra-chave informada:&nbsp;<strong>fws*2@25<\/strong><\/li>\n<li>Preencha seus dados e confirme a inscri\u00e7\u00e3o.<\/li>\n<li>As vagas s\u00e3o limitadas \u2014 garanta a sua!<\/li>\n<\/ol>\n<hr class=\"wp-block-separator has-alpha-channel-opacity\">\n<h2 class=\"wp-block-heading\"><strong>\ud83c\udf89 Aproveite essa oportunidade!<\/strong><\/h2>\n<p>Traga familiares e amigos.<br \/>\nInvista em conhecimento, valorize o seu talento e desenvolva novas habilidades profissionalizantes com o apoio da Par\u00f3quia S\u00e3o Marcos e do Senac Paran\u00e1.<\/p>\n<p>&nbsp;<\/p>\n<\/div>\n<figure class=\"wp-block-gallery has-nested-images columns-default is-cropped wp-block-gallery-4 is-layout-flex wp-block-gallery-is-layout-flex\"><\/figure>\n<div class=\"wp-block-group is-content-justification-space-between is-layout-flex wp-container-core-group-is-layout-9366075c wp-block-group-is-layout-flex\">\n<h6 class=\"post-navigation-link-previous wp-block-post-navigation-link has-medium-font-size\">FONTE: https:\/\/psmarcos.org.br\/2025\/11\/17\/carreta-senac\/<\/h6>\n<\/div>\n","protected":false},"excerpt":{"rendered":"<p>Cursos Gratuitos para a Comunidade!** A Par\u00f3quia S\u00e3o Marcos recebe, entre os dias&nbsp;24 de novembro e 4 de dezembro, a&nbsp;Carreta-Escola do Senac, oferecendo cursos gratuitos de curta dura\u00e7\u00e3o para toda a comunidade. \u00c9 uma excelente oportunidade para quem deseja se capacitar, aprender uma nova habilidade ou complementar o curr\u00edculo. Todos [&hellip;]<\/p>\n","protected":false},"author":1,"featured_media":10207,"comment_status":"open","ping_status":"open","sticky":false,"template":"","format":"standard","meta":{"ngg_post_thumbnail":0,"jetpack_post_was_ever_published":false,"amp_status":"","_jetpack_newsletter_access":"","_jetpack_dont_email_post_to_subs":false,"_jetpack_newsletter_tier_id":0,"_jetpack_memberships_contains_paywalled_content":false,"_jetpack_memberships_contains_paid_content":false,"footnotes":""},"categories":[5,3,54,131],"tags":[],"class_list":["post-10206","post","type-post","status-publish","format-standard","has-post-thumbnail","hentry","category-bairros","category-curitiba","category-educacao","category-emprego"],"aioseo_notices":[],"jetpack_featured_media_url":"https:\/\/gazetadoabranches.com\/wp-content\/uploads\/2025\/11\/Imagem-do-WhatsApp-de-2025-11-24-as-16.08.13_6d5a61a5.jpg","jetpack-related-posts":[{"id":8249,"url":"https:\/\/gazetadoabranches.com\/index.php\/2022\/05\/05\/jubileu-de-ouro-da-paroquia-sao-marcos-pilarzinho-curitiba\/","url_meta":{"origin":10206,"position":0},"title":"JUBILEU DE OURO DA PAR\u00d3QUIA S\u00c3O MARCOS \u2013 PILARZINHO \u2013 CURITIBA","author":"Gazeta do Abranches","date":"maio 5, 2022","format":false,"excerpt":"A Par\u00f3quia S\u00e3o Marcos, ter\u00e1 um ano inteiro de 25 de Abril de 2022 \u00e0 25 de Abril de 2023, uma programa\u00e7\u00e3o comemorativa relativa aos cinquenta anos de sua institui\u00e7\u00e3o como par\u00f3quia. De fato, h\u00e1 50 anos atr\u00e1s, em 29 de abril de 1973, com a presen\u00e7a do Arcebispo Metrpolitano\u2026","rel":"","context":"Em &quot;Bairros&quot;","block_context":{"text":"Bairros","link":"https:\/\/gazetadoabranches.com\/index.php\/category\/bairros\/"},"img":{"alt_text":"","src":"https:\/\/i0.wp.com\/gazetadoabranches.com\/wp-content\/uploads\/2022\/05\/thumbnail_Foto-Amanhecer-Daniel-Castellano.jpg?resize=350%2C200&ssl=1","width":350,"height":200,"srcset":"https:\/\/i0.wp.com\/gazetadoabranches.com\/wp-content\/uploads\/2022\/05\/thumbnail_Foto-Amanhecer-Daniel-Castellano.jpg?resize=350%2C200&ssl=1 1x, https:\/\/i0.wp.com\/gazetadoabranches.com\/wp-content\/uploads\/2022\/05\/thumbnail_Foto-Amanhecer-Daniel-Castellano.jpg?resize=525%2C300&ssl=1 1.5x, https:\/\/i0.wp.com\/gazetadoabranches.com\/wp-content\/uploads\/2022\/05\/thumbnail_Foto-Amanhecer-Daniel-Castellano.jpg?resize=700%2C400&ssl=1 2x, https:\/\/i0.wp.com\/gazetadoabranches.com\/wp-content\/uploads\/2022\/05\/thumbnail_Foto-Amanhecer-Daniel-Castellano.jpg?resize=1050%2C600&ssl=1 3x"},"classes":[]},{"id":8118,"url":"https:\/\/gazetadoabranches.com\/index.php\/2022\/03\/17\/cursos-da-prefeitura-ajudam-trabalhadores-a-encontrar-emprego\/","url_meta":{"origin":10206,"position":1},"title":"Cursos da Prefeitura ajudam trabalhadores a encontrar emprego","author":"Gazeta do Abranches","date":"mar\u00e7o 17, 2022","format":false,"excerpt":"Em Curitiba, a oferta de programas e servi\u00e7os gratuitos pela Funda\u00e7\u00e3o de A\u00e7\u00e3o Social (FAS) tem ajudado trabalhadores e empreendedores a garantir espa\u00e7o no mercado de trabalho e, com isso, dado sustenta\u00e7\u00e3o \u00e0 retomada da atividade econ\u00f4mica no munic\u00edpio. S\u00e3o programas de forma\u00e7\u00e3o de adolescentes para trabalhar na condi\u00e7\u00e3o de\u2026","rel":"","context":"Em &quot;Curitiba&quot;","block_context":{"text":"Curitiba","link":"https:\/\/gazetadoabranches.com\/index.php\/category\/curitiba\/"},"img":{"alt_text":"","src":"https:\/\/i0.wp.com\/gazetadoabranches.com\/wp-content\/uploads\/2022\/03\/00338388.jpg?resize=350%2C200&ssl=1","width":350,"height":200,"srcset":"https:\/\/i0.wp.com\/gazetadoabranches.com\/wp-content\/uploads\/2022\/03\/00338388.jpg?resize=350%2C200&ssl=1 1x, https:\/\/i0.wp.com\/gazetadoabranches.com\/wp-content\/uploads\/2022\/03\/00338388.jpg?resize=525%2C300&ssl=1 1.5x, https:\/\/i0.wp.com\/gazetadoabranches.com\/wp-content\/uploads\/2022\/03\/00338388.jpg?resize=700%2C400&ssl=1 2x"},"classes":[]},{"id":7834,"url":"https:\/\/gazetadoabranches.com\/index.php\/2021\/10\/15\/programa-liceu-de-oficios-tem-vagas-para-curso-de-cuidador-de-idoso\/","url_meta":{"origin":10206,"position":2},"title":"Programa Liceu de Of\u00edcios tem vagas para curso de cuidador de idoso","author":"Gazeta do Abranches","date":"outubro 15, 2021","format":false,"excerpt":"O Programa Liceu de Of\u00edcios, da Funda\u00e7\u00e3o de A\u00e7\u00e3o Social (FAS), est\u00e1 com inscri\u00e7\u00f5es abertas para o curso Cuidador de Idoso. Os interessados t\u00eam at\u00e9 o pr\u00f3ximo domingo (17\/10) para se candidatar a uma das 25 vagas ofertadas gratuitamente. As inscri\u00e7\u00f5es devem ser feitas no Portal Aprendere, no link https:\/\/aprendere.curitiba.pr.gov.br\/Cursos\/15994.\u2026","rel":"","context":"Em &quot;Prefeitura&quot;","block_context":{"text":"Prefeitura","link":"https:\/\/gazetadoabranches.com\/index.php\/category\/prefeitura\/"},"img":{"alt_text":"","src":"https:\/\/i0.wp.com\/gazetadoabranches.com\/wp-content\/uploads\/2021\/10\/Fas.jpg?resize=350%2C200&ssl=1","width":350,"height":200,"srcset":"https:\/\/i0.wp.com\/gazetadoabranches.com\/wp-content\/uploads\/2021\/10\/Fas.jpg?resize=350%2C200&ssl=1 1x, https:\/\/i0.wp.com\/gazetadoabranches.com\/wp-content\/uploads\/2021\/10\/Fas.jpg?resize=525%2C300&ssl=1 1.5x"},"classes":[]},{"id":8179,"url":"https:\/\/gazetadoabranches.com\/index.php\/2022\/04\/04\/representacao-central-da-comunidade-brasileiro-polonesa-do-brasil-braspol\/","url_meta":{"origin":10206,"position":3},"title":"REPRESENTA\u00c7\u00c3O CENTRAL DA COMUNIDADE BRASILEIRO-POLONESA DO BRASIL \u2013 BRASPOL","author":"Gazeta do Abranches","date":"abril 4, 2022","format":false,"excerpt":"N\u00facleo do Pilarzinho, Curitiba-PR Chapa \u201cCuritiba Tamb\u00e9m \u00e9 Polaca\u201d \u2013 Bi\u00eanio 2022\/2024 No \u00faltimo dia 28 do corrente m\u00eas o N\u00facleo BRASPOL do Pilarzinho se reuniu em Assembleia Geral, em uma sala das instala\u00e7\u00f5es da Par\u00f3quia S\u00e3o Marcos, no Bairro Pilarzinho, para eleger a nova Diretoria Executiva e Conselhos Comunit\u00e1rios\u2026","rel":"","context":"Em &quot;Bairros&quot;","block_context":{"text":"Bairros","link":"https:\/\/gazetadoabranches.com\/index.php\/category\/bairros\/"},"img":{"alt_text":"","src":"https:\/\/i0.wp.com\/gazetadoabranches.com\/wp-content\/uploads\/2022\/04\/Diretoria-j%C3%A1-eleita-Agradecimentos-%C3%A0-Par%C3%B3quia-S%C3%A3o-Marcos-pelo-empr%C3%A9stimo-da-sala.-scaled.jpg?resize=350%2C200&ssl=1","width":350,"height":200,"srcset":"https:\/\/i0.wp.com\/gazetadoabranches.com\/wp-content\/uploads\/2022\/04\/Diretoria-j%C3%A1-eleita-Agradecimentos-%C3%A0-Par%C3%B3quia-S%C3%A3o-Marcos-pelo-empr%C3%A9stimo-da-sala.-scaled.jpg?resize=350%2C200&ssl=1 1x, https:\/\/i0.wp.com\/gazetadoabranches.com\/wp-content\/uploads\/2022\/04\/Diretoria-j%C3%A1-eleita-Agradecimentos-%C3%A0-Par%C3%B3quia-S%C3%A3o-Marcos-pelo-empr%C3%A9stimo-da-sala.-scaled.jpg?resize=525%2C300&ssl=1 1.5x, https:\/\/i0.wp.com\/gazetadoabranches.com\/wp-content\/uploads\/2022\/04\/Diretoria-j%C3%A1-eleita-Agradecimentos-%C3%A0-Par%C3%B3quia-S%C3%A3o-Marcos-pelo-empr%C3%A9stimo-da-sala.-scaled.jpg?resize=700%2C400&ssl=1 2x, https:\/\/i0.wp.com\/gazetadoabranches.com\/wp-content\/uploads\/2022\/04\/Diretoria-j%C3%A1-eleita-Agradecimentos-%C3%A0-Par%C3%B3quia-S%C3%A3o-Marcos-pelo-empr%C3%A9stimo-da-sala.-scaled.jpg?resize=1050%2C600&ssl=1 3x, https:\/\/i0.wp.com\/gazetadoabranches.com\/wp-content\/uploads\/2022\/04\/Diretoria-j%C3%A1-eleita-Agradecimentos-%C3%A0-Par%C3%B3quia-S%C3%A3o-Marcos-pelo-empr%C3%A9stimo-da-sala.-scaled.jpg?resize=1400%2C800&ssl=1 4x"},"classes":[]},{"id":7596,"url":"https:\/\/gazetadoabranches.com\/index.php\/2021\/06\/07\/novo-paroco-na-igreja-do-sagrado-coracao\/","url_meta":{"origin":10206,"position":4},"title":"Novo P\u00e1roco na Igreja do Sagrado Cora\u00e7\u00e3o","author":"Gazeta do Abranches","date":"junho 7, 2021","format":false,"excerpt":"A Comunidade do rito Ucraniano Cat\u00f3lico, Igreja Sagrado Cora\u00e7\u00e3o de Jesus, onde participam ativamente fieis dos bairros, Abranches, Barreirinha e Pilarzinho (alguns outros bairros e de Almirante Tamandar\u00e9) tem novo p\u00e1roco a partir de 18 de abril do corrente ano, e n\u00f3s da Gazeta do Abranches fomos conhec\u00ea-lo para lhes\u2026","rel":"","context":"Em &quot;Outros&quot;","block_context":{"text":"Outros","link":"https:\/\/gazetadoabranches.com\/index.php\/category\/outros\/"},"img":{"alt_text":"","src":"https:\/\/i0.wp.com\/gazetadoabranches.com\/wp-content\/uploads\/2021\/06\/WhatsApp-Image-2021-06-07-at-11.49.23.jpeg?resize=350%2C200&ssl=1","width":350,"height":200},"classes":[]},{"id":8448,"url":"https:\/\/gazetadoabranches.com\/index.php\/2022\/08\/15\/festa-na-paroquia-santana-do-abranches-e-procissao-com-sao-cristovao\/","url_meta":{"origin":10206,"position":5},"title":"FESTA NA PAR\u00d3QUIA SANT\u2019ANA DO ABRANCHES E PROCISS\u00c3O COM S\u00c3O CRIST\u00d3V\u00c3O","author":"Gazeta do Abranches","date":"agosto 15, 2022","format":false,"excerpt":"A festa em honra \u00e0 Sant\u2019Ana, padroeira da Col\u00f4nia Abranches, se realiza desde os idos de 1901, anualmente no pr\u00f3pria dia, 26 de julho, ou no final de semana mais pr\u00f3ximo \u00e0 magna data, tendo acontecido todos os anos desde ent\u00e3o, com exce\u00e7\u00e3o de 1939 por problemas de estado de\u2026","rel":"","context":"Em &quot;Outros&quot;","block_context":{"text":"Outros","link":"https:\/\/gazetadoabranches.com\/index.php\/category\/outros\/"},"img":{"alt_text":"","src":"https:\/\/i0.wp.com\/gazetadoabranches.com\/wp-content\/uploads\/2022\/08\/WhatsApp-Image-2022-08-15-at-21.29.39-768x1024.jpeg?resize=350%2C200&ssl=1","width":350,"height":200,"srcset":"https:\/\/i0.wp.com\/gazetadoabranches.com\/wp-content\/uploads\/2022\/08\/WhatsApp-Image-2022-08-15-at-21.29.39-768x1024.jpeg?resize=350%2C200&ssl=1 1x, https:\/\/i0.wp.com\/gazetadoabranches.com\/wp-content\/uploads\/2022\/08\/WhatsApp-Image-2022-08-15-at-21.29.39-768x1024.jpeg?resize=525%2C300&ssl=1 1.5x"},"classes":[]}],"jetpack_likes_enabled":true,"jetpack_sharing_enabled":true,"_links":{"self":[{"href":"https:\/\/gazetadoabranches.com\/index.php\/wp-json\/wp\/v2\/posts\/10206","targetHints":{"allow":["GET"]}}],"collection":[{"href":"https:\/\/gazetadoabranches.com\/index.php\/wp-json\/wp\/v2\/posts"}],"about":[{"href":"https:\/\/gazetadoabranches.com\/index.php\/wp-json\/wp\/v2\/types\/post"}],"author":[{"embeddable":true,"href":"https:\/\/gazetadoabranches.com\/index.php\/wp-json\/wp\/v2\/users\/1"}],"replies":[{"embeddable":true,"href":"https:\/\/gazetadoabranches.com\/index.php\/wp-json\/wp\/v2\/comments?post=10206"}],"version-history":[{"count":2,"href":"https:\/\/gazetadoabranches.com\/index.php\/wp-json\/wp\/v2\/posts\/10206\/revisions"}],"predecessor-version":[{"id":10209,"href":"https:\/\/gazetadoabranches.com\/index.php\/wp-json\/wp\/v2\/posts\/10206\/revisions\/10209"}],"wp:featuredmedia":[{"embeddable":true,"href":"https:\/\/gazetadoabranches.com\/index.php\/wp-json\/wp\/v2\/media\/10207"}],"wp:attachment":[{"href":"https:\/\/gazetadoabranches.com\/index.php\/wp-json\/wp\/v2\/media?parent=10206"}],"wp:term":[{"taxonomy":"category","embeddable":true,"href":"https:\/\/gazetadoabranches.com\/index.php\/wp-json\/wp\/v2\/categories?post=10206"},{"taxonomy":"post_tag","embeddable":true,"href":"https:\/\/gazetadoabranches.com\/index.php\/wp-json\/wp\/v2\/tags?post=10206"}],"curies":[{"name":"wp","href":"https:\/\/api.w.org\/{rel}","templated":true}]}}