{"id":10211,"date":"2025-11-24T18:26:11","date_gmt":"2025-11-24T21:26:11","guid":{"rendered":"https:\/\/gazetadoabranches.com\/?p=10211"},"modified":"2025-11-24T18:26:11","modified_gmt":"2025-11-24T21:26:11","slug":"com-show-em-frente-ao-teatro-guaira-eduardo-pimentel-abre-nesta-noite-o-natal-de-curitiba-2025","status":"publish","type":"post","link":"https:\/\/gazetadoabranches.com\/index.php\/2025\/11\/24\/com-show-em-frente-ao-teatro-guaira-eduardo-pimentel-abre-nesta-noite-o-natal-de-curitiba-2025\/","title":{"rendered":"Com show em frente ao Teatro Gua\u00edra, Eduardo Pimentel abre nesta noite o Natal de Curitiba 2025"},"content":{"rendered":"<div class=\"row\">\n<div class=\"col textoNoticias\">\n<div class=\"textoBanner\">\n<div class=\"boxBannerTextoAnuncio\">\n<p data-placeholder=\" \"><i><br \/>\n<img decoding=\"async\" src=\"https:\/\/mid-noticias.curitiba.pr.gov.br\/2025\/capa\/00530123.jpg\" alt=\"A roda-gigante do Natal de O Botic\u00e1rio na Rua XV tem 16 g\u00f4ndolas e abre para o p\u00fablico na pr\u00f3xima ter\u00e7a-feira (25). Foto: Divulga\u00e7\u00e3o\"><\/p>\n<p>Texto: Roberto Couto<br \/>\nSecretaria Municipal da Comunica\u00e7\u00e3o Social<\/p>\n<p><\/i><\/p>\n<p>Com o tema \u201cJuntos, o inesquec\u00edvel acontece\u201d,&nbsp;o&nbsp;<a href=\"https:\/\/natal.curitiba.pr.gov.br\/\" target=\"_blank\" rel=\"noopener\">Natal de Curitiba 2025<\/a>&nbsp;come\u00e7a oficialmente, nesta segunda-feira (24\/11), \u00e0s 19h30, e promete encantar a todas as fam\u00edlias curitibanas e turistas. O prefeito Eduardo Pimentel vai abrir a festa, na Pra\u00e7a Santos Andrade, e tamb\u00e9m acompanhar\u00e1 o espet\u00e1culo de estreia da programa\u00e7\u00e3o: o musical A Inesquec\u00edvel F\u00e1brica de Emo\u00e7\u00f5es ser\u00e1 encenado em um in\u00e9dito palco externo em frente ao Teatro Gua\u00edra.&nbsp;<\/p>\n<blockquote><p>\u201cCuritiba \u00e9 a capital do Natal. Um tempo em que a cidade se veste de emo\u00e7\u00e3o, solidariedade e beleza para celebrar tudo o que nos une. Em cada canto, h\u00e1 uma hist\u00f3ria sendo contada e, em cada rosto, a certeza de que o Natal \u00e9 mais do que uma data: \u00e9 a promessa viva de um tempo melhor que est\u00e1 por vir\u201d, convida o &nbsp;prefeito Eduardo Pimentel.&nbsp;<\/p><\/blockquote>\n<h3>Natal na Santos Andrade<\/h3>\n<p>O espet\u00e1culo in\u00e9dito A Inesquec\u00edvel F\u00e1brica de Emo\u00e7\u00f5es em frente ao Teatro Gua\u00edra,&nbsp;<a href=\"https:\/\/www.curitiba.pr.gov.br\/noticias\/atores-fazem-ensaios-finais-para-o-espetaculo-de-estreia-do-natal-de-curitiba-2025\/80608?utm_content=mldn\" target=\"_blank\" rel=\"noopener\">que une m\u00fasica, dan\u00e7a e proje\u00e7\u00f5es mapeadas na fachada do centro cultural<\/a>, integra o Natal da Pra\u00e7a Santos Andrade, que ainda ter\u00e1 no primeiro dia diversas atra\u00e7\u00f5es interativas, como trenzinho el\u00e9trico e Casa do Papai Noel. Pais e filhos v\u00e3o poder brincar juntos nas atra\u00e7\u00f5es. Um segundo espet\u00e1culo (Abrace o Mundo), nas escadarias do pr\u00e9dio hist\u00f3rico da UFPR, ser\u00e1 apresentando a partir de quinta-feira (27\/11).<\/p>\n<p>O espet\u00e1culo A Inesquec\u00edvel F\u00e1brica de Emo\u00e7\u00f5es \u00e9 uma superprodu\u00e7\u00e3o da Funda\u00e7\u00e3o Cultural de Curitiba (FCC), com dire\u00e7\u00e3o de Rodrigo Alonso e Gabriela Vernet, da Labirinto Produ\u00e7\u00f5es, e apoio do Governo do Paran\u00e1, por meio da Secretaria de Estado da Cultura e Centro Cultural Teatro Gua\u00edra.<\/p>\n<h3>Programa\u00e7\u00e3o&nbsp;<\/h3>\n<p>Por toda a cidade, uma intensa programa\u00e7\u00e3o do&nbsp;<a href=\"https:\/\/natal.curitiba.pr.gov.br\/\" target=\"_blank\" rel=\"noopener\">Natal de Curitiba 2025<\/a>&nbsp;confirma que capital ter\u00e1 a maior temporada de fim de ano de toda a sua hist\u00f3ria e de todo o Brasil. Durante 44 dias, crian\u00e7as e adultos poder\u00e3o acompanhar a programa\u00e7\u00e3o de espet\u00e1culos, que vai at\u00e9 23 de dezembro, com a decora\u00e7\u00e3o iluminando a cidade at\u00e9 6 de janeiro de 2026.<\/p>\n<p>O p\u00fablico ir\u00e1 se surpreender com corredores de luzes, proje\u00e7\u00f5es mapeadas, \u00e1rvores natalinas, roda-gigante, carross\u00e9is, as tradicionais feiras especiais de Natal e os mais de 150 inesquec\u00edveis espet\u00e1culos ao ar livre produzidos pela Funda\u00e7\u00e3o Cultural de Curitiba (FCC), patrocinadores e privados.<\/p>\n<p>Decora\u00e7\u00f5es se espalhar\u00e3o por toda a cidade e ser\u00e3o uma atra\u00e7\u00e3o \u00e0 parte. Mais de 50 \u00e1rvores de Natal poder\u00e3o ser apreciadas nos parques, memoriais, rotat\u00f3rias, grandes avenidas, cal\u00e7ad\u00f5es e outros espa\u00e7os p\u00fablicos. Estrelas de Bel\u00e9m, guirlandas gigantes e mantos de luz ir\u00e3o adornar constru\u00e7\u00f5es hist\u00f3ricas do Largo do Ordem e todas as Ruas da Cidadania, nos bairros. At\u00e9 as esta\u00e7\u00f5es-tubo e um nost\u00e1lgico trem Maria Fuma\u00e7a, circulando por Curitiba, estar\u00e3o decorados.<\/p>\n<p><img decoding=\"async\" src=\"https:\/\/mid-noticias.curitiba.pr.gov.br\/2025\/capa\/00529751.jpg\" alt=\"Natal de Curitiba no Largo da Ordem luzes. Foto: Cido Marques\/FCC (arquivo)\"><\/p>\n<p>&nbsp;Foto: Cido Marques\/FCC (arquivo)<\/p>\n<h3>Circuito do Centro<\/h3>\n<p>Alinhado ao compromisso do prefeito Eduardo Pimentel de redesenvolvimento da regi\u00e3o central, o Natal da Pra\u00e7a Santos Andrade integra o Circuito de Natal no Centro, que inclui l\u00fadicas experi\u00eancias como o Natal de O Botic\u00e1rio na Rua XV, com sua roda-gigante de 22 metros; o auto de Natal no Largo da Ordem; o carrossel e show in\u00e9dito do Natal Condor no Passeio P\u00fablico; e o espet\u00e1culo com proje\u00e7\u00e3o mapeada da Catedral de Luz Ademicon (com entrada franca por agendamento esgotada), na Pra\u00e7a Tiradentes. Sem contar as tradicionais feiras de Natal (pra\u00e7as Os\u00f3rio e Santos Andrade) e o in\u00e9dito Desfile de Natal da Rua XV, com uma fanfarra percorrendo o cal\u00e7ad\u00e3o de pedestres mais famoso do pa\u00eds.<\/p>\n<h3>Natal Disney<\/h3>\n<p>Outra grande novidade da programa\u00e7\u00e3o 2025 \u00e9 o Disney Celebra: Um Natal Inesquec\u00edvel, que acontece pela primeira vez no Brasil. Al\u00e9m dos shows ao vivo (com ingressos esgotados), a atra\u00e7\u00e3o do Parque Barigui ter\u00e1 duas experi\u00eancias gratuitas: o Parque M\u00e1gico Disney, que este ano ter\u00e1 a maior \u00e1rvore de Natal de todas as temporadas (35 metros de altura) e at\u00e9 um Mickey Mouse de 8 metros, e as sess\u00f5es de filmes do Disney+ Open Air. A&nbsp;Prefeitura de Curitiba levar\u00e1 ao show ao vivo 9 mil crian\u00e7as da rede municipal de educa\u00e7\u00e3o.&nbsp;<\/p>\n<p>O Natal do Bradesco no Pal\u00e1cio Avenida, uma das atra\u00e7\u00f5es natalinas mais famosas do Brasil, ter\u00e1 um fim de semana a mais no Natal de Curitiba 2025. Ser\u00e3o, ao todo, seis apresenta\u00e7\u00f5es no in\u00edcio de dezembro do coral formado por&nbsp;90 crian\u00e7as e adolescentes&nbsp;de institui\u00e7\u00f5es de acolhimento, que se apresentam nas janelas do hist\u00f3rico pr\u00e9dio da Rua XV de Novembro.<\/p>\n<p><img decoding=\"async\" src=\"https:\/\/mid-noticias.curitiba.pr.gov.br\/2025\/capa\/00529979.jpg\" alt=\"Mickey Mouse, com 8 metros de altura, j\u00e1 chama a aten\u00e7\u00e3o de quem passa pelo Parque Barigui. Curitiba, 17\/11\/2025. Foto: Valquir Kiu Aureliano\/SECOM\"><br \/>\nFoto: Valquir Kiu Aureliano\/SECOM<\/p>\n<p>J\u00e1 a Rumo, operadora ferrovi\u00e1ria, volta a promover a Maria Fuma\u00e7a \u201cRumo ao Natal\u201d. Com o Papai Noel a bordo, a locomotiva fabricada em 1950 ir\u00e1 encantar o p\u00fablico de Curitiba e Regi\u00e3o Metropolitana.&nbsp;<\/p>\n<p>Cart\u00f5es-postais da cidade, como o Jardim Bot\u00e2nico, os parques&nbsp;Tangu\u00e1 e&nbsp;N\u00e1utico e os Memoriais de Curitiba e Paranista ganhar\u00e3o atra\u00e7\u00f5es pensadas para toda a fam\u00edlia. Em todas as regionais, espet\u00e1culos levar\u00e3o o esp\u00edrito de Natal bem pr\u00f3ximo das comunidades.<\/p>\n<p>Curitiba ainda conta com outros eventos tradicionais que contribuem para a grandiosidade da temporada de fim de ano da cidade e reafirmam seu status de capital brasileira do Natal. Entre as experi\u00eancias est\u00e3o o Natal da Fam\u00edlia Moletta, no Umbar\u00e1; o Natal da Fam\u00edlia Madalosso, em Santa Felicidade; os espet\u00e1culos de bal\u00e9 nas Ru\u00ednas de S\u00e3o Francisco; e concertos e autos apresentados em teatros, igrejas, santu\u00e1rios e templos pelos bairros.&nbsp;<\/p>\n<p>O grande encerramento da programa\u00e7\u00e3o de espet\u00e1culos do&nbsp;<a href=\"https:\/\/natal.curitiba.pr.gov.br\/\" target=\"_blank\" rel=\"noopener\">Natal de Curitiba 2025<\/a>&nbsp;ser\u00e1 no dia 23 de dezembro, com a \u00faltima sess\u00e3o da superprodu\u00e7\u00e3o do Parque Tangu\u00e1, que este ano ter\u00e1 muitas novidades cenogr\u00e1ficas e um show in\u00e9dito. Sem contar, \u00e9 claro, um dos carross\u00e9is desta festa que ser\u00e1 instalado nos pr\u00f3ximos dias no parque.<\/p>\n<h3>Principais atra\u00e7\u00f5es do Natal de Curitiba 2025<br \/>\n<img decoding=\"async\" src=\"https:\/\/mid-noticias.curitiba.pr.gov.br\/2025\/capa\/00529956.jpg\" alt=\"\u00c1rvore de Natal do Memorial de Curitiba. Curitiba, 14\/11\/2025. Foto: Isabella Mayer\/SECOM\"><\/h3>\n<p>&nbsp;Foto: Isabella Mayer\/SECOM<\/p>\n<p><strong>NATAL NA PRA\u00c7A SANTOS ANDRADE<\/strong><\/p>\n<p>O Natal na Pra\u00e7a Santos Andrade \u00e9 o cora\u00e7\u00e3o do Circuito do Centro. Dois dos mais famosos cart\u00f5es-postais da capital \u2013 o Teatro Gua\u00edra e o pr\u00e9dio hist\u00f3rico da UFPR \u2013 receber\u00e3o palcos externos, com espet\u00e1culos in\u00e9ditos:&nbsp;A Inesquec\u00edvel F\u00e1brica de Emo\u00e7\u00f5es e<i>&nbsp;<\/i>Abrace o Mundo.<i>&nbsp;<\/i>No jardim da pra\u00e7a, decora\u00e7\u00f5es e experi\u00eancias interativas se espalhar\u00e3o para entreter, em especial \u00e0s crian\u00e7as, que poder\u00e3o se divertir em um trenzinho el\u00e9trico e interagir com o Bom Velhinho na Casa do Papai Noel. Al\u00e9m disso, uma \u00e1rvore de Natal de luz de 20 metros, duas outras \u00e1rvores de 18 metros (em frente a UFPR) e a tradicional feirinha integram o Natal na Pra\u00e7a Santos Andrade. A atra\u00e7\u00e3o \u00e9 realizada pela Prefeitura de Curitiba com patroc\u00ednio do Governo do Paran\u00e1, Electrolux e Ligga. Gratuito.<br \/>\n<strong>Abertura:<\/strong><strong>&nbsp;<\/strong>24 de novembro, \u00e0s 19h30, com a estreia do espet\u00e1culo A Inesquec\u00edvel F\u00e1brica de Emo\u00e7\u00f5es, trenzinho el\u00e9trico, Casa do Papai Noel e outras ativa\u00e7\u00f5es na pra\u00e7a<strong>&nbsp;<\/strong><br \/>\n<strong>T<\/strong><strong>renzinho el\u00e9trico, Casa do Papai Noel e outras ativa\u00e7\u00f5es na pra\u00e7a:<\/strong><strong>&nbsp;<\/strong>de segunda a domingo, das 10h \u00e0s 22h (com exce\u00e7\u00e3o do dia 24, \u00e0s 19h30)<br \/>\n<strong>Espet\u00e1culo \u201cA Inesquec\u00edvel F\u00e1brica de Emo\u00e7\u00f5es\u201d,<\/strong><strong>&nbsp;<\/strong>no palco externo do Gua\u00edra<strong>:<\/strong><strong>&nbsp;<\/strong>dias&nbsp;24 (19h30), 25, 26 e 28 de novembro; 1\u00ba a 6, 8 a 10 e 21, 22 e 23 de dezembro, sempre \u00e0s 21h&nbsp;<br \/>\n<strong>Espet\u00e1culo \u201cAbrace o Mundo\u201d<\/strong>, no palco externo da UFPR: de 27 de novembro (estreia) a 23 de dezembro, todos os dias (menos \u00e0s quartas), sempre \u00e0s 20 horas.<br \/>\nLocal: Pra\u00e7a Santos Andrade, Centro<\/p>\n<p><i>A Inesquec\u00edvel F\u00e1brica de Emo\u00e7\u00f5es<\/i><br \/>\nO Teatro Gua\u00edra ganhar\u00e1 um palco externo, na Rua Conselheiro Laurindo, para o Natal na Pra\u00e7a Santos Andrade. As encena\u00e7\u00f5es come\u00e7am em 24 de novembro e integrar\u00e3o artistas e proje\u00e7\u00e3o mapeada. Na pe\u00e7a, Papai Noel, ao perder a inspira\u00e7\u00e3o para criar presentes, embarca em uma viagem com seus fieis assistentes, duendes e elfos, para buscar reacender a magia perdida.&nbsp;<\/p>\n<p><strong>Datas: 24 de novembro a 23 de dezembro<\/strong><\/p>\n<p>Dias e hor\u00e1rios: 24 (19h30 para a abertura oficial), 25, 26 e 28 de novembro; 1\u00ba a 6, 8 a 10 e 21, 22 e 23 de dezembro, sempre \u00e0s 21h<br \/>\nLocal: em frente ao Teatro Gua\u00edra (Pra\u00e7a Santos Andrade &#8211; Centro)<\/p>\n<p><i>Abrace o Mundo<\/i><br \/>\nAs escadarias e colunas do pr\u00e9dio hist\u00f3rico da UFPR se transformar\u00e3o em palco e cen\u00e1rio para o segundo espet\u00e1culo do Natal na Pra\u00e7a Santos Andrade, que estreia dia 27 de novembro. A encena\u00e7\u00e3o Abrace o Mundo ir\u00e1 apresentar uma hist\u00f3ria m\u00e1gica de um menino que questiona seus pais com uma d\u00favida comum a todas as crian\u00e7as: como o Papai Noel consegue entregar tantos presentes para crian\u00e7as no mundo inteiro ao mesmo tempo? Gratuito.<\/p>\n<p><strong>Datas: 27 de novembro (estreia) a 23 de dezembro<\/strong><br \/>\nDias e hor\u00e1rios: todos os dias (menos \u00e0s quartas), sempre \u00e0s 20h<br \/>\nLocal: Pr\u00e9dio Hist\u00f3rico da UFPR (Pra\u00e7a Santos Andrade &#8211; Centro)<\/p>\n<div class=\"ck-horizontal-line ck-widget\" contenteditable=\"false\">\n<hr>\n<\/div>\n<p><strong><img decoding=\"async\" src=\"https:\/\/mid-noticias.curitiba.pr.gov.br\/2025\/capa\/00530209.jpeg\" alt=\"T\u00fanel de luz da Feira de Natal da Pra\u00e7a Os\u00f3rio, no Centro. Curitiba, 20\/11\/2025. Foto: Roberto Couto\/Secom\"><br \/>\nFoto: Roberto Couto\/Secom<\/p>\n<p>FEIRAS ESPECIAIS DE NATAL<\/strong><\/p>\n<p>As tradicionais Feiras Especiais do Natal de Curitiba voltam a ocorrer nas pra\u00e7as Os\u00f3rio e Santos Andrade. Ser\u00e3o mais de 80 barracas repletas de produtos artesanais, desde decora\u00e7\u00f5es natalinas at\u00e9 itens de vestu\u00e1rio e acess\u00f3rios, al\u00e9m de comidinhas. Gratuito.<\/p>\n<p><strong>Datas: 19 de novembro a 23 de dezembro<\/strong><br \/>\nDias e hor\u00e1rios: Na Pra\u00e7a Os\u00f3rio, de segunda a s\u00e1bado, das 10h \u00e0s 21h, e domingos, das 14h \u00e0s 20h. Na Pra\u00e7a Santos Andrade, de segunda-feira a s\u00e1bado, das 10h \u00e0s 20h, e domingos, das 12h \u00e0s 18h30<br \/>\nLocal: Pra\u00e7a Os\u00f3rio e Pra\u00e7a Santos Andrade, Centro<\/p>\n<div class=\"ck-horizontal-line ck-widget\" contenteditable=\"false\">\n<hr>\n<\/div>\n<p><strong>NATAL DE O BOTIC\u00c1RIO NA RUA XV<\/p>\n<p><img decoding=\"async\" src=\"https:\/\/mid-noticias.curitiba.pr.gov.br\/2025\/capa\/00527081.jpg\" alt=\"\u00c1rvore de Natal no cal\u00e7ad\u00e3o da Rua XV de novembro. - Foto: Daniel Castellano\/SMCS\"><br \/>\nFoto: Daniel Castellano\/SMCS<\/p>\n<p><\/strong><\/p>\n<p>A roda-gigante, agora com 22 metros de altura, volta a ser a grande atra\u00e7\u00e3o do Natal O Botic\u00e1rio na Rua XV de Novembro, entre a Dr. Muricy e a Marechal Floriano. A \u00e1rvore de Natal, agora ainda maior, com 20 metros, tamb\u00e9m estar\u00e1 no cal\u00e7ad\u00e3o mais famoso do Brasil. Haver\u00e1 ainda ativa\u00e7\u00f5es do patrocinador. Gratuito.<\/p>\n<p><strong>Datas: 25 de novembro a 26 de dezembro (espet\u00e1culo 2 de dezembro)<\/strong><br \/>\nDias e hor\u00e1rios: ter\u00e7a a domingo, das 16h \u00e0s 22h (roda-gigante)<br \/>\nLocal: Rua XV de Novembro, Centro<\/p>\n<div class=\"ck-horizontal-line ck-widget\" contenteditable=\"false\">\n<hr>\n<\/div>\n<p><strong>CATEDRAL DE LUZ ADEMICON<\/strong><\/p>\n<p>O espet\u00e1culo Catedral de Luz, nesta edi\u00e7\u00e3o com patroc\u00ednio da Ademicon, ser\u00e1 ainda mais surpreendente em 2025. O interior da catedral, na Pra\u00e7a Tiradentes, se transformar\u00e1 em uma gigantesca tela de proje\u00e7\u00e3o de efeitos especiais, oferecendo ao p\u00fablico uma combina\u00e7\u00e3o de tradi\u00e7\u00e3o, inova\u00e7\u00e3o e espiritualidade.&nbsp;O espet\u00e1culo de ilumina\u00e7\u00e3o \u00e9 acompanhado por orquestra e cantores. Gratuito. Requer agendamento\/esgotado.<\/p>\n<p><strong>Datas: 29 de novembro a 4 de dezembro<\/strong><br \/>\nDias e hor\u00e1rios: s\u00e1bado a quinta-feira,&nbsp;19h30, 20h30, 21h30 e 22h30<br \/>\nLocal: Catedral de Curitiba (Pra\u00e7a Tiradentes), Centro<\/p>\n<div class=\"ck-horizontal-line ck-widget\" contenteditable=\"false\">\n<hr>\n<\/div>\n<p><strong>CASA DO P\u00c3O DE MEL DO BOSQUE ALEM\u00c3O<\/strong><\/p>\n<p>O Orat\u00f3rio de Bach do Bosque Alem\u00e3o ser\u00e1 transformado na Casa de P\u00e3o de Mel para receber uma atividade divertida, a Oficina de Bolachas Natalinas. A fachada adornada com doces natalinos ficar\u00e1 ainda mais bonita com a \u00e1rvore natalina de 10 metros montada em frente ao Orat\u00f3rio. Tamb\u00e9m encantam a decora\u00e7\u00e3o da fachada da Casa Mila, que recebe microl\u00e2mpadas, al\u00e9m das estrelas de Bel\u00e9m que se espalham pelos canteiros do jardim e a ilumina\u00e7\u00e3o da trilha Jo\u00e3o e Maria. Gratuito.<\/p>\n<p><strong>Datas: 27 de novembro a 21 de dezembro<\/strong><br \/>\nDias e hor\u00e1rios: quinta a domingo das 11h \u00e0s 18h<br \/>\nLocal: Bosque Alem\u00e3o, Vista Alegre<\/p>\n<div class=\"ck-horizontal-line ck-widget\" contenteditable=\"false\">\n<hr>\n<\/div>\n<p><strong>NATAL DE BONECOS NO MEMORIAL DE CURITIBA<\/strong><\/p>\n<p>No palco montado no Memorial de Curitiba, no Largo da Ordem, o esp\u00edrito de Natal ganha vida com espet\u00e1culos de bonecos que encantam pessoas de todas as idades. As performances, conduzidas por bonequeiros curitibanos, contam hist\u00f3rias inspiradoras e cheias de ternura, transportando o p\u00fablico para um mundo de sonhos e reflex\u00f5es neste fim de ano. O clima de Natal no Memorial de Curitiba ainda ser\u00e1 garantido pela \u00e1rvore iluminada do local. Gratuito.<\/p>\n<p><strong>Datas: 13 e 14 de dezembro; 20 e 21 de dezembro<\/strong><br \/>\nDias e hor\u00e1rios: domingos \u00e0s 11h30, 12h15 e 13h<br \/>\nLocal: Memorial de Curitiba (Largo da Ordem), Centro Hist\u00f3rico<\/p>\n<div class=\"ck-horizontal-line ck-widget\" contenteditable=\"false\">\n<hr>\n<\/div>\n<p><strong>NATAL NAS REGIONAIS&nbsp;<\/strong><\/p>\n<p>Todas as Ruas da Cidadania de Curitiba ganhar\u00e3o decora\u00e7\u00e3o especial, com a tradicional \u00e1rvore e ros\u00e1cea de luz. Um espet\u00e1culo natalino, produzido pela Funda\u00e7\u00e3o Cultural de Curitiba, ser\u00e1 encenado em nove regionais, com apresenta\u00e7\u00f5es voltadas a estudantes da rede municipal. A montagem, com esp\u00edrito infantojuvenil, tem como protagonista o Anjo Gabriel, que conta para o p\u00fablico a hist\u00f3ria do nascimento de Jesus Cristo com m\u00fasicas e coreografias. As apresenta\u00e7\u00f5es t\u00eam patroc\u00ednio do Mini Pre\u00e7o. Gratuito.<\/p>\n<p><strong>Datas: &nbsp;25 de novembro a 5 de dezembro<\/strong><br \/>\n<strong>25\/11<\/strong>&nbsp;\u2013 Regional Matriz (14h)<br \/>\n<strong>26\/11<\/strong>&nbsp;\u2013 Regional Pinheirinho (9h) e &nbsp;Regional Bairro Novo (14h)<br \/>\n<strong>27\/11<\/strong>&nbsp;\u2013Regional Tatuquara (9h30) e Regional Cajuru (14h)<br \/>\n<strong>2\/12<\/strong>&nbsp;\u2013 Regional Santa Felicidade (9h) e Regional Boa Vista (14h)<br \/>\n<strong>3\/12<\/strong>&nbsp;\u2013 Regional Port\u00e3o\/Fazendinha (9h)&nbsp;e&nbsp;Regional Boqueir\u00e3o (14h)<br \/>\n<strong>5\/12<\/strong>&nbsp;\u2013 Regional CIC (9h)<br \/>\nLocal: Ruas da Cidadania<\/p>\n<div class=\"ck-horizontal-line ck-widget\" contenteditable=\"false\">\n<hr>\n<\/div>\n<p><strong>NATAL NO LARGO DA ORDEM<\/strong><\/p>\n<p>As sacadas das constru\u00e7\u00f5es mais antigas de Curitiba s\u00e3o transformadas em palcos para a encena\u00e7\u00e3o do tradicional auto natalino. Tendo um Papai Noel gigante, de inspira\u00e7\u00e3o cl\u00e1ssica, como arauto, o p\u00fablico acompanhar\u00e1, da Pra\u00e7a Garibaldi (Palacete Wolf) ao Largo da Ordem, as esta\u00e7\u00f5es sagradas, desde a Anuncia\u00e7\u00e3o at\u00e9 a Natividade, com a forma\u00e7\u00e3o do Pres\u00e9pio vivo em frente \u00e0 Casa Rom\u00e1rio Martins. Destaque tamb\u00e9m para a \u00c1rvore da Vida de 11 metros, com 5 mil vasinhos de s\u00e1lvias, e a decora\u00e7\u00e3o com guirlandas e estrelas nas fachadas dos pr\u00e9dios hist\u00f3ricos. Gratuito.<\/p>\n<p><strong>Datas: 26, 27, 30 de novembro; 1, 2 e 3 de dezembro<\/strong><br \/>\nDias e hor\u00e1rios: quinta e sexta-feira, 20h; segunda a quarta-feira, 20h15<br \/>\nLocal: Largo da Ordem, Centro Hist\u00f3rico<\/p>\n<div class=\"ck-horizontal-line ck-widget\" contenteditable=\"false\">\n<hr>\n<\/div>\n<p><strong>CANTATA DE NATAL DO BAIRRO NOVO<\/strong><\/p>\n<p>As vozes angelicais do maior coral infantil de Curitiba transformam a Cantata de Natal do Bairro Novo em um dos espet\u00e1culos mais emocionantes do fim do ano. S\u00e3o mil crian\u00e7as que se apresentam na fachada da Rua da Cidadania, no S\u00edtio Cercado. Os espectadores v\u00e3o se emocionar e cantar junto cl\u00e1ssicos natalinos como Bate o Sino, Natal de Alegria, Noite Feliz e A Paz. Gratuito.<\/p>\n<p><strong>Data: 5 de dezembro, \u00e0s 19h<\/strong><br \/>\nLocal: Rua da Cidadania do Bairro Novo, S\u00edtio Cercado<\/p>\n<div class=\"ck-horizontal-line ck-widget\" contenteditable=\"false\">\n<hr>\n<\/div>\n<p><strong>DESFILE DE NATAL NA XV DE NOVEMBRO<\/strong><\/p>\n<p>A partir das 18h, uma animada Fanfarra de Natal vai percorrer o cal\u00e7ad\u00e3o da Rua XV de novembro, interagindo com o p\u00fablico durante todo o percurso. O l\u00fadico desfile com atores, bailarinos e m\u00fasicos locais, caracterizados com figurinos criados especialmente para a atra\u00e7\u00e3o, ter\u00e1 in\u00edcio na Rua Presidente Faria, a partir da sede da Associa\u00e7\u00e3o Comercial do Paran\u00e1 (ACP) e termina na Roda Gigante da Rua XV. Gratuito.<\/p>\n<p><strong>Datas: 5 a 23 de dezembro<\/strong><br \/>\nDias e Hor\u00e1rios: sextas-feiras, 18h; e s\u00e1bados, 12h<br \/>\nLocal: Rua XV de novembro, Centro<\/p>\n<div class=\"ck-horizontal-line ck-widget\" contenteditable=\"false\">\n<hr>\n<\/div>\n<p><strong>DISNEY CELEBRA: UM NATAL INESQUEC\u00cdVEL: DISNEY+ OPEN AIR E PARQUE M\u00c1GICO DISNEY<\/strong><\/p>\n<p>O Natal de Curitiba ganha ainda mais encanto com o Disney Celebra: Um Natal Inesquec\u00edvel. No Parque Barigui, duas experi\u00eancias gratuitas esperam o p\u00fablico: o Disney+ Open Air, com sess\u00f5es de filmes ao ar livre em um tel\u00e3o de 45m\u00b2, e o Parque M\u00e1gico, com espa\u00e7os fotograf\u00e1veis tem\u00e1ticos Disney e ativa\u00e7\u00f5es de marcas parceiras. Destaque para a \u00e1rvore de Natal de 35 metros, a maior da temporada. Gratuito.<\/p>\n<p><i>Parque M\u00e1gico Disney<\/i><br \/>\nDatas e hor\u00e1rios:&nbsp; 4 a 23 de dezembro, das 10h \u00e0s 22h&nbsp;<br \/>\nLocal: Parque Barigui, Santo In\u00e1cio<\/p>\n<p><i>Disney+ Open Air<\/i><br \/>\nDatas e hor\u00e1rios: 5 a 23 de dezembro, \u00e0s 9h30, 15h e 19h (no dia 5, haver\u00e1 apenas sess\u00f5es 9h30 e 15h)<br \/>\nLocal: Parque Barigui, Santo In\u00e1cio<\/p>\n<div class=\"ck-horizontal-line ck-widget\" contenteditable=\"false\">\n<hr>\n<\/div>\n<p><strong>DISNEY CELEBRA: UM NATAL INESQUEC\u00cdVEL \u2013 SHOW AO VIVO<\/strong><\/p>\n<p>Pela primeira vez no Brasil, o espet\u00e1culo ao vivo oficial da Disney chega a Curitiba: o Disney Celebra \u2013 Um Natal Inesquec\u00edvel. Com Mickey, Minnie e mais de 30 artistas, a produ\u00e7\u00e3o traz cen\u00e1rios deslumbrantes, trilha sonora ao vivo e figurinos originais, celebrando a magia, a uni\u00e3o e a esperan\u00e7a do Natal. O show ao vivo \u00e9 viabilizado por meio da Lei Federal de Incentivo \u00e0 Cultura, com realiza\u00e7\u00e3o do Governo Federal, Minist\u00e9rio da Cultura, Disney e AirPromo. Curitiba \u00e9 Host City da atra\u00e7\u00e3o. Ingressos esgotados.<\/p>\n<p><strong>Datas: 16 a 23 de dezembro<\/strong><br \/>\nDias e hor\u00e1rios: segunda a domingo, \u00e0s 11h, 16h e 20h<br \/>\nLocal: Centro de Eventos Positivo (Parque Barigui), Santo In\u00e1cio<\/p>\n<div class=\"ck-horizontal-line ck-widget\" contenteditable=\"false\">\n<hr>\n<\/div>\n<p><strong>NATAL CONDOR NO PASSEIO P\u00daBLICO&nbsp;<\/strong><\/p>\n<p>O Natal no Passeio P\u00fablico ter\u00e1 patroc\u00ednio do Condor e ir\u00e1 reunir v\u00e1rias experi\u00eancias, com destaque para o carrossel veneziano, um trenzinho sobre trilhos e o in\u00e9dito espet\u00e1culo Um Sonho de Natal na Ilha das Ilus\u00f5es. Tudo come\u00e7a quando a inusitada e divertida Fam\u00edlia Capivara &#8211; m\u00e3e, pai, filho e filha \u2013 se prepara para um Natal inesquec\u00edvel, mas os filhotes t\u00eam suas pr\u00f3prias ideias. Entre m\u00fasicas, dan\u00e7a e sentimentos de fraternidade, uni\u00e3o e sonhos, Papai Noel e seus duendes v\u00e3o contar a aventura. A \u00e1rvore de luz de 15 metros e a decora\u00e7\u00e3o com microl\u00e2mpadas dos portais completam o encanto no mais antigo parque da capital. Gratuito.<\/p>\n<p><strong>Datas: 30 de novembro a 23 de dezembro<\/strong><br \/>\nDias e hor\u00e1rios: ter\u00e7a a domingo, 19h15 (espet\u00e1culo) e&nbsp;de ter\u00e7a a sexta-feira, das 12h \u00e0s 20h; e s\u00e1bados e domingos, 9h \u00e0s 20h (brinquedos)<br \/>\nLocal: Passeio P\u00fablico, Centro<\/p>\n<div class=\"ck-horizontal-line ck-widget\" contenteditable=\"false\">\n<hr>\n<\/div>\n<p><strong>NATAL DO BRADESCO NO PAL\u00c1CIO AVENIDA<\/strong><\/p>\n<div>\n<p>Uma das atra\u00e7\u00f5es natalinas mais famosas do Brasil, a 35\u00aa edi\u00e7\u00e3o do Natal do Bradesco no Pal\u00e1cio Avenida,&nbsp;ter\u00e1 uma grande novidade no&nbsp;Natal&nbsp;de Curitiba 2025. O espet\u00e1culo, em pleno cal\u00e7ad\u00e3o da Rua XV&nbsp;de Novembro, ir\u00e1 encantar moradores e turistas com seis sess\u00f5es ao todo, em dezembro, com um final de semana a mais que 2024. Ser\u00e3o dois fins de semana, de&nbsp;sexta&nbsp;a&nbsp;domingo, nos dias 5 (ensaio), 6, 7, 12, 13 e 14\/12, sempre \u00e0s 20h15. O espet\u00e1culo, que re\u00fane um coral de 90 crian\u00e7as e adolescentes de institui\u00e7\u00f5es de acolhimento,&nbsp;ter\u00e1 em 2025 o tema \u201cO Pal\u00e1cio M\u00e1gico do&nbsp;Natal\u201d. Gratuito.<\/p>\n<p><strong>Datas e hor\u00e1rio: dias 5 (ensaio), 6, 7, 12, 13 e 14\/12, \u00e0s 20h15<\/strong><br \/>\nLocal: Rua XV de Novembro\/Avenida Luiz Xavier, Centro<\/p>\n<\/div>\n<div class=\"ck-horizontal-line ck-widget\" contenteditable=\"false\">\n<hr>\n<\/div>\n<p><strong>RUMO AO NATAL&nbsp;<\/strong><\/p>\n<p>A nost\u00e1lgica Maria Fuma\u00e7a volta a cruzar a capital na atra\u00e7\u00e3o Rumo ao Natal, realizada pela Rumo, operadora ferrovi\u00e1ria. Iluminada com 800 metros de mangueiras de luzes de LED, a locomotiva fabricada em 1950 ir\u00e1 circular ricamente decorada por Curitiba e Regi\u00e3o Metropolitana. Durante a programa\u00e7\u00e3o, est\u00e3o previstas atra\u00e7\u00f5es culturais gratuitas em diversos munic\u00edpios. Gratuito.<\/p>\n<p><strong>Datas e hor\u00e1rios: ser\u00e3o divulgados nas pr\u00f3ximas semanas no @rumologistica (Instagram)<\/strong><\/p>\n<div class=\"ck-horizontal-line ck-widget\" contenteditable=\"false\">\n<hr>\n<\/div>\n<p><strong>NATAL NO MESA SOLID\u00c1RIA&nbsp;<\/strong><\/p>\n<p>A solidariedade estar\u00e1 nos card\u00e1pios especiais do programa Mesa Solid\u00e1ria, que oferecer\u00e1 refei\u00e7\u00f5es gratuitas de Natal a pessoas em situa\u00e7\u00e3o de vulnerabilidade. O card\u00e1pio natalino do Mesa Solid\u00e1ria ter\u00e1 patroc\u00ednio do Restaurante Fam\u00edlia Madalosso. Gratuito.<\/p>\n<p><strong>Datas e hor\u00e1rio: a confirmar<\/strong><br \/>\nLocal: Espa\u00e7os do Mesa Solid\u00e1ria, Centro e Rebou\u00e7as<\/p>\n<div class=\"ck-horizontal-line ck-widget\" contenteditable=\"false\">\n<hr>\n<\/div>\n<p><strong>LANTERNEFEST NO BOSQUE ALEM\u00c3O<\/strong><\/p>\n<p>A luz toma conta do Bosque Alem\u00e3o, no Vista Alegre, com a Festa das Lanternas (Lanternefest), uma celebra\u00e7\u00e3o germ\u00e2nica em homenagem a S\u00e3o Martinho.&nbsp;Em frente ao Orat\u00f3rio de Bach, ao cair da noite, come\u00e7a a prociss\u00e3o iluminada, conduzida por um personagem caracterizado como o santo em seu cavalo branco. O evento re\u00fane centenas de fam\u00edlias com suas lanternas artesanais. Gratuito.<\/p>\n<p><strong>Data e hor\u00e1rio: 7 de dezembro, \u00e0s 19h30<\/strong><br \/>\nLocal: Bosque Alem\u00e3o, Vista Alegre<\/p>\n<div class=\"ck-horizontal-line ck-widget\" contenteditable=\"false\">\n<hr>\n<\/div>\n<p><strong>NATAL NO JARDIM BOT\u00c2NICO&nbsp;<\/strong><\/p>\n<p>O espet\u00e1culo ao ar livre O Sonho do Papai Noel vai levar ao Jardim Bot\u00e2nico m\u00fasica, dan\u00e7a e luzes. O Bom Velhinho e seus duendes, preocupados com as tristezas que acontecem no mundo (fome, desigualdade e guerras), buscam a constru\u00e7\u00e3o de um lugar melhor. A apresenta\u00e7\u00e3o, com patroc\u00ednio da Festtone e Super Muffato e produ\u00e7\u00e3o da Funda\u00e7\u00e3o Cultural de Curitiba, \u00e9 um musical com figurinos impactantes, ritmos modernos, proje\u00e7\u00f5es e show de luzes. Sem contar a \u00e1rvore de vida de 11 metros de altura, com cinco mil vasinhos de s\u00e1lvias vermelhas, e uma bola gigante com a logo do Natal de Curitiba 2025 circundado a estufa do Jardim Bot\u00e2nico. Gratuito.<\/p>\n<p><strong>Datas: 9 a 21 de dezembro<\/strong><br \/>\nDias e hor\u00e1rios: ter\u00e7a a domingo, 19h30<br \/>\nLocal: Jardim Bot\u00e2nico<\/p>\n<div class=\"ck-horizontal-line ck-widget\" contenteditable=\"false\">\n<hr>\n<\/div>\n<p><strong>O QUEBRA NOZES NAS RU\u00cdNAS DE S\u00c3O FRANCISCO&nbsp;<\/strong><\/p>\n<p>Nova temporada do bal\u00e9 O Quebra Nozes nas Ru\u00ednas de S\u00e3o Francisco. Obra-prima da dan\u00e7a cl\u00e1ssica, criada por Tchaikovsky em 1891, a montagem para o Natal de Curitiba conta com a participa\u00e7\u00e3o de 30 bailarinos. Ao lado do palco, uma \u00e1rvore de luz de 15 metros completa o belo cen\u00e1rio. Gratuito.<\/p>\n<p><strong>Datas: 10 a 14 de dezembro<\/strong><br \/>\nDias e hor\u00e1rios: quarta a domingo, \u00e0s 19h e 20h30<br \/>\nLocal: Ru\u00ednas de S\u00e3o Francisco, S\u00e3o Francisco<\/p>\n<div class=\"ck-horizontal-line ck-widget\" contenteditable=\"false\">\n<hr>\n<\/div>\n<p><strong>NATAL NA RUA BLEY ZORNIG&nbsp;<\/strong><\/p>\n<p>Conhecida por ser um polo comercial t\u00eaxtil, a Rua Bley Zornig, no Boqueir\u00e3o, vai receber uma \u00e1rvore de Natal e um palco com atra\u00e7\u00f5es que a transformar\u00e3o em um verdadeiro palco a c\u00e9u aberto. Gratuito.<\/p>\n<p><strong>Datas: 13 e 14 de dezembro<\/strong><br \/>\nDias e hor\u00e1rios: sexta, \u00e0s 19h; e s\u00e1bado, das 13h \u00e0s 20h<br \/>\nLocal:&nbsp; Rua Bley Zornig, Boqueir\u00e3o<\/p>\n<div class=\"ck-horizontal-line ck-widget\" contenteditable=\"false\">\n<hr>\n<\/div>\n<p><strong>NATAL NA C\u00c2MARA MUNICIPAL&nbsp;<\/strong><\/p>\n<p>As escadarias do Pal\u00e1cio Rio Branco, sede da C\u00e2mara Municipal de Curitiba, v\u00e3o se transformar em um palco ao ar livre para a apresenta\u00e7\u00e3o natalina, uma parceria do legislativo municipal com a Prefeitura. No repert\u00f3rio, consagradas can\u00e7\u00f5es da \u00e9poca. Al\u00e9m disso, a Pra\u00e7a Eufr\u00e1sio Correa, ao lado, receber\u00e1 decora\u00e7\u00e3o e uma feira gastron\u00f4mica. Gratuito.<\/p>\n<p><strong>Datas: 29 de novembro, das 11h \u00e0s 18h<\/strong><br \/>\nLocal: Pra\u00e7a Eufr\u00e1sio Correia, Centro<\/p>\n<div class=\"ck-horizontal-line ck-widget\" contenteditable=\"false\">\n<hr>\n<\/div>\n<p><strong>NATAL NO PARQUE N\u00c1UTICO<\/strong><\/p>\n<p>O circuito \u201cdrive-thru\u201d do Parque N\u00e1utico vai permitir ao p\u00fablico percorrer de carro esta\u00e7\u00f5es natalinas, desde portais iluminados, passando pela Casa do Papai Noel, \u00e1rvores de Natal e a teatraliza\u00e7\u00e3o das Esta\u00e7\u00f5es da Natividade (da Anuncia\u00e7\u00e3o at\u00e9 o Pres\u00e9pio), com atores e cen\u00e1rios que se integram ao parque. A atra\u00e7\u00e3o tem produ\u00e7\u00e3o da Funda\u00e7\u00e3o Cultural de Curitiba. Gratuito.&nbsp;<\/p>\n<p><strong>Datas: 12 a 21 de dezembro<\/strong><br \/>\nDias e hor\u00e1rios: segunda a domingo, 19h, 20h e 21h<br \/>\nLocal: Parque N\u00e1utico, Alto Boqueir\u00e3o<\/p>\n<div class=\"ck-horizontal-line ck-widget\" contenteditable=\"false\">\n<hr>\n<\/div>\n<p><strong>GRANDE CONCERTO NO MEMORIAL PARANISTA&nbsp;<\/strong><\/p>\n<p>Com patroc\u00ednio do Grupo Potencial e produzido pela Funda\u00e7\u00e3o Cultural de Curitiba e ICAC, vai reunir um coral de 62 vozes e uma orquestra de 12 m\u00fasicos, sob a reg\u00eancia do maestro Alexandre Mousquer. No repert\u00f3rio, cl\u00e1ssicos como Oh Holy Night, Noite Feliz e Hallelujah, intercalados por reflex\u00f5es conduzidas por um mestre de cerim\u00f4nias, que resgata a hist\u00f3ria da m\u00fasica natalina. O espet\u00e1culo encerra com a simb\u00f3lica forma\u00e7\u00e3o de um pres\u00e9pio. Gratuito.<\/p>\n<p><strong>Datas: 17 a 21 de dezembro<\/strong><br \/>\nDias e hor\u00e1rios: ter\u00e7a a domingo, 19h<br \/>\nLocal: Memorial Paranista (Parque S\u00e3o Louren\u00e7o), S\u00e3o Louren\u00e7o<\/p>\n<div class=\"ck-horizontal-line ck-widget\" contenteditable=\"false\">\n<hr>\n<\/div>\n<p><strong>NATAL NO PARQUE TANGU\u00c1&nbsp;<\/strong><\/p>\n<p>O clima de Natal vai chegar ao Parque Tangu\u00e1 com atra\u00e7\u00f5es patrocinadas pela PUCPR\/Grupo Marista, como o carrossel veneziano, duas \u00e1rvores de Natal de 18 metros e uma superprodu\u00e7\u00e3o de Natal da Funda\u00e7\u00e3o Cultural de Curitiba. A Hist\u00f3ria da Natividade ser\u00e1 contada ao estilo de grande musical, com um final apote\u00f3tico. Para que o p\u00fablico tenha mais conforto, o espelho d\u00b4\u00e1gua do local ir\u00e1 receber uma cobertura, transformando-se em uma grande plateia ao ar livre, com capacidade para mais de tr\u00eas mil espectadores. Gratuito.<\/p>\n<p><strong>Datas: 19 a 23 de dezembro<\/strong><br \/>\nDias e hor\u00e1rios: sexta a ter\u00e7a-feira, \u00e0s 19h30<br \/>\nLocal: Parque Tangu\u00e1, Tabo\u00e3o<\/p>\n<div class=\"ck-horizontal-line ck-widget\" contenteditable=\"false\">\n<hr>\n<\/div>\n<p><strong>\u00c1RVORE DE NATAL DO CENTRO C\u00cdVICO&nbsp;<\/strong><\/p>\n<p>Na rotat\u00f3ria da Avenida C\u00e2ndido de Abreu, em frente \u00e0 Prefeitura, a \u00e1rvore com patroc\u00ednio da Volvo do Brasil ter\u00e1 mais de 51 mil microl\u00e2mpadas em LED e 18 metros de altura. Gratuita.&nbsp;<\/p>\n<p><strong>Datas: 24 de novembro a 6 de janeiro<\/strong><br \/>\nLocal: Em frente \u00e0 Prefeitura Municipal de Curitiba, Centro C\u00edvico<\/p>\n<div class=\"ck-horizontal-line ck-widget\" contenteditable=\"false\">\n<hr>\n<\/div>\n<p><strong>NATAL NA RUA M\u00c1RIO TOURINHO<\/strong><\/p>\n<p>O Grupo Servopa volta a patrocinar a decora\u00e7\u00e3o \u201cinstagram\u00e1vel\u201d do Jardinete Heitor Gurgel do Amaral Valente Netto, na Rua M\u00e1rio Tourinho, no Campina do Siqueira. Destaque para as ativa\u00e7\u00f5es l\u00fadicas espalhadas por todo o jardinete. Gratuito.<\/p>\n<p><strong>Datas: 24 de novembro a 6 de janeiro<\/strong><br \/>\nLocal: Jardinete Heitor Gurgel do Amaral Valente Netto, Rua M\u00e1rio Tourinho, Campina do Siqueira<\/p>\n<div class=\"ck-horizontal-line ck-widget\" contenteditable=\"false\">\n<hr>\n<\/div>\n<p><strong>ESTRELAS DO NATAL NA PRA\u00c7A OSWALDO CRUZ&nbsp;<\/strong><\/p>\n<p>O espet\u00e1culo de patina\u00e7\u00e3o art\u00edstica na Pra\u00e7a Oswaldo Cruz vai reunir um elenco de atletas da escola de patina\u00e7\u00e3o Footwork. A apresenta\u00e7\u00e3o tem dura\u00e7\u00e3o de 50 minutos e conta a jornada de Stella, uma menina sonhadora que, a partir de um misterioso giz lil\u00e1s e de uma Fada dos Desejos, descobre a ess\u00eancia do esp\u00edrito natalino. Ao desenhar, Stella v\u00ea sonhos se transformarem em realidade. Gratuito.&nbsp;<\/p>\n<p><strong>Datas: 11 a 14 de dezembro<\/strong><br \/>\nDias e hor\u00e1rios: quarta a domingo, \u00e0s 20h<br \/>\nLocal: Pra\u00e7a Oswaldo Cruz, Centro<\/p>\n<div class=\"ck-horizontal-line ck-widget\" contenteditable=\"false\">\n<hr>\n<\/div>\n<p><strong>O QUEBRA NOZES DO BALLET TEATRO GUA\u00cdRA&nbsp;<\/strong><\/p>\n<p>O bal\u00e9 O Quebra Nozes, obra-prima da dan\u00e7a cl\u00e1ssica, ter\u00e1 uma montagem especial com todos os integrantes dos corpos art\u00edsticos do Centro Cultural Teatro Gua\u00edra (Bal\u00e9 Teatro Gua\u00edra, Escola de Dan\u00e7a, G2 Companhia de Dan\u00e7a e Orquestra Sinf\u00f4nica do Paran\u00e1). As apresenta\u00e7\u00f5es v\u00e3o ocorrer no audit\u00f3rio Bento Munhoz da Rocha Neto (Guair\u00e3o). Ingressos a pre\u00e7os populares.<\/p>\n<p><strong>Data: 12 a 16 de dezembro<\/strong><br \/>\nDias e hor\u00e1rios: dias da semana, \u00e0s 20h30; e domingo, \u00e0s 19h<br \/>\nLocal: Centro Cultural Teatro Gua\u00edra (Guair\u00e3o), Centro<\/p>\n<div class=\"ck-horizontal-line ck-widget\" contenteditable=\"false\">\n<hr>\n<\/div>\n<p><strong>NATAL SOLID\u00c1RIO NA PRA\u00c7A NOSSA SENHORA DA SALETE&nbsp;<\/strong><\/p>\n<p>A Pra\u00e7a Nossa Senhora da Salete, no Centro C\u00edvico, vai se transformar no palco do Natal Solid\u00e1rio, evento promovido pela Associa\u00e7\u00e3o Evangelizar \u00c9 Preciso e conduzido pelo padre Reginaldo Manzotti. Na programa\u00e7\u00e3o, shows de artistas, apresenta\u00e7\u00e3o de auto natalino e uma missa especial celebrada pelo arcebispo de Curitiba dom Jos\u00e9 Ant\u00f4nio Peruzzo. O p\u00fablico \u00e9 convidado a participar com doa\u00e7\u00f5es de alimentos, refor\u00e7ando o esp\u00edrito solid\u00e1rio da celebra\u00e7\u00e3o. Gratuito.<\/p>\n<p><strong>Data e hor\u00e1rio: 13 de dezembro, das 13h \u00e0s 20h<\/strong><br \/>\nLocal: Pra\u00e7a Nossa Senhora da Salete, Centro C\u00edvico<\/p>\n<div class=\"ck-horizontal-line ck-widget\" contenteditable=\"false\">\n<hr>\n<\/div>\n<p><strong>NATAL DA FAM\u00cdLIA MADALOSSO<\/strong><\/p>\n<p>Com o tema \u201cO Natal da Fam\u00edlia Madalosso: encantando Santa Felicidade\u201d, a 6\u00aa edi\u00e7\u00e3o do espet\u00e1culo de fim de ano promete emocionar moradores e turistas. Ser\u00e3o nove sess\u00f5es do espet\u00e1culo m\u00fasico-teatral, com dura\u00e7\u00e3o de uma hora, no estacionamento do restaurante. O espet\u00e1culo da Fam\u00edlia Madalosso \u00e9 uma parceria com a Prefeitura de Curitiba, atrav\u00e9s da Funda\u00e7\u00e3o Cultural de Curitiba. Gratuito.<\/p>\n<p><strong>Datas e hor\u00e1rios: 30 de novembro e 2, 7, 9, 14, 16, 21, 22 e 23 de dezembro, \u00e0s 19h30&nbsp;&nbsp;<\/strong><br \/>\nLocal: Restaurante Madalosso, Santa Felicidade<\/p>\n<div class=\"ck-horizontal-line ck-widget\" contenteditable=\"false\">\n<hr>\n<\/div>\n<p><strong>NATAL DA PRUDENTE CULTURAL<\/strong><\/p>\n<p>A Alameda Prudente de Moraes, no Centro, entra no clima natalino com o Mercado de Natal, parte da Prudente Cultural. Na programa\u00e7\u00e3o, m\u00fasica ao vivo, artesanatos criativos, atividades culturais e comidas especiais nos bares parceiros. O evento vai ocupar tr\u00eas quadras, entre a Alameda Carlos de Carvalho e a Rua Fernando Moreira. Gratuito.<\/p>\n<p><strong>Data e hor\u00e1rio: 6 de dezembro, das 10h \u00e0s 22h<\/strong><br \/>\nLocal: Alameda Prudente de Moraes, Centro<\/p>\n<div class=\"ck-horizontal-line ck-widget\" contenteditable=\"false\">\n<hr>\n<\/div>\n<p><strong>NATAL NO TEATRO REGINA CASILLO<\/strong><\/p>\n<p>A \u00f3pera Jo\u00e3o e Maria, apresentada no audit\u00f3rio Regina Casillo, no Solar do Ros\u00e1rio, combina m\u00fasica ao vivo com elementos c\u00eanicos e traz uma mensagem de esperan\u00e7a e solidariedade. Realizada pela orquestra feminina Ladies Ensemble, a montagem \u00e9 dirigida por Fabiola Bach Akel e \u00e9 apresentada em portugu\u00eas com legendas, sendo acess\u00edvel para todas as idades. Gratuito.<\/p>\n<p><strong>Datas: 19 e 20 de dezembro<\/strong><br \/>\nDias e hor\u00e1rios: sexta e s\u00e1bado, \u00e0s 20h<br \/>\nLocal: Teatro Regina Casillo (Pra\u00e7a Eufr\u00e1sio Correia), Centro<\/p>\n<div class=\"ck-horizontal-line ck-widget\" contenteditable=\"false\">\n<hr>\n<\/div>\n<p><strong>RUA ILUMINADA DA FAM\u00cdLIA MOLETTA<\/strong><\/p>\n<p>Tradi\u00e7\u00e3o do bairro Umbar\u00e1, a Rua Iluminada Fam\u00edlia Moletta ter\u00e1 o tema medieval, com direito a castelo iluminado, soldados e personagens que circulam pela rua e pelas trilhas tem\u00e1ticas. O passeio dura cerca de duas horas, tempo necess\u00e1rio para contemplar as obras luminosas, caminhar pela passarela, visitar a gruta, aproveitar a gastronomia e assistir ao show de luzes.&nbsp;As casas da fam\u00edlia, ao longo de 300 metros da Rua Nicola Pellanda, tamb\u00e9m v\u00e3o encantar crian\u00e7as e adultos. Nesta edi\u00e7\u00e3o, ser\u00e3o mais de 1,5 milh\u00e3o de l\u00e2mpadas de LED e decora\u00e7\u00f5es especiais. Ingressos j\u00e1 est\u00e3o \u00e0 venda no&nbsp;<a href=\"https:\/\/ruailuminada.com.br\/\">site do espet\u00e1culo<\/a>.<\/p>\n<p><strong>Datas: 15 de novembro a 4 de janeiro (menos no dia 31\/12)<\/strong><br \/>\nHor\u00e1rios: todos os dias, de domingo a quinta-feira, das 19h30 \u00e0s 22h30; e sextas e s\u00e1bados das 19h30 \u00e0s 23h<br \/>\nLocal:&nbsp;Rua Nicola Pellanda, 5.962, Umbar\u00e1.<\/p>\n<div class=\"ck-horizontal-line ck-widget\" contenteditable=\"false\">\n<hr>\n<\/div>\n<p><strong>NATAL IN CONCERT &#8211; ORQUESTRA ANIMA MUSICALE<\/strong><\/p>\n<p>A orquestra vai apresentar o espet\u00e1culo Natal in Concert, no Guair\u00e3o. O concerto conta com uma grande forma\u00e7\u00e3o de 32 m\u00fasicos instrumentistas e 13 cantores, apresentando um repert\u00f3rio que mescla m\u00fasica cl\u00e1ssica, pop e temas natalinos, com o uso de proje\u00e7\u00f5es mapeadas para criar uma atmosfera \u00fanica. Ingressos a pre\u00e7os populares.<\/p>\n<p><strong>Datas: 19 e 20 de dezembro<\/strong><br \/>\nDias e hor\u00e1rios: sexta e s\u00e1bado, \u00e0s 18h<br \/>\nLocal:&nbsp; Centro Cultural Teatro Guaira, Centro<\/p>\n<div class=\"ck-horizontal-line ck-widget\" contenteditable=\"false\">\n<hr>\n<\/div>\n<p><strong>GRANDE CONCERTO DE NATAL NO TEATRO GUA\u00cdRA<\/strong><\/p>\n<p>O Grande Concerto de Natal de Curitiba vai ocorrer no Teatro Gua\u00edra. Sob a reg\u00eancia do maestro Norton Morozowicz, o espet\u00e1culo de coro e orquestra tradicionalmente tem participa\u00e7\u00f5es especiais de premiados solistas e grupos de m\u00fasica erudita. Ingressos a pre\u00e7os populares.<\/p>\n<p><strong>Data e hor\u00e1rio: 22 de dezembro, \u00e0s 20h<\/strong><br \/>\nLocal: Centro Cultural Teatro Gua\u00edra, Centro<\/p>\n<div class=\"ck-horizontal-line ck-widget\" contenteditable=\"false\">\n<hr>\n<\/div>\n<p><strong>PEDALA DE NATAL 2025<\/strong><\/p>\n<p>O esporte n\u00e3o poderia ficar de fora do maior Natal do pa\u00eds. O Pedala de Natal 2025 far\u00e1 um percurso entre a Rua da Cidadania do Boqueir\u00e3o e o Natal do Parque N\u00e1utico, no Alto Boqueir\u00e3o, onde os visitantes poder\u00e3o apreciar diversas esta\u00e7\u00f5es natalinas, desde os portais Iluminados, passando pela Casa do Papai Noel, \u00e1rvores de Natal e as fases da hist\u00f3ria da Natividade, como o O Pres\u00e9pio de Natal. No dia, n\u00e3o ir\u00e1 ocorrer o percurso \u201cdrive-thru\u201d (de carro) no Natal do Parque N\u00e1utico.<\/p>\n<p><strong>Datas: 15 de dezembro<\/strong><br \/>\nDias e Hor\u00e1rios: segunda-feira, 20h<br \/>\nLocal: sa\u00edda da Rua da Cidadania e vai at\u00e9 o Natal do Parque N\u00e1utico, no Boqueir\u00e3o<\/p>\n<div class=\"ck-horizontal-line ck-widget\" contenteditable=\"false\">\n<hr>\n<\/div>\n<p><strong>CORRIDA NOITE FELIZ<\/strong><\/p>\n<p>Com o tema natalino e o prop\u00f3sito de unir esporte, alegria e solidariedade, a segunda edi\u00e7\u00e3o da Corrida Noite Feliz promete transformar a noite em um verdadeiro espet\u00e1culo de luzes, cores e emo\u00e7\u00e3o. Voltada a atletas, fam\u00edlias e apaixonados por corrida, a Noite Feliz conta com tr\u00eas modalidades: Corrida de 6 km, Caminhada 3 km e Corrida Kids. As inscri\u00e7\u00f5es podem ser feitas pelo&nbsp;<a href=\"https:\/\/www.ticketsports.com.br\/e\/corrida-noite-feliz-73902\">site<\/a>, at\u00e9 o dia 24 de novembro, ou enquanto houver vagas. Al\u00e9m do kit exclusivo com camiseta e medalha tem\u00e1tica, cada participante \u00e9 convidado a um gesto de solidariedade: a doa\u00e7\u00e3o de um brinquedo em bom estado no momento da retirada do kit. Esse ato, que \u00e9 obrigat\u00f3rio para todos os inscritos, faz parte da ess\u00eancia do evento, levando alegria a crian\u00e7as que mais precisam durante o Natal.<\/p>\n<p><strong>Datas: 30 de novembro<\/strong><br \/>\nDias e Hor\u00e1rios: domingo, 17h<br \/>\nLocal: Arena da Baixada, no \u00c1gua Verde<\/p>\n<div class=\"ck-horizontal-line ck-widget\" contenteditable=\"false\">\n<hr>\n<\/div>\n<p><strong>NATAL NO SANTU\u00c1RIO S\u00c3O JOS\u00c9<\/strong><\/p>\n<p>O espet\u00e1culo Acordes de Luz do Santu\u00e1rio S\u00e3o Jos\u00e9 \u00e9 uma celebra\u00e7\u00e3o musical que emociona a comunidade do bairro Cap\u00e3o Raso por trazer reflex\u00f5es sobre o momento t\u00e3o importante que \u00e9 Nascimento do Menino Jesus. Gratuito.<\/p>\n<p><strong>Datas: 6 de dezembro<\/strong><br \/>\nDias e Hor\u00e1rios: s\u00e1bado, 19h<br \/>\nLocal: Santu\u00e1rio S\u00e3o Jos\u00e9, no Cap\u00e3o Raso<\/p>\n<div class=\"ck-horizontal-line ck-widget\" contenteditable=\"false\">\n<hr>\n<\/div>\n<p><strong>AUTO DE NATAL: O NASCIMENTO DA LUZ<\/strong><\/p>\n<p>O espet\u00e1culo \u00e9 uma emocionante celebra\u00e7\u00e3o musical e simb\u00f3lica do Natal, encenada no Memorial de Curitiba. A narrativa resgata a hist\u00f3ria do nascimento de Jesus sob a Estrela de Bel\u00e9m, que trouxe ao mundo a mensagem eterna de amor, esperan\u00e7a e humildade. O texto descreve a jornada dos Tr\u00eas Reis Magos, que, ao encontrarem o Deus Menino na manjedoura, reconhecem que o verdadeiro poder reside na simplicidade e no afeto. O evento \u00e9 narrado por Maria e seus Arautos e conta com a performance da Big Belas Band (Orquestra de Jazz) e do grupo vocal N\u00f3s em Canto, que interpretam cl\u00e1ssicas can\u00e7\u00f5es natalinas. O p\u00fablico \u00e9 convidado a uma jornada de f\u00e9 e renova\u00e7\u00e3o, lembrando que o &#8220;verdadeiro Natal acontece toda vez que o amor renasce em n\u00f3s. Gratuito.<\/p>\n<p><strong>Datas: 17 a 21 de dezembro<\/strong><br \/>\nDias e Hor\u00e1rios: quinta a domingo, 20h<br \/>\nLocal: Memorial de Curitiba, no Centro Hist\u00f3rico<\/p>\n<div class=\"ck-horizontal-line ck-widget\" contenteditable=\"false\">\n<hr>\n<\/div>\n<p><strong>NATAL NO INSTITUTO DE EDUCA\u00c7\u00c3O DO PARAN\u00c1<\/strong><\/p>\n<p>Na esquina das ruas Volunt\u00e1rios da P\u00e1tria e Emiliano Perneta, no Centro, o p\u00fablico encontrar\u00e1 uma atra\u00e7\u00e3o imperd\u00edvel da programa\u00e7\u00e3o natalina em Curitiba. As mais belas can\u00e7\u00f5es de Natal ser\u00e3o interpretadas por um coral iluminado nas janelas do Instituto de Educa\u00e7\u00e3o do Paran\u00e1, enchendo a rua com esperan\u00e7a e amor. Gratuito.<\/p>\n<p><strong>Datas: 8, 9 e 10 de dezembro<\/strong><br \/>\nDias e Hor\u00e1rios: segunda, ter\u00e7a e quarta, 19h30<br \/>\nLocal: Instituto de Educa\u00e7\u00e3o do Paran\u00e1, Centro<\/p>\n<div class=\"ck-horizontal-line ck-widget\" contenteditable=\"false\">\n<hr>\n<\/div>\n<p><strong>NATAL NO PAL\u00c1CIO GARIBALDI<\/strong><\/p>\n<p>O Pal\u00e1cio Garibaldi ser\u00e1 novamente o cen\u00e1rio do II Mercatino di Natale, evento que integra a programa\u00e7\u00e3o oficial do Natal de Curitiba e celebra as tradi\u00e7\u00f5es italianas com gastronomia, artesanato e m\u00fasica. A Feira Especial de Natal reunir\u00e1 barracas com produtos t\u00edpicos da culin\u00e1ria e do artesanato italiano, al\u00e9m de apresenta\u00e7\u00f5es art\u00edsticas que prometem encantar o p\u00fablico. Durante os tr\u00eas dias de evento, o p\u00fablico poder\u00e1 visitar o interior do Pal\u00e1cio e conhecer a hist\u00f3ria da Associa\u00e7\u00e3o Giuseppe Garibaldi, que celebra 142 anos de funda\u00e7\u00e3o. Entre os destaques est\u00e1 a tradicional \u00d3pera de Natal e o Pres\u00e9pio Vivo, apresentados nas janelas, sacadas e fachada do Pal\u00e1cio Garibaldi, unindo o encanto da m\u00fasica l\u00edrica e popular \u00e0 beleza da arquitetura centen\u00e1ria. Gratuito.<\/p>\n<p><strong>Datas: 12, 13 e 14 de dezembro<\/strong><br \/>\nDias e Hor\u00e1rios: sexta 19h30, s\u00e1bado das 15h \u00e0s 22h; domingo das 10h \u00e0s 13h (\u00f3pera: sexta e s\u00e1bado, \u00e0s 19h30; e domingo, \u00e0s 12h)<br \/>\nLocal: Pal\u00e1cio Garibaldi, S\u00e3o Francisco<\/p>\n<div class=\"ck-horizontal-line ck-widget\" contenteditable=\"false\">\n<hr>\n<\/div>\n<p><strong>CHANUKA &#8211; A FESTA DAS LUZES<\/strong><\/p>\n<p>No entardecer do dia 15 de dezembro, a comunidade judaica vai celebrar o Chanuka, a Festa das Luzes. No mesmo momento judeus do mundo inteiro acendem o candelabro com oito velas (Chanuka). Em 2025, a festa das luzes completa 28 anos de celebra\u00e7\u00e3o na Pra\u00e7a 29 de Mar\u00e7o, no bairro Merc\u00eas. A festa, que tem dura\u00e7\u00e3o de oito dias, come\u00e7a no p\u00f4r-do-sol do 24\u00ba para o 25\u00ba dia do m\u00eas judaico de kislev, nono m\u00eas do calend\u00e1rio hebraico que equivale aos meses de novembro e dezembro. Gratuito.<\/p>\n<p><strong>Datas: 15 de dezembro<\/strong><br \/>\nDias e Hor\u00e1rios: segunda, 19h<br \/>\nLocal: Pra\u00e7a 29 de mar\u00e7o, Merc\u00eas<\/p>\n<div class=\"ck-horizontal-line ck-widget\" contenteditable=\"false\">\n<hr>\n<\/div>\n<p><strong>NATAL NO HOSPITAL NOSSA SENHORA DAS GRA\u00c7AS<\/strong><\/p>\n<p>A Serenata de Natal no Hospital Nossa Senhora das Gra\u00e7as \u00e9 um momento de afeto, amor e alegria por unir pacientes, familiares e toda a comunidade. A tradicional cantata vai percorrer as ruas pr\u00f3ximas ao hospital e tamb\u00e9m ser\u00e1 poss\u00edvel acompanhar o evento pelas redes sociais da institui\u00e7\u00e3o. Gratuito.<\/p>\n<p><strong>Datas: 18 de dezembro<\/strong><br \/>\nDias e Hor\u00e1rios: quinta-feira, 19h<br \/>\nLocal: Hospital Nossa Senhora das Gra\u00e7as, Merc\u00eas<\/p>\n<div class=\"ck-horizontal-line ck-widget\" contenteditable=\"false\">\n<hr>\n<\/div>\n<p><strong>NATAL NO MERCADO MUNICIPAL<\/strong><\/p>\n<p>O Mercado Municipal de Curitiba celebra a magia da \u00e9poca com o tema \u201cNatal Encantado\u201d, oferecendo uma programa\u00e7\u00e3o gratuita que inclui apresenta\u00e7\u00f5es e shows todos os s\u00e1bados ao meio-dia, al\u00e9m de oficinas e um ambiente festivo. O p\u00fablico pode encontrar uma vasta variedade de produtos natalinos, gastronomia tem\u00e1tica, op\u00e7\u00f5es de presentes, artigos de decora\u00e7\u00e3o e um espa\u00e7o instagram\u00e1vel para registrar a celebra\u00e7\u00e3o. Gratuito.<\/p>\n<p><strong>Datas: 29 de novembro a 20 de dezembro<\/strong><br \/>\nDias e Hor\u00e1rios: apresenta\u00e7\u00f5es: s\u00e1bados, 12h (29\/11, 6, 13 e 20\/12); decora\u00e7\u00e3o: de ter\u00e7a a s\u00e1bado das 8h \u00e0s 18h; domingos das 8h \u00e0s 13h<br \/>\nLocal: Mercado Municipal de Curitiba, Centro<\/p>\n<div class=\"ck-horizontal-line ck-widget\" contenteditable=\"false\">\n<hr>\n<\/div>\n<p><strong>NATAL DO MERCADO DO CAP\u00c3O RASO<\/strong><\/p>\n<p>O Mercado Municipal Cap\u00e3o Raso preparou o \u201cNatal Encantado\u201d, uma programa\u00e7\u00e3o inteiramente gratuita para toda a fam\u00edlia. Com diversas atra\u00e7\u00f5es durante todo o dia, o p\u00fablico poder\u00e1 aproveitar espet\u00e1culos e oficinas, al\u00e9m de encontrar uma variedade de produtos natalinos, gastronomia tem\u00e1tica, op\u00e7\u00f5es de presentes, souvenirs e artigos de decora\u00e7\u00e3o. As grandes novidades s\u00e3o os show produzidos pela Funda\u00e7\u00e3o Cultural de Curitiba (a partir do dia 29\/11) e a oportunidade de visitar o ambiente instagram\u00e1vel do Apartamento do Papai Noel, uma iniciativa especial da construtora Valor Real, patrocinadora do Natal de Curitiba 2025. As festividades contar\u00e3o ainda com apresenta\u00e7\u00f5es e shows todos os s\u00e1bados ao meio-dia. Gratuito.<\/p>\n<p><strong>Datas: 22 de novembro a 20 de dezembro<\/strong><br \/>\nDias e Hor\u00e1rios: apresenta\u00e7\u00f5es de espet\u00e1culo: s\u00e1bados, 15h (29\/11, 6, 13 e 20\/12); decora\u00e7\u00e3o: segunda a sexta das 09h \u00e0s 21h<br \/>\nLocal: Mercado Municipal Cap\u00e3o Raso (em frente ao terminal), Cap\u00e3o Raso<\/p>\n<div class=\"ck-horizontal-line ck-widget\" contenteditable=\"false\">\n<hr>\n<\/div>\n<p><strong>PAR\u00d3QUIA SAGRADOS CORA\u00c7\u00d5ES DE JESUS E MARIA<\/strong><\/p>\n<p>A Par\u00f3quia Sagrados Cora\u00e7\u00f5es de Jesus e Maria convida a todos para vivenciar a esperan\u00e7a do Natal 2025. O evento celebra o Tempo do Advento, preparando os cora\u00e7\u00f5es para a chegada do Salvador com um calend\u00e1rio de missas, celebra\u00e7\u00f5es e liturgias especiais. O destaque deste ano \u00e9 o Espet\u00e1culo de Natal, que ser\u00e1 realizado em dois dias seguidos, unindo a comunidade em torno da mensagem do nascimento de Cristo. A igreja, real\u00e7ada por uma acolhedora decora\u00e7\u00e3o natalina e o tradicional Pres\u00e9pio, oferece um momento de profunda espiritualidade e confraterniza\u00e7\u00e3o para toda a fam\u00edlia. Gratuito.<\/p>\n<p><strong>Datas: 6 e 7 de dezembro<\/strong><br \/>\nDias e Hor\u00e1rios: s\u00e1bados e domingos, 19h30<br \/>\nLocal: Par\u00f3quia Sagrados Cora\u00e7\u00f5es de Jesus e Maria, Hugo Lange<\/p>\n<div class=\"ck-horizontal-line ck-widget\" contenteditable=\"false\">\n<hr>\n<\/div>\n<p><strong>CAMERATA ANTIQUA DE CURITIBA<\/strong><\/p>\n<p>A Camerata Antiqua de Curitiba celebra a temporada natalina com um concerto de repert\u00f3rio de grande beleza: a Cantata &amp; Orat\u00f3rio de Natal do compositor barroco alem\u00e3o Johann Heinrich Rolle (1716-1785). Sob a reg\u00eancia do maestro belga Peter van Heyghen, especialista em performance historicamente informada, o p\u00fablico \u00e9 convidado a mergulhar na rica tradi\u00e7\u00e3o musical do Natal. O concerto contar\u00e1 com a participa\u00e7\u00e3o de renomados solistas (como a soprano Mar\u00edlia Vargas, a mezzosoprano Carolina Faria, o tenor Jabez Lima e o bar\u00edtono Norbert Steidl), proporcionando uma experi\u00eancia musical sublime e ideal para o esp\u00edrito festivo de fim de ano. Ingressos a pre\u00e7os populares.<\/p>\n<p><strong>Datas: 12, 13 e 14 de dezembro<\/strong><br \/>\nDias e Hor\u00e1rios: sexta, 20h; e s\u00e1bados e domingos 18h30<br \/>\nLocal: Capela Santa Maria, Centro<\/p>\n<div class=\"ck-horizontal-line ck-widget\" contenteditable=\"false\">\n<hr>\n<\/div>\n<p><strong>SANTA CASA DE CURITIBA<\/strong><\/p>\n<p>O Natal 2025 na Santa Casa de Miseric\u00f3rdia de Curitiba une a f\u00e9 crist\u00e3 \u00e0 riqueza hist\u00f3rica de seu pr\u00e9dio centen\u00e1rio, um Patrim\u00f4nio Cultural inaugurado em 1880, por Dom Pedro II. O evento convida a comunidade a vivenciar o esp\u00edrito natalino em um local de grande legado na sa\u00fade do Paran\u00e1. A celebra\u00e7\u00e3o contar\u00e1 com uma programa\u00e7\u00e3o especial, destacando a ilumina\u00e7\u00e3o da fachada e momentos que refor\u00e7am os valores de caridade e esperan\u00e7a. Uma oportunidade de prestigiar a arquitetura e a hist\u00f3ria da Santa Casa, celebrando o nascimento de Cristo. Gratuito.<\/p>\n<p><strong>Datas: 17 de dezembro<\/strong><br \/>\nDias e Hor\u00e1rios: quarta-feira, 19h30<br \/>\nLocal: Santa Casa de Miseric\u00f3rdia, Centro<\/p>\n<div class=\"ck-horizontal-line ck-widget\" contenteditable=\"false\">\n<hr>\n<\/div>\n<p><strong>NATAL NA RUA 24 HORAS<\/strong><\/p>\n<p>O ponto tur\u00edstico do Centro de Curitiba ganha um toque especial na programa\u00e7\u00e3o natalina, ideal para o seu tour cultural e de lazer. Todas as sextas-feiras, a partir do dia 28 de novembro (at\u00e9 19\/12), a arquitetura ic\u00f4nica da Rua 24 Horas se ilumina para receber apresenta\u00e7\u00f5es art\u00edsticas e musicais tem\u00e1ticas, oferecendo uma experi\u00eancia sonora e visual que celebra o esp\u00edrito do Natal de Curitiba no ponto tradicional do Centro. Gratuito.<\/p>\n<p><strong>Datas: 28 de novembro, 5, 12 e 19 de dezembro<\/strong><br \/>\nDias e Hor\u00e1rios: apresenta\u00e7\u00f5es: sextas, 18h; e decora\u00e7\u00e3o: segunda a domingo das 9h \u00e0s 23h<br \/>\nLocal: Rua 24 horas, Centro<\/p>\n<p><img decoding=\"async\" src=\"https:\/\/mid-noticias.curitiba.pr.gov.br\/2025\/capa\/00527738.jpg\" alt=\"Espet\u00e1culo de Natal no Parque Tangu\u00e1. Foto: Ricardo Maraj\u00f3\/SECOM\"><br \/>\nFoto: Ricardo Maraj\u00f3\/SECOM<\/p>\n<p><i>Com realiza\u00e7\u00e3o da Prefeitura de Curitiba, o Natal de Curitiba 2025 \u00e9 apresentado pelo Bradesco e tamb\u00e9m tem como patrocinadores: Governo do Paran\u00e1, Ademicon, Condor Super Center, O Botic\u00e1rio, Rumo, Grupo Potencial, Ligga, Uninter, Electrolux, Volvo do Brasil, PUCPR\/Grupo Marista, Fam\u00edlia Madalosso, Cons\u00f3rcio Servopa, MiniPre\u00e7o, Tenda, Favretto, Abrasel-PR, Super Muffato, Valor Real Construtora, Realiza Eventos e Festtone. A programa\u00e7\u00e3o ocorre de 24 de novembro a 6 de janeiro, com apresenta\u00e7\u00f5es at\u00e9 23 de dezembro.<\/i><\/p>\n<\/div>\n<\/div>\n<\/div>\n<\/div>\n<div class=\"row\">\n<div class=\"col text-right compNoticias\">\n<div class=\"d-flex midiasDetalheNoticias\">&nbsp;<\/div>\n<\/div>\n<\/div>\n","protected":false},"excerpt":{"rendered":"<p>Texto: Roberto Couto Secretaria Municipal da Comunica\u00e7\u00e3o Social Com o tema \u201cJuntos, o inesquec\u00edvel acontece\u201d,&nbsp;o&nbsp;Natal de Curitiba 2025&nbsp;come\u00e7a oficialmente, nesta segunda-feira (24\/11), \u00e0s 19h30, e promete encantar a todas as fam\u00edlias curitibanas e turistas. O prefeito Eduardo Pimentel vai abrir a festa, na Pra\u00e7a Santos Andrade, e tamb\u00e9m acompanhar\u00e1 o [&hellip;]<\/p>\n","protected":false},"author":1,"featured_media":10212,"comment_status":"open","ping_status":"open","sticky":false,"template":"","format":"standard","meta":{"ngg_post_thumbnail":0,"jetpack_post_was_ever_published":false,"amp_status":"","_jetpack_newsletter_access":"","_jetpack_dont_email_post_to_subs":false,"_jetpack_newsletter_tier_id":0,"_jetpack_memberships_contains_paywalled_content":false,"_jetpack_memberships_contains_paid_content":false,"footnotes":""},"categories":[17,99,3,199,196,103,18],"tags":[],"class_list":["post-10211","post","type-post","status-publish","format-standard","has-post-thumbnail","hentry","category-comercio","category-cultura","category-curitiba","category-curitiba-de-volta-ao-centro","category-eventos","category-natal","category-prefeitura"],"aioseo_notices":[],"jetpack_featured_media_url":"https:\/\/gazetadoabranches.com\/wp-content\/uploads\/2025\/11\/00530150.png","jetpack-related-posts":[{"id":10238,"url":"https:\/\/gazetadoabranches.com\/index.php\/2025\/12\/15\/a-espera-acabou-superproducoes-do-disney-celebra-um-natal-inesquecivel-e-do-parque-tangua-estreiam-nesta-semana\/","url_meta":{"origin":10211,"position":0},"title":"A espera acabou: superprodu\u00e7\u00f5es do Disney Celebra: Um Natal Inesquec\u00edvel e do Parque Tangu\u00e1 estreiam nesta semana","author":"Gazeta do Abranches","date":"dezembro 15, 2025","format":false,"excerpt":"\u00a0Foto: Ricardo Maraj\u00f3\/SECOM (arquivo) Uma das semanas mais aguardadas do Natal de Curitiba 2025 est\u00e1 prestes a ter in\u00edcio. Com ingressos esgotados come\u00e7am os shows ao vivo do Disney Celebra: Um Natal Inesquec\u00edvel, que ocorre pela primeira vez no Brasil. Outra superprodu\u00e7\u00e3o que estreia \u00e9 o espet\u00e1culo Hist\u00f3ria da Natividade,\u2026","rel":"","context":"Em &quot;Bairros&quot;","block_context":{"text":"Bairros","link":"https:\/\/gazetadoabranches.com\/index.php\/category\/bairros\/"},"img":{"alt_text":"16\/12 - estreia do show ao vivo do Disney Celebra: Um Natal Inesquec\u00edvel. Foto: Divulga\u00e7\u00e3o","src":"https:\/\/i0.wp.com\/gazetadoabranches.com\/wp-content\/uploads\/2025\/12\/00536020.png?resize=350%2C200&ssl=1","width":350,"height":200,"srcset":"https:\/\/i0.wp.com\/gazetadoabranches.com\/wp-content\/uploads\/2025\/12\/00536020.png?resize=350%2C200&ssl=1 1x, https:\/\/i0.wp.com\/gazetadoabranches.com\/wp-content\/uploads\/2025\/12\/00536020.png?resize=525%2C300&ssl=1 1.5x, https:\/\/i0.wp.com\/gazetadoabranches.com\/wp-content\/uploads\/2025\/12\/00536020.png?resize=700%2C400&ssl=1 2x"},"classes":[]},{"id":9938,"url":"https:\/\/gazetadoabranches.com\/index.php\/2025\/08\/01\/natal-de-curitiba-2025-tera-palco-principal-no-centro-e-contratacao-de-700-profissionais-da-cultura\/","url_meta":{"origin":10211,"position":1},"title":"Natal de Curitiba 2025 ter\u00e1 palco principal no Centro e contrata\u00e7\u00e3o de 700 profissionais da cultura","author":"Gazeta do Abranches","date":"agosto 1, 2025","format":false,"excerpt":"A programa\u00e7\u00e3o cultural do\u00a0Natal de Curitiba 2025, o maior Natal do Brasil, chega com muitas novidades. S\u00e3o novos palcos, espet\u00e1culos c\u00eanicos in\u00e9ditos e figurinos especialmente desenvolvidos para a temporada. Para a realiza\u00e7\u00e3o de tantas produ\u00e7\u00f5es, a Funda\u00e7\u00e3o Cultural de Curitiba (FCC) prev\u00ea a contrata\u00e7\u00e3o direta de aproximadamente 700 profissionais da\u2026","rel":"","context":"Em &quot;Natal&quot;","block_context":{"text":"Natal","link":"https:\/\/gazetadoabranches.com\/index.php\/category\/natal\/"},"img":{"alt_text":"","src":"https:\/\/i0.wp.com\/gazetadoabranches.com\/wp-content\/uploads\/2025\/08\/Natal-2025.png?resize=350%2C200&ssl=1","width":350,"height":200,"srcset":"https:\/\/i0.wp.com\/gazetadoabranches.com\/wp-content\/uploads\/2025\/08\/Natal-2025.png?resize=350%2C200&ssl=1 1x, https:\/\/i0.wp.com\/gazetadoabranches.com\/wp-content\/uploads\/2025\/08\/Natal-2025.png?resize=525%2C300&ssl=1 1.5x, https:\/\/i0.wp.com\/gazetadoabranches.com\/wp-content\/uploads\/2025\/08\/Natal-2025.png?resize=700%2C400&ssl=1 2x"},"classes":[]},{"id":10139,"url":"https:\/\/gazetadoabranches.com\/index.php\/2025\/10\/29\/eduardo-pimentel-apresenta-maior-programacao-de-natal-da-historia-de-curitiba\/","url_meta":{"origin":10211,"position":2},"title":"Eduardo Pimentel apresenta maior programa\u00e7\u00e3o de Natal da hist\u00f3ria de Curitiba","author":"Gazeta do Abranches","date":"outubro 29, 2025","format":false,"excerpt":"Prefeito Eduardo Pimentel apresenta a programa\u00e7\u00e3o do Natal de Curitiba 2025 com o tema \u201cJuntos, o inesquec\u00edvel acontece\u201d. Curitiba, 27\/10\/2025. Foto: Pedro Ribas\/SECOM Texto: Adriano Kotsan e Roberto Couto Secretaria Municipal da Comunica\u00e7\u00e3o Social Com o tema \u201cJuntos, o inesquec\u00edvel acontece\u201d, o\u00a0Natal de Curitiba 2025\u00a0estreia no dia 24 de novembro\u2026","rel":"","context":"Em &quot;Comemora\u00e7\u00e3o&quot;","block_context":{"text":"Comemora\u00e7\u00e3o","link":"https:\/\/gazetadoabranches.com\/index.php\/category\/comemoracao\/"},"img":{"alt_text":"Prefeito Eduardo Pimentel apresenta a programa\u00e7\u00e3o do Natal de Curitiba 2025 com o tema \u201cJuntos, o inesquec\u00edvel acontece\u201d. Curitiba, 27\/10\/2025. Foto: Pedro Ribas\/SECOM","src":"https:\/\/i0.wp.com\/gazetadoabranches.com\/wp-content\/uploads\/2025\/10\/00524698.png?resize=350%2C200&ssl=1","width":350,"height":200,"srcset":"https:\/\/i0.wp.com\/gazetadoabranches.com\/wp-content\/uploads\/2025\/10\/00524698.png?resize=350%2C200&ssl=1 1x, https:\/\/i0.wp.com\/gazetadoabranches.com\/wp-content\/uploads\/2025\/10\/00524698.png?resize=525%2C300&ssl=1 1.5x, https:\/\/i0.wp.com\/gazetadoabranches.com\/wp-content\/uploads\/2025\/10\/00524698.png?resize=700%2C400&ssl=1 2x"},"classes":[]},{"id":9429,"url":"https:\/\/gazetadoabranches.com\/index.php\/2024\/12\/19\/espetaculo-apoteotico-do-natal-de-curitiba-emociona-multidao-no-parque-tangua\/","url_meta":{"origin":10211,"position":3},"title":"Espet\u00e1culo apote\u00f3tico do Natal de Curitiba emociona multid\u00e3o no Parque Tangu\u00e1","author":"Gazeta do Abranches","date":"dezembro 19, 2024","format":false,"excerpt":"O espet\u00e1culo Natal do Cora\u00e7\u00e3o foi apote\u00f3tico, transformando o Parque Tangu\u00e1 em um cen\u00e1rio de sonhos na noite desta quarta-feira (18\/12). Cores, luzes, malabarismos, poesia e m\u00fasicas natalinas encantaram o p\u00fablico que lotou o espa\u00e7o para acompanhar a apresenta\u00e7\u00e3o realizada em um palco montado sobre o lago. Entre os espectadores\u2026","rel":"","context":"Em &quot;Natal&quot;","block_context":{"text":"Natal","link":"https:\/\/gazetadoabranches.com\/index.php\/category\/natal\/"},"img":{"alt_text":"","src":"https:\/\/i0.wp.com\/gazetadoabranches.com\/wp-content\/uploads\/2024\/12\/Natal-tangua-2024.png?resize=350%2C200&ssl=1","width":350,"height":200,"srcset":"https:\/\/i0.wp.com\/gazetadoabranches.com\/wp-content\/uploads\/2024\/12\/Natal-tangua-2024.png?resize=350%2C200&ssl=1 1x, https:\/\/i0.wp.com\/gazetadoabranches.com\/wp-content\/uploads\/2024\/12\/Natal-tangua-2024.png?resize=525%2C300&ssl=1 1.5x, https:\/\/i0.wp.com\/gazetadoabranches.com\/wp-content\/uploads\/2024\/12\/Natal-tangua-2024.png?resize=700%2C400&ssl=1 2x"},"classes":[]},{"id":9434,"url":"https:\/\/gazetadoabranches.com\/index.php\/2024\/12\/19\/em-noite-emocionante-maior-escultura-em-bronze-de-curitiba-e-inaugurada-no-parque-tangua\/","url_meta":{"origin":10211,"position":4},"title":"Em noite emocionante, maior escultura em bronze de Curitiba \u00e9 inaugurada no Parque Tangu\u00e1","author":"Gazeta do Abranches","date":"dezembro 19, 2024","format":false,"excerpt":"Curitiba viveu uma noite m\u00e1gica nesta quarta-feira (18\/12), marcada pela uni\u00e3o da arte, do Natal e do esp\u00edrito de supera\u00e7\u00e3o. O prefeito Rafael Greca e o vice-prefeito e prefeito eleito, Eduardo Pimentel, inauguraram a maior escultura em bronze ao ar livre da cidade - o Pegasus, uma obra monumental com\u2026","rel":"","context":"Em &quot;Natal&quot;","block_context":{"text":"Natal","link":"https:\/\/gazetadoabranches.com\/index.php\/category\/natal\/"},"img":{"alt_text":"","src":"https:\/\/i0.wp.com\/gazetadoabranches.com\/wp-content\/uploads\/2024\/12\/Tangua-Pegasus.png?resize=350%2C200&ssl=1","width":350,"height":200,"srcset":"https:\/\/i0.wp.com\/gazetadoabranches.com\/wp-content\/uploads\/2024\/12\/Tangua-Pegasus.png?resize=350%2C200&ssl=1 1x, https:\/\/i0.wp.com\/gazetadoabranches.com\/wp-content\/uploads\/2024\/12\/Tangua-Pegasus.png?resize=525%2C300&ssl=1 1.5x, https:\/\/i0.wp.com\/gazetadoabranches.com\/wp-content\/uploads\/2024\/12\/Tangua-Pegasus.png?resize=700%2C400&ssl=1 2x"},"classes":[]},{"id":9382,"url":"https:\/\/gazetadoabranches.com\/index.php\/2024\/11\/21\/natal-de-curitiba-2024-comeca-nesta-sexta-feira-com-espetaculo-no-largo-da-ordem-e-luzes-por-toda-a-cidade\/","url_meta":{"origin":10211,"position":5},"title":"Natal de Curitiba 2024 come\u00e7a nesta sexta-feira com espet\u00e1culo no Largo da Ordem e luzes por toda a cidade","author":"Gazeta do Abranches","date":"novembro 21, 2024","format":false,"excerpt":"O prefeito Rafael Greca abre nesta sexta-feira (22\/11), \u00e0s 19h30, a programa\u00e7\u00e3o do Natal de Curitiba \u2013 Luz dos Pinhais 2024, consolidando a cidade como refer\u00eancia em celebra\u00e7\u00f5es natalinas e com a maior programa\u00e7\u00e3o gratuita de fim de ano do Brasil. A abertura acontece no Largo da Ordem, com o\u2026","rel":"","context":"Em &quot;Natal&quot;","block_context":{"text":"Natal","link":"https:\/\/gazetadoabranches.com\/index.php\/category\/natal\/"},"img":{"alt_text":"","src":"https:\/\/i0.wp.com\/gazetadoabranches.com\/wp-content\/uploads\/2024\/11\/Natal-Ctba-2024.png?resize=350%2C200&ssl=1","width":350,"height":200,"srcset":"https:\/\/i0.wp.com\/gazetadoabranches.com\/wp-content\/uploads\/2024\/11\/Natal-Ctba-2024.png?resize=350%2C200&ssl=1 1x, https:\/\/i0.wp.com\/gazetadoabranches.com\/wp-content\/uploads\/2024\/11\/Natal-Ctba-2024.png?resize=525%2C300&ssl=1 1.5x, https:\/\/i0.wp.com\/gazetadoabranches.com\/wp-content\/uploads\/2024\/11\/Natal-Ctba-2024.png?resize=700%2C400&ssl=1 2x"},"classes":[]}],"jetpack_likes_enabled":true,"jetpack_sharing_enabled":true,"_links":{"self":[{"href":"https:\/\/gazetadoabranches.com\/index.php\/wp-json\/wp\/v2\/posts\/10211","targetHints":{"allow":["GET"]}}],"collection":[{"href":"https:\/\/gazetadoabranches.com\/index.php\/wp-json\/wp\/v2\/posts"}],"about":[{"href":"https:\/\/gazetadoabranches.com\/index.php\/wp-json\/wp\/v2\/types\/post"}],"author":[{"embeddable":true,"href":"https:\/\/gazetadoabranches.com\/index.php\/wp-json\/wp\/v2\/users\/1"}],"replies":[{"embeddable":true,"href":"https:\/\/gazetadoabranches.com\/index.php\/wp-json\/wp\/v2\/comments?post=10211"}],"version-history":[{"count":1,"href":"https:\/\/gazetadoabranches.com\/index.php\/wp-json\/wp\/v2\/posts\/10211\/revisions"}],"predecessor-version":[{"id":10213,"href":"https:\/\/gazetadoabranches.com\/index.php\/wp-json\/wp\/v2\/posts\/10211\/revisions\/10213"}],"wp:featuredmedia":[{"embeddable":true,"href":"https:\/\/gazetadoabranches.com\/index.php\/wp-json\/wp\/v2\/media\/10212"}],"wp:attachment":[{"href":"https:\/\/gazetadoabranches.com\/index.php\/wp-json\/wp\/v2\/media?parent=10211"}],"wp:term":[{"taxonomy":"category","embeddable":true,"href":"https:\/\/gazetadoabranches.com\/index.php\/wp-json\/wp\/v2\/categories?post=10211"},{"taxonomy":"post_tag","embeddable":true,"href":"https:\/\/gazetadoabranches.com\/index.php\/wp-json\/wp\/v2\/tags?post=10211"}],"curies":[{"name":"wp","href":"https:\/\/api.w.org\/{rel}","templated":true}]}}