{"id":10301,"date":"2026-01-27T19:47:15","date_gmt":"2026-01-27T22:47:15","guid":{"rendered":"https:\/\/gazetadoabranches.com\/?p=10301"},"modified":"2026-01-27T19:47:15","modified_gmt":"2026-01-27T22:47:15","slug":"da-provisao-a-permanencia-por-que-o-brasil-precisa-transformar-o-bolsa-familia-em-uma-renda-basica-de-cidadania","status":"publish","type":"post","link":"https:\/\/gazetadoabranches.com\/index.php\/2026\/01\/27\/da-provisao-a-permanencia-por-que-o-brasil-precisa-transformar-o-bolsa-familia-em-uma-renda-basica-de-cidadania\/","title":{"rendered":"Da Provis\u00e3o \u00e0 Perman\u00eancia: Por que o Brasil Precisa Transformar o Bolsa Fam\u00edlia em uma Renda B\u00e1sica de Cidadania"},"content":{"rendered":"<p><img loading=\"lazy\" decoding=\"async\" class=\"aligncenter size-full wp-image-10302\" src=\"https:\/\/gazetadoabranches.com\/wp-content\/uploads\/2026\/01\/WhatsApp-Image-2026-01-22-at-10.40.51-1.jpeg\" alt=\"\" width=\"768\" height=\"614\" srcset=\"https:\/\/gazetadoabranches.com\/wp-content\/uploads\/2026\/01\/WhatsApp-Image-2026-01-22-at-10.40.51-1.jpeg 768w, https:\/\/gazetadoabranches.com\/wp-content\/uploads\/2026\/01\/WhatsApp-Image-2026-01-22-at-10.40.51-1-300x240.jpeg 300w\" sizes=\"auto, (max-width: 768px) 100vw, 768px\" \/>(fotos: Ascom\/Romanelli)<\/p>\n<p>Luiz Cl\u00e1udio Romanelli<\/p>\n<p>Por d\u00e9cadas, o Bolsa Fam\u00edlia tem sido a \u00e2ncora social do Brasil, um dos programas de transfer\u00eancia condicionada de renda mais estudados e elogiados do mundo. Ele cumpriu um papel hist\u00f3rico crucial ao reduzir a fome e a pobreza extrema, funcionando como uma rede de prote\u00e7\u00e3o emergencial. No entanto, o Brasil mudou. O pa\u00eds enfrenta um paradoxo contempor\u00e2neo: \u00edndices de pobreza que teimam em voltar a subir e, ao mesmo tempo, um verdadeiro apag\u00e3o de m\u00e3o de obra em setores cruciais como constru\u00e7\u00e3o civil, ind\u00fastria, com\u00e9rcio, servi\u00e7os, log\u00edstica e tecnologia. \u00c9 hora de dar o pr\u00f3ximo passo l\u00f3gico na prote\u00e7\u00e3o social: converter o Bolsa Fam\u00edlia em um programa de renda m\u00ednima permanente, uma pol\u00edtica de cidadania, n\u00e3o de mera assist\u00eancia.<\/p>\n<p>O modelo atual, por ser condicionado e sujeito a revis\u00f5es peri\u00f3dicas, cria um efeito perverso conhecido como &#8220;pobreza do desenquadramento&#8221;. Fam\u00edlias que, gra\u00e7as ao benef\u00edcio, conseguem uma pequena melhoria de renda via trabalho informal ou sazonal, correm o risco de perder o apoio exatamente quando mais precisam de estabilidade para consolidar esse progresso. Isso gera um desincentivo \u00e0 formaliza\u00e7\u00e3o. O medo de perder a seguran\u00e7a m\u00ednima trava a transi\u00e7\u00e3o para o mercado de trabalho registrado, mantendo milh\u00f5es em uma zona cinzenta de informalidade e vulnerabilidade.<\/p>\n<p>Uma Renda B\u00e1sica de Cidadania, incondicional e permanente para os estratos mais pobres da popula\u00e7\u00e3o, resolveria essa contradi\u00e7\u00e3o. Ao garantir um piso financeiro inabal\u00e1vel, ela libertaria o potencial produtivo do indiv\u00edduo. Com a seguran\u00e7a de que sua fam\u00edlia continuar\u00e1 tendo o essencial, o cidad\u00e3o pode buscar qualifica\u00e7\u00e3o, arriscar-se em um emprego formal de entrada (mesmo que inicialmente pouco remunerado) ou at\u00e9 empreender micro neg\u00f3cios sem o p\u00e2nico de ficar a zero. A renda b\u00e1sica atua como um alicerce, n\u00e3o como uma amarra. Ela confere dignidade e poder de barganha: ningu\u00e9m \u00e9 for\u00e7ado a aceitar condi\u00e7\u00f5es de trabalho an\u00e1logas \u00e0 escravid\u00e3o por desespero.<\/p>\n<p><img loading=\"lazy\" decoding=\"async\" class=\"aligncenter size-full wp-image-10303\" src=\"https:\/\/gazetadoabranches.com\/wp-content\/uploads\/2026\/01\/WhatsApp-Image-2026-01-22-at-10.40.50-1.jpeg\" alt=\"\" width=\"800\" height=\"600\" srcset=\"https:\/\/gazetadoabranches.com\/wp-content\/uploads\/2026\/01\/WhatsApp-Image-2026-01-22-at-10.40.50-1.jpeg 800w, https:\/\/gazetadoabranches.com\/wp-content\/uploads\/2026\/01\/WhatsApp-Image-2026-01-22-at-10.40.50-1-300x225.jpeg 300w, https:\/\/gazetadoabranches.com\/wp-content\/uploads\/2026\/01\/WhatsApp-Image-2026-01-22-at-10.40.50-1-768x576.jpeg 768w\" sizes=\"auto, (max-width: 800px) 100vw, 800px\" \/><br \/>\n(fotos: Ascom\/Romanelli)<\/p>\n<p>A discuss\u00e3o sobre a renda b\u00e1sica \u00e9 uma tend\u00eancia global robusta, apoiada por uma s\u00f3lida base de evid\u00eancias. Diversos pa\u00edses de alta renda t\u00eam conduzido projetos-piloto significativos. A Finl\u00e2ndia, por exemplo, implementou um experimento nacional que mostrou melhoras not\u00e1veis no bem-estar e no estresse financeiro dos participantes, sem impactos negativos sobre seus n\u00edveis de emprego. Da mesma forma, a Espanha lan\u00e7ou um programa pioneiro que demonstrou ser uma ferramenta poderosa na redu\u00e7\u00e3o da pobreza severa. Mais perto da nossa realidade, a pr\u00f3pria experi\u00eancia do Aux\u00edlio Brasil em sua fase ampliada durante a pandemia ofereceu um vislumbre crucial: ela demonstrou o poder estabilizador e o efeito multiplicador que uma transfer\u00eancia de renda robusta tem na economia local e na seguran\u00e7a das fam\u00edlias.<\/p>\n<p>O argumento econ\u00f4mico \u00e9 contundente. Um programa permanente, com regras claras, reduz a burocracia e os custos onerosos de gest\u00e3o do sistema de focaliza\u00e7\u00e3o, que \u00e9 complexo e sujeito a falhas. O dinheiro, na m\u00e3o dos mais pobres, \u00e9 imediatamente convertido em consumo de bens b\u00e1sicos, aquecendo a economia local, especialmente no interior do pa\u00eds, e gerando demanda que sustenta empregos. Para combater efetivamente o &#8220;apag\u00e3o de m\u00e3o de obra&#8221;, precisamos n\u00e3o s\u00f3 de cursos t\u00e9cnicos, mas de pessoas psicologicamente e materialmente seguras para preencher essas vagas. A renda b\u00e1sica fornece essa seguran\u00e7a, permitindo que indiv\u00edduos aceitem empregos que exigem deslocamento ou um per\u00edodo inicial de adapta\u00e7\u00e3o, sem o risco imediato de inseguran\u00e7a alimentar.<\/p>\n<p>A transi\u00e7\u00e3o exigir\u00e1 responsabilidade fiscal e um debate nacional s\u00e9rio sobre fontes de financiamento permanentes. Podemos discutir a reformula\u00e7\u00e3o de subs\u00eddios ineficientes, a melhoria na arrecada\u00e7\u00e3o de grandes fortunas ou a vincula\u00e7\u00e3o a receitas de recursos naturais, garantindo que o recurso seja est\u00e1vel e previs\u00edvel. O desafio \u00e9 grande, mas o custo da ina\u00e7\u00e3o \u00e9 incalculavelmente maior: perpetuar um ciclo de pobreza e perder a janela hist\u00f3rica de qualificar e integrar milh\u00f5es de brasileiros a uma economia moderna e produtiva.<\/p>\n<p>Transformar o Bolsa Fam\u00edlia em uma Renda B\u00e1sica de Cidadania n\u00e3o \u00e9 um gasto, \u00e9 o mais estrat\u00e9gico investimento no capital humano e na coes\u00e3o social do Brasil. \u00c9 a evolu\u00e7\u00e3o de um modelo que ajuda a sobreviver para um que efetivamente empodera para crescer. \u00c9 a pol\u00edtica social do s\u00e9culo XXI, preparada para enfrentar a automa\u00e7\u00e3o e a volatilidade do trabalho, e fundamental para construir uma economia mais din\u00e2mica e, finalmente, verdadeiramente inclusiva. O Brasil tem a oportunidade e a obriga\u00e7\u00e3o de ousar nesse passo.<\/p>\n<p>Luiz Claudio Romanelli, \u00e9 deputado estadual (PSD), advogado e especialista em gest\u00e3o urbana (PUCPR) e L\u00edder do PSD na Assembleia Legislativa do Paran\u00e1<\/p>\n<p>&nbsp;<\/p>\n","protected":false},"excerpt":{"rendered":"<p>(fotos: Ascom\/Romanelli) Luiz Cl\u00e1udio Romanelli Por d\u00e9cadas, o Bolsa Fam\u00edlia tem sido a \u00e2ncora social do Brasil, um dos programas de transfer\u00eancia condicionada de renda mais estudados e elogiados do mundo. Ele cumpriu um papel hist\u00f3rico crucial ao reduzir a fome e a pobreza extrema, funcionando como uma rede de [&hellip;]<\/p>\n","protected":false},"author":1,"featured_media":10302,"comment_status":"open","ping_status":"open","sticky":false,"template":"","format":"standard","meta":{"ngg_post_thumbnail":0,"jetpack_post_was_ever_published":false,"amp_status":"","_jetpack_newsletter_access":"","_jetpack_dont_email_post_to_subs":false,"_jetpack_newsletter_tier_id":0,"_jetpack_memberships_contains_paywalled_content":false,"_jetpack_memberships_contains_paid_content":false,"footnotes":""},"categories":[30,7,3,48,36],"tags":[],"class_list":["post-10301","post","type-post","status-publish","format-standard","has-post-thumbnail","hentry","category-alimentacao","category-brasil","category-curitiba","category-governo-federal","category-politica"],"aioseo_notices":[],"jetpack_featured_media_url":"https:\/\/gazetadoabranches.com\/wp-content\/uploads\/2026\/01\/WhatsApp-Image-2026-01-22-at-10.40.51-1.jpeg","jetpack-related-posts":[{"id":8989,"url":"https:\/\/gazetadoabranches.com\/index.php\/2023\/07\/24\/deputado-luiz-claudio-romanelli-psd-exalta-recriacao-do-programa-de-aquisicao-de-alimentos\/","url_meta":{"origin":10301,"position":0},"title":"DEPUTADO LUIZ CLAUDIO ROMANELLI (PSD) EXALTA RECRIA\u00c7\u00c3O DO PROGRAMA DE AQUISI\u00c7\u00c3O DE ALIMENTOS","author":"Gazeta do Abranches","date":"julho 24, 2023","format":false,"excerpt":"O governo federal anunciou nesta quinta-feira, 20, a san\u00e7\u00e3o do presidente Luiz In\u00e1cio Lula da Silva (PT) \u00e0 lei que recria o Programa de Aquisi\u00e7\u00e3o de Alimentos (PAA). Para o deputado Luiz Claudio Romanelli (PSD) esta \u00e9 uma pol\u00edtica p\u00fablica essencial para garantir seguran\u00e7a alimentar para a popula\u00e7\u00e3o mais vulner\u00e1vel\u2026","rel":"","context":"Em &quot;Alep&quot;","block_context":{"text":"Alep","link":"https:\/\/gazetadoabranches.com\/index.php\/category\/alep\/"},"img":{"alt_text":"","src":"https:\/\/i0.wp.com\/gazetadoabranches.com\/wp-content\/uploads\/2023\/07\/Romanelli-recria%C3%A7%C3%A3o.jpg?resize=350%2C200&ssl=1","width":350,"height":200,"srcset":"https:\/\/i0.wp.com\/gazetadoabranches.com\/wp-content\/uploads\/2023\/07\/Romanelli-recria%C3%A7%C3%A3o.jpg?resize=350%2C200&ssl=1 1x, https:\/\/i0.wp.com\/gazetadoabranches.com\/wp-content\/uploads\/2023\/07\/Romanelli-recria%C3%A7%C3%A3o.jpg?resize=525%2C300&ssl=1 1.5x"},"classes":[]},{"id":9994,"url":"https:\/\/gazetadoabranches.com\/index.php\/2025\/08\/25\/romanelli-apoia-mobilizacao-dos-consegs-de-curitiba-contra-a-apologia-ao-uso-de-drogas\/","url_meta":{"origin":10301,"position":1},"title":"ROMANELLI APOIA MOBILIZA\u00c7\u00c3O DOS CONSEGS DE CURITIBA CONTRA A APOLOGIA AO USO DE DROGAS","author":"Gazeta do Abranches","date":"agosto 25, 2025","format":false,"excerpt":"O deputado Luiz Claudio Romanelli (PSD) assinou a nota de rep\u00fadio dos 25 Consegs (conselhos comunit\u00e1rios de seguran\u00e7a) de Curitiba contra a apologia ao uso de drogas, o que ficou evidenciado na audi\u00eancia p\u00fablica realizada na C\u00e2mara Municipal no dia 5 de agosto. \u201cUma audi\u00eancia que, em vez de discutir\u2026","rel":"","context":"Em &quot;Conseg&quot;","block_context":{"text":"Conseg","link":"https:\/\/gazetadoabranches.com\/index.php\/category\/conseg\/"},"img":{"alt_text":"","src":"https:\/\/i0.wp.com\/gazetadoabranches.com\/wp-content\/uploads\/2025\/08\/Romanelli-Consegs.jpg?resize=350%2C200&ssl=1","width":350,"height":200,"srcset":"https:\/\/i0.wp.com\/gazetadoabranches.com\/wp-content\/uploads\/2025\/08\/Romanelli-Consegs.jpg?resize=350%2C200&ssl=1 1x, https:\/\/i0.wp.com\/gazetadoabranches.com\/wp-content\/uploads\/2025\/08\/Romanelli-Consegs.jpg?resize=525%2C300&ssl=1 1.5x"},"classes":[]},{"id":7642,"url":"https:\/\/gazetadoabranches.com\/index.php\/2021\/06\/08\/governo-propoe-isencao-ou-desconto-para-idosos-de-baixa-renda-no-transporte-intermunicipal\/","url_meta":{"origin":10301,"position":2},"title":"Governo prop\u00f5e isen\u00e7\u00e3o ou desconto para idosos de baixa renda no transporte intermunicipal","author":"Gazeta do Abranches","date":"junho 8, 2021","format":false,"excerpt":"Elaborada pela Secretaria de Justi\u00e7a, Fam\u00edlia e Trabalho, a iniciativa visa assegurar os benef\u00edcios para as pessoas com idade igual ou superior a 60 anos e com renda igual ou inferior a 2 sal\u00e1rios-m\u00ednimos. A medida j\u00e1 est\u00e1 prevista do Estatuto do Idoso. Pensando em melhorar a\u00a0qualidade de vida das\u2026","rel":"","context":"Em &quot;Governo&quot;","block_context":{"text":"Governo","link":"https:\/\/gazetadoabranches.com\/index.php\/category\/governo\/"},"img":{"alt_text":"","src":"https:\/\/i0.wp.com\/gazetadoabranches.com\/wp-content\/uploads\/2021\/06\/Isen%C3%A7%C3%A3o-de-passagem.jpeg?resize=350%2C200&ssl=1","width":350,"height":200,"srcset":"https:\/\/i0.wp.com\/gazetadoabranches.com\/wp-content\/uploads\/2021\/06\/Isen%C3%A7%C3%A3o-de-passagem.jpeg?resize=350%2C200&ssl=1 1x, https:\/\/i0.wp.com\/gazetadoabranches.com\/wp-content\/uploads\/2021\/06\/Isen%C3%A7%C3%A3o-de-passagem.jpeg?resize=525%2C300&ssl=1 1.5x, https:\/\/i0.wp.com\/gazetadoabranches.com\/wp-content\/uploads\/2021\/06\/Isen%C3%A7%C3%A3o-de-passagem.jpeg?resize=700%2C400&ssl=1 2x, https:\/\/i0.wp.com\/gazetadoabranches.com\/wp-content\/uploads\/2021\/06\/Isen%C3%A7%C3%A3o-de-passagem.jpeg?resize=1050%2C600&ssl=1 3x"},"classes":[]},{"id":8951,"url":"https:\/\/gazetadoabranches.com\/index.php\/2023\/06\/05\/deputado-luiz-claudio-romanelli-psd-diz-que-turismo-ja-faz-parte-da-matriz-economica-do-norte-do-parana\/","url_meta":{"origin":10301,"position":3},"title":"Deputado Luiz Claudio Romanelli (PSD) diz que turismo j\u00e1 faz parte da matriz econ\u00f4mica do Norte do Paran\u00e1","author":"Gazeta do Abranches","date":"junho 5, 2023","format":false,"excerpt":"Em entrevista ao jornalista Gildo Alves na R\u00e1dio FM 104 do Norte Pioneiro, o deputado Luiz Claudio Romanelli (PSD) disse nesta sexta-feira, 2, que o turismo j\u00e1 faz parte da matriz econ\u00f4mica do Norte Pioneiro ao destacar as rotas do Ros\u00e1rio, do Caf\u00e9 e da \u00c1gua Doce e os empreendimentos\u2026","rel":"","context":"Em &quot;Alep&quot;","block_context":{"text":"Alep","link":"https:\/\/gazetadoabranches.com\/index.php\/category\/alep\/"},"img":{"alt_text":"","src":"https:\/\/i0.wp.com\/gazetadoabranches.com\/wp-content\/uploads\/2023\/06\/Romanelli-norte.jpg?resize=350%2C200&ssl=1","width":350,"height":200,"srcset":"https:\/\/i0.wp.com\/gazetadoabranches.com\/wp-content\/uploads\/2023\/06\/Romanelli-norte.jpg?resize=350%2C200&ssl=1 1x, https:\/\/i0.wp.com\/gazetadoabranches.com\/wp-content\/uploads\/2023\/06\/Romanelli-norte.jpg?resize=525%2C300&ssl=1 1.5x, https:\/\/i0.wp.com\/gazetadoabranches.com\/wp-content\/uploads\/2023\/06\/Romanelli-norte.jpg?resize=700%2C400&ssl=1 2x"},"classes":[]},{"id":9909,"url":"https:\/\/gazetadoabranches.com\/index.php\/2025\/07\/10\/deputado-luiz-claudio-romanelli-psd-destaca-ldo-com-r-66-bilhoes-em-investimentos-para-2026\/","url_meta":{"origin":10301,"position":4},"title":"Deputado Luiz Claudio Romanelli (PSD) destaca LDO com R$ 6,6 bilh\u00f5es em investimentos para 2026","author":"Gazeta do Abranches","date":"julho 10, 2025","format":false,"excerpt":"O deputado Luiz Claudio Romanelli (PSD), presidente da Comiss\u00e3o de Or\u00e7amento, destacou os investimentos de R$ 6,6 bilh\u00f5es previstos na LDO aprovada para 2026. \"Somados os investimentos deste ano (2025) com os previstos para 2026, ser\u00e3o R$ 13 bilh\u00f5es em dois anos e um total de R$ 23,8 bilh\u00f5es neste\u2026","rel":"","context":"Em &quot;Alep&quot;","block_context":{"text":"Alep","link":"https:\/\/gazetadoabranches.com\/index.php\/category\/alep\/"},"img":{"alt_text":"","src":"https:\/\/i0.wp.com\/gazetadoabranches.com\/wp-content\/uploads\/2025\/07\/Luiz-Claudio-Romanelli.jpg?resize=350%2C200&ssl=1","width":350,"height":200,"srcset":"https:\/\/i0.wp.com\/gazetadoabranches.com\/wp-content\/uploads\/2025\/07\/Luiz-Claudio-Romanelli.jpg?resize=350%2C200&ssl=1 1x, https:\/\/i0.wp.com\/gazetadoabranches.com\/wp-content\/uploads\/2025\/07\/Luiz-Claudio-Romanelli.jpg?resize=525%2C300&ssl=1 1.5x"},"classes":[]},{"id":9385,"url":"https:\/\/gazetadoabranches.com\/index.php\/2024\/11\/22\/participacao-da-sociedade-e-fundamental-na-aplicacao-do-dinheiro-publico-defende-deputado-romanelli-psd\/","url_meta":{"origin":10301,"position":5},"title":"Participa\u00e7\u00e3o da sociedade \u00e9 fundamental na aplica\u00e7\u00e3o do dinheiro p\u00fablico, defende deputado Romanelli (PSD)","author":"Gazeta do Abranches","date":"novembro 22, 2024","format":false,"excerpt":"O deputado Luiz Claudio Romanelli (PSD), presidente da Comiss\u00e3o de Or\u00e7amento da Assembleia Legislativa, disse nesta ter\u00e7a-feira, 19, que a constru\u00e7\u00e3o do or\u00e7amento estadual para 2025 vai compor as demandas e reivindica\u00e7\u00f5es propostas pela sociedade civil organizada. \u201cCom o envolvimento da sociedade, estamos construindo um or\u00e7amento que reflete demandas e\u2026","rel":"","context":"Em &quot;Alep&quot;","block_context":{"text":"Alep","link":"https:\/\/gazetadoabranches.com\/index.php\/category\/alep\/"},"img":{"alt_text":"","src":"https:\/\/i0.wp.com\/gazetadoabranches.com\/wp-content\/uploads\/2024\/11\/Romanelli-Alep.jpg?resize=350%2C200&ssl=1","width":350,"height":200,"srcset":"https:\/\/i0.wp.com\/gazetadoabranches.com\/wp-content\/uploads\/2024\/11\/Romanelli-Alep.jpg?resize=350%2C200&ssl=1 1x, https:\/\/i0.wp.com\/gazetadoabranches.com\/wp-content\/uploads\/2024\/11\/Romanelli-Alep.jpg?resize=525%2C300&ssl=1 1.5x"},"classes":[]}],"jetpack_likes_enabled":true,"jetpack_sharing_enabled":true,"_links":{"self":[{"href":"https:\/\/gazetadoabranches.com\/index.php\/wp-json\/wp\/v2\/posts\/10301","targetHints":{"allow":["GET"]}}],"collection":[{"href":"https:\/\/gazetadoabranches.com\/index.php\/wp-json\/wp\/v2\/posts"}],"about":[{"href":"https:\/\/gazetadoabranches.com\/index.php\/wp-json\/wp\/v2\/types\/post"}],"author":[{"embeddable":true,"href":"https:\/\/gazetadoabranches.com\/index.php\/wp-json\/wp\/v2\/users\/1"}],"replies":[{"embeddable":true,"href":"https:\/\/gazetadoabranches.com\/index.php\/wp-json\/wp\/v2\/comments?post=10301"}],"version-history":[{"count":1,"href":"https:\/\/gazetadoabranches.com\/index.php\/wp-json\/wp\/v2\/posts\/10301\/revisions"}],"predecessor-version":[{"id":10304,"href":"https:\/\/gazetadoabranches.com\/index.php\/wp-json\/wp\/v2\/posts\/10301\/revisions\/10304"}],"wp:featuredmedia":[{"embeddable":true,"href":"https:\/\/gazetadoabranches.com\/index.php\/wp-json\/wp\/v2\/media\/10302"}],"wp:attachment":[{"href":"https:\/\/gazetadoabranches.com\/index.php\/wp-json\/wp\/v2\/media?parent=10301"}],"wp:term":[{"taxonomy":"category","embeddable":true,"href":"https:\/\/gazetadoabranches.com\/index.php\/wp-json\/wp\/v2\/categories?post=10301"},{"taxonomy":"post_tag","embeddable":true,"href":"https:\/\/gazetadoabranches.com\/index.php\/wp-json\/wp\/v2\/tags?post=10301"}],"curies":[{"name":"wp","href":"https:\/\/api.w.org\/{rel}","templated":true}]}}