{"id":10306,"date":"2026-01-29T13:13:08","date_gmt":"2026-01-29T16:13:08","guid":{"rendered":"https:\/\/gazetadoabranches.com\/?p=10306"},"modified":"2026-01-29T13:13:08","modified_gmt":"2026-01-29T16:13:08","slug":"prefeitura-de-curitiba-recupera-o-pavimento-de-tres-ruas-da-regional-boa-vista","status":"publish","type":"post","link":"https:\/\/gazetadoabranches.com\/index.php\/2026\/01\/29\/prefeitura-de-curitiba-recupera-o-pavimento-de-tres-ruas-da-regional-boa-vista\/","title":{"rendered":"Prefeitura de Curitiba recupera o pavimento de tr\u00eas ruas da Regional Boa Vista"},"content":{"rendered":"<p><img decoding=\"async\" src=\"https:\/\/mid-noticias.curitiba.pr.gov.br\/2026\/capa\/00543016.jpg\" alt=\"Ruas da Barreirinha e Abranches passam por reciclagem e pintura de sinaliza\u00e7\u00e3o horizontal de tr\u00e2nsito. Rua Uberl\u00e2ndia. Curitiba, 28\/01\/2026. Foto: Valquir Kiu Aureliano\/SECOM\"><br \/>\nRua Uberl\u00e2ndia. Curitiba, 28\/01\/2026. Foto: Valquir Kiu Aureliano\/SECOM<\/p>\n<p>O pavimento prec\u00e1rio e cheio de remendos da Rua Uberl\u00e2ndia, no bairro Abranches, est\u00e1 dando lugar a asfalto novo que vai permitir a circula\u00e7\u00e3o de motoristas e pedestres com conforto e seguran\u00e7a.<\/p>\n<p>A Prefeitura de Curitiba iniciou esta semana a recupera\u00e7\u00e3o do pavimento da via, numa extens\u00e3o de 327 metros, a partir da Rua Jos\u00e9 Bajerski at\u00e9 o final da rua.&nbsp;<\/p>\n<p>Al\u00e9m dessa interven\u00e7\u00e3o, a&nbsp;<a href=\"https:\/\/obras.curitiba.pr.gov.br\/\">Secretaria Municipal de Obras P\u00fablicas<\/a>&nbsp;(<a href=\"https:\/\/obras.curitiba.pr.gov.br\/\">Smop<\/a>) tamb\u00e9m est\u00e1 fazendo a reciclagem do asfalto de outras ruas da regi\u00e3o: a Rua das Grev\u00edleas (entre a Rua das Ac\u00e1cias at\u00e9 o final da rua \u2013 127 metros) e a Rua dos Monjoleiros (entre a Rua das Ac\u00e1cias at\u00e9 o final da rua \u2013 145 metros), ambas no bairro Barreirinha. A previs\u00e3o \u00e9 de que as obras nas tr\u00eas vias sejam conclu\u00eddas at\u00e9 a primeira quinzena de fevereiro, se as condi\u00e7\u00f5es do tempo permitirem.<\/p>\n<p>As interven\u00e7\u00f5es fazem parte do Programa de Revitaliza\u00e7\u00e3o e Obras de Curitiba (<a href=\"https:\/\/lp.curitiba.pr.gov.br\/procuritiba\/\">PRO Curitiba<\/a>) que est\u00e1 transformando a infraestrutura e os servi\u00e7os p\u00fablicos da cidade.&nbsp;<\/p>\n<h3>Era s\u00f3 uma casquinha<\/h3>\n<p>Para Rui C\u00e9sar Monteiro, que mora h\u00e1 32 anos na Rua Uberl\u00e2ndia, a interven\u00e7\u00e3o da Prefeitura trouxe alegria para a vizinhan\u00e7a, que antes sentia o problema do pavimento prec\u00e1rio.<\/p>\n<p>\u201cEra s\u00f3 uma casquinha de asfalto. Volta e meia surgiam buracos, a Prefeitura vinha e consertava, mas este processo acabava por formar muito relevo. O carro passava por aqui pulando. Agora vai ficar uma maravilha! Estamos muito felizes com a chegada do asfalto\u201d, disse Monteiro.<\/p>\n<p><img decoding=\"async\" src=\"https:\/\/mid-noticias.curitiba.pr.gov.br\/2026\/capa\/00543014.jpg\" alt=\"Ruas da Barreirinha e Abranches passam por reciclagem e pintura de sinaliza\u00e7\u00e3o horizontal de tr\u00e2nsito. Rua Uberl\u00e2ndia. Curitiba, 28\/01\/2026. Foto: Valquir Kiu Aureliano\/SECOM\"><br \/>\nRua Uberl\u00e2ndia. Curitiba, 28\/01\/2026. Foto: Valquir Kiu Aureliano\/SECOM<\/p>\n<h3>Rua completa<\/h3>\n<p>Na Rua dos Monjoleiros, o problema era parecido: pavimento muito antigo, com irregularidades. O morador Sidney Cardoso, que h\u00e1 quatro anos mora na rua, viu como al\u00edvio a chegada das m\u00e1quinas da Prefeitura ao local.<\/p>\n<p>\u201cEu fiquei muto feliz com chegada do asfalto aqui. Esta \u00e9 uma rua muito organizada. Os moradores cuidam da frente da casa, n\u00e3o deixam acumular lixo ou mato, \u00e9 um lugar bonito. A \u00fanica coisa que faltava era a melhoria no pavimento. Agora vai ficar completo com esta urbaniza\u00e7\u00e3o\u201d, comemora.<\/p>\n<p>O vizinho Francisco Vieira Sampaio faz coro com Sidney.<\/p>\n<p>\u201cEstou muito satisfeito com a chegada do asfalto. Isso valoriza os im\u00f3veis daqui. Quem n\u00e3o ficaria feliz com vendo o asfalto passar na frente de casa? Valeu a pena a espera\u201d, disse.<\/p>\n<p><img decoding=\"async\" src=\"https:\/\/mid-noticias.curitiba.pr.gov.br\/2026\/capa\/00543006.jpg\" alt=\"Ruas da Barreirinha e Abranches passam por reciclagem e pintura de sinaliza\u00e7\u00e3o horizontal de tr\u00e2nsito. Rua dos Monjoleiros. Curitiba, 28\/01\/2026. Foto: Valquir Kiu Aureliano\/SECOM\"><br \/>\nRua dos Monjoleiros. Curitiba, 28\/01\/2026. Foto: Valquir Kiu Aureliano\/SECOM<\/p>\n<h3>Aten\u00e7\u00e3o, motorista!<\/h3>\n<p>Durante o andamento das obras, os motoristas precisam ter aten\u00e7\u00e3o para bloqueios de tr\u00e2nsito parciais e vari\u00e1veis, de acordo com evolu\u00e7\u00e3o dos trabalhos.<\/p>\n<p>O m\u00e9todo utilizado para recuperar o pavimento \u00e9 o da reciclagem, que transforma vias desgastadas em pavimento renovado e mais resistente. O maquin\u00e1rio retira a camada danificada do pavimento e faz reaproveitamento do material triturado, que \u00e9 misturado com cimento e compactado para formar uma nova base para a nova pavimenta\u00e7\u00e3o. A fase final \u00e9 complementada com a aplica\u00e7\u00e3o de duas camadas de asfalto.<\/p>\n<p>Somente ap\u00f3s a aplica\u00e7\u00e3o da segunda camada de asfalto as vias recebem a sinaliza\u00e7\u00e3o horizontal e s\u00e3o conclu\u00eddas. At\u00e9 que isso aconte\u00e7a, os motoristas devem ficar atentos \u00e0 sinaliza\u00e7\u00e3o vertical e reduzir a velocidade ao trafegar pr\u00f3ximo \u00e0s obras.<\/p>\n<h3>Sinaliza\u00e7\u00e3o revitalizada<\/h3>\n<p>Com o objetivo de tornar o tr\u00e2nsito mais seguro, nesta semana a Superintend\u00eancia de Tr\u00e2nsito (Setran) realizou a pintura da sinaliza\u00e7\u00e3o horizontal na Rua Deputado Edgar T\u00e1vora. A via faz a liga\u00e7\u00e3o entre os bairros Barreirinha e Santa C\u00e2ndida.<\/p>\n<p><img decoding=\"async\" src=\"https:\/\/mid-noticias.curitiba.pr.gov.br\/2026\/capa\/00542999.jpg\" alt=\"Ruas da Barreirinha e Abranches passam por reciclagem e pintura de sinaliza\u00e7\u00e3o horizontal de tr\u00e2nsito. Rua Deputado Edgar T\u00e1vora . Curitiba, 28\/01\/2026. Foto: Valquir Kiu Aureliano\/SECOM\"><br \/>\nRua Deputado Edgar T\u00e1vora . Curitiba, 28\/01\/2026. Foto: Valquir Kiu Aureliano\/SECOM<\/p>\n<h3>PRO Curitiba<\/h3>\n<p>O Programa de Revitaliza\u00e7\u00e3o e Obras de Curitiba (<a href=\"https:\/\/lp.curitiba.pr.gov.br\/procuritiba\/\">PRO Curitiba<\/a>) \u00e9 o maior da hist\u00f3ria da cidade e engloba mais de R$ 6 bilh\u00f5es em investimentos da gest\u00e3o Eduardo Pimentel entre 2025 e 2028. S\u00e3o interven\u00e7\u00f5es em \u00e1reas essenciais para o cidad\u00e3o como mobilidade urbana, sa\u00fade, educa\u00e7\u00e3o, habita\u00e7\u00e3o social, preven\u00e7\u00e3o a enchentes, zeladoria, ilumina\u00e7\u00e3o p\u00fablica, tr\u00e2nsito e seguran\u00e7a.<\/p>\n<p><img decoding=\"async\" src=\"https:\/\/mid-noticias.curitiba.pr.gov.br\/2026\/capa\/00542994.jpg\" alt=\"Ruas da Barreirinha e Abranches passam por reciclagem e pintura de sinaliza\u00e7\u00e3o horizontal de tr\u00e2nsito. Rua Deputado Edgar T\u00e1vora . Curitiba, 28\/01\/2026. Foto: Valquir Kiu Aureliano\/SECOM\"><br \/>\n&nbsp;Rua Deputado Edgar T\u00e1vora . Curitiba, 28\/01\/2026. Foto: Valquir Kiu Aureliano\/SECOM<\/p>\n","protected":false},"excerpt":{"rendered":"<p>Rua Uberl\u00e2ndia. Curitiba, 28\/01\/2026. Foto: Valquir Kiu Aureliano\/SECOM O pavimento prec\u00e1rio e cheio de remendos da Rua Uberl\u00e2ndia, no bairro Abranches, est\u00e1 dando lugar a asfalto novo que vai permitir a circula\u00e7\u00e3o de motoristas e pedestres com conforto e seguran\u00e7a. A Prefeitura de Curitiba iniciou esta semana a recupera\u00e7\u00e3o do [&hellip;]<\/p>\n","protected":false},"author":1,"featured_media":10307,"comment_status":"open","ping_status":"open","sticky":false,"template":"","format":"standard","meta":{"ngg_post_thumbnail":0,"jetpack_post_was_ever_published":false,"amp_status":"","_jetpack_newsletter_access":"","_jetpack_dont_email_post_to_subs":false,"_jetpack_newsletter_tier_id":0,"_jetpack_memberships_contains_paywalled_content":false,"_jetpack_memberships_contains_paid_content":false,"footnotes":""},"categories":[5,3,10,18,188],"tags":[],"class_list":["post-10306","post","type-post","status-publish","format-standard","has-post-thumbnail","hentry","category-bairros","category-curitiba","category-obras","category-prefeitura","category-regional-boa-vista"],"aioseo_notices":[],"jetpack_featured_media_url":"https:\/\/gazetadoabranches.com\/wp-content\/uploads\/2026\/01\/00543016.png","jetpack-related-posts":[{"id":10403,"url":"https:\/\/gazetadoabranches.com\/index.php\/2026\/04\/23\/asfalto-novo-beneficia-ruas-de-quatro-bairros-da-regional-boa-vista-confira-quais-sao\/","url_meta":{"origin":10306,"position":0},"title":"Asfalto novo beneficia ruas de quatro bairros da Regional Boa Vista; confira quais s\u00e3o","author":"Gazeta do Abranches","date":"abril 23, 2026","format":false,"excerpt":"A Prefeitura de Curitiba est\u00e1 fazendo mais uma etapa de recupera\u00e7\u00e3o do pavimento de ruas nos bairros Pilarzinho, Santa C\u00e2ndida, Cachoeira e Tingui, que pertencem \u00e0 Regional Boa Vista. As interven\u00e7\u00f5es est\u00e3o sendo realizadas pelas equipes da\u00a0Secretaria Municipal de Obras P\u00fablicas\u00a0(Smop) em trechos de quatro ruas, perfazendo 1.459 metros de\u2026","rel":"","context":"Em &quot;Bairros&quot;","block_context":{"text":"Bairros","link":"https:\/\/gazetadoabranches.com\/index.php\/category\/bairros\/"},"img":{"alt_text":"","src":"https:\/\/i0.wp.com\/gazetadoabranches.com\/wp-content\/uploads\/2026\/04\/00557012.jpeg?resize=350%2C200&ssl=1","width":350,"height":200,"srcset":"https:\/\/i0.wp.com\/gazetadoabranches.com\/wp-content\/uploads\/2026\/04\/00557012.jpeg?resize=350%2C200&ssl=1 1x, https:\/\/i0.wp.com\/gazetadoabranches.com\/wp-content\/uploads\/2026\/04\/00557012.jpeg?resize=525%2C300&ssl=1 1.5x, https:\/\/i0.wp.com\/gazetadoabranches.com\/wp-content\/uploads\/2026\/04\/00557012.jpeg?resize=700%2C400&ssl=1 2x, https:\/\/i0.wp.com\/gazetadoabranches.com\/wp-content\/uploads\/2026\/04\/00557012.jpeg?resize=1050%2C600&ssl=1 3x"},"classes":[]},{"id":10342,"url":"https:\/\/gazetadoabranches.com\/index.php\/2026\/03\/12\/prefeitura-recicla-asfalto-em-seis-ruas-e-melhora-malha-viaria-do-santa-candida\/","url_meta":{"origin":10306,"position":1},"title":"Prefeitura recicla asfalto em seis ruas e melhora malha vi\u00e1ria do Santa C\u00e2ndida","author":"Gazeta do Abranches","date":"mar\u00e7o 12, 2026","format":false,"excerpt":"O trabalho de recupera\u00e7\u00e3o da malha vi\u00e1ria de Curitiba n\u00e3o para. Nesta semana, a Prefeitura iniciou a reciclagem do pavimento de trechos de seis ruas do bairro Santa C\u00e2ndida, perfazendo 1.655 metros de melhorias nas vias. A a\u00e7\u00e3o \u00e9 realizada por\u00a0equipes coordenadas pela\u00a0Secretaria Municipal de Obras P\u00fablicas\u00a0(Smop) e faz parte\u2026","rel":"","context":"Em &quot;Bairros&quot;","block_context":{"text":"Bairros","link":"https:\/\/gazetadoabranches.com\/index.php\/category\/bairros\/"},"img":{"alt_text":"","src":"https:\/\/i0.wp.com\/gazetadoabranches.com\/wp-content\/uploads\/2026\/03\/00548930.png?resize=350%2C200&ssl=1","width":350,"height":200,"srcset":"https:\/\/i0.wp.com\/gazetadoabranches.com\/wp-content\/uploads\/2026\/03\/00548930.png?resize=350%2C200&ssl=1 1x, https:\/\/i0.wp.com\/gazetadoabranches.com\/wp-content\/uploads\/2026\/03\/00548930.png?resize=525%2C300&ssl=1 1.5x, https:\/\/i0.wp.com\/gazetadoabranches.com\/wp-content\/uploads\/2026\/03\/00548930.png?resize=700%2C400&ssl=1 2x"},"classes":[]},{"id":10378,"url":"https:\/\/gazetadoabranches.com\/index.php\/2026\/03\/30\/prefeitura-de-curitiba-recupera-34-km-de-ruas-nos-bairros-santa-candida-e-boa-vista\/","url_meta":{"origin":10306,"position":2},"title":"Prefeitura de Curitiba recupera 3,4 km de ruas nos bairros Santa C\u00e2ndida e Boa Vista","author":"Gazeta do Abranches","date":"mar\u00e7o 30, 2026","format":false,"excerpt":"A Prefeitura de Curitiba est\u00e1 realizando nos bairros Boa Vista e Santa C\u00e2ndida, nesta semana, obras importantes para recuperar a malha vi\u00e1ria da regi\u00e3o. As melhorias est\u00e3o sendo realizadas em trechos de quatro ruas, numa extens\u00e3o de 3,4 km, e s\u00e3o coordenadas pela\u00a0Secretaria Municipal de Obras P\u00fablicas\u00a0(Smop). A finalidade das\u2026","rel":"","context":"Em &quot;Bairros&quot;","block_context":{"text":"Bairros","link":"https:\/\/gazetadoabranches.com\/index.php\/category\/bairros\/"},"img":{"alt_text":"","src":"https:\/\/i0.wp.com\/gazetadoabranches.com\/wp-content\/uploads\/2026\/03\/00553652.png?resize=350%2C200&ssl=1","width":350,"height":200,"srcset":"https:\/\/i0.wp.com\/gazetadoabranches.com\/wp-content\/uploads\/2026\/03\/00553652.png?resize=350%2C200&ssl=1 1x, https:\/\/i0.wp.com\/gazetadoabranches.com\/wp-content\/uploads\/2026\/03\/00553652.png?resize=525%2C300&ssl=1 1.5x, https:\/\/i0.wp.com\/gazetadoabranches.com\/wp-content\/uploads\/2026\/03\/00553652.png?resize=700%2C400&ssl=1 2x"},"classes":[]},{"id":9853,"url":"https:\/\/gazetadoabranches.com\/index.php\/2025\/06\/30\/fim-da-lama-curitiba-leva-pavimento-e-dignidade-as-ruas-de-saibro-da-regional-boa-vista\/","url_meta":{"origin":10306,"position":3},"title":"Fim da lama: Curitiba leva pavimento e dignidade \u00e0s ruas de saibro da Regional Boa Vista","author":"Gazeta do Abranches","date":"junho 30, 2025","format":false,"excerpt":"\u00a0 \u201cAquela rua de lama ficou no passado.\u201d A frase do motorista Mackalyster Sampaio dos Santos resume o sentimento dos moradores do bairro Tabo\u00e3o. A Rua Eleonora Branco Gr\u00e1cia, onde ele mora, vive uma nova realidade depois das obras de pavimenta\u00e7\u00e3o e drenagem realizadas pela Prefeitura de Curitiba. O que\u2026","rel":"","context":"Em &quot;Obras&quot;","block_context":{"text":"Obras","link":"https:\/\/gazetadoabranches.com\/index.php\/category\/obras\/"},"img":{"alt_text":"","src":"https:\/\/i0.wp.com\/gazetadoabranches.com\/wp-content\/uploads\/2025\/06\/Rua-Eleonora-Branco-taboao.png?resize=350%2C200&ssl=1","width":350,"height":200,"srcset":"https:\/\/i0.wp.com\/gazetadoabranches.com\/wp-content\/uploads\/2025\/06\/Rua-Eleonora-Branco-taboao.png?resize=350%2C200&ssl=1 1x, https:\/\/i0.wp.com\/gazetadoabranches.com\/wp-content\/uploads\/2025\/06\/Rua-Eleonora-Branco-taboao.png?resize=525%2C300&ssl=1 1.5x, https:\/\/i0.wp.com\/gazetadoabranches.com\/wp-content\/uploads\/2025\/06\/Rua-Eleonora-Branco-taboao.png?resize=700%2C400&ssl=1 2x"},"classes":[]},{"id":10297,"url":"https:\/\/gazetadoabranches.com\/index.php\/2026\/01\/26\/prefeitura-de-curitiba-recupera-passarela-e-ruas-da-regional-boa-vista\/","url_meta":{"origin":10306,"position":4},"title":"Prefeitura de Curitiba recupera passarela e ruas da Regional Boa Vista","author":"Gazeta do Abranches","date":"janeiro 26, 2026","format":false,"excerpt":"Moradores dos bairros Abranches e Cachoeira agora podem fazer a travessia com conforto e seguran\u00e7a sobre o Rio Bel\u00e9m. A Prefeitura reconstruiu a passarela que liga as ruas J\u00falia Domingo Bortolotto e Rolando Salin Zappa Mansur. O trabalho foi realizado por equipes coordenadas pelo Departamento de Pontes e Drenagem, da\u00a0Secretaria\u2026","rel":"","context":"Em &quot;Bairros&quot;","block_context":{"text":"Bairros","link":"https:\/\/gazetadoabranches.com\/index.php\/category\/bairros\/"},"img":{"alt_text":"Reconstru\u00e7\u00e3o de passarela em madeira na Rua J\u00falia Domingo Bortolotto, no Abranches. Curitiba, 23\/01\/2026. Foto: Jos\u00e9 Fernando Ogura\/SECOM","src":"https:\/\/i0.wp.com\/gazetadoabranches.com\/wp-content\/uploads\/2026\/01\/00542312.png?resize=350%2C200&ssl=1","width":350,"height":200,"srcset":"https:\/\/i0.wp.com\/gazetadoabranches.com\/wp-content\/uploads\/2026\/01\/00542312.png?resize=350%2C200&ssl=1 1x, https:\/\/i0.wp.com\/gazetadoabranches.com\/wp-content\/uploads\/2026\/01\/00542312.png?resize=525%2C300&ssl=1 1.5x, https:\/\/i0.wp.com\/gazetadoabranches.com\/wp-content\/uploads\/2026\/01\/00542312.png?resize=700%2C400&ssl=1 2x"},"classes":[]},{"id":8462,"url":"https:\/\/gazetadoabranches.com\/index.php\/2022\/08\/16\/santa-candida-cachoeira-e-abranches-tem-obras-de-asfalto-e-drenagem\/","url_meta":{"origin":10306,"position":5},"title":"Santa C\u00e2ndida, Cachoeira e Abranches t\u00eam obras de asfalto e drenagem","author":"Gazeta do Abranches","date":"agosto 16, 2022","format":false,"excerpt":"O sonho do aposentado Jaime Ribeiro dos Santos, morador da Rua Ov\u00eddio Garcez, no Cachoeira, \u00e9 viver em uma via com acessibilidade para o filho que tem defici\u00eancia, um desejo que est\u00e1 perto de se tornar realidade. A\u00a0Secretaria Municipal de Obras P\u00fablicas da Prefeitura\u00a0deu in\u00edcio \u00e0s obras que v\u00e3o acabar\u2026","rel":"","context":"Em &quot;Bairros&quot;","block_context":{"text":"Bairros","link":"https:\/\/gazetadoabranches.com\/index.php\/category\/bairros\/"},"img":{"alt_text":"","src":"https:\/\/i0.wp.com\/gazetadoabranches.com\/wp-content\/uploads\/2022\/08\/Obras-Sta-Candida.jpg?resize=350%2C200&ssl=1","width":350,"height":200,"srcset":"https:\/\/i0.wp.com\/gazetadoabranches.com\/wp-content\/uploads\/2022\/08\/Obras-Sta-Candida.jpg?resize=350%2C200&ssl=1 1x, https:\/\/i0.wp.com\/gazetadoabranches.com\/wp-content\/uploads\/2022\/08\/Obras-Sta-Candida.jpg?resize=525%2C300&ssl=1 1.5x, https:\/\/i0.wp.com\/gazetadoabranches.com\/wp-content\/uploads\/2022\/08\/Obras-Sta-Candida.jpg?resize=700%2C400&ssl=1 2x"},"classes":[]}],"jetpack_likes_enabled":true,"jetpack_sharing_enabled":true,"_links":{"self":[{"href":"https:\/\/gazetadoabranches.com\/index.php\/wp-json\/wp\/v2\/posts\/10306","targetHints":{"allow":["GET"]}}],"collection":[{"href":"https:\/\/gazetadoabranches.com\/index.php\/wp-json\/wp\/v2\/posts"}],"about":[{"href":"https:\/\/gazetadoabranches.com\/index.php\/wp-json\/wp\/v2\/types\/post"}],"author":[{"embeddable":true,"href":"https:\/\/gazetadoabranches.com\/index.php\/wp-json\/wp\/v2\/users\/1"}],"replies":[{"embeddable":true,"href":"https:\/\/gazetadoabranches.com\/index.php\/wp-json\/wp\/v2\/comments?post=10306"}],"version-history":[{"count":1,"href":"https:\/\/gazetadoabranches.com\/index.php\/wp-json\/wp\/v2\/posts\/10306\/revisions"}],"predecessor-version":[{"id":10308,"href":"https:\/\/gazetadoabranches.com\/index.php\/wp-json\/wp\/v2\/posts\/10306\/revisions\/10308"}],"wp:featuredmedia":[{"embeddable":true,"href":"https:\/\/gazetadoabranches.com\/index.php\/wp-json\/wp\/v2\/media\/10307"}],"wp:attachment":[{"href":"https:\/\/gazetadoabranches.com\/index.php\/wp-json\/wp\/v2\/media?parent=10306"}],"wp:term":[{"taxonomy":"category","embeddable":true,"href":"https:\/\/gazetadoabranches.com\/index.php\/wp-json\/wp\/v2\/categories?post=10306"},{"taxonomy":"post_tag","embeddable":true,"href":"https:\/\/gazetadoabranches.com\/index.php\/wp-json\/wp\/v2\/tags?post=10306"}],"curies":[{"name":"wp","href":"https:\/\/api.w.org\/{rel}","templated":true}]}}