{"id":10339,"date":"2026-03-10T19:15:12","date_gmt":"2026-03-10T22:15:12","guid":{"rendered":"https:\/\/gazetadoabranches.com\/?p=10339"},"modified":"2026-03-10T19:15:12","modified_gmt":"2026-03-10T22:15:12","slug":"conseg-abranches-realiza-primeira-reuniao-de-2026","status":"publish","type":"post","link":"https:\/\/gazetadoabranches.com\/index.php\/2026\/03\/10\/conseg-abranches-realiza-primeira-reuniao-de-2026\/","title":{"rendered":"Conseg Abranches realiza primeira reuni\u00e3o de 2026"},"content":{"rendered":"<p>O Conselho Comunit\u00e1rio de Seguran\u00e7a do Abranches (Conseg) realizou, no dia 11 de fevereiro, a primeira reuni\u00e3o de 2026. O encontro ocorreu no Sal\u00e3o Padre Henrique, nas depend\u00eancias da Par\u00f3quia Sant\u2019Ana de Abranches, e reuniu diretoria, membros natos e representantes das for\u00e7as de seguran\u00e7a.<\/p>\n<p>A reuni\u00e3o teve in\u00edcio com a leitura e aprova\u00e7\u00e3o, por unanimidade, da ata anterior. Em seguida, entrou em pauta um dos principais problemas enfrentados pela comunidade: a perturba\u00e7\u00e3o do sossego. De acordo com relatos apresentados, a situa\u00e7\u00e3o tem se tornado recorrente em Curitiba e tamb\u00e9m no bairro Abranches, especialmente em raz\u00e3o de estabelecimentos comerciais que utilizam som em volume elevado at\u00e9 altas horas da noite.<\/p>\n<p><img loading=\"lazy\" decoding=\"async\" class=\"aligncenter size-large wp-image-10340\" src=\"https:\/\/gazetadoabranches.com\/wp-content\/uploads\/2026\/03\/CONSEG-ABRANCHES-1024x766.jpeg\" alt=\"\" width=\"640\" height=\"479\" srcset=\"https:\/\/gazetadoabranches.com\/wp-content\/uploads\/2026\/03\/CONSEG-ABRANCHES-1024x766.jpeg 1024w, https:\/\/gazetadoabranches.com\/wp-content\/uploads\/2026\/03\/CONSEG-ABRANCHES-300x224.jpeg 300w, https:\/\/gazetadoabranches.com\/wp-content\/uploads\/2026\/03\/CONSEG-ABRANCHES-768x575.jpeg 768w, https:\/\/gazetadoabranches.com\/wp-content\/uploads\/2026\/03\/CONSEG-ABRANCHES-1536x1149.jpeg 1536w, https:\/\/gazetadoabranches.com\/wp-content\/uploads\/2026\/03\/CONSEG-ABRANCHES.jpeg 1600w\" sizes=\"auto, (max-width: 640px) 100vw, 640px\" \/><\/p>\n<p>Moradores afirmam que o barulho constante prejudica o descanso das fam\u00edlias, muitas das quais precisam acordar cedo para o trabalho. Representantes da Pol\u00edcia Militar do Paran\u00e1 e da Guarda Municipal de Curitiba orientaram a popula\u00e7\u00e3o a registrar ocorr\u00eancias pelos telefones 190 (PM) e 153 (Guarda Municipal).<\/p>\n<p>Segundo as corpora\u00e7\u00f5es, \u00e9 comum que, ao perceberem a aproxima\u00e7\u00e3o das viaturas ou da fiscaliza\u00e7\u00e3o, alguns estabelecimentos reduzam o volume do som momentaneamente, o que dificulta a caracteriza\u00e7\u00e3o da infra\u00e7\u00e3o. Ap\u00f3s a sa\u00edda das equipes, entretanto, o volume volta a subir. A Pol\u00edcia Militar informou ainda que, nos fins de semana, mais de 70% dos chamados recebidos est\u00e3o relacionados \u00e0 perturba\u00e7\u00e3o do sossego, o que pode comprometer o atendimento de ocorr\u00eancias mais graves.<\/p>\n<p>Como medidas complementares, foi orientado que os moradores tamb\u00e9m registrem boletim de ocorr\u00eancia na Delegacia do Meio Ambiente da Pol\u00edcia Civil do Paran\u00e1, al\u00e9m de formalizar den\u00fancias junto \u00e0 A\u00e7\u00e3o Integrada de Fiscaliza\u00e7\u00e3o Urbana (Aifu), \u00e0 Secretaria Municipal de Urbanismo e, em \u00faltimo caso, ao Minist\u00e9rio P\u00fablico. Foi informado ainda que tramita na Assembleia Legislativa do Paran\u00e1 um projeto de lei que prev\u00ea a aplica\u00e7\u00e3o de multa pela Pol\u00edcia Militar em casos de reincid\u00eancia, ampliando os instrumentos de combate a esse tipo de infra\u00e7\u00e3o.<\/p>\n<p>Outro tema debatido foi o desequil\u00edbrio nos n\u00edveis de polui\u00e7\u00e3o fluvial na bacia h\u00eddrica do bairro Abranches. Os participantes solicitaram aos representantes da Regional Boa Vista maior aten\u00e7\u00e3o aos rios da regi\u00e3o, que, segundo relatos, apresentam elevado \u00edndice de polui\u00e7\u00e3o.<\/p>\n<p>Ao final do encontro, ap\u00f3s a manifesta\u00e7\u00e3o dos membros natos, o presidente do Conseg Abranches, Volnei Lopes, apresentou o relat\u00f3rio das a\u00e7\u00f5es da presid\u00eancia e das demandas da comunidade em acompanhamento, encerrando a primeira reuni\u00e3o ordin\u00e1ria de 2026.<\/p>\n","protected":false},"excerpt":{"rendered":"<p>O Conselho Comunit\u00e1rio de Seguran\u00e7a do Abranches (Conseg) realizou, no dia 11 de fevereiro, a primeira reuni\u00e3o de 2026. O encontro ocorreu no Sal\u00e3o Padre Henrique, nas depend\u00eancias da Par\u00f3quia Sant\u2019Ana de Abranches, e reuniu diretoria, membros natos e representantes das for\u00e7as de seguran\u00e7a. A reuni\u00e3o teve in\u00edcio com a [&hellip;]<\/p>\n","protected":false},"author":1,"featured_media":10340,"comment_status":"open","ping_status":"open","sticky":false,"template":"","format":"standard","meta":{"ngg_post_thumbnail":0,"jetpack_post_was_ever_published":false,"amp_status":"","_jetpack_newsletter_access":"","_jetpack_dont_email_post_to_subs":false,"_jetpack_newsletter_tier_id":0,"_jetpack_memberships_contains_paywalled_content":false,"_jetpack_memberships_contains_paid_content":false,"footnotes":""},"categories":[137],"tags":[],"class_list":["post-10339","post","type-post","status-publish","format-standard","has-post-thumbnail","hentry","category-seguranca"],"aioseo_notices":[],"jetpack_featured_media_url":"https:\/\/gazetadoabranches.com\/wp-content\/uploads\/2026\/03\/CONSEG-ABRANCHES.jpeg","jetpack-related-posts":[{"id":10162,"url":"https:\/\/gazetadoabranches.com\/index.php\/2025\/11\/04\/conseg-abranches-realiza-7a-reuniao-ordinaria-e-empossa-novos-membros\/","url_meta":{"origin":10339,"position":0},"title":"CONSEG Abranches realiza 7\u00aa reuni\u00e3o ordin\u00e1ria e empossa novos membros","author":"Gazeta do Abranches","date":"novembro 4, 2025","format":false,"excerpt":"No dia 8 de outubro, o Conselho Comunit\u00e1rio de Seguran\u00e7a (Conseg) do bairro Abranches realizou sua 7\u00aa reuni\u00e3o ordin\u00e1ria mensal nas depend\u00eancias do sal\u00e3o da Par\u00f3quia Sant\u2019Ana de Abranches. O encontro contou com a leitura e aprova\u00e7\u00e3o da ata da reuni\u00e3o anterior, realizada em 10 de setembro, e com a\u2026","rel":"","context":"Em &quot;Bairros&quot;","block_context":{"text":"Bairros","link":"https:\/\/gazetadoabranches.com\/index.php\/category\/bairros\/"},"img":{"alt_text":"CONSEG Abranches realiza 7\u00aa reuni\u00e3o ordin\u00e1ria e empossa novos membros","src":"https:\/\/i0.wp.com\/gazetadoabranches.com\/wp-content\/uploads\/2025\/11\/Imagem-do-WhatsApp-de-2025-11-03-as-11.48.04_ef32ad02.jpg?resize=350%2C200&ssl=1","width":350,"height":200,"srcset":"https:\/\/i0.wp.com\/gazetadoabranches.com\/wp-content\/uploads\/2025\/11\/Imagem-do-WhatsApp-de-2025-11-03-as-11.48.04_ef32ad02.jpg?resize=350%2C200&ssl=1 1x, https:\/\/i0.wp.com\/gazetadoabranches.com\/wp-content\/uploads\/2025\/11\/Imagem-do-WhatsApp-de-2025-11-03-as-11.48.04_ef32ad02.jpg?resize=525%2C300&ssl=1 1.5x, https:\/\/i0.wp.com\/gazetadoabranches.com\/wp-content\/uploads\/2025\/11\/Imagem-do-WhatsApp-de-2025-11-03-as-11.48.04_ef32ad02.jpg?resize=700%2C400&ssl=1 2x, https:\/\/i0.wp.com\/gazetadoabranches.com\/wp-content\/uploads\/2025\/11\/Imagem-do-WhatsApp-de-2025-11-03-as-11.48.04_ef32ad02.jpg?resize=1050%2C600&ssl=1 3x, https:\/\/i0.wp.com\/gazetadoabranches.com\/wp-content\/uploads\/2025\/11\/Imagem-do-WhatsApp-de-2025-11-03-as-11.48.04_ef32ad02.jpg?resize=1400%2C800&ssl=1 4x"},"classes":[]},{"id":10014,"url":"https:\/\/gazetadoabranches.com\/index.php\/2025\/09\/07\/nova-diretoria-do-conseg-juveve-realiza-primeira-reuniao-com-presenca-de-autoridades-e-comunidade\/","url_meta":{"origin":10339,"position":1},"title":"Nova diretoria do Conseg Juvev\u00ea realiza primeira reuni\u00e3o com presen\u00e7a de autoridades e comunidade","author":"Gazeta do Abranches","date":"setembro 7, 2025","format":false,"excerpt":"A nova diretoria do Conselho Comunit\u00e1rio de Seguran\u00e7a (Conseg) Juvev\u00ea realizou sua primeira reuni\u00e3o na noite do dia 3 de setembro, no sal\u00e3o da Igreja Bom Jesus do Cabral. O encontro contou com a participa\u00e7\u00e3o de moradores do bairro e de representantes de diversas institui\u00e7\u00f5es p\u00fablicas. \u00a0 Estiveram presentes o\u2026","rel":"","context":"Em &quot;Conseg&quot;","block_context":{"text":"Conseg","link":"https:\/\/gazetadoabranches.com\/index.php\/category\/conseg\/"},"img":{"alt_text":"","src":"https:\/\/i0.wp.com\/gazetadoabranches.com\/wp-content\/uploads\/2025\/09\/WhatsApp-Image-2025-09-07-at-11.26.05.jpeg?resize=350%2C200&ssl=1","width":350,"height":200,"srcset":"https:\/\/i0.wp.com\/gazetadoabranches.com\/wp-content\/uploads\/2025\/09\/WhatsApp-Image-2025-09-07-at-11.26.05.jpeg?resize=350%2C200&ssl=1 1x, https:\/\/i0.wp.com\/gazetadoabranches.com\/wp-content\/uploads\/2025\/09\/WhatsApp-Image-2025-09-07-at-11.26.05.jpeg?resize=525%2C300&ssl=1 1.5x, https:\/\/i0.wp.com\/gazetadoabranches.com\/wp-content\/uploads\/2025\/09\/WhatsApp-Image-2025-09-07-at-11.26.05.jpeg?resize=700%2C400&ssl=1 2x"},"classes":[]},{"id":9825,"url":"https:\/\/gazetadoabranches.com\/index.php\/2025\/05\/15\/conseg-abranches-realiza-assembleia-e-debate-seguranca-cameras-e-futuro-binario-que-pode-impactar-18-mil-moradores\/","url_meta":{"origin":10339,"position":2},"title":"Conseg Abranches realiza assembl\u00e9ia e debate seguran\u00e7a, c\u00e2meras e futuro bin\u00e1rio que pode impactar 18 mil moradores","author":"Gazeta do Abranches","date":"maio 15, 2025","format":false,"excerpt":"A comunidade do Abranches est\u00e1 mobilizada! No dia 14 de maio, o Conselho Comunit\u00e1rio de Seguran\u00e7a (Conseg Abranches) realizou uma importante assembl\u00e9ia no sal\u00e3o da Igreja Sant\u2019Ana. O encontro contou com a presen\u00e7a de mais de 170 pessoas, entre moradores, autoridades, representantes da Guarda Municipal e lideran\u00e7as locais. Em pauta:\u2026","rel":"","context":"Em &quot;Conseg&quot;","block_context":{"text":"Conseg","link":"https:\/\/gazetadoabranches.com\/index.php\/category\/conseg\/"},"img":{"alt_text":"","src":"https:\/\/i0.wp.com\/gazetadoabranches.com\/wp-content\/uploads\/2025\/05\/WhatsApp-Image-2025-05-15-at-10.15.11.jpeg?resize=350%2C200&ssl=1","width":350,"height":200,"srcset":"https:\/\/i0.wp.com\/gazetadoabranches.com\/wp-content\/uploads\/2025\/05\/WhatsApp-Image-2025-05-15-at-10.15.11.jpeg?resize=350%2C200&ssl=1 1x, https:\/\/i0.wp.com\/gazetadoabranches.com\/wp-content\/uploads\/2025\/05\/WhatsApp-Image-2025-05-15-at-10.15.11.jpeg?resize=525%2C300&ssl=1 1.5x, https:\/\/i0.wp.com\/gazetadoabranches.com\/wp-content\/uploads\/2025\/05\/WhatsApp-Image-2025-05-15-at-10.15.11.jpeg?resize=700%2C400&ssl=1 2x, https:\/\/i0.wp.com\/gazetadoabranches.com\/wp-content\/uploads\/2025\/05\/WhatsApp-Image-2025-05-15-at-10.15.11.jpeg?resize=1050%2C600&ssl=1 3x, https:\/\/i0.wp.com\/gazetadoabranches.com\/wp-content\/uploads\/2025\/05\/WhatsApp-Image-2025-05-15-at-10.15.11.jpeg?resize=1400%2C800&ssl=1 4x"},"classes":[]},{"id":8916,"url":"https:\/\/gazetadoabranches.com\/index.php\/2023\/05\/11\/conseg-abranches-faz-reuniao-com-palestras-importantes-sobre-seguranca\/","url_meta":{"origin":10339,"position":3},"title":"CONSEG Abranches faz reuni\u00e3o com palestras importantes sobre seguran\u00e7a","author":"Gazeta do Abranches","date":"maio 11, 2023","format":false,"excerpt":"Na noite do \u00faltimo dia 10\/05 no Sal\u00e3o Paroquial da Igreja Sant\u2019Ana de Abranches, realizou-se a 3\u00aa reuni\u00e3o ordin\u00e1ria do CONSEG Abranches. Nesta reuni\u00e3o estiveram presentes as seguintes autoridades na mesa diretiva: Dr. Rafael Ferreira Vianna, Diretor da Escola Superior de Pol\u00edcia Civil do Paran\u00e1, Delegado de Pol\u00edcia, Professor Doutor\u2026","rel":"","context":"Em &quot;Conseg&quot;","block_context":{"text":"Conseg","link":"https:\/\/gazetadoabranches.com\/index.php\/category\/conseg\/"},"img":{"alt_text":"","src":"https:\/\/i0.wp.com\/gazetadoabranches.com\/wp-content\/uploads\/2023\/05\/WhatsApp-Image-2023-05-11-at-14.26.06.jpeg?resize=350%2C200&ssl=1","width":350,"height":200,"srcset":"https:\/\/i0.wp.com\/gazetadoabranches.com\/wp-content\/uploads\/2023\/05\/WhatsApp-Image-2023-05-11-at-14.26.06.jpeg?resize=350%2C200&ssl=1 1x, https:\/\/i0.wp.com\/gazetadoabranches.com\/wp-content\/uploads\/2023\/05\/WhatsApp-Image-2023-05-11-at-14.26.06.jpeg?resize=525%2C300&ssl=1 1.5x, https:\/\/i0.wp.com\/gazetadoabranches.com\/wp-content\/uploads\/2023\/05\/WhatsApp-Image-2023-05-11-at-14.26.06.jpeg?resize=700%2C400&ssl=1 2x, https:\/\/i0.wp.com\/gazetadoabranches.com\/wp-content\/uploads\/2023\/05\/WhatsApp-Image-2023-05-11-at-14.26.06.jpeg?resize=1050%2C600&ssl=1 3x"},"classes":[]},{"id":10406,"url":"https:\/\/gazetadoabranches.com\/index.php\/2026\/04\/27\/encontro-do-conseg-em-curitiba-reforca-dialogo-entre-comunidade-e-forcas-de-seguranca\/","url_meta":{"origin":10339,"position":4},"title":"Encontro do Conseg em Curitiba refor\u00e7a di\u00e1logo entre comunidade e for\u00e7as de seguran\u00e7a","author":"Gazeta do Abranches","date":"abril 27, 2026","format":false,"excerpt":"Curitiba recebeu nesta quinta-feira (23) a reuni\u00e3o do Conselho Comunit\u00e1rio de Seguran\u00e7a (Conseg), realizada como parte da programa\u00e7\u00e3o da sexta edi\u00e7\u00e3o da Miss\u00e3o Paran\u00e1. O encontro reuniu cerca de 120 participantes, entre moradores, lideran\u00e7as comunit\u00e1rias e representantes das for\u00e7as de seguran\u00e7a, em uma agenda voltada ao fortalecimento da integra\u00e7\u00e3o e\u2026","rel":"","context":"Em &quot;Conseg&quot;","block_context":{"text":"Conseg","link":"https:\/\/gazetadoabranches.com\/index.php\/category\/conseg\/"},"img":{"alt_text":"","src":"https:\/\/i0.wp.com\/gazetadoabranches.com\/wp-content\/uploads\/2026\/04\/whatsapp_image_2026-04-23_at_20.30.22.png?resize=350%2C200&ssl=1","width":350,"height":200,"srcset":"https:\/\/i0.wp.com\/gazetadoabranches.com\/wp-content\/uploads\/2026\/04\/whatsapp_image_2026-04-23_at_20.30.22.png?resize=350%2C200&ssl=1 1x, https:\/\/i0.wp.com\/gazetadoabranches.com\/wp-content\/uploads\/2026\/04\/whatsapp_image_2026-04-23_at_20.30.22.png?resize=525%2C300&ssl=1 1.5x, https:\/\/i0.wp.com\/gazetadoabranches.com\/wp-content\/uploads\/2026\/04\/whatsapp_image_2026-04-23_at_20.30.22.png?resize=700%2C400&ssl=1 2x, https:\/\/i0.wp.com\/gazetadoabranches.com\/wp-content\/uploads\/2026\/04\/whatsapp_image_2026-04-23_at_20.30.22.png?resize=1050%2C600&ssl=1 3x, https:\/\/i0.wp.com\/gazetadoabranches.com\/wp-content\/uploads\/2026\/04\/whatsapp_image_2026-04-23_at_20.30.22.png?resize=1400%2C800&ssl=1 4x"},"classes":[]},{"id":8959,"url":"https:\/\/gazetadoabranches.com\/index.php\/2023\/06\/15\/consegs-abranches-e-pilarzinho-realizam-reuniao-sobre-pedreira-paulo-leminski\/","url_meta":{"origin":10339,"position":5},"title":"Conseg\u2019s Abranches e Pilarzinho realizam reuni\u00e3o sobre pedreira Paulo Leminski","author":"Gazeta do Abranches","date":"junho 15, 2023","format":false,"excerpt":"\u00a0 Nesta quarta-feira, (14\/06) as 19:30 no sal\u00e3o paroquial da Igreja Sant\u2019Ana de Abranches, foi realizada a reuni\u00e3o em conjunto dos Conseg\u2019s Abranches e Pilarzinho para debaterem sobre as reclama\u00e7\u00f5es dos moradores do entorno do Parque das pedreiras, que envolve a Pedreira Paulo Leminski e a \u00d3pera de Arame. Nesta\u2026","rel":"","context":"Em &quot;Conseg&quot;","block_context":{"text":"Conseg","link":"https:\/\/gazetadoabranches.com\/index.php\/category\/conseg\/"},"img":{"alt_text":"","src":"https:\/\/i0.wp.com\/gazetadoabranches.com\/wp-content\/uploads\/2023\/06\/WhatsApp-Image-2023-06-15-at-12.28.03.jpeg?resize=350%2C200&ssl=1","width":350,"height":200,"srcset":"https:\/\/i0.wp.com\/gazetadoabranches.com\/wp-content\/uploads\/2023\/06\/WhatsApp-Image-2023-06-15-at-12.28.03.jpeg?resize=350%2C200&ssl=1 1x, https:\/\/i0.wp.com\/gazetadoabranches.com\/wp-content\/uploads\/2023\/06\/WhatsApp-Image-2023-06-15-at-12.28.03.jpeg?resize=525%2C300&ssl=1 1.5x, https:\/\/i0.wp.com\/gazetadoabranches.com\/wp-content\/uploads\/2023\/06\/WhatsApp-Image-2023-06-15-at-12.28.03.jpeg?resize=700%2C400&ssl=1 2x, https:\/\/i0.wp.com\/gazetadoabranches.com\/wp-content\/uploads\/2023\/06\/WhatsApp-Image-2023-06-15-at-12.28.03.jpeg?resize=1050%2C600&ssl=1 3x, https:\/\/i0.wp.com\/gazetadoabranches.com\/wp-content\/uploads\/2023\/06\/WhatsApp-Image-2023-06-15-at-12.28.03.jpeg?resize=1400%2C800&ssl=1 4x"},"classes":[]}],"jetpack_likes_enabled":true,"jetpack_sharing_enabled":true,"_links":{"self":[{"href":"https:\/\/gazetadoabranches.com\/index.php\/wp-json\/wp\/v2\/posts\/10339","targetHints":{"allow":["GET"]}}],"collection":[{"href":"https:\/\/gazetadoabranches.com\/index.php\/wp-json\/wp\/v2\/posts"}],"about":[{"href":"https:\/\/gazetadoabranches.com\/index.php\/wp-json\/wp\/v2\/types\/post"}],"author":[{"embeddable":true,"href":"https:\/\/gazetadoabranches.com\/index.php\/wp-json\/wp\/v2\/users\/1"}],"replies":[{"embeddable":true,"href":"https:\/\/gazetadoabranches.com\/index.php\/wp-json\/wp\/v2\/comments?post=10339"}],"version-history":[{"count":1,"href":"https:\/\/gazetadoabranches.com\/index.php\/wp-json\/wp\/v2\/posts\/10339\/revisions"}],"predecessor-version":[{"id":10341,"href":"https:\/\/gazetadoabranches.com\/index.php\/wp-json\/wp\/v2\/posts\/10339\/revisions\/10341"}],"wp:featuredmedia":[{"embeddable":true,"href":"https:\/\/gazetadoabranches.com\/index.php\/wp-json\/wp\/v2\/media\/10340"}],"wp:attachment":[{"href":"https:\/\/gazetadoabranches.com\/index.php\/wp-json\/wp\/v2\/media?parent=10339"}],"wp:term":[{"taxonomy":"category","embeddable":true,"href":"https:\/\/gazetadoabranches.com\/index.php\/wp-json\/wp\/v2\/categories?post=10339"},{"taxonomy":"post_tag","embeddable":true,"href":"https:\/\/gazetadoabranches.com\/index.php\/wp-json\/wp\/v2\/tags?post=10339"}],"curies":[{"name":"wp","href":"https:\/\/api.w.org\/{rel}","templated":true}]}}