{"id":10342,"date":"2026-03-12T18:41:04","date_gmt":"2026-03-12T21:41:04","guid":{"rendered":"https:\/\/gazetadoabranches.com\/?p=10342"},"modified":"2026-03-12T18:41:04","modified_gmt":"2026-03-12T21:41:04","slug":"prefeitura-recicla-asfalto-em-seis-ruas-e-melhora-malha-viaria-do-santa-candida","status":"publish","type":"post","link":"https:\/\/gazetadoabranches.com\/index.php\/2026\/03\/12\/prefeitura-recicla-asfalto-em-seis-ruas-e-melhora-malha-viaria-do-santa-candida\/","title":{"rendered":"Prefeitura recicla asfalto em seis ruas e melhora malha vi\u00e1ria do Santa C\u00e2ndida"},"content":{"rendered":"<p data-placeholder=\" \">O trabalho de recupera\u00e7\u00e3o da malha vi\u00e1ria de Curitiba n\u00e3o para. Nesta semana, a Prefeitura iniciou a reciclagem do pavimento de trechos de seis ruas do bairro Santa C\u00e2ndida, perfazendo 1.655 metros de melhorias nas vias.<\/p>\n<p>A a\u00e7\u00e3o \u00e9 realizada por&nbsp;equipes coordenadas pela&nbsp;<a href=\"https:\/\/obras.curitiba.pr.gov.br\/\">Secretaria Municipal de Obras P\u00fablicas<\/a>&nbsp;(<a href=\"https:\/\/obras.curitiba.pr.gov.br\/\">Smop<\/a>) e faz parte do Programa de Revitaliza\u00e7\u00e3o e Obras de Curitiba (<a href=\"https:\/\/lp.curitiba.pr.gov.br\/procuritiba\/\">PRO Curitiba<\/a>) que est\u00e1 transformando a infraestrutura e os servi\u00e7os p\u00fablicos da cidade.&nbsp;<\/p>\n<h3>Reciclagem e bloqueios<\/h3>\n<p>O processo utilizado na opera\u00e7\u00e3o \u00e9 da reciclagem do asfalto, feito com a retirada a camada danificada do pavimento para reaproveitamento do material triturado, que \u00e9 misturado com cimento e compactado para formar uma nova base para a nova pavimenta\u00e7\u00e3o. A fase final \u00e9 complementada com a aplica\u00e7\u00e3o de camadas de asfalto.<\/p>\n<p>Para a realiza\u00e7\u00e3o das obras, s\u00e3o necess\u00e1rios bloqueios parciais e vari\u00e1veis, de acordo com andamento dos trabalhos. A previs\u00e3o \u00e9 de que as a\u00e7\u00f5es sejam conclu\u00eddas at\u00e9 o fim do m\u00eas.<\/p>\n<p>&nbsp;<\/p>\n<p><img loading=\"lazy\" decoding=\"async\" class=\"aligncenter\" src=\"https:\/\/mid-noticias.curitiba.pr.gov.br\/2026\/capa\/00548931.jpg\" alt=\"Prefeitura realiza recupera\u00e7\u00e3o de pavimento no bairro Santa C\u00e2ndida e Bacacheri. Rua Ant\u00f4nio Antoniacomi. Curitiba, 10\/03\/2026. Foto: valquir Kiu Aureliano\/SECOM\" width=\"800\" height=\"533\"><\/p>\n<p><strong>Ruas que est\u00e3o sendo requalificadas:<\/strong><\/p>\n<ul>\n<li><span class=\"ck-list-bogus-paragraph\">Rua Carlos Cadamuro, 190 metros, entre Ayrton Luciano Franco e Antonino Teixeira;<\/span><\/li>\n<li><span class=\"ck-list-bogus-paragraph\">Rua Dem\u00e9trio da Costa, 230 metros, entre as ruas Buda e Antonino Teixeira;<\/span><\/li>\n<li><span class=\"ck-list-bogus-paragraph\">Rua Ant\u00f4nio Antoniacomi, 325 metros, da Rua Antonino Teixeira at\u00e9 o n\u00famero 464;<\/span><\/li>\n<li><span class=\"ck-list-bogus-paragraph\">Rua Felipe Morlotti, 210 metros, entre as ruas Buda e Antonino Teixeira;<\/span><\/li>\n<li><span class=\"ck-list-bogus-paragraph\">Rua Venezuela, 540 metros, entre Nossa Senhora da Luz e Valpara\u00edso;<\/span><\/li>\n<li><span class=\"ck-list-bogus-paragraph\">Rua Avicena, 160 metros, entre as ruas Ant\u00f4nio Antoniacomi e Buda &#8211; 160 metros.<\/span><\/li>\n<\/ul>\n<h3>Moradores comemoram<\/h3>\n<p>Alda Matias mora da Rua Ant\u00f4nio Antoniacomi e est\u00e1 feliz com a recupera\u00e7\u00e3o do asfalto.<\/p>\n<blockquote><p>\u201cVai melhorar muito para todos os moradores. Agora s\u00f3 precisa dar um jeito no frio de Curitiba\u201d, brincou ela, que \u00e9 de Goi\u00e1s e ainda n\u00e3o acostumou que o clima da cidade.<\/p><\/blockquote>\n<p>Na rua vizinha, a Carlos Cadamuro, Ilza Fran\u00e7a tamb\u00e9m comemorou a chegada do asfalto.<\/p>\n<p>\u201cMoro aqui h\u00e1 33 anos e \u00e9 a primeira vez que a nossa rua ganha uma grande reforma como esta. Antes era s\u00f3 tapa-buraco. Agora vai ficar muito bom, um trabalho assim valoriza a casa da gente\u201d, elogiou.<\/p>\n<h3>M\u00e3o na massa<\/h3>\n<p>Jo\u00e3o Renato de Paula, morador na Rua Dem\u00e9trio da Costa (paralela \u00e0 Carlos Cadamuro), n\u00e3o se contentou em s\u00f3 observar o movimento das m\u00e1quinas e equipes de trabalho. Ele colocou as m\u00e3os na massa e arrancou o mato nas laterais da rua, deixando tudo pronto para a aplica\u00e7\u00e3o do asfalto.<\/p>\n<blockquote><p>\u201cO trabalho que a Prefeitura est\u00e1 fazendo aqui \u00e9 maravilhoso, eu agrade\u00e7o de cora\u00e7\u00e3o e vou continuar contribuindo com o meu trabalho para manter a rua sempre em ordem\u201d, assegurou o morador.<\/p>\n<p><img decoding=\"async\" class=\"aligncenter\" src=\"https:\/\/mid-noticias.curitiba.pr.gov.br\/2026\/capa\/00548926.jpg\" alt=\"Prefeitura realiza recupera\u00e7\u00e3o de pavimento no bairro Santa C\u00e2ndida e Bacacheri. Rua Carlos Cadamuro. Na foto,  Ilza Fran\u00e7a. Curitiba, 10\/03\/2026. Foto: valquir Kiu Aureliano\/SECOM\"><\/p><\/blockquote>\n<h3>Regional recebeu 33,1 km de asfalto<\/h3>\n<p>Para manter as ruas com boas condi\u00e7\u00f5es de uso de motoristas e pedestres, a Prefeitura faz um trabalho constante de manuten\u00e7\u00e3o da malha vi\u00e1ria dos bairros da&nbsp;<a href=\"https:\/\/regionais.curitiba.pr.gov.br\/conteudo\/boa-vista\/1170\">Regional Boa Vista<\/a>&nbsp;(Abranches, Atuba, Bacacheri, Bairro Alto, Barreirinha, Boa Vista, Cachoeira, Pilarzinho, Santa C\u00e2ndida, S\u00e3o Louren\u00e7o, Tabo\u00e3o e Tingui). Desde o in\u00edcio de 2025 at\u00e9 agora, a regional teve 33,1 km de ruas requalificadas.&nbsp;<\/p>\n<p>Em todo a cidade, o programa j\u00e1 levou asfalto novo a 222,6 km, entre obras conclu\u00eddas ou em andamento, perfazendo 382 a\u00e7\u00f5es em 454 ruas (algumas a\u00e7\u00f5es beneficiam mais de uma rua, como ocorrem nos projetos do Novo Inter 2 e do Ligeir\u00e3o Leste\/Oeste).<\/p>\n<h3>PRO Curitiba<\/h3>\n<p>O Programa de Revitaliza\u00e7\u00e3o e Obras de Curitiba (<a href=\"https:\/\/lp.curitiba.pr.gov.br\/procuritiba\/\">PRO Curitiba<\/a>) \u00e9 o maior da hist\u00f3ria da cidade e engloba mais de R$ 6 bilh\u00f5es em investimentos da gest\u00e3o Eduardo Pimentel entre 2025 e 2028. S\u00e3o interven\u00e7\u00f5es em \u00e1reas essenciais para o cidad\u00e3o como mobilidade urbana, sa\u00fade, educa\u00e7\u00e3o, habita\u00e7\u00e3o social, preven\u00e7\u00e3o a enchentes, zeladoria, ilumina\u00e7\u00e3o p\u00fablica, tr\u00e2nsito e seguran\u00e7a.<\/p>\n","protected":false},"excerpt":{"rendered":"<p>O trabalho de recupera\u00e7\u00e3o da malha vi\u00e1ria de Curitiba n\u00e3o para. Nesta semana, a Prefeitura iniciou a reciclagem do pavimento de trechos de seis ruas do bairro Santa C\u00e2ndida, perfazendo 1.655 metros de melhorias nas vias. A a\u00e7\u00e3o \u00e9 realizada por&nbsp;equipes coordenadas pela&nbsp;Secretaria Municipal de Obras P\u00fablicas&nbsp;(Smop) e faz parte [&hellip;]<\/p>\n","protected":false},"author":1,"featured_media":10343,"comment_status":"open","ping_status":"open","sticky":false,"template":"","format":"standard","meta":{"ngg_post_thumbnail":0,"jetpack_post_was_ever_published":false,"amp_status":"","_jetpack_newsletter_access":"","_jetpack_dont_email_post_to_subs":false,"_jetpack_newsletter_tier_id":0,"_jetpack_memberships_contains_paywalled_content":false,"_jetpack_memberships_contains_paid_content":false,"footnotes":""},"categories":[5],"tags":[],"class_list":["post-10342","post","type-post","status-publish","format-standard","has-post-thumbnail","hentry","category-bairros"],"aioseo_notices":[],"jetpack_featured_media_url":"https:\/\/gazetadoabranches.com\/wp-content\/uploads\/2026\/03\/00548930.png","jetpack-related-posts":[{"id":10353,"url":"https:\/\/gazetadoabranches.com\/index.php\/2026\/03\/17\/eduardo-pimentel-anuncia-pacote-de-100-km-de-reciclagem-do-asfalto-nas-comemoracoes-dos-333-anos-da-cidade\/","url_meta":{"origin":10342,"position":0},"title":"Eduardo Pimentel anuncia pacote de 100 km de reciclagem do asfalto nas comemora\u00e7\u00f5es dos 333 anos da cidade","author":"Gazeta do Abranches","date":"mar\u00e7o 17, 2026","format":false,"excerpt":"Curitiba comemora seus 333 anos com mais investimentos nos bairros. Dentro da programa\u00e7\u00e3o de anivers\u00e1rio da cidade, a Prefeitura iniciou um novo pacote de obras de manuten\u00e7\u00e3o do asfalto, que vai alcan\u00e7ar 100 quil\u00f4metros de ruas ao longo deste ano. A ordem de servi\u00e7o para o in\u00edcio imediato das interven\u00e7\u00f5es\u2026","rel":"","context":"Em &quot;Bairros&quot;","block_context":{"text":"Bairros","link":"https:\/\/gazetadoabranches.com\/index.php\/category\/bairros\/"},"img":{"alt_text":"Prefeito Eduardo Pimentel assina autoriza\u00e7\u00e3o para nova etapa do programa de recupera\u00e7\u00e3o da malha vi\u00e1ria em 100km de ruas. Curitiba, 16\/03\/2026. Foto: Pedro Ribas\/SECOM","src":"https:\/\/i0.wp.com\/gazetadoabranches.com\/wp-content\/uploads\/2026\/03\/00549961.png?resize=350%2C200&ssl=1","width":350,"height":200,"srcset":"https:\/\/i0.wp.com\/gazetadoabranches.com\/wp-content\/uploads\/2026\/03\/00549961.png?resize=350%2C200&ssl=1 1x, https:\/\/i0.wp.com\/gazetadoabranches.com\/wp-content\/uploads\/2026\/03\/00549961.png?resize=525%2C300&ssl=1 1.5x, https:\/\/i0.wp.com\/gazetadoabranches.com\/wp-content\/uploads\/2026\/03\/00549961.png?resize=700%2C400&ssl=1 2x"},"classes":[]},{"id":8864,"url":"https:\/\/gazetadoabranches.com\/index.php\/2023\/04\/11\/regional-boa-vista-recebe-1113-km-de-asfalto-novo-em-seis-anos\/","url_meta":{"origin":10342,"position":1},"title":"Regional Boa Vista recebe 111,3 km de asfalto novo em seis anos","author":"Gazeta do Abranches","date":"abril 11, 2023","format":false,"excerpt":"Curitibanos que residem nos 12 bairros da Regional Boa Vista t\u00eam um bom motivo para comemorar. A regi\u00e3o recebeu 111,3 km de asfalto novo em suas ruas nos \u00faltimos seis anos. Em mar\u00e7o, a Prefeitura anunciou como parte das comemora\u00e7\u00f5es dos\u00a0330 anos de Curitiba\u00a0que mais 46 ruas da regional v\u00e3o\u2026","rel":"","context":"Em &quot;Obras&quot;","block_context":{"text":"Obras","link":"https:\/\/gazetadoabranches.com\/index.php\/category\/obras\/"},"img":{"alt_text":"","src":"https:\/\/i0.wp.com\/gazetadoabranches.com\/wp-content\/uploads\/2023\/04\/Cruz-do-Pilarzinho2.jpg?resize=350%2C200&ssl=1","width":350,"height":200,"srcset":"https:\/\/i0.wp.com\/gazetadoabranches.com\/wp-content\/uploads\/2023\/04\/Cruz-do-Pilarzinho2.jpg?resize=350%2C200&ssl=1 1x, https:\/\/i0.wp.com\/gazetadoabranches.com\/wp-content\/uploads\/2023\/04\/Cruz-do-Pilarzinho2.jpg?resize=525%2C300&ssl=1 1.5x, https:\/\/i0.wp.com\/gazetadoabranches.com\/wp-content\/uploads\/2023\/04\/Cruz-do-Pilarzinho2.jpg?resize=700%2C400&ssl=1 2x"},"classes":[]},{"id":10378,"url":"https:\/\/gazetadoabranches.com\/index.php\/2026\/03\/30\/prefeitura-de-curitiba-recupera-34-km-de-ruas-nos-bairros-santa-candida-e-boa-vista\/","url_meta":{"origin":10342,"position":2},"title":"Prefeitura de Curitiba recupera 3,4 km de ruas nos bairros Santa C\u00e2ndida e Boa Vista","author":"Gazeta do Abranches","date":"mar\u00e7o 30, 2026","format":false,"excerpt":"A Prefeitura de Curitiba est\u00e1 realizando nos bairros Boa Vista e Santa C\u00e2ndida, nesta semana, obras importantes para recuperar a malha vi\u00e1ria da regi\u00e3o. As melhorias est\u00e3o sendo realizadas em trechos de quatro ruas, numa extens\u00e3o de 3,4 km, e s\u00e3o coordenadas pela\u00a0Secretaria Municipal de Obras P\u00fablicas\u00a0(Smop). A finalidade das\u2026","rel":"","context":"Em &quot;Bairros&quot;","block_context":{"text":"Bairros","link":"https:\/\/gazetadoabranches.com\/index.php\/category\/bairros\/"},"img":{"alt_text":"","src":"https:\/\/i0.wp.com\/gazetadoabranches.com\/wp-content\/uploads\/2026\/03\/00553652.png?resize=350%2C200&ssl=1","width":350,"height":200,"srcset":"https:\/\/i0.wp.com\/gazetadoabranches.com\/wp-content\/uploads\/2026\/03\/00553652.png?resize=350%2C200&ssl=1 1x, https:\/\/i0.wp.com\/gazetadoabranches.com\/wp-content\/uploads\/2026\/03\/00553652.png?resize=525%2C300&ssl=1 1.5x, https:\/\/i0.wp.com\/gazetadoabranches.com\/wp-content\/uploads\/2026\/03\/00553652.png?resize=700%2C400&ssl=1 2x"},"classes":[]},{"id":10306,"url":"https:\/\/gazetadoabranches.com\/index.php\/2026\/01\/29\/prefeitura-de-curitiba-recupera-o-pavimento-de-tres-ruas-da-regional-boa-vista\/","url_meta":{"origin":10342,"position":3},"title":"Prefeitura de Curitiba recupera o pavimento de tr\u00eas ruas da Regional Boa Vista","author":"Gazeta do Abranches","date":"janeiro 29, 2026","format":false,"excerpt":"Rua Uberl\u00e2ndia. Curitiba, 28\/01\/2026. Foto: Valquir Kiu Aureliano\/SECOM O pavimento prec\u00e1rio e cheio de remendos da Rua Uberl\u00e2ndia, no bairro Abranches, est\u00e1 dando lugar a asfalto novo que vai permitir a circula\u00e7\u00e3o de motoristas e pedestres com conforto e seguran\u00e7a. A Prefeitura de Curitiba iniciou esta semana a recupera\u00e7\u00e3o do\u2026","rel":"","context":"Em &quot;Bairros&quot;","block_context":{"text":"Bairros","link":"https:\/\/gazetadoabranches.com\/index.php\/category\/bairros\/"},"img":{"alt_text":"Prefeitura de Curitiba recupera o pavimento de tr\u00eas ruas da Regional Boa Vista","src":"https:\/\/i0.wp.com\/gazetadoabranches.com\/wp-content\/uploads\/2026\/01\/00543016.png?resize=350%2C200&ssl=1","width":350,"height":200,"srcset":"https:\/\/i0.wp.com\/gazetadoabranches.com\/wp-content\/uploads\/2026\/01\/00543016.png?resize=350%2C200&ssl=1 1x, https:\/\/i0.wp.com\/gazetadoabranches.com\/wp-content\/uploads\/2026\/01\/00543016.png?resize=525%2C300&ssl=1 1.5x, https:\/\/i0.wp.com\/gazetadoabranches.com\/wp-content\/uploads\/2026\/01\/00543016.png?resize=700%2C400&ssl=1 2x"},"classes":[]},{"id":7890,"url":"https:\/\/gazetadoabranches.com\/index.php\/2021\/11\/18\/ruas-de-acesso-ao-parque-tangua-ganham-asfalto-novo\/","url_meta":{"origin":10342,"position":4},"title":"Ruas de acesso ao Parque Tangu\u00e1 ganham asfalto novo","author":"Gazeta do Abranches","date":"novembro 18, 2021","format":false,"excerpt":"Tr\u00eas ruas do Pilarzinho que d\u00e3o acesso ao Parque Tangu\u00e1 est\u00e3o sendo requalificadas pela Prefeitura de Curitiba. O prefeito Rafael Greca acompanhou, nesta quarta-feira (17\/11), o in\u00edcio das obras de reciclagem do pavimento da Rua Margarida de Conto\u00a0Gava, que vai ganhar asfalto novo no trecho de 478 metros entre a\u2026","rel":"","context":"Em &quot;Bairros&quot;","block_context":{"text":"Bairros","link":"https:\/\/gazetadoabranches.com\/index.php\/category\/bairros\/"},"img":{"alt_text":"","src":"https:\/\/i0.wp.com\/gazetadoabranches.com\/wp-content\/uploads\/2021\/11\/Ruas-pq-Tangua.jpg?resize=350%2C200&ssl=1","width":350,"height":200,"srcset":"https:\/\/i0.wp.com\/gazetadoabranches.com\/wp-content\/uploads\/2021\/11\/Ruas-pq-Tangua.jpg?resize=350%2C200&ssl=1 1x, https:\/\/i0.wp.com\/gazetadoabranches.com\/wp-content\/uploads\/2021\/11\/Ruas-pq-Tangua.jpg?resize=525%2C300&ssl=1 1.5x, https:\/\/i0.wp.com\/gazetadoabranches.com\/wp-content\/uploads\/2021\/11\/Ruas-pq-Tangua.jpg?resize=700%2C400&ssl=1 2x"},"classes":[]},{"id":8697,"url":"https:\/\/gazetadoabranches.com\/index.php\/2022\/12\/20\/sete-bairros-de-curitiba-comecam-a-semana-com-obras-de-recuperacao-do-asfalto\/","url_meta":{"origin":10342,"position":5},"title":"Sete bairros de Curitiba come\u00e7am a semana com obras de recupera\u00e7\u00e3o do asfalto","author":"Gazeta do Abranches","date":"dezembro 20, 2022","format":false,"excerpt":"Os bairros Ganchinho, Pilarzinho, Cap\u00e3o Raso, Uberaba, Cajuru, Port\u00e3o e Bigorrilho v\u00e3o receber nesta semana obras para manuten\u00e7\u00e3o do asfalto, a partir do programa da Prefeitura de Curitiba para manuten\u00e7\u00e3o da malha vi\u00e1ria. S\u00e3o 3.915 metros de asfalto novo para melhorar a mobilidade na cidade, assegurar mais conforto aos moradores\u2026","rel":"","context":"Em &quot;Obras&quot;","block_context":{"text":"Obras","link":"https:\/\/gazetadoabranches.com\/index.php\/category\/obras\/"},"img":{"alt_text":"","src":"https:\/\/i0.wp.com\/gazetadoabranches.com\/wp-content\/uploads\/2022\/12\/Obras-Pilarzinho.jpg?resize=350%2C200&ssl=1","width":350,"height":200,"srcset":"https:\/\/i0.wp.com\/gazetadoabranches.com\/wp-content\/uploads\/2022\/12\/Obras-Pilarzinho.jpg?resize=350%2C200&ssl=1 1x, https:\/\/i0.wp.com\/gazetadoabranches.com\/wp-content\/uploads\/2022\/12\/Obras-Pilarzinho.jpg?resize=525%2C300&ssl=1 1.5x, https:\/\/i0.wp.com\/gazetadoabranches.com\/wp-content\/uploads\/2022\/12\/Obras-Pilarzinho.jpg?resize=700%2C400&ssl=1 2x"},"classes":[]}],"jetpack_likes_enabled":true,"jetpack_sharing_enabled":true,"_links":{"self":[{"href":"https:\/\/gazetadoabranches.com\/index.php\/wp-json\/wp\/v2\/posts\/10342","targetHints":{"allow":["GET"]}}],"collection":[{"href":"https:\/\/gazetadoabranches.com\/index.php\/wp-json\/wp\/v2\/posts"}],"about":[{"href":"https:\/\/gazetadoabranches.com\/index.php\/wp-json\/wp\/v2\/types\/post"}],"author":[{"embeddable":true,"href":"https:\/\/gazetadoabranches.com\/index.php\/wp-json\/wp\/v2\/users\/1"}],"replies":[{"embeddable":true,"href":"https:\/\/gazetadoabranches.com\/index.php\/wp-json\/wp\/v2\/comments?post=10342"}],"version-history":[{"count":1,"href":"https:\/\/gazetadoabranches.com\/index.php\/wp-json\/wp\/v2\/posts\/10342\/revisions"}],"predecessor-version":[{"id":10344,"href":"https:\/\/gazetadoabranches.com\/index.php\/wp-json\/wp\/v2\/posts\/10342\/revisions\/10344"}],"wp:featuredmedia":[{"embeddable":true,"href":"https:\/\/gazetadoabranches.com\/index.php\/wp-json\/wp\/v2\/media\/10343"}],"wp:attachment":[{"href":"https:\/\/gazetadoabranches.com\/index.php\/wp-json\/wp\/v2\/media?parent=10342"}],"wp:term":[{"taxonomy":"category","embeddable":true,"href":"https:\/\/gazetadoabranches.com\/index.php\/wp-json\/wp\/v2\/categories?post=10342"},{"taxonomy":"post_tag","embeddable":true,"href":"https:\/\/gazetadoabranches.com\/index.php\/wp-json\/wp\/v2\/tags?post=10342"}],"curies":[{"name":"wp","href":"https:\/\/api.w.org\/{rel}","templated":true}]}}