{"id":10348,"date":"2026-03-16T17:35:09","date_gmt":"2026-03-16T20:35:09","guid":{"rendered":"https:\/\/gazetadoabranches.com\/?p=10348"},"modified":"2026-03-16T17:35:09","modified_gmt":"2026-03-16T20:35:09","slug":"lei-lili-determina-que-caes-de-qualquer-porte-sejam-conduzidos-com-coleira-e-guia-em-espacos-publicos","status":"publish","type":"post","link":"https:\/\/gazetadoabranches.com\/index.php\/2026\/03\/16\/lei-lili-determina-que-caes-de-qualquer-porte-sejam-conduzidos-com-coleira-e-guia-em-espacos-publicos\/","title":{"rendered":"Lei Lili determina que c\u00e3es de qualquer porte sejam conduzidos com coleira e guia em espa\u00e7os p\u00fablicos"},"content":{"rendered":"<p><img decoding=\"async\" src=\"https:\/\/mid-noticias.curitiba.pr.gov.br\/2026\/capa\/00549732.jpg\" alt=\"O evento Amigo Bicho, no Parque Barigui, incentivou a ado\u00e7\u00e3o respons\u00e1vel de c\u00e3es resgatados pela Rede de Prote\u00e7\u00e3o Animal e marcou a san\u00e7\u00e3o da lei que regulamenta a condu\u00e7\u00e3o respons\u00e1vel de c\u00e3es em espa\u00e7os p\u00fablicos. Curitiba, 14\/03\/2026. Foto: Hully Paiva\/SECOM\"><br \/>\nCuritiba, 14\/03\/2026. Foto: Hully Paiva\/SECOM<\/p>\n<p>A prote\u00e7\u00e3o animal ganhou espa\u00e7o na programa\u00e7\u00e3o do m\u00eas de anivers\u00e1rio de 333 anos de Curitiba. Neste s\u00e1bado (14\/3), no Parque Barigui, a quarta edi\u00e7\u00e3o de 2026 do evento Amigo Bicho reuniu interessados em adotar animais resgatados pela Prefeitura e tamb\u00e9m foi marcada pela san\u00e7\u00e3o da Lei Lili, que regulamenta a condu\u00e7\u00e3o respons\u00e1vel dos cachorros em espa\u00e7os p\u00fablicos, assinada pelo prefeito Eduardo Pimentel.<\/p>\n<p>A legisla\u00e7\u00e3o, de n\u00famero 005.00647.2025 determina que animais de qualquer porte sejam conduzidos com coleira e guia em ruas, parques e pra\u00e7as. Para c\u00e3es com mais de 20 quilos, a norma estabelece exig\u00eancias adicionais de conten\u00e7\u00e3o, como guia curta e resistente. J\u00e1 para ra\u00e7as consideradas de maior potencial de dano, \u00e9 obrigat\u00f3rio o uso de focinheira.<\/p>\n<p>Segundo o prefeito, a atualiza\u00e7\u00e3o da legisla\u00e7\u00e3o busca ampliar a seguran\u00e7a e incentivar pr\u00e1ticas respons\u00e1veis na guarda de animais. A lei come\u00e7a a valer 99 dias depois de publica\u00e7\u00e3o no Di\u00e1rio Oficial.<\/p>\n<p><img decoding=\"async\" src=\"https:\/\/mid-noticias.curitiba.pr.gov.br\/2026\/capa\/00549718.jpg\" alt=\"O prefeito Eduardo Pimentel sancionou lei que regulamenta a condu\u00e7\u00e3o respons\u00e1vel de c\u00e3es em espa\u00e7os p\u00fablicos, durante o evento Amigo Bicho, no Parque Barigui. Curitiba, 14\/03\/2026. Foto: Hully Paiva\/SECOM\"><br \/>\n14\/03\/2026. Foto: Hully Paiva\/SECOM<\/p>\n<p>\u201cA cidade avan\u00e7a ao estabelecer regras claras para a conviv\u00eancia entre pessoas e pets. Proteger os animais \u00e9 um compromisso de toda a sociedade, porque quando cuidamos deles tamb\u00e9m mostramos o respeito e o carinho que temos pela nossa cidade e pelas pessoas\u201d,&nbsp;&nbsp;afirmou o prefeito.<\/p>\n<p>A Lei Lili&nbsp;foi motivada pela hist\u00f3ria da&nbsp;Juliana Laux. Ela era&nbsp;tutora da cachorrinha Lili, que morreu em setembro de 2025 ap\u00f3s ser atacada por outros c\u00e3es no Parque Barigui. O caso gerou grande como\u00e7\u00e3o e acabou inspirando a cria\u00e7\u00e3o da lei proposta pelo vereador Jasson Goulart, com coautoria das vereadoras Andressa Bianchessi, Meri Martins e&nbsp;Rafaela Lupion, que acompanharam a san\u00e7\u00e3o.<\/p>\n<blockquote><p>Juliana espera que a hist\u00f3ria de Lili ajude a evitar novas trag\u00e9dias. \u201cNada vai trazer a Lili de volta, mas se essa lei ajudar a proteger outros animais e evitar que outras fam\u00edlias passem pela dor que eu passei, j\u00e1 vai ter valido a pena\u201d, afirmou.<\/p>\n<p><img decoding=\"async\" src=\"https:\/\/mid-noticias.curitiba.pr.gov.br\/2026\/capa\/00549763.jpg\" alt=\"O prefeito Eduardo Pimentel sancionou lei que regulamenta a condu\u00e7\u00e3o respons\u00e1vel de c\u00e3es em espa\u00e7os p\u00fablicos, durante o evento Amigo Bicho, no Parque Barigui. Curitiba, 14\/03\/2026. Foto: Hully Paiva\/SECOM\"><br \/>\nCuritiba, 14\/03\/2026. Foto: Hully Paiva\/SECOM<\/p><\/blockquote>\n<h3>Ado\u00e7\u00f5es<\/h3>\n<p>Ao longo do dia, 40 c\u00e3es acolhidos pelo poder p\u00fablico municipal e por protetores independentes foram apresentados para ado\u00e7\u00e3o. Todos os animais dispon\u00edveis j\u00e1 estavam castrados, vacinados e identificados por microchip, o que facilita o controle sanit\u00e1rio e a localiza\u00e7\u00e3o em caso de desaparecimento.<\/p>\n<p>A programa\u00e7\u00e3o tamb\u00e9m incluiu microchipagem gratuita para c\u00e3es e gatos de moradores da cidade. O atendimento ocorreu por ordem de chegada, mediante cadastro pr\u00e9vio no site da Rede de Prote\u00e7\u00e3o Animal. O procedimento consiste na aplica\u00e7\u00e3o de um pequeno dispositivo sob a pele do animal, que funciona como identifica\u00e7\u00e3o permanente.<\/p>\n<p>A secret\u00e1ria municipal do Meio Ambiente, Marilza Dias, destacou que a a\u00e7\u00e3o integra uma pol\u00edtica p\u00fablica cont\u00ednua de cuidado com os animais resgatados. \u201cA ado\u00e7\u00e3o respons\u00e1vel \u00e9 essencial para garantir um novo lar aos c\u00e3es que passaram por abandono ou maus-tratos. Cada ado\u00e7\u00e3o representa uma nova oportunidade de vida para esses animais\u201d, disse.<br \/>\n<img decoding=\"async\" src=\"https:\/\/mid-noticias.curitiba.pr.gov.br\/2026\/capa\/00549731.jpg\" alt=\"O evento Amigo Bicho, no Parque Barigui, incentivou a ado\u00e7\u00e3o respons\u00e1vel de c\u00e3es resgatados pela Rede de Prote\u00e7\u00e3o Animal e marcou a san\u00e7\u00e3o da lei que regulamenta a condu\u00e7\u00e3o respons\u00e1vel de c\u00e3es em espa\u00e7os p\u00fablicos. Curitiba, 14\/03\/2026. Foto: Hully Paiva\/SECOM\"><br \/>\nFoto: Hully Paiva\/SECOM<\/p>\n<h3>Parcerias ampliam a\u00e7\u00f5es de prote\u00e7\u00e3o<\/h3>\n<p>A edi\u00e7\u00e3o deste s\u00e1bado tamb\u00e9m marcou a retomada da parceria com a empresa&nbsp;Adimax, que apoiar\u00e1 os eventos do Amigo Bicho realizados no Barigui ao longo de 2026. Entre as iniciativas previstas est\u00e1 a doa\u00e7\u00e3o de 15 toneladas de ra\u00e7\u00e3o para o programa municipal Banco de Ra\u00e7\u00e3o para Animais.<\/p>\n<p><img decoding=\"async\" src=\"https:\/\/mid-noticias.curitiba.pr.gov.br\/2026\/capa\/00549760.jpg\" alt=\"O prefeito Eduardo Pimentel sancionou lei que regulamenta a condu\u00e7\u00e3o respons\u00e1vel de c\u00e3es em espa\u00e7os p\u00fablicos, durante o evento Amigo Bicho, no Parque Barigui. Curitiba, 14\/03\/2026. Foto: Hully Paiva\/SECOM\"><br \/>\nCuritiba, 14\/03\/2026. Foto: Hully Paiva\/SECOM<\/p>\n<p>Outro destaque \u00e9 o fortalecimento do projeto EduC\u00e3o, desenvolvido com jovens do Centro de Socioeduca\u00e7\u00e3o de Curitiba. A iniciativa promove oficinas semanais de socializa\u00e7\u00e3o e treinamento com c\u00e3es acolhidos pelo Centro de Refer\u00eancia de Animais em Risco, estimulando a ado\u00e7\u00e3o e o aprendizado de atividades ligadas ao cuidado com os animais.<\/p>\n<h3>Presen\u00e7as<\/h3>\n<p>Estiveram no evento os secret\u00e1rios Marcelo Fachinello, do Governo Municipal, e Marc Sousa, da Comunica\u00e7\u00e3o Social, o vereador Tico Kuzma, presidente da C\u00e2mara Municipal de Curitiba; Edson Evaristo, diretor do Departamento de Pesquisa e Conserva\u00e7\u00e3o da Fauna da Secretaria Municipal do Meio Ambiente; e Fabiano Cruzara, da Rede de Prote\u00e7\u00e3o Animal.<\/p>\n<p><img decoding=\"async\" src=\"https:\/\/mid-noticias.curitiba.pr.gov.br\/2026\/capa\/00549749.jpg\" alt=\"O prefeito Eduardo Pimentel sancionou lei que regulamenta a condu\u00e7\u00e3o respons\u00e1vel de c\u00e3es em espa\u00e7os p\u00fablicos, durante o evento Amigo Bicho, no Parque Barigui. Curitiba, 14\/03\/2026. Foto: Hully Paiva\/SECOM\"><br \/>\nCuritiba, 14\/03\/2026. Foto: Hully Paiva\/SECOM<\/p>\n<p><i>Texto: Vanessa Brollo | Edi\u00e7\u00e3o: Aline Kozak<\/i><br \/>\n<i>Secretaria Municipal da Comunica\u00e7\u00e3o Social (Secom)<\/i><\/p>\n","protected":false},"excerpt":{"rendered":"<p>Curitiba, 14\/03\/2026. Foto: Hully Paiva\/SECOM A prote\u00e7\u00e3o animal ganhou espa\u00e7o na programa\u00e7\u00e3o do m\u00eas de anivers\u00e1rio de 333 anos de Curitiba. Neste s\u00e1bado (14\/3), no Parque Barigui, a quarta edi\u00e7\u00e3o de 2026 do evento Amigo Bicho reuniu interessados em adotar animais resgatados pela Prefeitura e tamb\u00e9m foi marcada pela san\u00e7\u00e3o [&hellip;]<\/p>\n","protected":false},"author":1,"featured_media":10350,"comment_status":"open","ping_status":"open","sticky":false,"template":"","format":"standard","meta":{"ngg_post_thumbnail":0,"jetpack_post_was_ever_published":false,"amp_status":"","_jetpack_newsletter_access":"","_jetpack_dont_email_post_to_subs":false,"_jetpack_newsletter_tier_id":0,"_jetpack_memberships_contains_paywalled_content":false,"_jetpack_memberships_contains_paid_content":false,"footnotes":""},"categories":[126,139,138,3,100,18],"tags":[],"class_list":["post-10348","post","type-post","status-publish","format-standard","has-post-thumbnail","hentry","category-animais","category-aniversario-de-curitiba-330-anos","category-camara-municipal-de-curitiba","category-curitiba","category-doacao","category-prefeitura"],"aioseo_notices":[],"jetpack_featured_media_url":"https:\/\/gazetadoabranches.com\/wp-content\/uploads\/2026\/03\/00549749.png","jetpack-related-posts":[{"id":9321,"url":"https:\/\/gazetadoabranches.com\/index.php\/2024\/07\/02\/conheca-os-caes-do-crar-que-poderao-ser-adotados-no-evento-amigo-bicho-de-curitiba\/","url_meta":{"origin":10348,"position":0},"title":"Conhe\u00e7a os c\u00e3es do Crar que poder\u00e3o ser adotados no evento Amigo Bicho de Curitiba","author":"Gazeta do Abranches","date":"julho 2, 2024","format":false,"excerpt":"A\u00a0Rede de Prote\u00e7\u00e3o Animal\u00a0da Prefeitura de Curitiba vai promover a 5\u00aa edi\u00e7\u00e3o do Amigo Bicho 2024, evento de ado\u00e7\u00e3o gratuita de c\u00e3es, neste s\u00e1bado (6\/7), das 11h \u00e0s 17h, no estacionamento do Shopping Mueller, no piso L1, em frente ao Espa\u00e7o Pet. A a\u00e7\u00e3o da Prefeitura ser\u00e1 junto do evento\u2026","rel":"","context":"Em &quot;Animais&quot;","block_context":{"text":"Animais","link":"https:\/\/gazetadoabranches.com\/index.php\/category\/animais\/"},"img":{"alt_text":"","src":"https:\/\/i0.wp.com\/gazetadoabranches.com\/wp-content\/uploads\/2024\/07\/Ado%C3%A7%C3%A3o-pets.jpg?resize=350%2C200&ssl=1","width":350,"height":200,"srcset":"https:\/\/i0.wp.com\/gazetadoabranches.com\/wp-content\/uploads\/2024\/07\/Ado%C3%A7%C3%A3o-pets.jpg?resize=350%2C200&ssl=1 1x, https:\/\/i0.wp.com\/gazetadoabranches.com\/wp-content\/uploads\/2024\/07\/Ado%C3%A7%C3%A3o-pets.jpg?resize=525%2C300&ssl=1 1.5x, https:\/\/i0.wp.com\/gazetadoabranches.com\/wp-content\/uploads\/2024\/07\/Ado%C3%A7%C3%A3o-pets.jpg?resize=700%2C400&ssl=1 2x"},"classes":[]},{"id":8511,"url":"https:\/\/gazetadoabranches.com\/index.php\/2022\/09\/18\/banco-de-racao-distribui-114-toneladas-de-alimentos-em-tres-anos\/","url_meta":{"origin":10348,"position":1},"title":"Banco de Ra\u00e7\u00e3o distribui 114 toneladas de alimentos em tr\u00eas anos","author":"Gazeta do Abranches","date":"setembro 18, 2022","format":false,"excerpt":"Desde que foi criado, em 2019, o Banco de Ra\u00e7\u00e3o da Prefeitura de Curitiba j\u00e1 fez o repasse de 114 toneladas de ra\u00e7\u00e3o comercial aos animais resgatados de situa\u00e7\u00f5es de risco por ONGs e protetores independentes e mantidos por pessoas em vulnerabilidade social. A \u00faltima entrega, no in\u00edcio de setembro,\u2026","rel":"","context":"Em &quot;Animais&quot;","block_context":{"text":"Animais","link":"https:\/\/gazetadoabranches.com\/index.php\/category\/animais\/"},"img":{"alt_text":"","src":"https:\/\/i0.wp.com\/gazetadoabranches.com\/wp-content\/uploads\/2022\/09\/Banco-de-ra%C3%A7%C3%A3o.jpg?resize=350%2C200&ssl=1","width":350,"height":200,"srcset":"https:\/\/i0.wp.com\/gazetadoabranches.com\/wp-content\/uploads\/2022\/09\/Banco-de-ra%C3%A7%C3%A3o.jpg?resize=350%2C200&ssl=1 1x, https:\/\/i0.wp.com\/gazetadoabranches.com\/wp-content\/uploads\/2022\/09\/Banco-de-ra%C3%A7%C3%A3o.jpg?resize=525%2C300&ssl=1 1.5x, https:\/\/i0.wp.com\/gazetadoabranches.com\/wp-content\/uploads\/2022\/09\/Banco-de-ra%C3%A7%C3%A3o.jpg?resize=700%2C400&ssl=1 2x"},"classes":[]},{"id":10336,"url":"https:\/\/gazetadoabranches.com\/index.php\/2026\/03\/09\/urbs-lanca-a-nova-linha-247-hospital-veterinario-saindo-do-barreirinha\/","url_meta":{"origin":10348,"position":2},"title":"Urbs lan\u00e7a a nova linha 247 \u2013 Hospital Veterin\u00e1rio saindo do Barreirinha","author":"Gazeta do Abranches","date":"mar\u00e7o 9, 2026","format":false,"excerpt":"A partir da segunda - feira (9\/3), a Urbaniza\u00e7\u00e3o de Curitiba (Urbs) lan\u00e7ar\u00e1 a linha 247 \u2013 Hospital Veterin\u00e1rio. A nova linha ter\u00e1 como ponto de partida e ponto final o Terminal Barreirinha, funcionar\u00e1 apenas em dias \u00fateis (de segunda a sexta-feira), das 6h \u00e0s 23h45, e com frequ\u00eancia de\u2026","rel":"","context":"Em &quot;Bairros&quot;","block_context":{"text":"Bairros","link":"https:\/\/gazetadoabranches.com\/index.php\/category\/bairros\/"},"img":{"alt_text":"Urbs lan\u00e7a, na segunda-feira, a nova linha 247 \u2013 Hospital Veterin\u00e1rio.","src":"https:\/\/i0.wp.com\/gazetadoabranches.com\/wp-content\/uploads\/2026\/03\/00548152.png?resize=350%2C200&ssl=1","width":350,"height":200,"srcset":"https:\/\/i0.wp.com\/gazetadoabranches.com\/wp-content\/uploads\/2026\/03\/00548152.png?resize=350%2C200&ssl=1 1x, https:\/\/i0.wp.com\/gazetadoabranches.com\/wp-content\/uploads\/2026\/03\/00548152.png?resize=525%2C300&ssl=1 1.5x, https:\/\/i0.wp.com\/gazetadoabranches.com\/wp-content\/uploads\/2026\/03\/00548152.png?resize=700%2C400&ssl=1 2x"},"classes":[]},{"id":9241,"url":"https:\/\/gazetadoabranches.com\/index.php\/2024\/01\/18\/o-primeiro-hospital-veterinario-municipal-do-parana-sera-no-bairro-taboao\/","url_meta":{"origin":10348,"position":3},"title":"O primeiro Hospital Veterin\u00e1rio Municipal do Paran\u00e1 ser\u00e1 no bairro Tabo\u00e3o","author":"Gazeta do Abranches","date":"janeiro 18, 2024","format":false,"excerpt":"A causa animal de Curitiba teve um dia hist\u00f3rico nesta quarta-feira (17\/1). Em evento no Sal\u00e3o Brasil, da Prefeitura, o prefeito Rafael Greca e o vice-prefeito e secret\u00e1rio de Estado das Cidades, Eduardo Pimentel, fizeram o lan\u00e7amento do projeto do Hospital Veterin\u00e1rio Municipal de Curitiba, o primeiro hospital veterin\u00e1rio p\u00fablico\u2026","rel":"","context":"Em &quot;Prefeitura&quot;","block_context":{"text":"Prefeitura","link":"https:\/\/gazetadoabranches.com\/index.php\/category\/prefeitura\/"},"img":{"alt_text":"","src":"https:\/\/i0.wp.com\/gazetadoabranches.com\/wp-content\/uploads\/2024\/01\/Hospital-municipal-veterinario1.png?resize=350%2C200&ssl=1","width":350,"height":200,"srcset":"https:\/\/i0.wp.com\/gazetadoabranches.com\/wp-content\/uploads\/2024\/01\/Hospital-municipal-veterinario1.png?resize=350%2C200&ssl=1 1x, https:\/\/i0.wp.com\/gazetadoabranches.com\/wp-content\/uploads\/2024\/01\/Hospital-municipal-veterinario1.png?resize=525%2C300&ssl=1 1.5x, https:\/\/i0.wp.com\/gazetadoabranches.com\/wp-content\/uploads\/2024\/01\/Hospital-municipal-veterinario1.png?resize=700%2C400&ssl=1 2x"},"classes":[]},{"id":9991,"url":"https:\/\/gazetadoabranches.com\/index.php\/2025\/08\/22\/comissoes-concluem-analise-de-projeto-contra-fiscalizacao-abusiva-de-bares\/","url_meta":{"origin":10348,"position":4},"title":"Comiss\u00f5es concluem an\u00e1lise de projeto contra fiscaliza\u00e7\u00e3o abusiva de bares","author":"Gazeta do Abranches","date":"agosto 22, 2025","format":false,"excerpt":"Regras para fiscaliza\u00e7\u00e3o de bares, restaurantes e ambulantes est\u00e1 entre as 9 propostas admitidas pela Comiss\u00e3o de Servi\u00e7o P\u00fablico. A\u00a0Comiss\u00e3o de Servi\u00e7o da C\u00e2mara Municipal de Curitiba (CMC)\u00a0aprovou\u00a0pareceres favor\u00e1veis a 9 dos 11 projetos de lei pautados\u00a0para a reuni\u00e3o desta ter\u00e7a-feira (19). Das propostas\u00a07 j\u00e1 est\u00e3o aptas \u00e0 inclus\u00e3o na\u2026","rel":"","context":"Em &quot;C\u00e2mara Municipal de Curitiba&quot;","block_context":{"text":"C\u00e2mara Municipal de Curitiba","link":"https:\/\/gazetadoabranches.com\/index.php\/category\/camara-municipal-de-curitiba\/"},"img":{"alt_text":"","src":"https:\/\/i0.wp.com\/gazetadoabranches.com\/wp-content\/uploads\/2025\/08\/Cmc-Leonidas.jpg?resize=350%2C200&ssl=1","width":350,"height":200,"srcset":"https:\/\/i0.wp.com\/gazetadoabranches.com\/wp-content\/uploads\/2025\/08\/Cmc-Leonidas.jpg?resize=350%2C200&ssl=1 1x, https:\/\/i0.wp.com\/gazetadoabranches.com\/wp-content\/uploads\/2025\/08\/Cmc-Leonidas.jpg?resize=525%2C300&ssl=1 1.5x, https:\/\/i0.wp.com\/gazetadoabranches.com\/wp-content\/uploads\/2025\/08\/Cmc-Leonidas.jpg?resize=700%2C400&ssl=1 2x"},"classes":[]},{"id":9287,"url":"https:\/\/gazetadoabranches.com\/index.php\/2024\/06\/18\/moradores-da-regional-boa-vista-podem-levar-caes-e-gatos-para-exames-e-vacinas-gratuitos-saiba-como\/","url_meta":{"origin":10348,"position":5},"title":"Moradores da Regional Boa Vista podem levar c\u00e3es e gatos para exames e vacinas gratuitos; saiba como","author":"Gazeta do Abranches","date":"junho 18, 2024","format":false,"excerpt":"A\u00a0Rede de Prote\u00e7\u00e3o Animal\u00a0de Curitiba vai oferecer exames cl\u00ednicos e vacina\u00e7\u00e3o gratuita para c\u00e3es e gatos de moradores da\u00a0Regional Boa Vista. A a\u00e7\u00e3o ser\u00e1 entre os dias 25 e\u00a028 de junho, das 8h30 \u00e0s 16h30, no\u00a0Centro de Esporte e Lazer Avelino Vieira\u00a0(Rua Guilherme Ihlenfeldt, 233, Bacacheri). Os agendamentos s\u00e3o gratuitos\u2026","rel":"","context":"Em &quot;Animais&quot;","block_context":{"text":"Animais","link":"https:\/\/gazetadoabranches.com\/index.php\/category\/animais\/"},"img":{"alt_text":"","src":"https:\/\/i0.wp.com\/gazetadoabranches.com\/wp-content\/uploads\/2024\/06\/Vacina%C3%A7%C3%A3o-gratuita-animais.jpg?resize=350%2C200&ssl=1","width":350,"height":200,"srcset":"https:\/\/i0.wp.com\/gazetadoabranches.com\/wp-content\/uploads\/2024\/06\/Vacina%C3%A7%C3%A3o-gratuita-animais.jpg?resize=350%2C200&ssl=1 1x, https:\/\/i0.wp.com\/gazetadoabranches.com\/wp-content\/uploads\/2024\/06\/Vacina%C3%A7%C3%A3o-gratuita-animais.jpg?resize=525%2C300&ssl=1 1.5x, https:\/\/i0.wp.com\/gazetadoabranches.com\/wp-content\/uploads\/2024\/06\/Vacina%C3%A7%C3%A3o-gratuita-animais.jpg?resize=700%2C400&ssl=1 2x"},"classes":[]}],"jetpack_likes_enabled":true,"jetpack_sharing_enabled":true,"_links":{"self":[{"href":"https:\/\/gazetadoabranches.com\/index.php\/wp-json\/wp\/v2\/posts\/10348","targetHints":{"allow":["GET"]}}],"collection":[{"href":"https:\/\/gazetadoabranches.com\/index.php\/wp-json\/wp\/v2\/posts"}],"about":[{"href":"https:\/\/gazetadoabranches.com\/index.php\/wp-json\/wp\/v2\/types\/post"}],"author":[{"embeddable":true,"href":"https:\/\/gazetadoabranches.com\/index.php\/wp-json\/wp\/v2\/users\/1"}],"replies":[{"embeddable":true,"href":"https:\/\/gazetadoabranches.com\/index.php\/wp-json\/wp\/v2\/comments?post=10348"}],"version-history":[{"count":1,"href":"https:\/\/gazetadoabranches.com\/index.php\/wp-json\/wp\/v2\/posts\/10348\/revisions"}],"predecessor-version":[{"id":10351,"href":"https:\/\/gazetadoabranches.com\/index.php\/wp-json\/wp\/v2\/posts\/10348\/revisions\/10351"}],"wp:featuredmedia":[{"embeddable":true,"href":"https:\/\/gazetadoabranches.com\/index.php\/wp-json\/wp\/v2\/media\/10350"}],"wp:attachment":[{"href":"https:\/\/gazetadoabranches.com\/index.php\/wp-json\/wp\/v2\/media?parent=10348"}],"wp:term":[{"taxonomy":"category","embeddable":true,"href":"https:\/\/gazetadoabranches.com\/index.php\/wp-json\/wp\/v2\/categories?post=10348"},{"taxonomy":"post_tag","embeddable":true,"href":"https:\/\/gazetadoabranches.com\/index.php\/wp-json\/wp\/v2\/tags?post=10348"}],"curies":[{"name":"wp","href":"https:\/\/api.w.org\/{rel}","templated":true}]}}