{"id":10356,"date":"2026-03-18T17:18:21","date_gmt":"2026-03-18T20:18:21","guid":{"rendered":"https:\/\/gazetadoabranches.com\/?p=10356"},"modified":"2026-03-18T17:18:33","modified_gmt":"2026-03-18T20:18:33","slug":"prefeitura-de-curitiba-vai-garantir-exames-e-oculos-gratis-para-estudantes-da-rede-municipal-de-ensino","status":"publish","type":"post","link":"https:\/\/gazetadoabranches.com\/index.php\/2026\/03\/18\/prefeitura-de-curitiba-vai-garantir-exames-e-oculos-gratis-para-estudantes-da-rede-municipal-de-ensino\/","title":{"rendered":"Prefeitura de Curitiba vai garantir exames e \u00f3culos gr\u00e1tis para estudantes da rede municipal de ensino"},"content":{"rendered":"<p>O prefeito de Curitiba, Eduardo Pimentel, lan\u00e7a nesta ter\u00e7a-feira (17\/3), na Escola Municipal Jornalista Arnaldo Alves da Cruz, no Alto Boqueir\u00e3o, o programa Olhar que Transforma. A iniciativa representa um investimento de R$ 8 milh\u00f5es para a avalia\u00e7\u00e3o oftalmol\u00f3gica de todos os 80 mil estudantes do 1\u00ba ao 9\u00ba ano das 188 escolas da rede municipal de ensino, al\u00e9m da entrega de \u00f3culos sem custo para os que precisarem.<\/p>\n<p>Tudo come\u00e7a com a triagem e a consulta com o oftalmologista, que apontar\u00e3o quem necessita usar \u00f3culos. A expectativa \u00e9 de que at\u00e9 40% (32 mil) dos estudantes precisem de \u00f3culos. No dia do lan\u00e7amento ser\u00e3o avaliadas 60 das 337 crian\u00e7as matriculadas na escola.<\/p>\n<p>Segundo a literatura oftalmol\u00f3gica, as defici\u00eancias mais comuns na inf\u00e2ncia s\u00e3o miopia, hipermetropia e astigmatismo. S\u00e3o agravos que reduzem a acuidade visual e podem comprometer a leitura, escrita, aten\u00e7\u00e3o e, como resultado, o desempenho escolar.<\/p>\n<p>O programa foi proposto e est\u00e1 sendo articulado pela Secretaria Municipal de Desenvolvimento Humano (SMDH), com apoio das secretarias municipais da Sa\u00fade e da Educa\u00e7\u00e3o. Nos pr\u00f3ximos oito meses, os estudantes ser\u00e3o avaliados por equipes da Santa Casa, Hospital da Vis\u00e3o, M\u00e9dicos de Olhos, Hospital Menino Deus e Hospital de Olhos do Paran\u00e1.<\/p>\n<p>&nbsp;<\/p>\n<p><strong>Prefeitura de Curitiba vai garantir exames e \u00f3culos gr\u00e1tis para estudantes da rede municipal de ensino<\/strong><br \/>\nData: 17\/3<br \/>\nHor\u00e1rio: 11h<br \/>\n\u2060\u2060\u2060\u2060\u2060\u2060\u2060Local: Escola Municipal Jornalista Arnaldo Alves da Cruz (Rua Maria Marques de Camargo, 330, Alto Boqueir\u00e3o, Vila Pantanal)<\/p>\n","protected":false},"excerpt":{"rendered":"<p>O prefeito de Curitiba, Eduardo Pimentel, lan\u00e7a nesta ter\u00e7a-feira (17\/3), na Escola Municipal Jornalista Arnaldo Alves da Cruz, no Alto Boqueir\u00e3o, o programa Olhar que Transforma. A iniciativa representa um investimento de R$ 8 milh\u00f5es para a avalia\u00e7\u00e3o oftalmol\u00f3gica de todos os 80 mil estudantes do 1\u00ba ao 9\u00ba ano [&hellip;]<\/p>\n","protected":false},"author":1,"featured_media":10349,"comment_status":"open","ping_status":"open","sticky":false,"template":"","format":"standard","meta":{"ngg_post_thumbnail":0,"jetpack_post_was_ever_published":false,"amp_status":"","_jetpack_newsletter_access":"","_jetpack_dont_email_post_to_subs":false,"_jetpack_newsletter_tier_id":0,"_jetpack_memberships_contains_paywalled_content":false,"_jetpack_memberships_contains_paid_content":false,"footnotes":""},"categories":[138,3,18],"tags":[],"class_list":["post-10356","post","type-post","status-publish","format-standard","has-post-thumbnail","hentry","category-camara-municipal-de-curitiba","category-curitiba","category-prefeitura"],"aioseo_notices":[],"jetpack_featured_media_url":"https:\/\/gazetadoabranches.com\/wp-content\/uploads\/2026\/03\/00549895.png","jetpack-related-posts":[{"id":10320,"url":"https:\/\/gazetadoabranches.com\/index.php\/2026\/02\/10\/prefeito-recebe-estudantes-na-volta-as-aulas-dia-de-reencontros-e-orientacoes-sobre-transito-e-dengue\/","url_meta":{"origin":10356,"position":0},"title":"Prefeito recebe estudantes na volta \u00e0s aulas, dia de reencontros e orienta\u00e7\u00f5es sobre tr\u00e2nsito e dengue","author":"Gazeta do Abranches","date":"fevereiro 10, 2026","format":false,"excerpt":"Foto: Pedro Ribas\/SECOM Mais de 130 mil estudantes da rede p\u00fablica municipal de Curitiba voltaram \u00e0s aulas nesta ter\u00e7a-feira (10\/2), em 188 escolas e 240 Centros Municipais de Educa\u00e7\u00e3o Infantil (CMEIs). Em dia marcado pela alegria e saudades dos colegas e professores, o prefeito Eduardo Pimentel acompanhou o retorno dos\u2026","rel":"","context":"Em &quot;Bairros&quot;","block_context":{"text":"Bairros","link":"https:\/\/gazetadoabranches.com\/index.php\/category\/bairros\/"},"img":{"alt_text":"Prefeito recebe estudantes na volta \u00e0s aulas, dia de reencontros e orienta\u00e7\u00f5es sobre tr\u00e2nsito e dengue","src":"https:\/\/i0.wp.com\/gazetadoabranches.com\/wp-content\/uploads\/2026\/02\/00544521.png?resize=350%2C200&ssl=1","width":350,"height":200,"srcset":"https:\/\/i0.wp.com\/gazetadoabranches.com\/wp-content\/uploads\/2026\/02\/00544521.png?resize=350%2C200&ssl=1 1x, https:\/\/i0.wp.com\/gazetadoabranches.com\/wp-content\/uploads\/2026\/02\/00544521.png?resize=525%2C300&ssl=1 1.5x, https:\/\/i0.wp.com\/gazetadoabranches.com\/wp-content\/uploads\/2026\/02\/00544521.png?resize=700%2C400&ssl=1 2x"},"classes":[]},{"id":8907,"url":"https:\/\/gazetadoabranches.com\/index.php\/2023\/04\/20\/pacote-de-acoes-lancado-pelo-prefeito-de-curitiba-reforca-seguranca-em-escolas-e-cmeis\/","url_meta":{"origin":10356,"position":1},"title":"Pacote de a\u00e7\u00f5es lan\u00e7ado pelo prefeito de Curitiba refor\u00e7a seguran\u00e7a em escolas e CMEIs","author":"Gazeta do Abranches","date":"abril 20, 2023","format":false,"excerpt":"As escolas e os Centros Municipais de Educa\u00e7\u00e3o Infantil (CMEIs) de Curitiba receber\u00e3o uma cota extra do programa\u00a0Fundo Rotativo\u00a0para adquirir ou fazer manuten\u00e7\u00e3o de itens de seguran\u00e7a, como interfones com c\u00e2meras, sensores e fechaduras eletr\u00f4nicas. Cada unidade receber\u00e1 R$ 2 mil, a partir de 26 de abril, com a segunda\u2026","rel":"","context":"Em &quot;Seguran\u00e7a&quot;","block_context":{"text":"Seguran\u00e7a","link":"https:\/\/gazetadoabranches.com\/index.php\/category\/seguranca\/"},"img":{"alt_text":"","src":"https:\/\/i0.wp.com\/gazetadoabranches.com\/wp-content\/uploads\/2023\/04\/Pacote-seguran%C3%A7a.jpg?resize=350%2C200&ssl=1","width":350,"height":200,"srcset":"https:\/\/i0.wp.com\/gazetadoabranches.com\/wp-content\/uploads\/2023\/04\/Pacote-seguran%C3%A7a.jpg?resize=350%2C200&ssl=1 1x, https:\/\/i0.wp.com\/gazetadoabranches.com\/wp-content\/uploads\/2023\/04\/Pacote-seguran%C3%A7a.jpg?resize=525%2C300&ssl=1 1.5x, https:\/\/i0.wp.com\/gazetadoabranches.com\/wp-content\/uploads\/2023\/04\/Pacote-seguran%C3%A7a.jpg?resize=700%2C400&ssl=1 2x"},"classes":[]},{"id":8895,"url":"https:\/\/gazetadoabranches.com\/index.php\/2023\/04\/20\/audiencia-jovem-reune-200-estudantes-na-regional-boa-vista\/","url_meta":{"origin":10356,"position":2},"title":"Audi\u00eancia Jovem re\u00fane 200 estudantes na Regional Boa Vista","author":"Gazeta do Abranches","date":"abril 20, 2023","format":false,"excerpt":"Qual profiss\u00e3o escolher, como melhorar o ensino, as a\u00e7\u00f5es de sa\u00fade e de justi\u00e7a na sua regi\u00e3o e qual o papel do cidad\u00e3o em tudo isso. Cerca de 200 jovens que estudam em escolas dos bairros da\u00a0Regional Boa Vista\u00a0se debru\u00e7aram sobre essas e outras quest\u00f5es na manh\u00e3 desta quarta-feira (19\/4),\u2026","rel":"","context":"Em &quot;Educa\u00e7\u00e3o&quot;","block_context":{"text":"Educa\u00e7\u00e3o","link":"https:\/\/gazetadoabranches.com\/index.php\/category\/educacao\/"},"img":{"alt_text":"","src":"https:\/\/i0.wp.com\/gazetadoabranches.com\/wp-content\/uploads\/2023\/04\/Audiencia-jovem.jpg?resize=350%2C200&ssl=1","width":350,"height":200,"srcset":"https:\/\/i0.wp.com\/gazetadoabranches.com\/wp-content\/uploads\/2023\/04\/Audiencia-jovem.jpg?resize=350%2C200&ssl=1 1x, https:\/\/i0.wp.com\/gazetadoabranches.com\/wp-content\/uploads\/2023\/04\/Audiencia-jovem.jpg?resize=525%2C300&ssl=1 1.5x, https:\/\/i0.wp.com\/gazetadoabranches.com\/wp-content\/uploads\/2023\/04\/Audiencia-jovem.jpg?resize=700%2C400&ssl=1 2x"},"classes":[]},{"id":8388,"url":"https:\/\/gazetadoabranches.com\/index.php\/2022\/06\/23\/greca-inaugura-a-escola-de-sustentabilidade-para-cursos-na-area-ambiental\/","url_meta":{"origin":10356,"position":3},"title":"Greca inaugura a Escola de Sustentabilidade para cursos na \u00e1rea ambiental","author":"Gazeta do Abranches","date":"junho 23, 2022","format":false,"excerpt":"Curitiba agora tem uma Escola Municipal de Sustentabilidade. Inaugurado no Bosque Zaninelli, no Pilarzinho, o espa\u00e7o da Secretaria Municipal do Meio Ambiente vai promover cursos e capacita\u00e7\u00f5es sobre temas ambientais, com a parceria da Secretaria Municipal da Educa\u00e7\u00e3o e do Instituto Municipal de Administra\u00e7\u00e3o P\u00fablica (Imap).\u00a0 A abertura do local\u2026","rel":"","context":"Em &quot;Prefeitura&quot;","block_context":{"text":"Prefeitura","link":"https:\/\/gazetadoabranches.com\/index.php\/category\/prefeitura\/"},"img":{"alt_text":"","src":"https:\/\/i0.wp.com\/gazetadoabranches.com\/wp-content\/uploads\/2022\/06\/Escola-Sustentavel.jpg?resize=350%2C200&ssl=1","width":350,"height":200,"srcset":"https:\/\/i0.wp.com\/gazetadoabranches.com\/wp-content\/uploads\/2022\/06\/Escola-Sustentavel.jpg?resize=350%2C200&ssl=1 1x, https:\/\/i0.wp.com\/gazetadoabranches.com\/wp-content\/uploads\/2022\/06\/Escola-Sustentavel.jpg?resize=525%2C300&ssl=1 1.5x, https:\/\/i0.wp.com\/gazetadoabranches.com\/wp-content\/uploads\/2022\/06\/Escola-Sustentavel.jpg?resize=700%2C400&ssl=1 2x"},"classes":[]},{"id":7963,"url":"https:\/\/gazetadoabranches.com\/index.php\/2021\/12\/08\/estudantes-vao-conhecer-o-carrossel-do-parque-tangua-pelo-linhas-do-conhecimento\/","url_meta":{"origin":10356,"position":4},"title":"Estudantes v\u00e3o conhecer o carrossel do Parque Tangu\u00e1 pelo Linhas do Conhecimento","author":"Gazeta do Abranches","date":"dezembro 8, 2021","format":false,"excerpt":"O carrossel veneziano do Parque Tangu\u00e1, com os cavalinhos e as \u201cx\u00edcaras malucas\u201d, ser\u00e1 o palco de atividades do programa Linhas do Conhecimento, que transforma Curitiba numa imensa sala de aula. A atra\u00e7\u00e3o natalina -\u00a0que tem patroc\u00ednio da Rede de Supermercados Muffato - receber\u00e1 mais de quinhentos estudantes de escolas\u2026","rel":"","context":"Em &quot;Natal&quot;","block_context":{"text":"Natal","link":"https:\/\/gazetadoabranches.com\/index.php\/category\/natal\/"},"img":{"alt_text":"","src":"https:\/\/i0.wp.com\/gazetadoabranches.com\/wp-content\/uploads\/2021\/12\/Carrossel-Parque-Tangu%C3%A1.jpg?resize=350%2C200&ssl=1","width":350,"height":200,"srcset":"https:\/\/i0.wp.com\/gazetadoabranches.com\/wp-content\/uploads\/2021\/12\/Carrossel-Parque-Tangu%C3%A1.jpg?resize=350%2C200&ssl=1 1x, https:\/\/i0.wp.com\/gazetadoabranches.com\/wp-content\/uploads\/2021\/12\/Carrossel-Parque-Tangu%C3%A1.jpg?resize=525%2C300&ssl=1 1.5x, https:\/\/i0.wp.com\/gazetadoabranches.com\/wp-content\/uploads\/2021\/12\/Carrossel-Parque-Tangu%C3%A1.jpg?resize=700%2C400&ssl=1 2x"},"classes":[]},{"id":7924,"url":"https:\/\/gazetadoabranches.com\/index.php\/2021\/12\/07\/estudantes-do-colegio-vicentino-sao-jose-participam-de-projeto-sustentavel\/","url_meta":{"origin":10356,"position":5},"title":"Estudantes do Col\u00e9gio Vicentino S\u00e3o Jos\u00e9 participam de projeto sustent\u00e1vel","author":"Gazeta do Abranches","date":"dezembro 7, 2021","format":false,"excerpt":"Crian\u00e7as do 4\u00ba ano aprenderam sobre a import\u00e2ncia da mata ciliar para os rios e afluentes da nossa cidade. Na \u00faltima segunda-feira (11), os estudantes do 4\u00ba ano do Col\u00e9gio Vicentino S\u00e3o Jos\u00e9, juntamente com a professora Vania, Coordenadora Tania e Diretora, Irm\u00e3 Leonides Selhorst, participaram do projeto Amigo dos\u2026","rel":"","context":"Em &quot;Bairros&quot;","block_context":{"text":"Bairros","link":"https:\/\/gazetadoabranches.com\/index.php\/category\/bairros\/"},"img":{"alt_text":"","src":"https:\/\/i0.wp.com\/gazetadoabranches.com\/wp-content\/uploads\/2021\/12\/WhatsApp-Image-2021-12-02-at-15.58.41-1.jpeg?resize=350%2C200&ssl=1","width":350,"height":200,"srcset":"https:\/\/i0.wp.com\/gazetadoabranches.com\/wp-content\/uploads\/2021\/12\/WhatsApp-Image-2021-12-02-at-15.58.41-1.jpeg?resize=350%2C200&ssl=1 1x, https:\/\/i0.wp.com\/gazetadoabranches.com\/wp-content\/uploads\/2021\/12\/WhatsApp-Image-2021-12-02-at-15.58.41-1.jpeg?resize=525%2C300&ssl=1 1.5x, https:\/\/i0.wp.com\/gazetadoabranches.com\/wp-content\/uploads\/2021\/12\/WhatsApp-Image-2021-12-02-at-15.58.41-1.jpeg?resize=700%2C400&ssl=1 2x, https:\/\/i0.wp.com\/gazetadoabranches.com\/wp-content\/uploads\/2021\/12\/WhatsApp-Image-2021-12-02-at-15.58.41-1.jpeg?resize=1050%2C600&ssl=1 3x"},"classes":[]}],"jetpack_likes_enabled":true,"jetpack_sharing_enabled":true,"_links":{"self":[{"href":"https:\/\/gazetadoabranches.com\/index.php\/wp-json\/wp\/v2\/posts\/10356","targetHints":{"allow":["GET"]}}],"collection":[{"href":"https:\/\/gazetadoabranches.com\/index.php\/wp-json\/wp\/v2\/posts"}],"about":[{"href":"https:\/\/gazetadoabranches.com\/index.php\/wp-json\/wp\/v2\/types\/post"}],"author":[{"embeddable":true,"href":"https:\/\/gazetadoabranches.com\/index.php\/wp-json\/wp\/v2\/users\/1"}],"replies":[{"embeddable":true,"href":"https:\/\/gazetadoabranches.com\/index.php\/wp-json\/wp\/v2\/comments?post=10356"}],"version-history":[{"count":1,"href":"https:\/\/gazetadoabranches.com\/index.php\/wp-json\/wp\/v2\/posts\/10356\/revisions"}],"predecessor-version":[{"id":10357,"href":"https:\/\/gazetadoabranches.com\/index.php\/wp-json\/wp\/v2\/posts\/10356\/revisions\/10357"}],"wp:featuredmedia":[{"embeddable":true,"href":"https:\/\/gazetadoabranches.com\/index.php\/wp-json\/wp\/v2\/media\/10349"}],"wp:attachment":[{"href":"https:\/\/gazetadoabranches.com\/index.php\/wp-json\/wp\/v2\/media?parent=10356"}],"wp:term":[{"taxonomy":"category","embeddable":true,"href":"https:\/\/gazetadoabranches.com\/index.php\/wp-json\/wp\/v2\/categories?post=10356"},{"taxonomy":"post_tag","embeddable":true,"href":"https:\/\/gazetadoabranches.com\/index.php\/wp-json\/wp\/v2\/tags?post=10356"}],"curies":[{"name":"wp","href":"https:\/\/api.w.org\/{rel}","templated":true}]}}