{"id":10406,"date":"2026-04-27T16:09:20","date_gmt":"2026-04-27T19:09:20","guid":{"rendered":"https:\/\/gazetadoabranches.com\/?p=10406"},"modified":"2026-04-27T16:09:20","modified_gmt":"2026-04-27T19:09:20","slug":"encontro-do-conseg-em-curitiba-reforca-dialogo-entre-comunidade-e-forcas-de-seguranca","status":"publish","type":"post","link":"https:\/\/gazetadoabranches.com\/index.php\/2026\/04\/27\/encontro-do-conseg-em-curitiba-reforca-dialogo-entre-comunidade-e-forcas-de-seguranca\/","title":{"rendered":"Encontro do Conseg em Curitiba refor\u00e7a di\u00e1logo entre comunidade e for\u00e7as de seguran\u00e7a"},"content":{"rendered":"<figure style=\"width: 1043px\" class=\"wp-caption aligncenter\"><img loading=\"lazy\" decoding=\"async\" src=\"https:\/\/www.seguranca.pr.gov.br\/sites\/default\/arquivos_restritos\/files\/imagem\/2026-04\/whatsapp_image_2026-04-23_at_20.50.55.png\" alt=\"Foto: Paulo Henrique\/Sesp\" width=\"1043\" height=\"695\"><figcaption class=\"wp-caption-text\">Foto: Paulo Henrique\/Sesp<\/figcaption><\/figure>\n<p>Curitiba recebeu nesta quinta-feira (23) a reuni\u00e3o do Conselho Comunit\u00e1rio de Seguran\u00e7a (Conseg), realizada como parte da programa\u00e7\u00e3o da sexta edi\u00e7\u00e3o da Miss\u00e3o Paran\u00e1. O encontro reuniu cerca de 120 participantes, entre moradores, lideran\u00e7as comunit\u00e1rias e representantes das for\u00e7as de seguran\u00e7a, em uma agenda voltada ao fortalecimento da integra\u00e7\u00e3o e do di\u00e1logo com a popula\u00e7\u00e3o.&nbsp;<\/p>\n<blockquote><p><em><strong>\u201cA reuni\u00e3o refor\u00e7a a import\u00e2ncia da participa\u00e7\u00e3o ativa da comunidade na constru\u00e7\u00e3o de solu\u00e7\u00f5es para a seguran\u00e7a p\u00fablica, ao criar um espa\u00e7o direto de di\u00e1logo entre moradores, lideran\u00e7as locais e for\u00e7as de seguran\u00e7a. O Conseg se consolida como um ambiente estrat\u00e9gico para aproximar a popula\u00e7\u00e3o das institui\u00e7\u00f5es, permitindo a escuta das demandas das regionais e a compreens\u00e3o das realidades de cada territ\u00f3rio\u201d, afirma o secret\u00e1rio da Seguran\u00e7a P\u00fablica, coronel Saulo Sanson.<\/strong><\/em><\/p><\/blockquote>\n<p>O encontro teve como foco o fortalecimento da seguran\u00e7a comunit\u00e1ria, com a cria\u00e7\u00e3o de um espa\u00e7o aberto para di\u00e1logo e constru\u00e7\u00e3o conjunta de estrat\u00e9gias voltadas \u00e0s realidades locais. Durante a reuni\u00e3o, representantes das regionais apresentaram demandas, relataram desafios e compartilharam percep\u00e7\u00f5es sobre a seguran\u00e7a em seus territ\u00f3rios.<\/p>\n<p>A participa\u00e7\u00e3o das for\u00e7as de seguran\u00e7a tamb\u00e9m contribui ativamente para o alinhamento de a\u00e7\u00f5es e o estreitamento da rela\u00e7\u00e3o com a comunidade. No evento, equipes da Pol\u00edcia Militar (PMPR) e da Guarda Municipal de Curitiba estiveram presentes, refor\u00e7ando a import\u00e2ncia da atua\u00e7\u00e3o integrada e da escuta ativa para o desenvolvimento de solu\u00e7\u00f5es mais eficazes.<\/p>\n<p><img loading=\"lazy\" decoding=\"async\" class=\"aligncenter\" src=\"https:\/\/www.seguranca.pr.gov.br\/sites\/default\/arquivos_restritos\/files\/imagem\/2026-04\/whatsapp_image_2026-04-23_at_20.30.22.png\" width=\"1012\" height=\"675\"><\/p>\n<blockquote><p><strong><em>\u201cAs reuni\u00f5es ampliam o di\u00e1logo entre as regionais e as for\u00e7as de seguran\u00e7a, criando um canal direto para identificar prioridades, compartilhar informa\u00e7\u00f5es e construir encaminhamentos conjuntos. Esse tipo de espa\u00e7o permite antecipar problemas, ajustar estrat\u00e9gias conforme as necessidades locais e fortalecer a atua\u00e7\u00e3o integrada, com mais proximidade, transpar\u00eancia e efici\u00eancia nas a\u00e7\u00f5es de seguran\u00e7a p\u00fablica, destaca o chefe do CECONSEG, coronel Chehade Elias Geha.&nbsp;<\/em><\/strong><\/p><\/blockquote>\n<p>A iniciativa integra as a\u00e7\u00f5es da Miss\u00e3o Paran\u00e1, que busca aproximar o poder p\u00fablico da popula\u00e7\u00e3o, incentivar a participa\u00e7\u00e3o comunit\u00e1ria e fortalecer pol\u00edticas p\u00fablicas baseadas na coopera\u00e7\u00e3o e na preven\u00e7\u00e3o.<\/p>\n<p>PRESEN\u00c7AS \u2014 Tamb\u00e9m estiveram presentes no encontro o comandante do 1\u00ba Comando Regional de PMPR, coronel Marcelo Roke F\u00e1vero; o promotor do Minist\u00e9rio P\u00fablico do Paran\u00e1, dr. R\u00e9gis Rog\u00e9rio Vicente Sartori; o comandante da Superintend\u00eancia da Guarda Municipal de Curitiba, inspetor GM Jos\u00e9 Carlos Felipus Costa; representando o presidente da Funda\u00e7\u00e3o de A\u00e7\u00e3o Social (FAS) de Curitiba, Elisangela Stupp, diretora de Aten\u00e7\u00e3o \u00e0 Popula\u00e7\u00e3o em Situa\u00e7\u00e3o de Rua; al\u00e9m de representantes da Secretaria de Estado da Justi\u00e7a e Cidadania (Seju-PR), da Regional Matriz de Boa Vista e da Regional Matriz do CIC.<\/p>\n","protected":false},"excerpt":{"rendered":"<p>Curitiba recebeu nesta quinta-feira (23) a reuni\u00e3o do Conselho Comunit\u00e1rio de Seguran\u00e7a (Conseg), realizada como parte da programa\u00e7\u00e3o da sexta edi\u00e7\u00e3o da Miss\u00e3o Paran\u00e1. O encontro reuniu cerca de 120 participantes, entre moradores, lideran\u00e7as comunit\u00e1rias e representantes das for\u00e7as de seguran\u00e7a, em uma agenda voltada ao fortalecimento da integra\u00e7\u00e3o e [&hellip;]<\/p>\n","protected":false},"author":1,"featured_media":10407,"comment_status":"open","ping_status":"open","sticky":false,"template":"","format":"standard","meta":{"ngg_post_thumbnail":0,"jetpack_post_was_ever_published":false,"amp_status":"","_jetpack_newsletter_access":"","_jetpack_dont_email_post_to_subs":false,"_jetpack_newsletter_tier_id":0,"_jetpack_memberships_contains_paywalled_content":false,"_jetpack_memberships_contains_paid_content":false,"footnotes":""},"categories":[144],"tags":[],"class_list":["post-10406","post","type-post","status-publish","format-standard","has-post-thumbnail","hentry","category-conseg"],"aioseo_notices":[],"jetpack_featured_media_url":"https:\/\/gazetadoabranches.com\/wp-content\/uploads\/2026\/04\/whatsapp_image_2026-04-23_at_20.30.22.png","jetpack-related-posts":[{"id":9825,"url":"https:\/\/gazetadoabranches.com\/index.php\/2025\/05\/15\/conseg-abranches-realiza-assembleia-e-debate-seguranca-cameras-e-futuro-binario-que-pode-impactar-18-mil-moradores\/","url_meta":{"origin":10406,"position":0},"title":"Conseg Abranches realiza assembl\u00e9ia e debate seguran\u00e7a, c\u00e2meras e futuro bin\u00e1rio que pode impactar 18 mil moradores","author":"Gazeta do Abranches","date":"maio 15, 2025","format":false,"excerpt":"A comunidade do Abranches est\u00e1 mobilizada! No dia 14 de maio, o Conselho Comunit\u00e1rio de Seguran\u00e7a (Conseg Abranches) realizou uma importante assembl\u00e9ia no sal\u00e3o da Igreja Sant\u2019Ana. O encontro contou com a presen\u00e7a de mais de 170 pessoas, entre moradores, autoridades, representantes da Guarda Municipal e lideran\u00e7as locais. Em pauta:\u2026","rel":"","context":"Em &quot;Conseg&quot;","block_context":{"text":"Conseg","link":"https:\/\/gazetadoabranches.com\/index.php\/category\/conseg\/"},"img":{"alt_text":"","src":"https:\/\/i0.wp.com\/gazetadoabranches.com\/wp-content\/uploads\/2025\/05\/WhatsApp-Image-2025-05-15-at-10.15.11.jpeg?resize=350%2C200&ssl=1","width":350,"height":200,"srcset":"https:\/\/i0.wp.com\/gazetadoabranches.com\/wp-content\/uploads\/2025\/05\/WhatsApp-Image-2025-05-15-at-10.15.11.jpeg?resize=350%2C200&ssl=1 1x, https:\/\/i0.wp.com\/gazetadoabranches.com\/wp-content\/uploads\/2025\/05\/WhatsApp-Image-2025-05-15-at-10.15.11.jpeg?resize=525%2C300&ssl=1 1.5x, https:\/\/i0.wp.com\/gazetadoabranches.com\/wp-content\/uploads\/2025\/05\/WhatsApp-Image-2025-05-15-at-10.15.11.jpeg?resize=700%2C400&ssl=1 2x, https:\/\/i0.wp.com\/gazetadoabranches.com\/wp-content\/uploads\/2025\/05\/WhatsApp-Image-2025-05-15-at-10.15.11.jpeg?resize=1050%2C600&ssl=1 3x, https:\/\/i0.wp.com\/gazetadoabranches.com\/wp-content\/uploads\/2025\/05\/WhatsApp-Image-2025-05-15-at-10.15.11.jpeg?resize=1400%2C800&ssl=1 4x"},"classes":[]},{"id":10339,"url":"https:\/\/gazetadoabranches.com\/index.php\/2026\/03\/10\/conseg-abranches-realiza-primeira-reuniao-de-2026\/","url_meta":{"origin":10406,"position":1},"title":"Conseg Abranches realiza primeira reuni\u00e3o de 2026","author":"Gazeta do Abranches","date":"mar\u00e7o 10, 2026","format":false,"excerpt":"O Conselho Comunit\u00e1rio de Seguran\u00e7a do Abranches (Conseg) realizou, no dia 11 de fevereiro, a primeira reuni\u00e3o de 2026. O encontro ocorreu no Sal\u00e3o Padre Henrique, nas depend\u00eancias da Par\u00f3quia Sant\u2019Ana de Abranches, e reuniu diretoria, membros natos e representantes das for\u00e7as de seguran\u00e7a. A reuni\u00e3o teve in\u00edcio com a\u2026","rel":"","context":"Em &quot;Seguran\u00e7a&quot;","block_context":{"text":"Seguran\u00e7a","link":"https:\/\/gazetadoabranches.com\/index.php\/category\/seguranca\/"},"img":{"alt_text":"","src":"https:\/\/i0.wp.com\/gazetadoabranches.com\/wp-content\/uploads\/2026\/03\/CONSEG-ABRANCHES.jpeg?resize=350%2C200&ssl=1","width":350,"height":200,"srcset":"https:\/\/i0.wp.com\/gazetadoabranches.com\/wp-content\/uploads\/2026\/03\/CONSEG-ABRANCHES.jpeg?resize=350%2C200&ssl=1 1x, https:\/\/i0.wp.com\/gazetadoabranches.com\/wp-content\/uploads\/2026\/03\/CONSEG-ABRANCHES.jpeg?resize=525%2C300&ssl=1 1.5x, https:\/\/i0.wp.com\/gazetadoabranches.com\/wp-content\/uploads\/2026\/03\/CONSEG-ABRANCHES.jpeg?resize=700%2C400&ssl=1 2x, https:\/\/i0.wp.com\/gazetadoabranches.com\/wp-content\/uploads\/2026\/03\/CONSEG-ABRANCHES.jpeg?resize=1050%2C600&ssl=1 3x, https:\/\/i0.wp.com\/gazetadoabranches.com\/wp-content\/uploads\/2026\/03\/CONSEG-ABRANCHES.jpeg?resize=1400%2C800&ssl=1 4x"},"classes":[]},{"id":9789,"url":"https:\/\/gazetadoabranches.com\/index.php\/2025\/03\/16\/nova-diretoria-do-conseg-abranches-toma-posse-em-solenidade-oficial\/","url_meta":{"origin":10406,"position":2},"title":"Nova Diretoria do CONSEG Abranches Toma Posse em Solenidade Oficial","author":"Gazeta do Abranches","date":"mar\u00e7o 16, 2025","format":false,"excerpt":"Na noite do dia 12 de Fevereiro (quarta feira), a comunidade do bairro Abranches, reuniu-se para um evento de grande import\u00e2ncia para a seguran\u00e7a local: a solenidade de posse da nova diretoria do Conselho Comunit\u00e1rio de Seguran\u00e7a (CONSEG) do bairro Abranches para a gest\u00e3o 2025\/2027. O evento tamb\u00e9m marcou a\u2026","rel":"","context":"Em &quot;Conseg&quot;","block_context":{"text":"Conseg","link":"https:\/\/gazetadoabranches.com\/index.php\/category\/conseg\/"},"img":{"alt_text":"","src":"https:\/\/i0.wp.com\/gazetadoabranches.com\/wp-content\/uploads\/2025\/03\/WhatsApp-Image-2025-03-16-at-13.34.42.jpeg?resize=350%2C200&ssl=1","width":350,"height":200,"srcset":"https:\/\/i0.wp.com\/gazetadoabranches.com\/wp-content\/uploads\/2025\/03\/WhatsApp-Image-2025-03-16-at-13.34.42.jpeg?resize=350%2C200&ssl=1 1x, https:\/\/i0.wp.com\/gazetadoabranches.com\/wp-content\/uploads\/2025\/03\/WhatsApp-Image-2025-03-16-at-13.34.42.jpeg?resize=525%2C300&ssl=1 1.5x, https:\/\/i0.wp.com\/gazetadoabranches.com\/wp-content\/uploads\/2025\/03\/WhatsApp-Image-2025-03-16-at-13.34.42.jpeg?resize=700%2C400&ssl=1 2x, https:\/\/i0.wp.com\/gazetadoabranches.com\/wp-content\/uploads\/2025\/03\/WhatsApp-Image-2025-03-16-at-13.34.42.jpeg?resize=1050%2C600&ssl=1 3x"},"classes":[]},{"id":10014,"url":"https:\/\/gazetadoabranches.com\/index.php\/2025\/09\/07\/nova-diretoria-do-conseg-juveve-realiza-primeira-reuniao-com-presenca-de-autoridades-e-comunidade\/","url_meta":{"origin":10406,"position":3},"title":"Nova diretoria do Conseg Juvev\u00ea realiza primeira reuni\u00e3o com presen\u00e7a de autoridades e comunidade","author":"Gazeta do Abranches","date":"setembro 7, 2025","format":false,"excerpt":"A nova diretoria do Conselho Comunit\u00e1rio de Seguran\u00e7a (Conseg) Juvev\u00ea realizou sua primeira reuni\u00e3o na noite do dia 3 de setembro, no sal\u00e3o da Igreja Bom Jesus do Cabral. O encontro contou com a participa\u00e7\u00e3o de moradores do bairro e de representantes de diversas institui\u00e7\u00f5es p\u00fablicas. \u00a0 Estiveram presentes o\u2026","rel":"","context":"Em &quot;Conseg&quot;","block_context":{"text":"Conseg","link":"https:\/\/gazetadoabranches.com\/index.php\/category\/conseg\/"},"img":{"alt_text":"","src":"https:\/\/i0.wp.com\/gazetadoabranches.com\/wp-content\/uploads\/2025\/09\/WhatsApp-Image-2025-09-07-at-11.26.05.jpeg?resize=350%2C200&ssl=1","width":350,"height":200,"srcset":"https:\/\/i0.wp.com\/gazetadoabranches.com\/wp-content\/uploads\/2025\/09\/WhatsApp-Image-2025-09-07-at-11.26.05.jpeg?resize=350%2C200&ssl=1 1x, https:\/\/i0.wp.com\/gazetadoabranches.com\/wp-content\/uploads\/2025\/09\/WhatsApp-Image-2025-09-07-at-11.26.05.jpeg?resize=525%2C300&ssl=1 1.5x, https:\/\/i0.wp.com\/gazetadoabranches.com\/wp-content\/uploads\/2025\/09\/WhatsApp-Image-2025-09-07-at-11.26.05.jpeg?resize=700%2C400&ssl=1 2x"},"classes":[]},{"id":10162,"url":"https:\/\/gazetadoabranches.com\/index.php\/2025\/11\/04\/conseg-abranches-realiza-7a-reuniao-ordinaria-e-empossa-novos-membros\/","url_meta":{"origin":10406,"position":4},"title":"CONSEG Abranches realiza 7\u00aa reuni\u00e3o ordin\u00e1ria e empossa novos membros","author":"Gazeta do Abranches","date":"novembro 4, 2025","format":false,"excerpt":"No dia 8 de outubro, o Conselho Comunit\u00e1rio de Seguran\u00e7a (Conseg) do bairro Abranches realizou sua 7\u00aa reuni\u00e3o ordin\u00e1ria mensal nas depend\u00eancias do sal\u00e3o da Par\u00f3quia Sant\u2019Ana de Abranches. O encontro contou com a leitura e aprova\u00e7\u00e3o da ata da reuni\u00e3o anterior, realizada em 10 de setembro, e com a\u2026","rel":"","context":"Em &quot;Bairros&quot;","block_context":{"text":"Bairros","link":"https:\/\/gazetadoabranches.com\/index.php\/category\/bairros\/"},"img":{"alt_text":"CONSEG Abranches realiza 7\u00aa reuni\u00e3o ordin\u00e1ria e empossa novos membros","src":"https:\/\/i0.wp.com\/gazetadoabranches.com\/wp-content\/uploads\/2025\/11\/Imagem-do-WhatsApp-de-2025-11-03-as-11.48.04_ef32ad02.jpg?resize=350%2C200&ssl=1","width":350,"height":200,"srcset":"https:\/\/i0.wp.com\/gazetadoabranches.com\/wp-content\/uploads\/2025\/11\/Imagem-do-WhatsApp-de-2025-11-03-as-11.48.04_ef32ad02.jpg?resize=350%2C200&ssl=1 1x, https:\/\/i0.wp.com\/gazetadoabranches.com\/wp-content\/uploads\/2025\/11\/Imagem-do-WhatsApp-de-2025-11-03-as-11.48.04_ef32ad02.jpg?resize=525%2C300&ssl=1 1.5x, https:\/\/i0.wp.com\/gazetadoabranches.com\/wp-content\/uploads\/2025\/11\/Imagem-do-WhatsApp-de-2025-11-03-as-11.48.04_ef32ad02.jpg?resize=700%2C400&ssl=1 2x, https:\/\/i0.wp.com\/gazetadoabranches.com\/wp-content\/uploads\/2025\/11\/Imagem-do-WhatsApp-de-2025-11-03-as-11.48.04_ef32ad02.jpg?resize=1050%2C600&ssl=1 3x, https:\/\/i0.wp.com\/gazetadoabranches.com\/wp-content\/uploads\/2025\/11\/Imagem-do-WhatsApp-de-2025-11-03-as-11.48.04_ef32ad02.jpg?resize=1400%2C800&ssl=1 4x"},"classes":[]},{"id":8755,"url":"https:\/\/gazetadoabranches.com\/index.php\/2023\/02\/22\/formado-e-eleita-a-diretoria-do-conseg-abranches\/","url_meta":{"origin":10406,"position":5},"title":"Formado e eleita a diretoria do Conseg Abranches","author":"Gazeta do Abranches","date":"fevereiro 22, 2023","format":false,"excerpt":"No ultimo dia 15 de fevereiro nas depend\u00eancias do sal\u00e3o paroquial da Igreja Sant\u2019 Ana de Abranches teve a elei\u00e7\u00e3o para a cria\u00e7\u00e3o do Conseg\u00a0 Abranches. Como teve apenas uma chapa concorrendo nessa elei\u00e7\u00e3o, que tamb\u00e9m foi a de forma\u00e7\u00e3o do Conseg, a mesma foi eleita por aclama\u00e7\u00e3o. Com a\u2026","rel":"","context":"Em &quot;Seguran\u00e7a&quot;","block_context":{"text":"Seguran\u00e7a","link":"https:\/\/gazetadoabranches.com\/index.php\/category\/seguranca\/"},"img":{"alt_text":"","src":"https:\/\/i0.wp.com\/gazetadoabranches.com\/wp-content\/uploads\/2023\/02\/IMG_2020.png?resize=350%2C200&ssl=1","width":350,"height":200,"srcset":"https:\/\/i0.wp.com\/gazetadoabranches.com\/wp-content\/uploads\/2023\/02\/IMG_2020.png?resize=350%2C200&ssl=1 1x, https:\/\/i0.wp.com\/gazetadoabranches.com\/wp-content\/uploads\/2023\/02\/IMG_2020.png?resize=525%2C300&ssl=1 1.5x, https:\/\/i0.wp.com\/gazetadoabranches.com\/wp-content\/uploads\/2023\/02\/IMG_2020.png?resize=700%2C400&ssl=1 2x, https:\/\/i0.wp.com\/gazetadoabranches.com\/wp-content\/uploads\/2023\/02\/IMG_2020.png?resize=1050%2C600&ssl=1 3x, https:\/\/i0.wp.com\/gazetadoabranches.com\/wp-content\/uploads\/2023\/02\/IMG_2020.png?resize=1400%2C800&ssl=1 4x"},"classes":[]}],"jetpack_likes_enabled":true,"jetpack_sharing_enabled":true,"_links":{"self":[{"href":"https:\/\/gazetadoabranches.com\/index.php\/wp-json\/wp\/v2\/posts\/10406","targetHints":{"allow":["GET"]}}],"collection":[{"href":"https:\/\/gazetadoabranches.com\/index.php\/wp-json\/wp\/v2\/posts"}],"about":[{"href":"https:\/\/gazetadoabranches.com\/index.php\/wp-json\/wp\/v2\/types\/post"}],"author":[{"embeddable":true,"href":"https:\/\/gazetadoabranches.com\/index.php\/wp-json\/wp\/v2\/users\/1"}],"replies":[{"embeddable":true,"href":"https:\/\/gazetadoabranches.com\/index.php\/wp-json\/wp\/v2\/comments?post=10406"}],"version-history":[{"count":1,"href":"https:\/\/gazetadoabranches.com\/index.php\/wp-json\/wp\/v2\/posts\/10406\/revisions"}],"predecessor-version":[{"id":10408,"href":"https:\/\/gazetadoabranches.com\/index.php\/wp-json\/wp\/v2\/posts\/10406\/revisions\/10408"}],"wp:featuredmedia":[{"embeddable":true,"href":"https:\/\/gazetadoabranches.com\/index.php\/wp-json\/wp\/v2\/media\/10407"}],"wp:attachment":[{"href":"https:\/\/gazetadoabranches.com\/index.php\/wp-json\/wp\/v2\/media?parent=10406"}],"wp:term":[{"taxonomy":"category","embeddable":true,"href":"https:\/\/gazetadoabranches.com\/index.php\/wp-json\/wp\/v2\/categories?post=10406"},{"taxonomy":"post_tag","embeddable":true,"href":"https:\/\/gazetadoabranches.com\/index.php\/wp-json\/wp\/v2\/tags?post=10406"}],"curies":[{"name":"wp","href":"https:\/\/api.w.org\/{rel}","templated":true}]}}