{"id":7453,"date":"2021-02-26T14:36:17","date_gmt":"2021-02-26T17:36:17","guid":{"rendered":"https:\/\/gazetadoabranches.com\/?p=7453"},"modified":"2021-02-26T14:36:17","modified_gmt":"2021-02-26T17:36:17","slug":"governo-decreta-fechamento-de-atividades-nao-essenciais-para-conter-a-covid-19","status":"publish","type":"post","link":"https:\/\/gazetadoabranches.com\/index.php\/2021\/02\/26\/governo-decreta-fechamento-de-atividades-nao-essenciais-para-conter-a-covid-19\/","title":{"rendered":"Governo decreta fechamento de atividades n\u00e3o essenciais para conter a Covid-19"},"content":{"rendered":"<figure id=\"attachment_7454\" aria-describedby=\"caption-attachment-7454\" style=\"width: 640px\" class=\"wp-caption aligncenter\"><img loading=\"lazy\" decoding=\"async\" class=\"size-large wp-image-7454\" src=\"https:\/\/gazetadoabranches.com\/wp-content\/uploads\/2021\/02\/Governador-1024x683.jpg\" alt=\"\" width=\"640\" height=\"427\" srcset=\"https:\/\/gazetadoabranches.com\/wp-content\/uploads\/2021\/02\/Governador-1024x683.jpg 1024w, https:\/\/gazetadoabranches.com\/wp-content\/uploads\/2021\/02\/Governador-300x200.jpg 300w, https:\/\/gazetadoabranches.com\/wp-content\/uploads\/2021\/02\/Governador-768x512.jpg 768w, https:\/\/gazetadoabranches.com\/wp-content\/uploads\/2021\/02\/Governador-1536x1024.jpg 1536w, https:\/\/gazetadoabranches.com\/wp-content\/uploads\/2021\/02\/Governador-2048x1365.jpg 2048w\" sizes=\"auto, (max-width: 640px) 100vw, 640px\" \/><figcaption id=\"caption-attachment-7454\" class=\"wp-caption-text\">O governador Carlos Massa Ratinho Junior apresenta nesta sexta-feira (26), no Pal\u00e1cio Igua\u00e7u, um panorama do cen\u00e1rio da pandemia no Estado e anuncia novas medidas de enfrentamento ao coronav\u00edrus, acompanhado do secret\u00e1rio da Sa\u00fade, Beto Preto e do chefe da Casa Civil, Guto Silva.<br \/>Curitiba, 26\/02\/2021. Foto: Geraldo Bubniak\/AEN<\/figcaption><\/figure>\n<p>O Governo do Estado preparou uma for\u00e7a-tarefa de emerg\u00eancia para conter a dissemina\u00e7\u00e3o do novo coronav\u00edrus no Paran\u00e1. Devido \u00e0 s\u00fabita eleva\u00e7\u00e3o dos \u00edndices relacionados \u00e0 doen\u00e7a, com a proximidade de um estrangulamento no sistema p\u00fablico de sa\u00fade, o governador Carlos Massa Ratinho Junior determinou, entre outras a\u00e7\u00f5es, a suspens\u00e3o do funcionamento dos servi\u00e7os e atividades n\u00e3o essenciais em todo o Estado e a amplia\u00e7\u00e3o na restri\u00e7\u00e3o de circula\u00e7\u00e3o das pessoas, que passa a ser entre as 20 horas e \u00e0s 5 horas.<\/p>\n<p>O decreto n\u00famero 6.983\/2021 entra em vigor \u00e0 0h deste s\u00e1bado (27) e tem validade at\u00e9 as 5 horas do dia 08 de mar\u00e7o, podendo ser prorrogado ou n\u00e3o, a depender do comportamento da pandemia no territ\u00f3rio paranaense durante o per\u00edodo. \u201c\u00c9 um momento delicado, em que precisamos tomar medidas mais duras para conter a contamina\u00e7\u00e3o da Covid-19. Precisamos do apoio de todos os munic\u00edpios para vencermos mais essa batalha, em nome da sa\u00fade dos paranaenses\u201d, afirmou Ratinho Junior.<\/p>\n<p>O governador destacou ainda que a Secretaria de Estado da Sa\u00fade prev\u00ea a amplia\u00e7\u00e3o da capacidade hospitalar com a inclus\u00e3o de 252 novos leitos at\u00e9 segunda-feira (01), processo que come\u00e7ou a ser implementado nesta semana. Est\u00e3o sendo acrescentadas \u00e0 rede 99 unidades de terapia intensiva (UTI) e 153 de enfermarias como resposta \u00e0 alta taxa de ocupa\u00e7\u00e3o. De acordo com a secretaria, o \u00edndice no Estado bateu em 94% em UTIs na quinta-feira (25) \u2013 a rede j\u00e1 contava com 3.400 leitos. Atualmente, h\u00e1 578 pessoas esperando por uma vaga em hospital na Central de Leitos do Estado.<\/p>\n<p>\u201cMas precisamos da compreens\u00e3o das pessoas porque a estrutura \u00e9 finita. Sem contar a quest\u00e3o dos profissionais da sa\u00fade, cada vez mais sobrecarregados e cansados em virtude de uma pandemia que j\u00e1 dura um ano. Ser\u00e3o dias turbulentos e, mais do que nunca, precisamos que quem puder fique em casa\u201d, disse Ratinho Junior.<\/p>\n<p>Ele refor\u00e7ou que a fiscaliza\u00e7\u00e3o para quem descumprir as medidas contidas no decreto ser\u00e1 intensificada por parte da Secretaria de Estado da Seguran\u00e7a P\u00fablica, com a possibilidade de aplica\u00e7\u00e3o de multas e at\u00e9 de pris\u00e3o. \u201c\u00c9 um freio de arruma\u00e7\u00e3o, para que a situa\u00e7\u00e3o volte aos trilhos nesse per\u00edodo de pouco mais de uma semana. As avalia\u00e7\u00f5es ser\u00e3o di\u00e1rias em torno da linha que a pandemia seguir\u00e1 no Estado. A curva s\u00f3 vai diminuir com a participa\u00e7\u00e3o de todos\u201d, avaliou o governador.<\/p>\n<p>Tamb\u00e9m para evitar o colapso do sistema, uma resolu\u00e7\u00e3o da Secretaria de Estado da Sa\u00fade suspende, inicialmente por 30 dias, a realiza\u00e7\u00e3o de procedimentos cir\u00fargicos eletivos hospitalares com demanda de terapia intensiva no p\u00f3s-operat\u00f3rio, em \u00e2mbito p\u00fablico e privado, em toda a rede hospitalar do Paran\u00e1. A medida n\u00e3o se aplica aos procedimentos de cardiologia, oncologia e nefrologia.<\/p>\n<p><strong>DEMAIS A\u00c7\u00d5ES&nbsp;<\/strong>\u2013 O texto contempla ainda outras a\u00e7\u00f5es restritivas, com foco na diminui\u00e7\u00e3o da circula\u00e7\u00e3o e aglomera\u00e7\u00e3o de pessoas. No per\u00edodo das 20 horas \u00e0s 5 horas, diariamente, fica estabelecida a restri\u00e7\u00e3o provis\u00f3ria de circula\u00e7\u00e3o em espa\u00e7os e vias p\u00fablicas, excetuando pessoas e ve\u00edculos em raz\u00e3o de servi\u00e7os e atividades essenciais.<\/p>\n<p>O mesmo vale para a comercializa\u00e7\u00e3o e o consumo de bebidas alco\u00f3licas em espa\u00e7os de uso p\u00fablico ou coletivo, estendendo-se a veda\u00e7\u00e3o para quaisquer estabelecimentos comerciais. \u201cQueremos a ajuda de todos para n\u00e3o chegar o momento de o profissional da sa\u00fade precisar escolher quem vai sobreviver. \u00c9 preciso deixar claro que o \u00edndice de mortalidade desta doen\u00e7a \u00e9 alto. De cada 10 pessoas internadas em UTI, quatro infelizmente falecem\u201d, afirmou o secret\u00e1rio de Estado da Sa\u00fade, Beto Preto.<\/p>\n<p>Restaurantes, lanchonetes e outros estabelecimentos que comercializam refei\u00e7\u00f5es podem funcionar nos sistemas de delivery, drive-thru e take away (retirada no balc\u00e3o), com respeito \u00e0s normas para evitar a dissemina\u00e7\u00e3o do coronav\u00edrus.<\/p>\n<p><strong>EDUCA\u00c7\u00c3O<\/strong>&nbsp;\u2013 Tamb\u00e9m como forma de conter a prolifera\u00e7\u00e3o do v\u00edrus, o decreto estabelece a suspens\u00e3o das aulas presenciais em escolas estaduais p\u00fablicas e privadas, inclusive nas entidades conveniadas com o Estado, cursos t\u00e9cnicos e em universidades p\u00fablicas e privadas.<\/p>\n<p>A pe\u00e7a jur\u00eddica pede ainda para que seja considerada no \u00e2mbito do Estado e dos outros Poderes, \u00f3rg\u00e3os ou entidades aut\u00f4nomas, inclusive na iniciativa privada, a adequa\u00e7\u00e3o do expediente dos trabalhadores aos hor\u00e1rios de restri\u00e7\u00e3o provis\u00f3ria de circula\u00e7\u00e3o definidos pelo decreto, e a prioriza\u00e7\u00e3o da substitui\u00e7\u00e3o do regime de trabalho presencial para o teletrabalho. Outra medida \u00e9 a orienta\u00e7\u00e3o para servidores do Estado voltarem ao teletrabalho e evitarem reuni\u00f5es presenciais.<\/p>\n<p>O decreto suspende, pelo menos per\u00edodo em vigor, no \u00e2mbito da Administra\u00e7\u00e3o P\u00fablica Direta, Aut\u00e1rquica e Fundacional, os prazos recursais, de defesa dos interessados nos processos administrativos e o acesso aos autos dos processos f\u00edsicos.<\/p>\n<p><strong>REUNI\u00d5ES<\/strong>&nbsp;\u2013 Antes do an\u00fancio, o governador tamb\u00e9m teve reuni\u00f5es virtuais com os prefeitos da Associa\u00e7\u00e3o dos Munic\u00edpios da Regi\u00e3o Metropolitana de Curitiba (Assomec) e da Associa\u00e7\u00e3o dos Munic\u00edpios do Litoral (Amlipa), al\u00e9m de um encontro online com todos os deputados estaduais. Os encontros ajudaram a aprimorar pontos do decreto estadual, para que ele seja o mais assertivo poss\u00edvel.<\/p>\n<p>\u201cApoiamos as medidas anunciadas, n\u00e3o h\u00e1 outro caminho a n\u00e3o ser salvar vidas no nosso Estado. Para que possamos, enquanto n\u00e3o tem vacina, conter o v\u00edrus que circula de forma agressiva. Como forma de contribui\u00e7\u00e3o, a Assembleia Legislativa ser\u00e1 fechada totalmente. Nem sess\u00e3o remota para n\u00e3o atrair assessores. Se necess\u00e1rio for, tamb\u00e9m poderemos tomar outras medidas\u201d, disse o presidente da Assembleia Legislativa do Paran\u00e1, deputado Ademar Traiano. Ele tamb\u00e9m pediu que n\u00e3o haja mais eventos estimulados por deputados estaduais.<\/p>\n<p>\u201cFoi um pedido meu esse encontro porque a Assembleia sempre foi colaborativa. Tamb\u00e9m tive o cuidado de falar com prefeitos, desde ontem. N\u00e3o podemos deixar que o Paran\u00e1 chegue numa situa\u00e7\u00e3o mais grave do que essa\u201d, arrematou o governador Ratinho Junior.<\/p>\n<p><em><strong><a href=\"http:\/\/www.aen.pr.gov.br\/arquivos\/2602decreto6983.pdf\">Confira a \u00edntegra do Decreto 6.983\/2021<\/a><\/strong><\/em><\/p>\n<p><strong>ATIVIDADES ESSENCIAIS<\/strong>&nbsp;\u2013 De acordo com o decreto, s\u00e3o consideradas atividades essenciais:<\/p>\n<p>I \u2013 capta\u00e7\u00e3o, tratamento e distribui\u00e7\u00e3o de \u00e1gua;<\/p>\n<p>II \u2013 assist\u00eancia m\u00e9dica e hospitalar;<\/p>\n<p>III \u2013 assist\u00eancia veterin\u00e1ria;<\/p>\n<p>IV \u2013 produ\u00e7\u00e3o, distribui\u00e7\u00e3o e comercializa\u00e7\u00e3o de medicamentos para uso humano e veterin\u00e1rio e produtos odonto-m\u00e9dico-hospitalares, inclusive na modalidade de entrega delivery e similares;<\/p>\n<p>V \u2013 produ\u00e7\u00e3o, distribui\u00e7\u00e3o e comercializa\u00e7\u00e3o de alimentos para uso humano e animal, lojas de conveni\u00eancia e similares, ainda que localizados em rodovias;<\/p>\n<p>a) veda o consumo nos estabelecimentos previstos no inciso V, ficando permitido o funcionamento apenas por meio das modalidades de entrega ou retirada.<\/p>\n<p>VI \u2013 agropecu\u00e1rios para manter o abastecimento de insumos e alimentos necess\u00e1rios \u00e0 manuten\u00e7\u00e3o da vida animal;<\/p>\n<p>VII \u2013 funer\u00e1rios;<\/p>\n<p>VIII \u2013 transporte coletivo, inclusive servi\u00e7os de t\u00e1xi e transporte remunerado privado individual de passageiros;<\/p>\n<p>IX \u2013 fretamento para transporte de funcion\u00e1rios de empresas e ind\u00fastrias cuja atividade esteja autorizada ao funcionamento;<\/p>\n<p>X \u2013 transporte de profissionais dos servi\u00e7os essenciais \u00e0 sa\u00fade e \u00e0 coleta de lixo;<\/p>\n<p>XI \u2013 capta\u00e7\u00e3o e tratamento de esgoto e lixo;<\/p>\n<p>XII \u2013 telecomunica\u00e7\u00f5es;<\/p>\n<p>XIII \u2013 guarda, uso e controle de subst\u00e2ncias radioativas, equipamentos e materiais nucleares;<\/p>\n<p>XIV \u2013 processamento de dados ligados a servi\u00e7os essenciais;<\/p>\n<p>XV \u2013 imprensa;<\/p>\n<p>XVI \u2013 seguran\u00e7a privada;<\/p>\n<p>XVII \u2013 transporte e entrega de cargas em geral;<\/p>\n<p>XVIII \u2013 servi\u00e7o postal e o correio a\u00e9reo nacional;<\/p>\n<p>XIX \u2013 controle de tr\u00e1fego a\u00e9reo e navega\u00e7\u00e3o a\u00e9rea;<\/p>\n<p>XX \u2013 servi\u00e7os de pagamento, de cr\u00e9dito e de saque e aporte prestados pelas institui\u00e7\u00f5es supervisionadas pelo Banco Central do Brasil, inclusive unidades lot\u00e9ricas;<\/p>\n<p>XXI \u2013 atividades m\u00e9dico-periciais relacionadas com a seguridade social, compreendidas no art. 194 da Constitui\u00e7\u00e3o Federal;<\/p>\n<p>XXII \u2013 atividades m\u00e9dico-periciais relacionadas com a caracteriza\u00e7\u00e3o do impedimento f\u00edsico, mental, intelectual ou sensorial da pessoa com defici\u00eancia, por meio da integra\u00e7\u00e3o de equipes multiprofissionais e interdisciplinares, para fins de reconhecimento de direitos previstos em lei, em especial na Lei Federal n\u00ba 13.146, de 6 de julho de 2015 (Estatuto da Pessoa com Defici\u00eancia);<\/p>\n<p>XXIII \u2013 outras presta\u00e7\u00f5es m\u00e9dico-periciais da carreira de Perito M\u00e9dico, indispens\u00e1veis ao atendimento das necessidades inadi\u00e1veis da comunidade;<\/p>\n<p>XXIV \u2013 setores industrial e da constru\u00e7\u00e3o civil, em geral;<\/p>\n<p>XXV \u2013 gera\u00e7\u00e3o, transmiss\u00e3o e distribui\u00e7\u00e3o de energia el\u00e9trica, inclu\u00eddo o fornecimento de suprimentos para o funcionamento e a manuten\u00e7\u00e3o das centrais geradoras e dos sistemas de transmiss\u00e3o e distribui\u00e7\u00e3o de energia, al\u00e9m de produ\u00e7\u00e3o, transporte e distribui\u00e7\u00e3o de g\u00e1s natural;<\/p>\n<p>XXVI \u2013 ilumina\u00e7\u00e3o p\u00fablica;<\/p>\n<p>XXVII \u2013 produ\u00e7\u00e3o de petr\u00f3leo e produ\u00e7\u00e3o, distribui\u00e7\u00e3o e comercializa\u00e7\u00e3o de combust\u00edveis, g\u00e1s liquefeito de petr\u00f3leo e demais derivados de petr\u00f3leo;<\/p>\n<p>XXVIII \u2013 vigil\u00e2ncia e certifica\u00e7\u00f5es sanit\u00e1rias e fitossanit\u00e1rias;<\/p>\n<p>XXIX \u2013 preven\u00e7\u00e3o, controle e erradica\u00e7\u00e3o de pragas dos vegetais e de doen\u00e7a dos animais;<\/p>\n<p>XXX \u2013 inspe\u00e7\u00e3o de alimentos, produtos e derivados de origem animal e vegetal;<\/p>\n<p>XXXI \u2013 vigil\u00e2ncia agropecu\u00e1ria;<\/p>\n<p>XXXII \u2013 produ\u00e7\u00e3o e distribui\u00e7\u00e3o de numer\u00e1rio \u00e0 popula\u00e7\u00e3o e manuten\u00e7\u00e3o da infraestrutura tecnol\u00f3gica do Sistema Financeiro Nacional e do Sistema de Pagamentos Brasileiro;<\/p>\n<p>XXXIII \u2013 servi\u00e7os de manuten\u00e7\u00e3o, assist\u00eancia e comercializa\u00e7\u00e3o de pe\u00e7as de ve\u00edculo automotor terrestre ou bicicleta;<\/p>\n<p>XXXIV \u2013 servi\u00e7os de cr\u00e9dito e renegocia\u00e7\u00e3o de cr\u00e9dito dos agentes financeiros integrantes do Sistema Paranaense de Fomento de que trata o Decreto n\u00ba 2.570, de 08 de outubro de 2015, alterado pelo Decreto n\u00ba 2.855, de 24 de setembro de 2019;<\/p>\n<p>XXXV \u2013 fiscaliza\u00e7\u00e3o do trabalho;<\/p>\n<p>XXXVI \u2013 atividades de pesquisa, cient\u00edficas, laboratoriais ou similares relacionadas com a pandemia de que trata este Decreto;<\/p>\n<p>XXXVII \u2013 atividades religiosas de qualquer natureza, obedecidas as determina\u00e7\u00f5es da Secretaria de Estado da Sa\u00fade \u2013 SESA e do Minist\u00e9rio da Sa\u00fade;<\/p>\n<p>XXXVIII \u2013 produ\u00e7\u00e3o, distribui\u00e7\u00e3o e comercializa\u00e7\u00e3o de produtos de higiene pessoal e de ambientes;<\/p>\n<p>XXXIX \u2013 servi\u00e7os de lavanderia hospitalar e industrial;<\/p>\n<p>XL \u2013 servi\u00e7os de fisioterapia e terapia ocupacional.<\/p>\n","protected":false},"excerpt":{"rendered":"<p>O Governo do Estado preparou uma for\u00e7a-tarefa de emerg\u00eancia para conter a dissemina\u00e7\u00e3o do novo coronav\u00edrus no Paran\u00e1. Devido \u00e0 s\u00fabita eleva\u00e7\u00e3o dos \u00edndices relacionados \u00e0 doen\u00e7a, com a proximidade de um estrangulamento no sistema p\u00fablico de sa\u00fade, o governador Carlos Massa Ratinho Junior determinou, entre outras a\u00e7\u00f5es, a suspens\u00e3o [&hellip;]<\/p>\n","protected":false},"author":1,"featured_media":7454,"comment_status":"open","ping_status":"open","sticky":false,"template":"","format":"standard","meta":{"ngg_post_thumbnail":0,"jetpack_post_was_ever_published":false,"amp_status":"","_jetpack_newsletter_access":"","_jetpack_dont_email_post_to_subs":false,"_jetpack_newsletter_tier_id":0,"_jetpack_memberships_contains_paywalled_content":false,"_jetpack_memberships_contains_paid_content":false,"footnotes":""},"categories":[6,9],"tags":[],"class_list":["post-7453","post","type-post","status-publish","format-standard","has-post-thumbnail","hentry","category-governo","category-pandemia"],"aioseo_notices":[],"jetpack_featured_media_url":"https:\/\/gazetadoabranches.com\/wp-content\/uploads\/2021\/02\/Governador-scaled.jpg","jetpack-related-posts":[{"id":7471,"url":"https:\/\/gazetadoabranches.com\/index.php\/2021\/03\/05\/governo-atualiza-medidas-restritivas-de-combate-a-pandemia\/","url_meta":{"origin":7453,"position":0},"title":"Governo atualiza medidas restritivas de combate \u00e0 pandemia","author":"Gazeta do Abranches","date":"mar\u00e7o 5, 2021","format":false,"excerpt":"O Governo do Estado decidiu prorrogar por mais 48 horas a validade do Decreto 6.983\/2021 com medidas restritivas de combate ao novo coronav\u00edrus. O documento, que venceria \u00e0s 5 horas de segunda-feira (08), ser\u00e1 estendido at\u00e9 as 5 horas de quarta-feira (10). Ap\u00f3s essa data, um novo texto (Decreto 7.020\/2021)\u2026","rel":"","context":"Em &quot;Governo&quot;","block_context":{"text":"Governo","link":"https:\/\/gazetadoabranches.com\/index.php\/category\/governo\/"},"img":{"alt_text":"","src":"https:\/\/i0.wp.com\/gazetadoabranches.com\/wp-content\/uploads\/2021\/03\/Ratinho.jpg?resize=350%2C200&ssl=1","width":350,"height":200,"srcset":"https:\/\/i0.wp.com\/gazetadoabranches.com\/wp-content\/uploads\/2021\/03\/Ratinho.jpg?resize=350%2C200&ssl=1 1x, https:\/\/i0.wp.com\/gazetadoabranches.com\/wp-content\/uploads\/2021\/03\/Ratinho.jpg?resize=525%2C300&ssl=1 1.5x, https:\/\/i0.wp.com\/gazetadoabranches.com\/wp-content\/uploads\/2021\/03\/Ratinho.jpg?resize=700%2C400&ssl=1 2x, https:\/\/i0.wp.com\/gazetadoabranches.com\/wp-content\/uploads\/2021\/03\/Ratinho.jpg?resize=1050%2C600&ssl=1 3x, https:\/\/i0.wp.com\/gazetadoabranches.com\/wp-content\/uploads\/2021\/03\/Ratinho.jpg?resize=1400%2C800&ssl=1 4x"},"classes":[]},{"id":7474,"url":"https:\/\/gazetadoabranches.com\/index.php\/2021\/03\/05\/governador-anuncia-medidas-economicas-para-auxiliar-populacao\/","url_meta":{"origin":7453,"position":1},"title":"Governador anuncia medidas econ\u00f4micas para auxiliar popula\u00e7\u00e3o","author":"Gazeta do Abranches","date":"mar\u00e7o 5, 2021","format":false,"excerpt":"Al\u00e9m das restri\u00e7\u00f5es de circula\u00e7\u00e3o e\u00a0novas regras de funcionamento\u00a0dos servi\u00e7os n\u00e3o essenciais, o\u00a0governador Carlos Massa Ratinho Junior anunciou nesta sexta-feira (5) uma s\u00e9rie de medidas econ\u00f4micas para auxiliar a popula\u00e7\u00e3o afetada pela pandemia do novo coronav\u00edrus. As medidas incluem novas linhas de cr\u00e9dito da Fomento Paran\u00e1 e do Banco Regional\u2026","rel":"","context":"Em &quot;Governo&quot;","block_context":{"text":"Governo","link":"https:\/\/gazetadoabranches.com\/index.php\/category\/governo\/"},"img":{"alt_text":"","src":"https:\/\/i0.wp.com\/gazetadoabranches.com\/wp-content\/uploads\/2021\/03\/Ratinho1.jpg?resize=350%2C200&ssl=1","width":350,"height":200,"srcset":"https:\/\/i0.wp.com\/gazetadoabranches.com\/wp-content\/uploads\/2021\/03\/Ratinho1.jpg?resize=350%2C200&ssl=1 1x, https:\/\/i0.wp.com\/gazetadoabranches.com\/wp-content\/uploads\/2021\/03\/Ratinho1.jpg?resize=525%2C300&ssl=1 1.5x, https:\/\/i0.wp.com\/gazetadoabranches.com\/wp-content\/uploads\/2021\/03\/Ratinho1.jpg?resize=700%2C400&ssl=1 2x"},"classes":[]},{"id":8711,"url":"https:\/\/gazetadoabranches.com\/index.php\/2023\/01\/02\/carlos-massa-ratinho-junior-e-empossado-na-assembleia-legislativa-para-o-seu-segundo-mandato-a-frente-do-governo-do-estado\/","url_meta":{"origin":7453,"position":2},"title":"CARLOS MASSA RATINHO JUNIOR \u00c9 EMPOSSADO NA ASSEMBLEIA LEGISLATIVA PARA O SEU SEGUNDO MANDATO \u00c0 FRENTE DO GOVERNO DO ESTADO","author":"Gazeta do Abranches","date":"janeiro 2, 2023","format":false,"excerpt":"O governador Carlos Massa Ratinho Junior (PSD) foi empossado para o segundo mandato \u00e0 frente do Poder Executivo do Estado na manh\u00e3 deste domingo (1\u00ba), em sess\u00e3o solene realizada na Assembleia Legislativa do Paran\u00e1. Ao lado do vice-governador, Darci Piana (PSD), a cerim\u00f4nia de posse contou com a presen\u00e7a de\u2026","rel":"","context":"Em &quot;Governo&quot;","block_context":{"text":"Governo","link":"https:\/\/gazetadoabranches.com\/index.php\/category\/governo\/"},"img":{"alt_text":"","src":"https:\/\/i0.wp.com\/gazetadoabranches.com\/wp-content\/uploads\/2023\/01\/Posse-Ratinho.jpg?resize=350%2C200&ssl=1","width":350,"height":200,"srcset":"https:\/\/i0.wp.com\/gazetadoabranches.com\/wp-content\/uploads\/2023\/01\/Posse-Ratinho.jpg?resize=350%2C200&ssl=1 1x, https:\/\/i0.wp.com\/gazetadoabranches.com\/wp-content\/uploads\/2023\/01\/Posse-Ratinho.jpg?resize=525%2C300&ssl=1 1.5x"},"classes":[]},{"id":7628,"url":"https:\/\/gazetadoabranches.com\/index.php\/2021\/06\/07\/governador-decreta-luto-oficial-de-tres-dias-por-vitimas-da-covid-19\/","url_meta":{"origin":7453,"position":3},"title":"Governador decreta luto oficial de tr\u00eas dias por v\u00edtimas da Covid-19","author":"Gazeta do Abranches","date":"junho 7, 2021","format":false,"excerpt":"O Paran\u00e1 vive uma nova onda de cont\u00e1gio neste m\u00eas e o sistema de sa\u00fade no Estado\u00a0est\u00e1 em n\u00edveis de alerta, o que imp\u00f4s, no final de maio, a decreta\u00e7\u00e3o de medidas mais restritivas de circula\u00e7\u00e3o. O governador Carlos Massa Ratinho Junior decretou nesta segunda-feira (7) luto oficial de tr\u00eas\u2026","rel":"","context":"Em &quot;Governo&quot;","block_context":{"text":"Governo","link":"https:\/\/gazetadoabranches.com\/index.php\/category\/governo\/"},"img":{"alt_text":"","src":"https:\/\/i0.wp.com\/gazetadoabranches.com\/wp-content\/uploads\/2021\/06\/Luto-no-Paran%C3%A1.jpg?resize=350%2C200&ssl=1","width":350,"height":200,"srcset":"https:\/\/i0.wp.com\/gazetadoabranches.com\/wp-content\/uploads\/2021\/06\/Luto-no-Paran%C3%A1.jpg?resize=350%2C200&ssl=1 1x, https:\/\/i0.wp.com\/gazetadoabranches.com\/wp-content\/uploads\/2021\/06\/Luto-no-Paran%C3%A1.jpg?resize=525%2C300&ssl=1 1.5x, https:\/\/i0.wp.com\/gazetadoabranches.com\/wp-content\/uploads\/2021\/06\/Luto-no-Paran%C3%A1.jpg?resize=700%2C400&ssl=1 2x"},"classes":[]},{"id":7664,"url":"https:\/\/gazetadoabranches.com\/index.php\/2021\/06\/11\/estado-firma-pacto-com-municipios-para-acelerar-o-ritmo-da-vacinacao-contra-a-covid-19\/","url_meta":{"origin":7453,"position":4},"title":"Estado firma pacto com munic\u00edpios para acelerar o ritmo da vacina\u00e7\u00e3o contra a Covid-19","author":"Gazeta do Abranches","date":"junho 11, 2021","format":false,"excerpt":"Governador Carlos Massa Ratinho Junior cobrou a execu\u00e7\u00e3o de a\u00e7\u00f5es uniformes que possam diminuir o tempo entre a distribui\u00e7\u00e3o do imunizante por parte da Secretaria de Estado da Sa\u00fade e a aplica\u00e7\u00e3o na popula\u00e7\u00e3o pelos munic\u00edpios. O Governo do Estado firmou um pacto com os munic\u00edpios para acelerar o ritmo\u2026","rel":"","context":"Em &quot;Vacina&quot;","block_context":{"text":"Vacina","link":"https:\/\/gazetadoabranches.com\/index.php\/category\/vacina\/"},"img":{"alt_text":"","src":"https:\/\/i0.wp.com\/gazetadoabranches.com\/wp-content\/uploads\/2021\/06\/Vacina12.jpg?resize=350%2C200&ssl=1","width":350,"height":200,"srcset":"https:\/\/i0.wp.com\/gazetadoabranches.com\/wp-content\/uploads\/2021\/06\/Vacina12.jpg?resize=350%2C200&ssl=1 1x, https:\/\/i0.wp.com\/gazetadoabranches.com\/wp-content\/uploads\/2021\/06\/Vacina12.jpg?resize=525%2C300&ssl=1 1.5x, https:\/\/i0.wp.com\/gazetadoabranches.com\/wp-content\/uploads\/2021\/06\/Vacina12.jpg?resize=700%2C400&ssl=1 2x, https:\/\/i0.wp.com\/gazetadoabranches.com\/wp-content\/uploads\/2021\/06\/Vacina12.jpg?resize=1050%2C600&ssl=1 3x, https:\/\/i0.wp.com\/gazetadoabranches.com\/wp-content\/uploads\/2021\/06\/Vacina12.jpg?resize=1400%2C800&ssl=1 4x"},"classes":[]},{"id":10057,"url":"https:\/\/gazetadoabranches.com\/index.php\/2025\/10\/08\/governador-inaugura-escola-superior-de-bombeiro-militar-e-entrega-64-viaturas-a-corporacao\/","url_meta":{"origin":7453,"position":5},"title":"Governador inaugura Escola Superior de Bombeiro Militar e entrega 64 viaturas \u00e0 corpora\u00e7\u00e3o","author":"Gazeta do Abranches","date":"outubro 8, 2025","format":false,"excerpt":"O governador Carlos Massa Ratinho Junior inaugura nesta quarta-feira (8) a Escola Superior de Bombeiro Militar (ESBM) em S\u00e3o Jos\u00e9 dos Pinhais. Foto: Geraldo Bubniak\/AEN Foto: Geraldo Bubniak\/AEN O governador Carlos Massa Ratinho Junior inaugurou nesta quarta-feira (8) a Escola Superior de Bombeiro Militar (ESBM), em S\u00e3o Jos\u00e9 dos Pinhais,\u2026","rel":"","context":"Em &quot;C\u00e2mara Municipal de Curitiba&quot;","block_context":{"text":"C\u00e2mara Municipal de Curitiba","link":"https:\/\/gazetadoabranches.com\/index.php\/category\/camara-municipal-de-curitiba\/"},"img":{"alt_text":"","src":"https:\/\/i0.wp.com\/gazetadoabranches.com\/wp-content\/uploads\/2025\/10\/20251008_agb_esbm-18-scaled.jpg?resize=350%2C200&ssl=1","width":350,"height":200,"srcset":"https:\/\/i0.wp.com\/gazetadoabranches.com\/wp-content\/uploads\/2025\/10\/20251008_agb_esbm-18-scaled.jpg?resize=350%2C200&ssl=1 1x, https:\/\/i0.wp.com\/gazetadoabranches.com\/wp-content\/uploads\/2025\/10\/20251008_agb_esbm-18-scaled.jpg?resize=525%2C300&ssl=1 1.5x, https:\/\/i0.wp.com\/gazetadoabranches.com\/wp-content\/uploads\/2025\/10\/20251008_agb_esbm-18-scaled.jpg?resize=700%2C400&ssl=1 2x, https:\/\/i0.wp.com\/gazetadoabranches.com\/wp-content\/uploads\/2025\/10\/20251008_agb_esbm-18-scaled.jpg?resize=1050%2C600&ssl=1 3x, https:\/\/i0.wp.com\/gazetadoabranches.com\/wp-content\/uploads\/2025\/10\/20251008_agb_esbm-18-scaled.jpg?resize=1400%2C800&ssl=1 4x"},"classes":[]}],"jetpack_likes_enabled":true,"jetpack_sharing_enabled":true,"_links":{"self":[{"href":"https:\/\/gazetadoabranches.com\/index.php\/wp-json\/wp\/v2\/posts\/7453","targetHints":{"allow":["GET"]}}],"collection":[{"href":"https:\/\/gazetadoabranches.com\/index.php\/wp-json\/wp\/v2\/posts"}],"about":[{"href":"https:\/\/gazetadoabranches.com\/index.php\/wp-json\/wp\/v2\/types\/post"}],"author":[{"embeddable":true,"href":"https:\/\/gazetadoabranches.com\/index.php\/wp-json\/wp\/v2\/users\/1"}],"replies":[{"embeddable":true,"href":"https:\/\/gazetadoabranches.com\/index.php\/wp-json\/wp\/v2\/comments?post=7453"}],"version-history":[{"count":1,"href":"https:\/\/gazetadoabranches.com\/index.php\/wp-json\/wp\/v2\/posts\/7453\/revisions"}],"predecessor-version":[{"id":7455,"href":"https:\/\/gazetadoabranches.com\/index.php\/wp-json\/wp\/v2\/posts\/7453\/revisions\/7455"}],"wp:featuredmedia":[{"embeddable":true,"href":"https:\/\/gazetadoabranches.com\/index.php\/wp-json\/wp\/v2\/media\/7454"}],"wp:attachment":[{"href":"https:\/\/gazetadoabranches.com\/index.php\/wp-json\/wp\/v2\/media?parent=7453"}],"wp:term":[{"taxonomy":"category","embeddable":true,"href":"https:\/\/gazetadoabranches.com\/index.php\/wp-json\/wp\/v2\/categories?post=7453"},{"taxonomy":"post_tag","embeddable":true,"href":"https:\/\/gazetadoabranches.com\/index.php\/wp-json\/wp\/v2\/tags?post=7453"}],"curies":[{"name":"wp","href":"https:\/\/api.w.org\/{rel}","templated":true}]}}