{"id":7463,"date":"2021-03-05T21:05:30","date_gmt":"2021-03-06T00:05:30","guid":{"rendered":"https:\/\/gazetadoabranches.com\/?p=7463"},"modified":"2021-03-05T21:05:30","modified_gmt":"2021-03-06T00:05:30","slug":"curitiba-segue-o-estado-e-prorroga-medidas-restritivas-ate-a-madrugada-de-quarta-feira","status":"publish","type":"post","link":"https:\/\/gazetadoabranches.com\/index.php\/2021\/03\/05\/curitiba-segue-o-estado-e-prorroga-medidas-restritivas-ate-a-madrugada-de-quarta-feira\/","title":{"rendered":"Curitiba segue o Estado e prorroga medidas restritivas at\u00e9 a madrugada de quarta-feira"},"content":{"rendered":"<div class=\"row\">\n<div class=\"col textoNoticias\">\n<p>Seguindo a prorrogra\u00e7\u00e3o estabelecida pelo governo do Estado, o Decreto Municipal 500\/2021, publicado nesta sexta-feira (5\/3),&nbsp;estende&nbsp;at\u00e9 as 5 horas da madrugada de quarta-feira (10\/3) as medidas restritivas em vigor para conten\u00e7\u00e3o da covid-19.<\/p>\n<p>O Comit\u00ea de T\u00e9cnica e \u00c9tica M\u00e9dica da Secretaria Municipal da Sa\u00fade est\u00e1 analisando o cen\u00e1rio espec\u00edfico da cidade, a fim de estabelecer as medidas mais adequadas para a capital a partir da quarta-feira.<\/p>\n<h3>Mais rigor<\/h3>\n<p>O decreto municipal alinha as regras estaduais e municipais. A cidade, no entanto, complementa ou detalha alguns pontos n\u00e3o contemplados nas medidas estaduais.<\/p>\n<p>Curitiba mant\u00e9m, por exemplo, as restri\u00e7\u00f5es mais acentuadas de atividades aos domingos, como o fechamento de supermercados e feiras.<\/p>\n<p>No per\u00edodo de vig\u00eancia do decreto, at\u00e9 as 5 horas do dia 10 de mar\u00e7o, ficam suspensas na cidade as atividades e servi\u00e7os n\u00e3o essenciais. Apenas podem funcionar aqueles que s\u00e3o considerados essenciais.<\/p>\n<p>A circula\u00e7\u00e3o em espa\u00e7os e vias p\u00fabicas fica restrita das 20h \u00e0s 5 horas, podendo ocorrer apenas para aquelas pessoas e ve\u00edculos em raz\u00e3o de servi\u00e7os e atividades essenciais. Nesse per\u00edodo fica proibida a venda e o consumo de bebidas alco\u00f3licas em espa\u00e7os de uso p\u00fablico ou coletivo.<\/p>\n<p>Entre as atividades n\u00e3o essenciais com veto de funcionamento est\u00e3o, por exemplo, os shopping centers, bares, com\u00e9rcio de rua, galerias e centros comerciais, sal\u00f5es de beleza e barbearias, cinema, teatro, circo, casas noturnas, parques tem\u00e1ticos e infantis, museus, casas de eventos e recep\u00e7\u00e3o.<\/p>\n<p>Aulas presenciais nas escolas municipais e particulares tamb\u00e9m ficam suspensas at\u00e9 a madrugada de quarta-feira (5 horas) \u2013 as aulas remotas est\u00e3o mantidas. Cultos, atividades religiosas ser\u00e3o permitidos somente em formato on-line e para atendimentos individualizados, mantido o distanciamento. As atividades em academias esportivas tamb\u00e9m ficam suspensas durante a vig\u00eancia do decreto, j\u00e1 que n\u00e3o s\u00e3o consideradas atividade essencial pelo estado.<\/p>\n<p>O transporte p\u00fablico da capital funciona com ocupa\u00e7\u00e3o m\u00e1xima dos ve\u00edculos em 70%.&nbsp;<\/p>\n<p>Veja abaixo como fica o funcionamento das atividades em Curitiba.<\/p>\n<h3><strong>ATIVIDADES COM RESTRI\u00c7\u00d5ES<\/strong><\/h3>\n<ul>\n<li>Restaurantes e lanchonetes: das 6 \u00e0s 23 horas, nas modalidades delivery, drive thru, e take away, de segunda a s\u00e1bado, aos domingos vedada a retirada em balc\u00e3o (take away), ficando proibido o consumo no local em todos os dias da semana, bem como a disponibiliza\u00e7\u00e3o de m\u00fasica ao vivo e o funcionamento de pista de dan\u00e7a e a comercializa\u00e7\u00e3o de bebida alco\u00f3lica ap\u00f3s as 20h.<\/li>\n<li>Panificadoras, padarias e confeitarias: das 6 \u00e0s 23 horas, em todos os dias da semana, proibido o consumo no local (tamb\u00e9m vetada a comercializa\u00e7\u00e3o de bebida alco\u00f3lica ap\u00f3s as 20h);<\/li>\n<li>Podem funcionar das 6 \u00e0s 23 horas, de segunda a s\u00e1bado, com proibi\u00e7\u00e3o de consumo no local, sendo autorizado aos domingos apenas o atendimento na modalidade delivery, os seguintes estabelecimentos e atividades essenciais (com proibi\u00e7\u00e3o de bebida alco\u00f3lica ap\u00f3s as 20h):<\/li>\n<\/ul>\n<p>a) com\u00e9rcio varejista de hortifrutigranjeiros, quitandas, mercearias, distribuidoras de bebidas, peixarias e a\u00e7ougues;<br \/>\nb) mercados, supermercados e hipermercados;<br \/>\nc) com\u00e9rcio de alimentos para animais;<br \/>\nd) feiras livres;<br \/>\ne) concession\u00e1rias de ve\u00edculos em geral;<br \/>\nf) lojas de material de constru\u00e7\u00e3o;<br \/>\ne) com\u00e9rcio ambulante de rua de alimentos.<br \/>\nO decreto refor\u00e7a a necessidade de todos os servi\u00e7os e atividades observarem a capacidade m\u00e1xima de ocupa\u00e7\u00e3o que garanta o distanciamento m\u00ednimo de 1,5 metro entre as pessoas, considerando os frequentadores e os funcion\u00e1rios presentes no local.<\/p>\n<h3><strong>ATIVIDADES COM AT\u00c9 50% DA CAPACIDADE<\/strong><\/h3>\n<ul>\n<li>Hot\u00e9is e resorts;<\/li>\n<li>Pousadas e hostels.<\/li>\n<\/ul>\n<h3><strong>ATIVIDADES COM RESTRI\u00c7\u00d5ES DE HOR\u00c1RIO E CAPACIDADE DE 50%<\/strong><\/h3>\n<ul>\n<li>Servi\u00e7os de call center e telemarketing: a partir das 9 horas, exceto aqueles vinculados aos servi\u00e7os de sa\u00fade ou executados em home office.<\/li>\n<\/ul>\n<h3><strong>PARQUES E PRA\u00c7AS<\/strong><\/h3>\n<ul>\n<li>Fica permitida a pr\u00e1tica de atividades individuais ao ar livre, com uso de m\u00e1scaras, que n\u00e3o envolvam contato f\u00edsico entre as pessoas e mantendo o distanciamento. Clique aqui e saiba mais<\/li>\n<\/ul>\n<p>&nbsp;<\/p>\n<p><a href=\"https:\/\/www.curitiba.pr.gov.br\/noticias\/veja-como-fica-o-atendimento-de-servicos-municipais-esta-semana\/58136\" target=\"_blank\" rel=\"noopener noreferrer\">Veja aqui<\/a>&nbsp;como ficam os atendimentos do servi\u00e7o e nos espa\u00e7os p\u00fablicos municipais.&nbsp;<\/p>\n<p>&nbsp;<\/p>\n<p><strong>S\u00e3o considerados servi\u00e7os essenciais em Curitiba:<\/strong><\/p>\n<p>I \u2013 capta\u00e7\u00e3o, tratamento e distribui\u00e7\u00e3o de \u00e1gua;<br \/>\nII \u2013 assist\u00eancia m\u00e9dica e hospitalar;<br \/>\nIII \u2013 assist\u00eancia veterin\u00e1ria;<br \/>\nIV \u2013 produ\u00e7\u00e3o, distribui\u00e7\u00e3o e comercializa\u00e7\u00e3o de medicamentos para uso humano e veterin\u00e1rio e produtos odonto-m\u00e9dico-hospitalares, inclusive na modalidade de entrega delivery e similares;<br \/>\nV \u2013 produ\u00e7\u00e3o, distribui\u00e7\u00e3o e comercializa\u00e7\u00e3o de alimentos para uso humano e animal, lojas de conveni\u00eancia e similares, ainda que localizados em rodovias;<br \/>\na) veda o consumo nos estabelecimentos previstos no inciso V, ficando permitido o funcionamento apenas por meio das modalidades de entrega ou retirada.<br \/>\nVI \u2013 agropecu\u00e1rios para manter o abastecimento de insumos e alimentos necess\u00e1rios \u00e0 manuten\u00e7\u00e3o da vida animal;<br \/>\nVII \u2013 funer\u00e1rios;<br \/>\nVIII \u2013 transporte coletivo, inclusive servi\u00e7os de t\u00e1xi e transporte remunerado privado individual de passageiros;<br \/>\nIX \u2013 fretamento para transporte de funcion\u00e1rios de empresas e ind\u00fastrias cuja atividade esteja autorizada ao funcionamento;<br \/>\nX \u2013 transporte de profissionais dos servi\u00e7os essenciais \u00e0 sa\u00fade e \u00e0 coleta de lixo;<br \/>\nXI \u2013 capta\u00e7\u00e3o e tratamento de esgoto e lixo;<br \/>\nXII \u2013 telecomunica\u00e7\u00f5es;<br \/>\nXIII \u2013 guarda, uso e controle de subst\u00e2ncias radioativas, equipamentos e materiais nucleares;<br \/>\nXIV \u2013 processamento de dados ligados a servi\u00e7os essenciais;<br \/>\nXV \u2013 imprensa;<br \/>\nXVI \u2013 seguran\u00e7a privada;<br \/>\nXVII \u2013 transporte e entrega de cargas em geral;<br \/>\nXVIII \u2013 servi\u00e7o postal e o correio a\u00e9reo nacional;<br \/>\nXIX \u2013 controle de tr\u00e1fego a\u00e9reo e navega\u00e7\u00e3o a\u00e9rea;<br \/>\nXX \u2013 servi\u00e7os de pagamento, de cr\u00e9dito e de saque e aporte prestados pelas institui\u00e7\u00f5es supervisionadas pelo Banco Central do Brasil, inclusive unidades lot\u00e9ricas;<br \/>\nXXI \u2013 atividades m\u00e9dico-periciais relacionadas com a seguridade social, compreendidas no art. 194 da Constitui\u00e7\u00e3o Federal;<br \/>\nXXII \u2013 atividades m\u00e9dico-periciais relacionadas com a caracteriza\u00e7\u00e3o do impedimento f\u00edsico, mental, intelectual ou sensorial da pessoa com defici\u00eancia, por meio da integra\u00e7\u00e3o de equipes multiprofissionais e interdisciplinares, para fins de reconhecimento de direitos previstos em lei, em especial na Lei Federal n\u00ba 13.146, de 6 de julho de 2015 (Estatuto da Pessoa com Defici\u00eancia);<br \/>\nXXIII \u2013 outras presta\u00e7\u00f5es m\u00e9dico-periciais da carreira de Perito M\u00e9dico, indispens\u00e1veis ao atendimento das necessidades inadi\u00e1veis da comunidade;<br \/>\nXXIV \u2013 setores industrial e da constru\u00e7\u00e3o civil, em geral;<br \/>\nXXV \u2013 gera\u00e7\u00e3o, transmiss\u00e3o e distribui\u00e7\u00e3o de energia el\u00e9trica, inclu\u00eddo o fornecimento de suprimentos para o funcionamento e a manuten\u00e7\u00e3o das centrais geradoras e dos sistemas de transmiss\u00e3o e distribui\u00e7\u00e3o de energia, al\u00e9m de produ\u00e7\u00e3o, transporte e distribui\u00e7\u00e3o de g\u00e1s natural;<br \/>\nXXVI \u2013 ilumina\u00e7\u00e3o p\u00fablica;<br \/>\nXXVII \u2013 produ\u00e7\u00e3o de petr\u00f3leo e produ\u00e7\u00e3o, distribui\u00e7\u00e3o e comercializa\u00e7\u00e3o de combust\u00edveis, g\u00e1s liquefeito de petr\u00f3leo e demais derivados de petr\u00f3leo;<br \/>\nXXVIII \u2013 vigil\u00e2ncia e certifica\u00e7\u00f5es sanit\u00e1rias e fitossanit\u00e1rias;<br \/>\nXXIX \u2013 preven\u00e7\u00e3o, controle e erradica\u00e7\u00e3o de pragas dos vegetais e de doen\u00e7a dos animais;<br \/>\nXXX \u2013 inspe\u00e7\u00e3o de alimentos, produtos e derivados de origem animal e vegetal;<br \/>\nXXXI \u2013 vigil\u00e2ncia agropecu\u00e1ria;<br \/>\nXXXII \u2013 produ\u00e7\u00e3o e distribui\u00e7\u00e3o de numer\u00e1rio \u00e0 popula\u00e7\u00e3o e manuten\u00e7\u00e3o da infraestrutura tecnol\u00f3gica do Sistema Financeiro Nacional e do Sistema de Pagamentos Brasileiro;<br \/>\nXXXIII \u2013 servi\u00e7os de manuten\u00e7\u00e3o, assist\u00eancia e comercializa\u00e7\u00e3o de pe\u00e7as de ve\u00edculo automotor terrestre ou bicicleta;<br \/>\nXXXIV \u2013 servi\u00e7os de cr\u00e9dito e renegocia\u00e7\u00e3o de cr\u00e9dito dos agentes financeiros integrantes do Sistema Paranaense de Fomento de que trata o Decreto n\u00ba 2.570, de 08 de outubro de 2015, alterado pelo Decreto n\u00ba 2.855, de 24 de setembro de 2019;<br \/>\nXXXV \u2013 fiscaliza\u00e7\u00e3o do trabalho;<br \/>\nXXXVI \u2013 atividades de pesquisa, cient\u00edficas, laboratoriais ou similares relacionadas com a pandemia de que trata este Decreto;<br \/>\nXXXVII \u2013 atividades religiosas de qualquer natureza, obedecidas as determina\u00e7\u00f5es da Secretaria de Estado da Sa\u00fade \u2013 SESA e do Minist\u00e9rio da Sa\u00fade (como a suspens\u00e3o presencial dos cultos inclusa no atual decreto estadual);<br \/>\nXXXVIII \u2013 produ\u00e7\u00e3o, distribui\u00e7\u00e3o e comercializa\u00e7\u00e3o de produtos de higiene pessoal e de ambientes;<br \/>\nXXXIX \u2013 servi\u00e7os de lavanderia hospitalar e industrial;<br \/>\nXL \u2013 servi\u00e7os de fisioterapia e terapia ocupacional.<\/p>\n<\/div>\n<\/div>\n<div class=\"row\">\n<div class=\"col text-right compNoticias\">\n<div class=\"d-flex midiasDetalheNoticias\">&nbsp;<\/div>\n<\/div>\n<\/div>\n","protected":false},"excerpt":{"rendered":"<p>Seguindo a prorrogra\u00e7\u00e3o estabelecida pelo governo do Estado, o Decreto Municipal 500\/2021, publicado nesta sexta-feira (5\/3),&nbsp;estende&nbsp;at\u00e9 as 5 horas da madrugada de quarta-feira (10\/3) as medidas restritivas em vigor para conten\u00e7\u00e3o da covid-19. O Comit\u00ea de T\u00e9cnica e \u00c9tica M\u00e9dica da Secretaria Municipal da Sa\u00fade est\u00e1 analisando o cen\u00e1rio espec\u00edfico [&hellip;]<\/p>\n","protected":false},"author":1,"featured_media":5717,"comment_status":"open","ping_status":"open","sticky":false,"template":"","format":"standard","meta":{"ngg_post_thumbnail":0,"jetpack_post_was_ever_published":false,"amp_status":"","_jetpack_newsletter_access":"","_jetpack_dont_email_post_to_subs":false,"_jetpack_newsletter_tier_id":0,"_jetpack_memberships_contains_paywalled_content":false,"_jetpack_memberships_contains_paid_content":false,"footnotes":""},"categories":[3,9],"tags":[],"class_list":["post-7463","post","type-post","status-publish","format-standard","has-post-thumbnail","hentry","category-curitiba","category-pandemia"],"aioseo_notices":[],"jetpack_featured_media_url":"https:\/\/gazetadoabranches.com\/wp-content\/uploads\/2020\/05\/Covid19.jpeg","jetpack-related-posts":[{"id":7536,"url":"https:\/\/gazetadoabranches.com\/index.php\/2021\/04\/28\/em-bandeira-laranja-curitiba-autoriza-atividades-no-dia-das-maes-veja-quais\/","url_meta":{"origin":7463,"position":0},"title":"Em bandeira laranja, Curitiba autoriza atividades no Dia das M\u00e3es; veja quais","author":"Gazeta do Abranches","date":"abril 28, 2021","format":false,"excerpt":"Curitiba continua na bandeira laranja, n\u00edvel de alerta m\u00e9dio para o novo coronav\u00edrus, e prorrogou as medidas restritivas para com\u00e9rcio e servi\u00e7os na cidade. O novo\u00a0decreto municipal n\u00ba 790\u00a0foi publicado\u00a0nesta quarta-feira (28\/4) e tem validade de 14 dias. O Comit\u00ea de T\u00e9cnica e \u00c9tica M\u00e9dica da Secretaria Municipal da Sa\u00fade\u2026","rel":"","context":"Em &quot;Outros&quot;","block_context":{"text":"Outros","link":"https:\/\/gazetadoabranches.com\/index.php\/category\/outros\/"},"img":{"alt_text":"","src":"https:\/\/i0.wp.com\/gazetadoabranches.com\/wp-content\/uploads\/2020\/05\/Covid19.jpeg?resize=350%2C200&ssl=1","width":350,"height":200,"srcset":"https:\/\/i0.wp.com\/gazetadoabranches.com\/wp-content\/uploads\/2020\/05\/Covid19.jpeg?resize=350%2C200&ssl=1 1x, https:\/\/i0.wp.com\/gazetadoabranches.com\/wp-content\/uploads\/2020\/05\/Covid19.jpeg?resize=525%2C300&ssl=1 1.5x, https:\/\/i0.wp.com\/gazetadoabranches.com\/wp-content\/uploads\/2020\/05\/Covid19.jpeg?resize=700%2C400&ssl=1 2x"},"classes":[]},{"id":8954,"url":"https:\/\/gazetadoabranches.com\/index.php\/2023\/06\/05\/na-reta-final-fala-curitiba-registra-crescimento-da-participacao-popular\/","url_meta":{"origin":7463,"position":1},"title":"Na reta final, Fala Curitiba registra crescimento da participa\u00e7\u00e3o popular","author":"Gazeta do Abranches","date":"junho 5, 2023","format":false,"excerpt":"O n\u00famero de participa\u00e7\u00f5es nos encontros presenciais da consulta p\u00fablica\u00a0Fala Curitiba\u00a0nos bairros chegou a 3,8 mil na quinta-feira (1\u00b0\/6) e se aproxima do total atingido em todas as reuni\u00f5es do ano passado (4.104 pessoas). Esse resultado ainda vai melhorar, pois faltam cinco encontros at\u00e9 terminar esta etapa, na quarta-feira (7\/6).\u2026","rel":"","context":"Em &quot;Fala Curitiba&quot;","block_context":{"text":"Fala Curitiba","link":"https:\/\/gazetadoabranches.com\/index.php\/category\/fala-curitiba\/"},"img":{"alt_text":"","src":"https:\/\/i0.wp.com\/gazetadoabranches.com\/wp-content\/uploads\/2023\/06\/Fala-Curitiba-rbv.jpg?resize=350%2C200&ssl=1","width":350,"height":200,"srcset":"https:\/\/i0.wp.com\/gazetadoabranches.com\/wp-content\/uploads\/2023\/06\/Fala-Curitiba-rbv.jpg?resize=350%2C200&ssl=1 1x, https:\/\/i0.wp.com\/gazetadoabranches.com\/wp-content\/uploads\/2023\/06\/Fala-Curitiba-rbv.jpg?resize=525%2C300&ssl=1 1.5x, https:\/\/i0.wp.com\/gazetadoabranches.com\/wp-content\/uploads\/2023\/06\/Fala-Curitiba-rbv.jpg?resize=700%2C400&ssl=1 2x"},"classes":[]},{"id":7581,"url":"https:\/\/gazetadoabranches.com\/index.php\/2021\/05\/12\/curitiba-mantem-bandeira-laranja-com-medidas-mais-restritivas\/","url_meta":{"origin":7463,"position":2},"title":"Curitiba mant\u00e9m bandeira laranja, com medidas mais restritivas","author":"Gazeta do Abranches","date":"maio 12, 2021","format":false,"excerpt":"Curitiba continua sob bandeira laranja (risco m\u00e9dio de contamina\u00e7\u00e3o pelo coronav\u00edrus) nesta semana, por\u00e9m com medidas mais restritivas de combate \u00e0 pandemia de covid-19. A decis\u00e3o decorre de an\u00e1lise do Comit\u00ea de T\u00e9cnica e \u00c9tica M\u00e9dica da Secretaria Municipal da Sa\u00fade de Curitiba, que leva em considera\u00e7\u00e3o o aumento do\u2026","rel":"","context":"Em &quot;Outros&quot;","block_context":{"text":"Outros","link":"https:\/\/gazetadoabranches.com\/index.php\/category\/outros\/"},"img":{"alt_text":"","src":"https:\/\/i0.wp.com\/gazetadoabranches.com\/wp-content\/uploads\/2020\/05\/Covid19.jpeg?resize=350%2C200&ssl=1","width":350,"height":200,"srcset":"https:\/\/i0.wp.com\/gazetadoabranches.com\/wp-content\/uploads\/2020\/05\/Covid19.jpeg?resize=350%2C200&ssl=1 1x, https:\/\/i0.wp.com\/gazetadoabranches.com\/wp-content\/uploads\/2020\/05\/Covid19.jpeg?resize=525%2C300&ssl=1 1.5x, https:\/\/i0.wp.com\/gazetadoabranches.com\/wp-content\/uploads\/2020\/05\/Covid19.jpeg?resize=700%2C400&ssl=1 2x"},"classes":[]},{"id":8134,"url":"https:\/\/gazetadoabranches.com\/index.php\/2022\/03\/21\/saude-divulga-cronograma-da-vacinacao-da-semana-de-21-a-25-de-marco\/","url_meta":{"origin":7463,"position":3},"title":"Sa\u00fade divulga cronograma da vacina\u00e7\u00e3o da semana de 21 a 25 de mar\u00e7o","author":"Gazeta do Abranches","date":"mar\u00e7o 21, 2022","format":false,"excerpt":"De segunda (21\/3) a sexta-feira (25\/3), mais de 29 mil moradores de Curitiba s\u00e3o esperados para receber a segunda dose e as doses de refor\u00e7o da vacina anticovid, al\u00e9m das repescagens. O atendimento ser\u00e1 feito das 8h \u00e0s 17h em 11 unidades de sa\u00fade, para os p\u00fablicos convocados e para\u2026","rel":"","context":"Em &quot;Sa\u00fade&quot;","block_context":{"text":"Sa\u00fade","link":"https:\/\/gazetadoabranches.com\/index.php\/category\/saude\/"},"img":{"alt_text":"","src":"https:\/\/i0.wp.com\/gazetadoabranches.com\/wp-content\/uploads\/2022\/03\/00338709.jpg?resize=350%2C200&ssl=1","width":350,"height":200,"srcset":"https:\/\/i0.wp.com\/gazetadoabranches.com\/wp-content\/uploads\/2022\/03\/00338709.jpg?resize=350%2C200&ssl=1 1x, https:\/\/i0.wp.com\/gazetadoabranches.com\/wp-content\/uploads\/2022\/03\/00338709.jpg?resize=525%2C300&ssl=1 1.5x, https:\/\/i0.wp.com\/gazetadoabranches.com\/wp-content\/uploads\/2022\/03\/00338709.jpg?resize=700%2C400&ssl=1 2x"},"classes":[]},{"id":7961,"url":"https:\/\/gazetadoabranches.com\/index.php\/2021\/12\/08\/curitiba-registra-uma-morte-e-37-casos-de-covid-19\/","url_meta":{"origin":7463,"position":4},"title":"Curitiba registra uma morte e 37 casos de covid-19","author":"Gazeta do Abranches","date":"dezembro 8, 2021","format":false,"excerpt":"A Secretaria Municipal da Sa\u00fade de Curitiba registrou nesta quarta-feira (8\/12)\u00a037 novos casos de covid-19 e o \u00f3bito de um morador da cidade de 66 anos pela doen\u00e7a, ocorrido nas \u00faltimas 48 horas. At\u00e9 o momento foram contabilizadas 7.804 mortes na cidade provocadas pela doen\u00e7a neste per\u00edodo de pandemia. Novos\u2026","rel":"","context":"Em &quot;Covid19&quot;","block_context":{"text":"Covid19","link":"https:\/\/gazetadoabranches.com\/index.php\/category\/covid19\/"},"img":{"alt_text":"","src":"https:\/\/i0.wp.com\/gazetadoabranches.com\/wp-content\/uploads\/2021\/03\/popup.jpg?resize=350%2C200&ssl=1","width":350,"height":200,"srcset":"https:\/\/i0.wp.com\/gazetadoabranches.com\/wp-content\/uploads\/2021\/03\/popup.jpg?resize=350%2C200&ssl=1 1x, https:\/\/i0.wp.com\/gazetadoabranches.com\/wp-content\/uploads\/2021\/03\/popup.jpg?resize=525%2C300&ssl=1 1.5x"},"classes":[]},{"id":7708,"url":"https:\/\/gazetadoabranches.com\/index.php\/2021\/08\/23\/prefeitura-faz-repescagem-nesta-terca-feira-para-quem-nasceu-ate-1991-na-quarta-e-a-vez-dos-nascidos-em-1999\/","url_meta":{"origin":7463,"position":5},"title":"Prefeitura faz repescagem nesta ter\u00e7a-feira para quem nasceu at\u00e9 1991; na quarta, \u00e9 a vez dos nascidos em 1999","author":"Gazeta do Abranches","date":"agosto 23, 2021","format":false,"excerpt":"A Prefeitura de Curitiba far\u00e1, nesta ter\u00e7a-feira (24\/8), repescagem da primeira dose de vacina contra a covid-19. Ser\u00e3o atendidas pessoas nascidas at\u00e9 1991, que n\u00e3o puderam comparecer anteriormente. J\u00e1 na quarta-feira (25\/8), a vacina\u00e7\u00e3o avan\u00e7ar\u00e1 para os nascidos no primeiro semestre de 1999 (1\u00ba de janeiro at\u00e9 30 de junho).\u2026","rel":"","context":"Em &quot;Vacina&quot;","block_context":{"text":"Vacina","link":"https:\/\/gazetadoabranches.com\/index.php\/category\/vacina\/"},"img":{"alt_text":"","src":"https:\/\/i0.wp.com\/gazetadoabranches.com\/wp-content\/uploads\/2021\/08\/Vacina-Repescagem.jpg?resize=350%2C200&ssl=1","width":350,"height":200,"srcset":"https:\/\/i0.wp.com\/gazetadoabranches.com\/wp-content\/uploads\/2021\/08\/Vacina-Repescagem.jpg?resize=350%2C200&ssl=1 1x, https:\/\/i0.wp.com\/gazetadoabranches.com\/wp-content\/uploads\/2021\/08\/Vacina-Repescagem.jpg?resize=525%2C300&ssl=1 1.5x, https:\/\/i0.wp.com\/gazetadoabranches.com\/wp-content\/uploads\/2021\/08\/Vacina-Repescagem.jpg?resize=700%2C400&ssl=1 2x"},"classes":[]}],"jetpack_likes_enabled":true,"jetpack_sharing_enabled":true,"_links":{"self":[{"href":"https:\/\/gazetadoabranches.com\/index.php\/wp-json\/wp\/v2\/posts\/7463","targetHints":{"allow":["GET"]}}],"collection":[{"href":"https:\/\/gazetadoabranches.com\/index.php\/wp-json\/wp\/v2\/posts"}],"about":[{"href":"https:\/\/gazetadoabranches.com\/index.php\/wp-json\/wp\/v2\/types\/post"}],"author":[{"embeddable":true,"href":"https:\/\/gazetadoabranches.com\/index.php\/wp-json\/wp\/v2\/users\/1"}],"replies":[{"embeddable":true,"href":"https:\/\/gazetadoabranches.com\/index.php\/wp-json\/wp\/v2\/comments?post=7463"}],"version-history":[{"count":1,"href":"https:\/\/gazetadoabranches.com\/index.php\/wp-json\/wp\/v2\/posts\/7463\/revisions"}],"predecessor-version":[{"id":7464,"href":"https:\/\/gazetadoabranches.com\/index.php\/wp-json\/wp\/v2\/posts\/7463\/revisions\/7464"}],"wp:featuredmedia":[{"embeddable":true,"href":"https:\/\/gazetadoabranches.com\/index.php\/wp-json\/wp\/v2\/media\/5717"}],"wp:attachment":[{"href":"https:\/\/gazetadoabranches.com\/index.php\/wp-json\/wp\/v2\/media?parent=7463"}],"wp:term":[{"taxonomy":"category","embeddable":true,"href":"https:\/\/gazetadoabranches.com\/index.php\/wp-json\/wp\/v2\/categories?post=7463"},{"taxonomy":"post_tag","embeddable":true,"href":"https:\/\/gazetadoabranches.com\/index.php\/wp-json\/wp\/v2\/tags?post=7463"}],"curies":[{"name":"wp","href":"https:\/\/api.w.org\/{rel}","templated":true}]}}