{"id":7572,"date":"2021-05-10T21:22:15","date_gmt":"2021-05-11T00:22:15","guid":{"rendered":"https:\/\/gazetadoabranches.com\/?p=7572"},"modified":"2021-05-10T21:22:15","modified_gmt":"2021-05-11T00:22:15","slug":"curitiba-registra-21-mortes-e-695-casos-de-covid-19","status":"publish","type":"post","link":"https:\/\/gazetadoabranches.com\/index.php\/2021\/05\/10\/curitiba-registra-21-mortes-e-695-casos-de-covid-19\/","title":{"rendered":"Curitiba registra 21 mortes e 695 casos de covid-19"},"content":{"rendered":"<div class=\"row\">\n<div class=\"col textoNoticias\">\n<p>A Secretaria Municipal da Sa\u00fade de Curitiba registrou, nesta segunda-feira (10\/5), 695 novos casos de covid-19 e 21 \u00f3bitos de moradores da cidade infectados pelo novo coronav\u00edrus. Dezesseis destes \u00f3bitos ocorreram nas \u00faltimas 48 horas.<\/p>\n<p>As v\u00edtimas s\u00e3o 14 homens e sete mulheres, com idades entre 30 e 92 anos. Nove pessoas tinham menos de 60 anos.<\/p>\n<p>At\u00e9 o momento foram contabilizadas 4.923 mortes na cidade provocadas pela doen\u00e7a neste per\u00edodo de pandemia.<\/p>\n<h3>Novos casos<\/h3>\n<p>Com os novos casos confirmados, 197.730 moradores de Curitiba testaram positivo para a covid-19 desde o in\u00edcio da pandemia, dos quais 185.322 est\u00e3o liberados do isolamento e sem sintomas da doen\u00e7a.<\/p>\n<p>S\u00e3o 7.485 casos ativos na cidade, correspondentes ao n\u00famero de pessoas com potencial de transmiss\u00e3o do v\u00edrus.<\/p>\n<h3>Leitos do SUS<\/h3>\n<p>Nesta segunda-feira (10\/5), a taxa de ocupa\u00e7\u00e3o dos 525 leitos de UTI SUS exclusivos para covid-19 est\u00e1 em 92%. Restam 40 leitos livres.<\/p>\n<p>A taxa de ocupa\u00e7\u00e3o dos 726 leitos de enfermarias SUS covid-19 est\u00e1 em 78%. H\u00e1 158 leitos vagos.<\/p>\n<h3>&nbsp;<\/h3>\n<h3>N\u00fameros da covid-19 em 10 de maio<\/h3>\n<p>695 novos casos confirmados<br \/>\n21 novos \u00f3bitos (16 nas \u00faltimas 48h)<\/p>\n<h3>N\u00fameros totais<\/h3>\n<p>Confirmados \u2013 197.730<br \/>\nCasos ativos \u2013 7.485&nbsp;<br \/>\nRecuperados \u2013 185.322<br \/>\n\u00d3bitos \u2013 4.923<\/p>\n<\/div>\n<\/div>\n<div class=\"row\">\n<div class=\"col text-right compNoticias\">\n<div class=\"d-flex midiasDetalheNoticias\">&nbsp;<\/div>\n<\/div>\n<\/div>\n<div class=\"row\">\n<div class=\"col noticiasLeiamais\">&nbsp;<\/div>\n<\/div>\n","protected":false},"excerpt":{"rendered":"<p>A Secretaria Municipal da Sa\u00fade de Curitiba registrou, nesta segunda-feira (10\/5), 695 novos casos de covid-19 e 21 \u00f3bitos de moradores da cidade infectados pelo novo coronav\u00edrus. Dezesseis destes \u00f3bitos ocorreram nas \u00faltimas 48 horas. As v\u00edtimas s\u00e3o 14 homens e sete mulheres, com idades entre 30 e 92 anos. [&hellip;]<\/p>\n","protected":false},"author":1,"featured_media":7466,"comment_status":"open","ping_status":"open","sticky":false,"template":"","format":"standard","meta":{"ngg_post_thumbnail":0,"jetpack_post_was_ever_published":false,"amp_status":"","_jetpack_newsletter_access":"","_jetpack_dont_email_post_to_subs":false,"_jetpack_newsletter_tier_id":0,"_jetpack_memberships_contains_paywalled_content":false,"_jetpack_memberships_contains_paid_content":false,"footnotes":""},"categories":[34],"tags":[],"class_list":["post-7572","post","type-post","status-publish","format-standard","has-post-thumbnail","hentry","category-covid19"],"aioseo_notices":[],"jetpack_featured_media_url":"https:\/\/gazetadoabranches.com\/wp-content\/uploads\/2021\/03\/popup.jpg","jetpack-related-posts":[{"id":7444,"url":"https:\/\/gazetadoabranches.com\/index.php\/2021\/02\/25\/curitiba-registra-20-mortes-e-616-casos-de-covid-19\/","url_meta":{"origin":7572,"position":0},"title":"Curitiba registra 20 mortes e 616 casos de covid-19","author":"Gazeta do Abranches","date":"fevereiro 25, 2021","format":false,"excerpt":"\u00a0 Curitiba registrou, nesta quinta-feira (25\/2), 616 novos casos de covid-19 e 20 \u00f3bitos de moradores da cidade infectados pelo novo coronav\u00edrus, conforme boletim da Secretaria Municipal da Sa\u00fade. Sete \u00f3bitos ocorreram nas \u00faltimas 48 horas. As v\u00edtimas s\u00e3o nove homens e onze mulheres, com idades entre 58 e 93\u2026","rel":"","context":"Em &quot;Covid19&quot;","block_context":{"text":"Covid19","link":"https:\/\/gazetadoabranches.com\/index.php\/category\/covid19\/"},"img":{"alt_text":"","src":"https:\/\/i0.wp.com\/gazetadoabranches.com\/wp-content\/uploads\/2020\/08\/Covid19.jpeg?resize=350%2C200&ssl=1","width":350,"height":200,"srcset":"https:\/\/i0.wp.com\/gazetadoabranches.com\/wp-content\/uploads\/2020\/08\/Covid19.jpeg?resize=350%2C200&ssl=1 1x, https:\/\/i0.wp.com\/gazetadoabranches.com\/wp-content\/uploads\/2020\/08\/Covid19.jpeg?resize=525%2C300&ssl=1 1.5x, https:\/\/i0.wp.com\/gazetadoabranches.com\/wp-content\/uploads\/2020\/08\/Covid19.jpeg?resize=700%2C400&ssl=1 2x"},"classes":[]},{"id":8061,"url":"https:\/\/gazetadoabranches.com\/index.php\/2022\/03\/07\/curitiba-registra-quatro-mortes-e-554-casos-de-covid-19\/","url_meta":{"origin":7572,"position":1},"title":"Curitiba registra quatro mortes e 554 casos de covid-19","author":"Gazeta do Abranches","date":"mar\u00e7o 7, 2022","format":false,"excerpt":"\u00a0 A Secretaria Municipal da Sa\u00fade de Curitiba registrou, nesta segunda-feira (7\/3), 554 novos casos de covid-19 e quatro \u00f3bitos de moradores da cidade infectados pelo novo coronav\u00edrus. Dois destes \u00f3bitos ocorreram nas \u00faltimas 48 horas. As v\u00edtimas s\u00e3o um homem e tr\u00eas mulheres, com idades entre 66 e 91\u2026","rel":"","context":"Em &quot;Curitiba&quot;","block_context":{"text":"Curitiba","link":"https:\/\/gazetadoabranches.com\/index.php\/category\/curitiba\/"},"img":{"alt_text":"","src":"https:\/\/i0.wp.com\/gazetadoabranches.com\/wp-content\/uploads\/2022\/03\/WhatsApp-Image-2022-03-07-at-22.12.45.jpeg?resize=350%2C200&ssl=1","width":350,"height":200,"srcset":"https:\/\/i0.wp.com\/gazetadoabranches.com\/wp-content\/uploads\/2022\/03\/WhatsApp-Image-2022-03-07-at-22.12.45.jpeg?resize=350%2C200&ssl=1 1x, https:\/\/i0.wp.com\/gazetadoabranches.com\/wp-content\/uploads\/2022\/03\/WhatsApp-Image-2022-03-07-at-22.12.45.jpeg?resize=525%2C300&ssl=1 1.5x, https:\/\/i0.wp.com\/gazetadoabranches.com\/wp-content\/uploads\/2022\/03\/WhatsApp-Image-2022-03-07-at-22.12.45.jpeg?resize=700%2C400&ssl=1 2x"},"classes":[]},{"id":7502,"url":"https:\/\/gazetadoabranches.com\/index.php\/2021\/03\/12\/curitiba-registra-34-mortes-e-1-525-novos-casos-de-covid-19\/","url_meta":{"origin":7572,"position":2},"title":"Curitiba registra 34 mortes e 1.525 novos casos de covid-19","author":"Gazeta do Abranches","date":"mar\u00e7o 12, 2021","format":false,"excerpt":"\u00a0 Curitiba registrou, nesta sexta-feira (12\/3), 1.525 novos casos de covid-19 e 34 \u00f3bitos de moradores da cidade infectados pelo novo coronav\u00edrus, conforme boletim da Secretaria Municipal da Sa\u00fade. Vinte desses \u00f3bitos ocorreram nas \u00faltimas 48 horas. As novas v\u00edtimas s\u00e3o 18 homens e 16 mulheres, com idades entre 37\u2026","rel":"","context":"Em &quot;Covid19&quot;","block_context":{"text":"Covid19","link":"https:\/\/gazetadoabranches.com\/index.php\/category\/covid19\/"},"img":{"alt_text":"","src":"https:\/\/i0.wp.com\/gazetadoabranches.com\/wp-content\/uploads\/2021\/03\/Covid129.jpg?resize=350%2C200&ssl=1","width":350,"height":200,"srcset":"https:\/\/i0.wp.com\/gazetadoabranches.com\/wp-content\/uploads\/2021\/03\/Covid129.jpg?resize=350%2C200&ssl=1 1x, https:\/\/i0.wp.com\/gazetadoabranches.com\/wp-content\/uploads\/2021\/03\/Covid129.jpg?resize=525%2C300&ssl=1 1.5x, https:\/\/i0.wp.com\/gazetadoabranches.com\/wp-content\/uploads\/2021\/03\/Covid129.jpg?resize=700%2C400&ssl=1 2x"},"classes":[]},{"id":7515,"url":"https:\/\/gazetadoabranches.com\/index.php\/2021\/04\/15\/curitiba-registra-31-mortes-e-575-casos-de-covid-19\/","url_meta":{"origin":7572,"position":3},"title":"Curitiba registra 31 mortes e 575 casos de covid-19","author":"Gazeta do Abranches","date":"abril 15, 2021","format":false,"excerpt":"A Secretaria Municipal da Sa\u00fade de Curitiba registrou, nesta quinta-feira (15\/4), 575 novos casos de covid-19 e 31 \u00f3bitos de moradores da cidade infectados pelo novo coronav\u00edrus. Vinte e oito destes \u00f3bitos ocorreram nas \u00faltimas 48 horas. As v\u00edtimas s\u00e3o 15 homens e 16 mulheres, com idades entre 31 e\u2026","rel":"","context":"Em &quot;Covid19&quot;","block_context":{"text":"Covid19","link":"https:\/\/gazetadoabranches.com\/index.php\/category\/covid19\/"},"img":{"alt_text":"","src":"https:\/\/i0.wp.com\/gazetadoabranches.com\/wp-content\/uploads\/2020\/06\/Covid19.jpeg?resize=350%2C200&ssl=1","width":350,"height":200,"srcset":"https:\/\/i0.wp.com\/gazetadoabranches.com\/wp-content\/uploads\/2020\/06\/Covid19.jpeg?resize=350%2C200&ssl=1 1x, https:\/\/i0.wp.com\/gazetadoabranches.com\/wp-content\/uploads\/2020\/06\/Covid19.jpeg?resize=525%2C300&ssl=1 1.5x, https:\/\/i0.wp.com\/gazetadoabranches.com\/wp-content\/uploads\/2020\/06\/Covid19.jpeg?resize=700%2C400&ssl=1 2x"},"classes":[]},{"id":7465,"url":"https:\/\/gazetadoabranches.com\/index.php\/2021\/03\/05\/curitiba-registra-20-obitos-e-982-novos-casos-de-covid-19\/","url_meta":{"origin":7572,"position":4},"title":"Curitiba registra 20 \u00f3bitos e 982 novos casos de covid-19","author":"Gazeta do Abranches","date":"mar\u00e7o 5, 2021","format":false,"excerpt":"Curitiba registrou, nesta sexta-feira (5\/3), 982 novos casos de covid-19 e 20 \u00f3bitos de moradores da cidade infectados pelo novo coronav\u00edrus, conforme boletim da Secretaria Municipal da Sa\u00fade. Doze desses \u00f3bitos ocorreram nas \u00faltimas 48 horas. As novas v\u00edtimas s\u00e3o nove homens e 11 mulheres, com idades entre 38 e\u2026","rel":"","context":"Em &quot;Outros&quot;","block_context":{"text":"Outros","link":"https:\/\/gazetadoabranches.com\/index.php\/category\/outros\/"},"img":{"alt_text":"","src":"https:\/\/i0.wp.com\/gazetadoabranches.com\/wp-content\/uploads\/2021\/03\/popup.jpg?resize=350%2C200&ssl=1","width":350,"height":200,"srcset":"https:\/\/i0.wp.com\/gazetadoabranches.com\/wp-content\/uploads\/2021\/03\/popup.jpg?resize=350%2C200&ssl=1 1x, https:\/\/i0.wp.com\/gazetadoabranches.com\/wp-content\/uploads\/2021\/03\/popup.jpg?resize=525%2C300&ssl=1 1.5x"},"classes":[]},{"id":7993,"url":"https:\/\/gazetadoabranches.com\/index.php\/2022\/01\/14\/curitiba-registra-2-503-casos-de-covid-19-em-mais-um-dia-sem-mortes-pela-doenca\/","url_meta":{"origin":7572,"position":5},"title":"Curitiba registra 2.503 casos de covid-19 em mais um dia sem mortes pela doen\u00e7a","author":"Gazeta do Abranches","date":"janeiro 14, 2022","format":false,"excerpt":"A Secretaria Municipal da Sa\u00fade de Curitiba registrou, nesta sexta-feira (14\/1), 2.503 novos casos de covid-19. A cidade n\u00e3o teve\u00a0nenhum novo \u00f3bito pela doen\u00e7a nas \u00faltimas 48 horas. At\u00e9 o momento foram contabilizadas 7.827 mortes na cidade provocadas pela doen\u00e7a neste per\u00edodo de pandemia. Novos casos Com os novos casos\u2026","rel":"","context":"Em &quot;Covid19&quot;","block_context":{"text":"Covid19","link":"https:\/\/gazetadoabranches.com\/index.php\/category\/covid19\/"},"img":{"alt_text":"","src":"https:\/\/i0.wp.com\/gazetadoabranches.com\/wp-content\/uploads\/2021\/03\/popup.jpg?resize=350%2C200&ssl=1","width":350,"height":200,"srcset":"https:\/\/i0.wp.com\/gazetadoabranches.com\/wp-content\/uploads\/2021\/03\/popup.jpg?resize=350%2C200&ssl=1 1x, https:\/\/i0.wp.com\/gazetadoabranches.com\/wp-content\/uploads\/2021\/03\/popup.jpg?resize=525%2C300&ssl=1 1.5x"},"classes":[]}],"jetpack_likes_enabled":true,"jetpack_sharing_enabled":true,"_links":{"self":[{"href":"https:\/\/gazetadoabranches.com\/index.php\/wp-json\/wp\/v2\/posts\/7572","targetHints":{"allow":["GET"]}}],"collection":[{"href":"https:\/\/gazetadoabranches.com\/index.php\/wp-json\/wp\/v2\/posts"}],"about":[{"href":"https:\/\/gazetadoabranches.com\/index.php\/wp-json\/wp\/v2\/types\/post"}],"author":[{"embeddable":true,"href":"https:\/\/gazetadoabranches.com\/index.php\/wp-json\/wp\/v2\/users\/1"}],"replies":[{"embeddable":true,"href":"https:\/\/gazetadoabranches.com\/index.php\/wp-json\/wp\/v2\/comments?post=7572"}],"version-history":[{"count":1,"href":"https:\/\/gazetadoabranches.com\/index.php\/wp-json\/wp\/v2\/posts\/7572\/revisions"}],"predecessor-version":[{"id":7573,"href":"https:\/\/gazetadoabranches.com\/index.php\/wp-json\/wp\/v2\/posts\/7572\/revisions\/7573"}],"wp:featuredmedia":[{"embeddable":true,"href":"https:\/\/gazetadoabranches.com\/index.php\/wp-json\/wp\/v2\/media\/7466"}],"wp:attachment":[{"href":"https:\/\/gazetadoabranches.com\/index.php\/wp-json\/wp\/v2\/media?parent=7572"}],"wp:term":[{"taxonomy":"category","embeddable":true,"href":"https:\/\/gazetadoabranches.com\/index.php\/wp-json\/wp\/v2\/categories?post=7572"},{"taxonomy":"post_tag","embeddable":true,"href":"https:\/\/gazetadoabranches.com\/index.php\/wp-json\/wp\/v2\/tags?post=7572"}],"curies":[{"name":"wp","href":"https:\/\/api.w.org\/{rel}","templated":true}]}}