{"id":7876,"date":"2021-11-15T11:29:45","date_gmt":"2021-11-15T14:29:45","guid":{"rendered":"https:\/\/gazetadoabranches.com\/?p=7876"},"modified":"2021-11-15T11:29:45","modified_gmt":"2021-11-15T14:29:45","slug":"servico-termina-antes-do-previsto-e-pilarzinho-nao-tera-bloqueio-nesta-segunda-feira","status":"publish","type":"post","link":"https:\/\/gazetadoabranches.com\/index.php\/2021\/11\/15\/servico-termina-antes-do-previsto-e-pilarzinho-nao-tera-bloqueio-nesta-segunda-feira\/","title":{"rendered":"Servi\u00e7o termina antes do previsto e Pilarzinho n\u00e3o ter\u00e1 bloqueio nesta segunda-feira"},"content":{"rendered":"<p><img loading=\"lazy\" decoding=\"async\" class=\"aligncenter size-full wp-image-7877\" src=\"https:\/\/gazetadoabranches.com\/wp-content\/uploads\/2021\/11\/Cruz-do-pilarzinho1.jpg\" alt=\"\" width=\"800\" height=\"876\" srcset=\"https:\/\/gazetadoabranches.com\/wp-content\/uploads\/2021\/11\/Cruz-do-pilarzinho1.jpg 800w, https:\/\/gazetadoabranches.com\/wp-content\/uploads\/2021\/11\/Cruz-do-pilarzinho1-274x300.jpg 274w, https:\/\/gazetadoabranches.com\/wp-content\/uploads\/2021\/11\/Cruz-do-pilarzinho1-768x841.jpg 768w\" sizes=\"auto, (max-width: 800px) 100vw, 800px\" \/><\/p>\n<p>O servi\u00e7o de escava\u00e7\u00e3o programado para um trecho de 50 metros na Rua Amauri Lange Silv\u00e9rio, no bairro Pilarzinho, foi encerrado antes do previsto e n\u00e3o ser\u00e1 mais necess\u00e1rio bloquear a via neste feriado de Proclama\u00e7\u00e3o da Rep\u00fablica (15\/11), conforme previsto inicialmente.&nbsp;<\/p>\n<p>Tamb\u00e9m est\u00e1 cancelado o bloqueio parcial no cruzamento das ruas Victor Benato e Desembargador Hugo Simas, anteriormente programado para esta segunda-feira. Com a nova programa\u00e7\u00e3o, o motorista que passar pela regi\u00e3o n\u00e3o precisar\u00e1 fazer desvios.<\/p>\n<p>Durante o fim de semana (13 e 14\/11), a interrup\u00e7\u00e3o na passagem de ve\u00edculos no trecho de uma quadra, entre as ruas Alexandre Von Humboldt e Raposo Tavares, foi necess\u00e1ria para o avan\u00e7o das obras na regi\u00e3o da Cruz do Pilarzinho.&nbsp;<\/p>\n<h3>Revitaliza\u00e7\u00e3o e melhorias<\/h3>\n<p>A Prefeitura de Curitiba, sob a coordena\u00e7\u00e3o da Secretaria Municipal de Obras P\u00fablicas, executa obras na regi\u00e3o da Cruz do Pilarzinho. Iniciadas na segunda quinzena de agosto, s\u00e3o interven\u00e7\u00f5es de corre\u00e7\u00e3o geom\u00e9trica que v\u00e3o melhorar o tr\u00e2nsito e promover integra\u00e7\u00e3o do transporte p\u00fablico na regi\u00e3o. Os servi\u00e7os est\u00e3o sendo executados nas ruas Hugo Simas, Raposo Tavares e Amauri Lange Silv\u00e9rio e seus arredores.<\/p>\n<p>As ruas est\u00e3o sendo alargadas, pavimentadas e sinalizadas. O cal\u00e7amento est\u00e1 ganhando novo piso de paver e se tornar\u00e1 mais acess\u00edvel, postes ser\u00e3o relocados e o sistema que ilumina o local refor\u00e7ado com novos equipamentos. Uma por\u00e7\u00e3o do jardinete da Cruz do Pilarzinho ser\u00e1 removida para que \u00e1rea da pista seja ampliada, mas o monumento permanecer\u00e1 em seu lugar original.<\/p>\n","protected":false},"excerpt":{"rendered":"<p>O servi\u00e7o de escava\u00e7\u00e3o programado para um trecho de 50 metros na Rua Amauri Lange Silv\u00e9rio, no bairro Pilarzinho, foi encerrado antes do previsto e n\u00e3o ser\u00e1 mais necess\u00e1rio bloquear a via neste feriado de Proclama\u00e7\u00e3o da Rep\u00fablica (15\/11), conforme previsto inicialmente.&nbsp; Tamb\u00e9m est\u00e1 cancelado o bloqueio parcial no cruzamento [&hellip;]<\/p>\n","protected":false},"author":1,"featured_media":7877,"comment_status":"open","ping_status":"open","sticky":false,"template":"","format":"standard","meta":{"ngg_post_thumbnail":0,"jetpack_post_was_ever_published":false,"amp_status":"","_jetpack_newsletter_access":"","_jetpack_dont_email_post_to_subs":false,"_jetpack_newsletter_tier_id":0,"_jetpack_memberships_contains_paywalled_content":false,"_jetpack_memberships_contains_paid_content":false,"footnotes":""},"categories":[18],"tags":[],"class_list":["post-7876","post","type-post","status-publish","format-standard","has-post-thumbnail","hentry","category-prefeitura"],"aioseo_notices":[],"jetpack_featured_media_url":"https:\/\/gazetadoabranches.com\/wp-content\/uploads\/2021\/11\/Cruz-do-pilarzinho1.jpg","jetpack-related-posts":[{"id":9034,"url":"https:\/\/gazetadoabranches.com\/index.php\/2023\/08\/14\/obras-de-revitalizacao-de-ruas-no-abranches-e-pilarzinho-atendem-demandas-do-vereador-mauro-ignacio\/","url_meta":{"origin":7876,"position":0},"title":"Obras de revitaliza\u00e7\u00e3o de ruas no Abranches e Pilarzinho atendem demandas do Vereador Mauro Ign\u00e1cio","author":"Gazeta do Abranches","date":"agosto 14, 2023","format":false,"excerpt":"Rua Jo\u00e3o Kubis, no Abranches, recebe nova malha asf\u00e1ltica ap\u00f3s interven\u00e7\u00e3o do Vereador Mauro Ign\u00e1cio A t\u00e3o aguardada revitaliza\u00e7\u00e3o da rua Jo\u00e3o Kubis, localizada no bairro Abranches, finalmente se tornou realidade. Ap\u00f3s um longo per\u00edodo de m\u00e1s condi\u00e7\u00f5es em sua malha vi\u00e1ria, os moradores podem, enfim, comemorar o novo asfalto.\u2026","rel":"","context":"Em &quot;Obras&quot;","block_context":{"text":"Obras","link":"https:\/\/gazetadoabranches.com\/index.php\/category\/obras\/"},"img":{"alt_text":"","src":"https:\/\/i0.wp.com\/gazetadoabranches.com\/wp-content\/uploads\/2023\/08\/WhatsApp-Image-2023-08-01-at-22.40.41.jpeg?resize=350%2C200&ssl=1","width":350,"height":200,"srcset":"https:\/\/i0.wp.com\/gazetadoabranches.com\/wp-content\/uploads\/2023\/08\/WhatsApp-Image-2023-08-01-at-22.40.41.jpeg?resize=350%2C200&ssl=1 1x, https:\/\/i0.wp.com\/gazetadoabranches.com\/wp-content\/uploads\/2023\/08\/WhatsApp-Image-2023-08-01-at-22.40.41.jpeg?resize=525%2C300&ssl=1 1.5x, https:\/\/i0.wp.com\/gazetadoabranches.com\/wp-content\/uploads\/2023\/08\/WhatsApp-Image-2023-08-01-at-22.40.41.jpeg?resize=700%2C400&ssl=1 2x, https:\/\/i0.wp.com\/gazetadoabranches.com\/wp-content\/uploads\/2023\/08\/WhatsApp-Image-2023-08-01-at-22.40.41.jpeg?resize=1050%2C600&ssl=1 3x"},"classes":[]},{"id":8864,"url":"https:\/\/gazetadoabranches.com\/index.php\/2023\/04\/11\/regional-boa-vista-recebe-1113-km-de-asfalto-novo-em-seis-anos\/","url_meta":{"origin":7876,"position":1},"title":"Regional Boa Vista recebe 111,3 km de asfalto novo em seis anos","author":"Gazeta do Abranches","date":"abril 11, 2023","format":false,"excerpt":"Curitibanos que residem nos 12 bairros da Regional Boa Vista t\u00eam um bom motivo para comemorar. A regi\u00e3o recebeu 111,3 km de asfalto novo em suas ruas nos \u00faltimos seis anos. Em mar\u00e7o, a Prefeitura anunciou como parte das comemora\u00e7\u00f5es dos\u00a0330 anos de Curitiba\u00a0que mais 46 ruas da regional v\u00e3o\u2026","rel":"","context":"Em &quot;Obras&quot;","block_context":{"text":"Obras","link":"https:\/\/gazetadoabranches.com\/index.php\/category\/obras\/"},"img":{"alt_text":"","src":"https:\/\/i0.wp.com\/gazetadoabranches.com\/wp-content\/uploads\/2023\/04\/Cruz-do-Pilarzinho2.jpg?resize=350%2C200&ssl=1","width":350,"height":200,"srcset":"https:\/\/i0.wp.com\/gazetadoabranches.com\/wp-content\/uploads\/2023\/04\/Cruz-do-Pilarzinho2.jpg?resize=350%2C200&ssl=1 1x, https:\/\/i0.wp.com\/gazetadoabranches.com\/wp-content\/uploads\/2023\/04\/Cruz-do-Pilarzinho2.jpg?resize=525%2C300&ssl=1 1.5x, https:\/\/i0.wp.com\/gazetadoabranches.com\/wp-content\/uploads\/2023\/04\/Cruz-do-Pilarzinho2.jpg?resize=700%2C400&ssl=1 2x"},"classes":[]},{"id":7970,"url":"https:\/\/gazetadoabranches.com\/index.php\/2021\/12\/14\/vereador-mauro-ignacio-acompanhou-comerciantes-da-cruz-do-pilarzinho-em-reuniao-no-ippuc\/","url_meta":{"origin":7876,"position":2},"title":"Vereador Mauro Ign\u00e1cio acompanhou comerciantes da Cruz do Pilarzinho em reuni\u00e3o no IPPUC","author":"Gazeta do Abranches","date":"dezembro 14, 2021","format":false,"excerpt":"O vereador Mauro Ign\u00e1cio foi procurado pelos propriet\u00e1rios e comerciantes da Cruz do Pilarzinho, onde os mesmos solicitaram ao mesmo que intercedesse junto a prefeitura referente a Obra de revitaliza\u00e7\u00e3o da Cruz do Pilarzinho. Apesar de todos concordarem que a obra \u00e9 necess\u00e1ria e ir\u00e1 melhorar o fluxo de ve\u00edculos\u2026","rel":"","context":"Em &quot;Bairros&quot;","block_context":{"text":"Bairros","link":"https:\/\/gazetadoabranches.com\/index.php\/category\/bairros\/"},"img":{"alt_text":"","src":"https:\/\/i0.wp.com\/gazetadoabranches.com\/wp-content\/uploads\/2021\/12\/WhatsApp-Image-2021-12-14-at-22.14.22.jpeg?resize=350%2C200&ssl=1","width":350,"height":200,"srcset":"https:\/\/i0.wp.com\/gazetadoabranches.com\/wp-content\/uploads\/2021\/12\/WhatsApp-Image-2021-12-14-at-22.14.22.jpeg?resize=350%2C200&ssl=1 1x, https:\/\/i0.wp.com\/gazetadoabranches.com\/wp-content\/uploads\/2021\/12\/WhatsApp-Image-2021-12-14-at-22.14.22.jpeg?resize=525%2C300&ssl=1 1.5x, https:\/\/i0.wp.com\/gazetadoabranches.com\/wp-content\/uploads\/2021\/12\/WhatsApp-Image-2021-12-14-at-22.14.22.jpeg?resize=700%2C400&ssl=1 2x"},"classes":[]},{"id":7697,"url":"https:\/\/gazetadoabranches.com\/index.php\/2021\/08\/18\/obras-de-melhoria-do-transito-na-cruz-do-pilarzinho-comecam-dia-25\/","url_meta":{"origin":7876,"position":3},"title":"Obras de melhoria do tr\u00e2nsito na Cruz do Pilarzinho come\u00e7am dia 25","author":"Gazeta do Abranches","date":"agosto 18, 2021","format":false,"excerpt":"A partir do pr\u00f3ximo dia 25 de agosto\u00a0(quarta-feira), a Cruz do Pilarzinho come\u00e7ar\u00e1 a receber as interven\u00e7\u00f5es que visam melhorar o tr\u00e2nsito em toda a regi\u00e3o. Os servi\u00e7os ser\u00e3o executados sob a supervis\u00e3o da Secretaria Municipal de Obras P\u00fablicas e alcan\u00e7ar\u00e3o ruas, cal\u00e7adas, infraestrutura de drenagem e ilumina\u00e7\u00e3o. A previs\u00e3o\u2026","rel":"","context":"Em &quot;Bairros&quot;","block_context":{"text":"Bairros","link":"https:\/\/gazetadoabranches.com\/index.php\/category\/bairros\/"},"img":{"alt_text":"","src":"https:\/\/i0.wp.com\/gazetadoabranches.com\/wp-content\/uploads\/2021\/08\/Cruz-do-Pilarzinho.jpg?resize=350%2C200&ssl=1","width":350,"height":200,"srcset":"https:\/\/i0.wp.com\/gazetadoabranches.com\/wp-content\/uploads\/2021\/08\/Cruz-do-Pilarzinho.jpg?resize=350%2C200&ssl=1 1x, https:\/\/i0.wp.com\/gazetadoabranches.com\/wp-content\/uploads\/2021\/08\/Cruz-do-Pilarzinho.jpg?resize=525%2C300&ssl=1 1.5x, https:\/\/i0.wp.com\/gazetadoabranches.com\/wp-content\/uploads\/2021\/08\/Cruz-do-Pilarzinho.jpg?resize=700%2C400&ssl=1 2x"},"classes":[]},{"id":8672,"url":"https:\/\/gazetadoabranches.com\/index.php\/2022\/11\/25\/greca-lanca-nova-etapa-do-programa-asfalto-novo-no-pilarzinho-para-alcancar-mais-81-km-de-ruas-em-41-bairros-de-curitiba\/","url_meta":{"origin":7876,"position":4},"title":"Greca lan\u00e7a nova etapa do programa Asfalto Novo, no Pilarzinho, para alcan\u00e7ar mais 81 km de ruas em 41 bairros de Curitiba","author":"Gazeta do Abranches","date":"novembro 25, 2022","format":false,"excerpt":"Mais 160 ruas de 41 bairros das dez administra\u00e7\u00f5es regionais de Curitiba v\u00e3o receber obras de requalifica\u00e7\u00e3o. O prefeito Rafael Greca deu a largada, nesta sexta-feira (25\/11), \u00e0 nova etapa do programa de recupera\u00e7\u00e3o da malha vi\u00e1ria, que vai assegurar mais 81 km de asfalto novo a partir de 168\u2026","rel":"","context":"Em &quot;Obras&quot;","block_context":{"text":"Obras","link":"https:\/\/gazetadoabranches.com\/index.php\/category\/obras\/"},"img":{"alt_text":"","src":"https:\/\/i0.wp.com\/gazetadoabranches.com\/wp-content\/uploads\/2022\/11\/Ignacio-gbur-Pilarzinho.jpg?resize=350%2C200&ssl=1","width":350,"height":200,"srcset":"https:\/\/i0.wp.com\/gazetadoabranches.com\/wp-content\/uploads\/2022\/11\/Ignacio-gbur-Pilarzinho.jpg?resize=350%2C200&ssl=1 1x, https:\/\/i0.wp.com\/gazetadoabranches.com\/wp-content\/uploads\/2022\/11\/Ignacio-gbur-Pilarzinho.jpg?resize=525%2C300&ssl=1 1.5x, https:\/\/i0.wp.com\/gazetadoabranches.com\/wp-content\/uploads\/2022\/11\/Ignacio-gbur-Pilarzinho.jpg?resize=700%2C400&ssl=1 2x"},"classes":[]},{"id":10403,"url":"https:\/\/gazetadoabranches.com\/index.php\/2026\/04\/23\/asfalto-novo-beneficia-ruas-de-quatro-bairros-da-regional-boa-vista-confira-quais-sao\/","url_meta":{"origin":7876,"position":5},"title":"Asfalto novo beneficia ruas de quatro bairros da Regional Boa Vista; confira quais s\u00e3o","author":"Gazeta do Abranches","date":"abril 23, 2026","format":false,"excerpt":"A Prefeitura de Curitiba est\u00e1 fazendo mais uma etapa de recupera\u00e7\u00e3o do pavimento de ruas nos bairros Pilarzinho, Santa C\u00e2ndida, Cachoeira e Tingui, que pertencem \u00e0 Regional Boa Vista. As interven\u00e7\u00f5es est\u00e3o sendo realizadas pelas equipes da\u00a0Secretaria Municipal de Obras P\u00fablicas\u00a0(Smop) em trechos de quatro ruas, perfazendo 1.459 metros de\u2026","rel":"","context":"Em &quot;Bairros&quot;","block_context":{"text":"Bairros","link":"https:\/\/gazetadoabranches.com\/index.php\/category\/bairros\/"},"img":{"alt_text":"","src":"https:\/\/i0.wp.com\/gazetadoabranches.com\/wp-content\/uploads\/2026\/04\/00557012.jpeg?resize=350%2C200&ssl=1","width":350,"height":200,"srcset":"https:\/\/i0.wp.com\/gazetadoabranches.com\/wp-content\/uploads\/2026\/04\/00557012.jpeg?resize=350%2C200&ssl=1 1x, https:\/\/i0.wp.com\/gazetadoabranches.com\/wp-content\/uploads\/2026\/04\/00557012.jpeg?resize=525%2C300&ssl=1 1.5x, https:\/\/i0.wp.com\/gazetadoabranches.com\/wp-content\/uploads\/2026\/04\/00557012.jpeg?resize=700%2C400&ssl=1 2x, https:\/\/i0.wp.com\/gazetadoabranches.com\/wp-content\/uploads\/2026\/04\/00557012.jpeg?resize=1050%2C600&ssl=1 3x"},"classes":[]}],"jetpack_likes_enabled":true,"jetpack_sharing_enabled":true,"_links":{"self":[{"href":"https:\/\/gazetadoabranches.com\/index.php\/wp-json\/wp\/v2\/posts\/7876","targetHints":{"allow":["GET"]}}],"collection":[{"href":"https:\/\/gazetadoabranches.com\/index.php\/wp-json\/wp\/v2\/posts"}],"about":[{"href":"https:\/\/gazetadoabranches.com\/index.php\/wp-json\/wp\/v2\/types\/post"}],"author":[{"embeddable":true,"href":"https:\/\/gazetadoabranches.com\/index.php\/wp-json\/wp\/v2\/users\/1"}],"replies":[{"embeddable":true,"href":"https:\/\/gazetadoabranches.com\/index.php\/wp-json\/wp\/v2\/comments?post=7876"}],"version-history":[{"count":1,"href":"https:\/\/gazetadoabranches.com\/index.php\/wp-json\/wp\/v2\/posts\/7876\/revisions"}],"predecessor-version":[{"id":7878,"href":"https:\/\/gazetadoabranches.com\/index.php\/wp-json\/wp\/v2\/posts\/7876\/revisions\/7878"}],"wp:featuredmedia":[{"embeddable":true,"href":"https:\/\/gazetadoabranches.com\/index.php\/wp-json\/wp\/v2\/media\/7877"}],"wp:attachment":[{"href":"https:\/\/gazetadoabranches.com\/index.php\/wp-json\/wp\/v2\/media?parent=7876"}],"wp:term":[{"taxonomy":"category","embeddable":true,"href":"https:\/\/gazetadoabranches.com\/index.php\/wp-json\/wp\/v2\/categories?post=7876"},{"taxonomy":"post_tag","embeddable":true,"href":"https:\/\/gazetadoabranches.com\/index.php\/wp-json\/wp\/v2\/tags?post=7876"}],"curies":[{"name":"wp","href":"https:\/\/api.w.org\/{rel}","templated":true}]}}