{"id":7879,"date":"2021-11-15T11:40:44","date_gmt":"2021-11-15T14:40:44","guid":{"rendered":"https:\/\/gazetadoabranches.com\/?p=7879"},"modified":"2021-11-15T11:49:33","modified_gmt":"2021-11-15T14:49:33","slug":"carrossel-deste-ano-sera-no-parque-tangua-com-estreia-no-dia-26-de-novembro","status":"publish","type":"post","link":"https:\/\/gazetadoabranches.com\/index.php\/2021\/11\/15\/carrossel-deste-ano-sera-no-parque-tangua-com-estreia-no-dia-26-de-novembro\/","title":{"rendered":"Carrossel deste ano ser\u00e1 no Parque Tangu\u00e1, com estreia no dia 26 de novembro"},"content":{"rendered":"<figure id=\"attachment_7880\" aria-describedby=\"caption-attachment-7880\" style=\"width: 800px\" class=\"wp-caption aligncenter\"><img loading=\"lazy\" decoding=\"async\" class=\"size-full wp-image-7880\" src=\"https:\/\/gazetadoabranches.com\/wp-content\/uploads\/2021\/11\/Natal-Tangua1.jpg\" alt=\"\" width=\"800\" height=\"450\" srcset=\"https:\/\/gazetadoabranches.com\/wp-content\/uploads\/2021\/11\/Natal-Tangua1.jpg 800w, https:\/\/gazetadoabranches.com\/wp-content\/uploads\/2021\/11\/Natal-Tangua1-300x169.jpg 300w, https:\/\/gazetadoabranches.com\/wp-content\/uploads\/2021\/11\/Natal-Tangua1-768x432.jpg 768w\" sizes=\"auto, (max-width: 800px) 100vw, 800px\" \/><figcaption id=\"caption-attachment-7880\" class=\"wp-caption-text\">Carrossel do Tangu\u00e1 come\u00e7a a ser montado; atra\u00e7\u00e3o estreia dia 26 de novembro. Foto: Divulga\u00e7\u00e3o<\/figcaption><\/figure>\n<p>Os tradicionais cavalinhos e as &#8220;x\u00edcaras malucas&#8221; do carrossel veneziano voltam a ser atra\u00e7\u00f5es do Natal de Curitiba \u2013 Luz dos Pinhais 2021, desta vez no Parque Tangu\u00e1 (bairro Tabo\u00e3o). Nost\u00e1lgica e inclusiva, a atra\u00e7\u00e3o ter\u00e1 patroc\u00ednio da Rede de Supermercados Muffato e vai estrear no dia 26 de novembro. O brinquedo ficar\u00e1 aberto ao p\u00fablico at\u00e9 9 de janeiro.<\/p>\n<p>Ainda est\u00e1 sendo definido se o carrossel do Tangu\u00e1 ter\u00e1 ou n\u00e3o agendamento de hor\u00e1rio para os visitantes brincarem. &nbsp;<\/p>\n<p>O carrossel veneziano come\u00e7ou a ser montado nesta sexta-feira (12\/11) e vai ficar na esplanada onde est\u00e3o dois cart\u00f5es-postais do Tangu\u00e1: os espelhos d\u2019\u00e1gua do Jardim Poty Lazzarotto e o belvedere. O brinquedo ir\u00e1 ocupar o lado oposto das duas atra\u00e7\u00f5es, pr\u00f3ximo \u00e0 escadaria que d\u00e1 acesso ao local.<\/p>\n<p>Se o conjunto j\u00e1 \u00e9 normalmente impressionante para quem chega ao parque, imagine como ficar\u00e1 com o carrossel e a decora\u00e7\u00e3o natalina prevista para o local, como a \u00e1rvore na cor verde formada por 50 mil microl\u00e2mpadas de LED e a ilumina\u00e7\u00e3o que ir\u00e1 evidenciar os contornos do belvedere.<\/p>\n<blockquote><p>Como em 2019, quando esteve no Passeio P\u00fablico, o carrossel veneziano ter\u00e1 acessibilidade para crian\u00e7as e adultos com dificuldade de locomo\u00e7\u00e3o.<\/p><\/blockquote>\n<p>O brinquedo ter\u00e1 compartimentos que lembram as &#8220;x\u00edcaras malucas&#8221; dos parques de divers\u00e3o e, \u00e9 claro, os cavalinhos, que v\u00eam \u00e0 mem\u00f3ria de todo mundo quando se pensa em carrossel. Ser\u00e3o 34 cavalinhos e quatro x\u00edcaras malucas.<\/p>\n<p>Al\u00e9m do carrossel e da decora\u00e7\u00e3o natalina, o Tangu\u00e1 receber\u00e1 a partir de 21 de dezembro o Orat\u00f3rio de Natal Curitibano, uma superprodu\u00e7\u00e3o a c\u00e9u aberto da Funda\u00e7\u00e3o Cultural de Curitiba e que ir\u00e1 reunir 30 atores, cantores e bailarinos, que tomar\u00e3o conta do parque para contar a hist\u00f3ria do nascimento de Jesus. As apresenta\u00e7\u00f5es v\u00e3o at\u00e9 23 de dezembro e haver\u00e1 agendamento.<\/p>\n<h3>Jardim Bot\u00e2nico&nbsp;<\/h3>\n<p>Nesta sexta-feira (12\/12), tamb\u00e9m foi finalizada a terceira \u00c1rvore da Vida do Natal de Curitiba 2021, no Jardim Bot\u00e2nico, que recebeu cinco mil vasinhos de s\u00e1lvias vermelhas. Com patroc\u00ednio da administradora de cons\u00f3rcios Ademicon, o espa\u00e7o verde ter\u00e1 v\u00e1rias outras atra\u00e7\u00f5es este ano. Al\u00e9m da \u00e1rvore de Natal, a estufa ir\u00e1 ganhar contornos luminosos, trilhas sonoras de Natal se espalhar\u00e3o pelo Jardim Franc\u00eas e a grande novidade: voo de bal\u00e3o (preso ao solo) de 40 metros, equivalente \u00e0 altura de um pr\u00e9dio de 12 andares. J\u00e1 foram colocadas \u00c1rvores da Vida na Rua XV de Novembro (Natal O Botic\u00e1rio) e Largo da Ordem.&nbsp;<\/p>\n<figure id=\"attachment_7881\" aria-describedby=\"caption-attachment-7881\" style=\"width: 640px\" class=\"wp-caption aligncenter\"><img loading=\"lazy\" decoding=\"async\" class=\"size-large wp-image-7881\" src=\"https:\/\/gazetadoabranches.com\/wp-content\/uploads\/2021\/11\/Natal-Tangua-683x1024.jpg\" alt=\"\" width=\"640\" height=\"960\" srcset=\"https:\/\/gazetadoabranches.com\/wp-content\/uploads\/2021\/11\/Natal-Tangua-683x1024.jpg 683w, https:\/\/gazetadoabranches.com\/wp-content\/uploads\/2021\/11\/Natal-Tangua-200x300.jpg 200w, https:\/\/gazetadoabranches.com\/wp-content\/uploads\/2021\/11\/Natal-Tangua-768x1152.jpg 768w, https:\/\/gazetadoabranches.com\/wp-content\/uploads\/2021\/11\/Natal-Tangua.jpg 800w\" sizes=\"auto, (max-width: 640px) 100vw, 640px\" \/><figcaption id=\"caption-attachment-7881\" class=\"wp-caption-text\">Coloca\u00e7\u00e3o de vasinhos de s\u00e1lvias na \u00e1rvore de Natal do Jardim Bot\u00e2nico. Curitiba, 12\/11\/2021. Foto: Lucilia Guimar\u00e3es\/SMCS<\/figcaption><\/figure>\n<p><strong>CONFIRA A PROGRAMA\u00c7\u00c3O COMPLETA NO SITE&nbsp;<a href=\"https:\/\/natal.curitiba.pr.gov.br\/\" target=\"_blank\" rel=\"noopener noreferrer\">https:\/\/natal.curitiba.pr.gov.br\/<\/a>. A programa\u00e7\u00e3o est\u00e1 sujeita a altera\u00e7\u00f5es.<\/strong><\/p>\n<p><em>A Prefeitura promove o Natal de Curitiba \u2013 Luz dos Pinhais 2021 com o patroc\u00ednio das empresas O Botic\u00e1rio, Ademicon, Volvo, Electrolux, Condor, Festval, Ebanx, Cons\u00f3rcio Servopa, Muffato, Copel Telecom e ParkShoppingBarig\u00fci. A programa\u00e7\u00e3o come\u00e7a no dia 18 de novembro e a decora\u00e7\u00e3o poder\u00e1 ser vista at\u00e9 9 de janeiro.<\/em><\/p>\n<p>&nbsp;<\/p>\n","protected":false},"excerpt":{"rendered":"<p>Os tradicionais cavalinhos e as &#8220;x\u00edcaras malucas&#8221; do carrossel veneziano voltam a ser atra\u00e7\u00f5es do Natal de Curitiba \u2013 Luz dos Pinhais 2021, desta vez no Parque Tangu\u00e1 (bairro Tabo\u00e3o). Nost\u00e1lgica e inclusiva, a atra\u00e7\u00e3o ter\u00e1 patroc\u00ednio da Rede de Supermercados Muffato e vai estrear no dia 26 de novembro. [&hellip;]<\/p>\n","protected":false},"author":1,"featured_media":7880,"comment_status":"open","ping_status":"open","sticky":false,"template":"","format":"standard","meta":{"ngg_post_thumbnail":0,"jetpack_post_was_ever_published":false,"amp_status":"","_jetpack_newsletter_access":"","_jetpack_dont_email_post_to_subs":false,"_jetpack_newsletter_tier_id":0,"_jetpack_memberships_contains_paywalled_content":false,"_jetpack_memberships_contains_paid_content":false,"footnotes":""},"categories":[103],"tags":[],"class_list":["post-7879","post","type-post","status-publish","format-standard","has-post-thumbnail","hentry","category-natal"],"aioseo_notices":[],"jetpack_featured_media_url":"https:\/\/gazetadoabranches.com\/wp-content\/uploads\/2021\/11\/Natal-Tangua1.jpg","jetpack-related-posts":[{"id":7893,"url":"https:\/\/gazetadoabranches.com\/index.php\/2021\/11\/22\/de-natal-na-xv-a-carrossel-no-tangua-as-estreias-da-semana-na-temporada\/","url_meta":{"origin":7879,"position":0},"title":"De Natal na XV a carrossel no Tangu\u00e1, as estreias da semana na temporada","author":"Gazeta do Abranches","date":"novembro 22, 2021","format":false,"excerpt":"Muitas estreias nesta semana, no Natal de Curitiba - Luz dos Pinhais 2021, para que curitibanos e turistas possam se emocionar e viver a cidade como nunca antes. Na programa\u00e7\u00e3o, as aberturas da decora\u00e7\u00e3o na Rua XV de Novembro, dos circuitos natalinos de carro (drive-thru) no Parque Barigui e Passeio\u2026","rel":"","context":"Em &quot;Natal&quot;","block_context":{"text":"Natal","link":"https:\/\/gazetadoabranches.com\/index.php\/category\/natal\/"},"img":{"alt_text":"","src":"https:\/\/i0.wp.com\/gazetadoabranches.com\/wp-content\/uploads\/2021\/11\/Carrossel-Tangu%C3%A1.jpg?resize=350%2C200&ssl=1","width":350,"height":200,"srcset":"https:\/\/i0.wp.com\/gazetadoabranches.com\/wp-content\/uploads\/2021\/11\/Carrossel-Tangu%C3%A1.jpg?resize=350%2C200&ssl=1 1x, https:\/\/i0.wp.com\/gazetadoabranches.com\/wp-content\/uploads\/2021\/11\/Carrossel-Tangu%C3%A1.jpg?resize=525%2C300&ssl=1 1.5x, https:\/\/i0.wp.com\/gazetadoabranches.com\/wp-content\/uploads\/2021\/11\/Carrossel-Tangu%C3%A1.jpg?resize=700%2C400&ssl=1 2x"},"classes":[]},{"id":7963,"url":"https:\/\/gazetadoabranches.com\/index.php\/2021\/12\/08\/estudantes-vao-conhecer-o-carrossel-do-parque-tangua-pelo-linhas-do-conhecimento\/","url_meta":{"origin":7879,"position":1},"title":"Estudantes v\u00e3o conhecer o carrossel do Parque Tangu\u00e1 pelo Linhas do Conhecimento","author":"Gazeta do Abranches","date":"dezembro 8, 2021","format":false,"excerpt":"O carrossel veneziano do Parque Tangu\u00e1, com os cavalinhos e as \u201cx\u00edcaras malucas\u201d, ser\u00e1 o palco de atividades do programa Linhas do Conhecimento, que transforma Curitiba numa imensa sala de aula. A atra\u00e7\u00e3o natalina -\u00a0que tem patroc\u00ednio da Rede de Supermercados Muffato - receber\u00e1 mais de quinhentos estudantes de escolas\u2026","rel":"","context":"Em &quot;Natal&quot;","block_context":{"text":"Natal","link":"https:\/\/gazetadoabranches.com\/index.php\/category\/natal\/"},"img":{"alt_text":"","src":"https:\/\/i0.wp.com\/gazetadoabranches.com\/wp-content\/uploads\/2021\/12\/Carrossel-Parque-Tangu%C3%A1.jpg?resize=350%2C200&ssl=1","width":350,"height":200,"srcset":"https:\/\/i0.wp.com\/gazetadoabranches.com\/wp-content\/uploads\/2021\/12\/Carrossel-Parque-Tangu%C3%A1.jpg?resize=350%2C200&ssl=1 1x, https:\/\/i0.wp.com\/gazetadoabranches.com\/wp-content\/uploads\/2021\/12\/Carrossel-Parque-Tangu%C3%A1.jpg?resize=525%2C300&ssl=1 1.5x, https:\/\/i0.wp.com\/gazetadoabranches.com\/wp-content\/uploads\/2021\/12\/Carrossel-Parque-Tangu%C3%A1.jpg?resize=700%2C400&ssl=1 2x"},"classes":[]},{"id":10142,"url":"https:\/\/gazetadoabranches.com\/index.php\/2025\/10\/29\/parques-e-pracas-sao-preparados-para-receber-a-montagem-dos-espetaculos-no-natal-de-curitiba-2025\/","url_meta":{"origin":7879,"position":2},"title":"Parques e pra\u00e7as s\u00e3o preparados para receber a montagem dos espet\u00e1culos no Natal de Curitiba 2025","author":"Gazeta do Abranches","date":"outubro 29, 2025","format":false,"excerpt":"Foto: Isabella Mayer\/SECOM Os parques e pra\u00e7as de Curitiba j\u00e1 est\u00e3o sendo preparados para a montagem das estruturas da programa\u00e7\u00e3o do Natal de Curitiba 2025, o maior do Brasil. Nesta ter\u00e7a-feira (28\/10), come\u00e7aram as limpezas do belvedere do Parque Tangu\u00e1, no Tabo\u00e3o, das cal\u00e7adas de petit-pav\u00e9 da Pra\u00e7a Santos Andrade\u2026","rel":"","context":"Em &quot;Bairros&quot;","block_context":{"text":"Bairros","link":"https:\/\/gazetadoabranches.com\/index.php\/category\/bairros\/"},"img":{"alt_text":"Equipes contratadas pela Secretaria Municipal do Meio Ambiente fazem a limpeza e a pintura do belvedere do Parque Tangu\u00e1. Curitiba, 28\/10\/2025. Foto: Isabella Mayer\/SECOM","src":"https:\/\/i0.wp.com\/gazetadoabranches.com\/wp-content\/uploads\/2025\/10\/00525097.png?resize=350%2C200&ssl=1","width":350,"height":200,"srcset":"https:\/\/i0.wp.com\/gazetadoabranches.com\/wp-content\/uploads\/2025\/10\/00525097.png?resize=350%2C200&ssl=1 1x, https:\/\/i0.wp.com\/gazetadoabranches.com\/wp-content\/uploads\/2025\/10\/00525097.png?resize=525%2C300&ssl=1 1.5x, https:\/\/i0.wp.com\/gazetadoabranches.com\/wp-content\/uploads\/2025\/10\/00525097.png?resize=700%2C400&ssl=1 2x"},"classes":[]},{"id":8700,"url":"https:\/\/gazetadoabranches.com\/index.php\/2022\/12\/21\/luzes-cores-e-emocao-marcam-estreia-do-oratorio-de-natal-do-tangua-que-pode-ser-visto-ate-sexta\/","url_meta":{"origin":7879,"position":3},"title":"Luzes, cores e emo\u00e7\u00e3o marcam estreia do Orat\u00f3rio de Natal do Tangu\u00e1, que pode ser visto at\u00e9 sexta","author":"Gazeta do Abranches","date":"dezembro 21, 2022","format":false,"excerpt":"Conhecido como local privilegiado para curtir o p\u00f4r do sol, o Parque Tangu\u00e1 foi, na noite fria e com garoa de ter\u00e7a-feira (20\/12), palco especial para a estreia do Orat\u00f3rio de Natal do Tangu\u00e1, uma superprodu\u00e7\u00e3o que narra com muita emo\u00e7\u00e3o e beleza o nascimento do menino Jesus. O espet\u00e1culo\u2026","rel":"","context":"Em &quot;Natal&quot;","block_context":{"text":"Natal","link":"https:\/\/gazetadoabranches.com\/index.php\/category\/natal\/"},"img":{"alt_text":"","src":"https:\/\/i0.wp.com\/gazetadoabranches.com\/wp-content\/uploads\/2022\/12\/Natal-Tangua-2022.jpg?resize=350%2C200&ssl=1","width":350,"height":200,"srcset":"https:\/\/i0.wp.com\/gazetadoabranches.com\/wp-content\/uploads\/2022\/12\/Natal-Tangua-2022.jpg?resize=350%2C200&ssl=1 1x, https:\/\/i0.wp.com\/gazetadoabranches.com\/wp-content\/uploads\/2022\/12\/Natal-Tangua-2022.jpg?resize=525%2C300&ssl=1 1.5x, https:\/\/i0.wp.com\/gazetadoabranches.com\/wp-content\/uploads\/2022\/12\/Natal-Tangua-2022.jpg?resize=700%2C400&ssl=1 2x"},"classes":[]},{"id":10238,"url":"https:\/\/gazetadoabranches.com\/index.php\/2025\/12\/15\/a-espera-acabou-superproducoes-do-disney-celebra-um-natal-inesquecivel-e-do-parque-tangua-estreiam-nesta-semana\/","url_meta":{"origin":7879,"position":4},"title":"A espera acabou: superprodu\u00e7\u00f5es do Disney Celebra: Um Natal Inesquec\u00edvel e do Parque Tangu\u00e1 estreiam nesta semana","author":"Gazeta do Abranches","date":"dezembro 15, 2025","format":false,"excerpt":"\u00a0Foto: Ricardo Maraj\u00f3\/SECOM (arquivo) Uma das semanas mais aguardadas do Natal de Curitiba 2025 est\u00e1 prestes a ter in\u00edcio. Com ingressos esgotados come\u00e7am os shows ao vivo do Disney Celebra: Um Natal Inesquec\u00edvel, que ocorre pela primeira vez no Brasil. Outra superprodu\u00e7\u00e3o que estreia \u00e9 o espet\u00e1culo Hist\u00f3ria da Natividade,\u2026","rel":"","context":"Em &quot;Bairros&quot;","block_context":{"text":"Bairros","link":"https:\/\/gazetadoabranches.com\/index.php\/category\/bairros\/"},"img":{"alt_text":"16\/12 - estreia do show ao vivo do Disney Celebra: Um Natal Inesquec\u00edvel. Foto: Divulga\u00e7\u00e3o","src":"https:\/\/i0.wp.com\/gazetadoabranches.com\/wp-content\/uploads\/2025\/12\/00536020.png?resize=350%2C200&ssl=1","width":350,"height":200,"srcset":"https:\/\/i0.wp.com\/gazetadoabranches.com\/wp-content\/uploads\/2025\/12\/00536020.png?resize=350%2C200&ssl=1 1x, https:\/\/i0.wp.com\/gazetadoabranches.com\/wp-content\/uploads\/2025\/12\/00536020.png?resize=525%2C300&ssl=1 1.5x, https:\/\/i0.wp.com\/gazetadoabranches.com\/wp-content\/uploads\/2025\/12\/00536020.png?resize=700%2C400&ssl=1 2x"},"classes":[]},{"id":7890,"url":"https:\/\/gazetadoabranches.com\/index.php\/2021\/11\/18\/ruas-de-acesso-ao-parque-tangua-ganham-asfalto-novo\/","url_meta":{"origin":7879,"position":5},"title":"Ruas de acesso ao Parque Tangu\u00e1 ganham asfalto novo","author":"Gazeta do Abranches","date":"novembro 18, 2021","format":false,"excerpt":"Tr\u00eas ruas do Pilarzinho que d\u00e3o acesso ao Parque Tangu\u00e1 est\u00e3o sendo requalificadas pela Prefeitura de Curitiba. O prefeito Rafael Greca acompanhou, nesta quarta-feira (17\/11), o in\u00edcio das obras de reciclagem do pavimento da Rua Margarida de Conto\u00a0Gava, que vai ganhar asfalto novo no trecho de 478 metros entre a\u2026","rel":"","context":"Em &quot;Bairros&quot;","block_context":{"text":"Bairros","link":"https:\/\/gazetadoabranches.com\/index.php\/category\/bairros\/"},"img":{"alt_text":"","src":"https:\/\/i0.wp.com\/gazetadoabranches.com\/wp-content\/uploads\/2021\/11\/Ruas-pq-Tangua.jpg?resize=350%2C200&ssl=1","width":350,"height":200,"srcset":"https:\/\/i0.wp.com\/gazetadoabranches.com\/wp-content\/uploads\/2021\/11\/Ruas-pq-Tangua.jpg?resize=350%2C200&ssl=1 1x, https:\/\/i0.wp.com\/gazetadoabranches.com\/wp-content\/uploads\/2021\/11\/Ruas-pq-Tangua.jpg?resize=525%2C300&ssl=1 1.5x, https:\/\/i0.wp.com\/gazetadoabranches.com\/wp-content\/uploads\/2021\/11\/Ruas-pq-Tangua.jpg?resize=700%2C400&ssl=1 2x"},"classes":[]}],"jetpack_likes_enabled":true,"jetpack_sharing_enabled":true,"_links":{"self":[{"href":"https:\/\/gazetadoabranches.com\/index.php\/wp-json\/wp\/v2\/posts\/7879","targetHints":{"allow":["GET"]}}],"collection":[{"href":"https:\/\/gazetadoabranches.com\/index.php\/wp-json\/wp\/v2\/posts"}],"about":[{"href":"https:\/\/gazetadoabranches.com\/index.php\/wp-json\/wp\/v2\/types\/post"}],"author":[{"embeddable":true,"href":"https:\/\/gazetadoabranches.com\/index.php\/wp-json\/wp\/v2\/users\/1"}],"replies":[{"embeddable":true,"href":"https:\/\/gazetadoabranches.com\/index.php\/wp-json\/wp\/v2\/comments?post=7879"}],"version-history":[{"count":1,"href":"https:\/\/gazetadoabranches.com\/index.php\/wp-json\/wp\/v2\/posts\/7879\/revisions"}],"predecessor-version":[{"id":7882,"href":"https:\/\/gazetadoabranches.com\/index.php\/wp-json\/wp\/v2\/posts\/7879\/revisions\/7882"}],"wp:featuredmedia":[{"embeddable":true,"href":"https:\/\/gazetadoabranches.com\/index.php\/wp-json\/wp\/v2\/media\/7880"}],"wp:attachment":[{"href":"https:\/\/gazetadoabranches.com\/index.php\/wp-json\/wp\/v2\/media?parent=7879"}],"wp:term":[{"taxonomy":"category","embeddable":true,"href":"https:\/\/gazetadoabranches.com\/index.php\/wp-json\/wp\/v2\/categories?post=7879"},{"taxonomy":"post_tag","embeddable":true,"href":"https:\/\/gazetadoabranches.com\/index.php\/wp-json\/wp\/v2\/tags?post=7879"}],"curies":[{"name":"wp","href":"https:\/\/api.w.org\/{rel}","templated":true}]}}