{"id":7926,"date":"2021-12-07T12:55:02","date_gmt":"2021-12-07T15:55:02","guid":{"rendered":"https:\/\/gazetadoabranches.com\/?p=7926"},"modified":"2021-12-07T12:57:51","modified_gmt":"2021-12-07T15:57:51","slug":"em-2-anos-rede-de-supermercados-de-curitiba-doa-mais-de-28-toneladas-de-alimentos-a-ong-que-assiste-familias-carentes","status":"publish","type":"post","link":"https:\/\/gazetadoabranches.com\/index.php\/2021\/12\/07\/em-2-anos-rede-de-supermercados-de-curitiba-doa-mais-de-28-toneladas-de-alimentos-a-ong-que-assiste-familias-carentes\/","title":{"rendered":"Em 2 anos, rede de supermercados Triunfo de Curitiba doa mais de 28 toneladas de alimentos \u00e0 ONG que assiste fam\u00edlias carentes"},"content":{"rendered":"<figure id=\"attachment_7927\" aria-describedby=\"caption-attachment-7927\" style=\"width: 640px\" class=\"wp-caption aligncenter\"><img loading=\"lazy\" decoding=\"async\" class=\"size-large wp-image-7927\" src=\"https:\/\/gazetadoabranches.com\/wp-content\/uploads\/2021\/12\/Triunfo-1024x768.jpg\" alt=\"\" width=\"640\" height=\"480\" srcset=\"https:\/\/gazetadoabranches.com\/wp-content\/uploads\/2021\/12\/Triunfo-1024x768.jpg 1024w, https:\/\/gazetadoabranches.com\/wp-content\/uploads\/2021\/12\/Triunfo-300x225.jpg 300w, https:\/\/gazetadoabranches.com\/wp-content\/uploads\/2021\/12\/Triunfo-768x576.jpg 768w, https:\/\/gazetadoabranches.com\/wp-content\/uploads\/2021\/12\/Triunfo.jpg 1155w\" sizes=\"auto, (max-width: 640px) 100vw, 640px\" \/><figcaption id=\"caption-attachment-7927\" class=\"wp-caption-text\">Foto divulga\u00e7\u00e3o<\/figcaption><\/figure>\n<p><strong>Alimentos doados pelo Triunfo Supermercados beneficiaram centenas de fam\u00edlias do bairro Pilarzinho e do munic\u00edpio de Almirante Tamandar\u00e9<\/strong><\/p>\n<p><strong>&nbsp;<\/strong><\/p>\n<p>&nbsp;&nbsp;&nbsp;&nbsp;&nbsp;&nbsp;&nbsp;&nbsp;&nbsp;&nbsp;&nbsp; Durante o dif\u00edcil per\u00edodo da pandemia do Coronav\u00edrus, em que muitas pessoas perderam seus empregos e sua renda, uma atitude de uma rede de supermercados de Curitiba ajudou a tirar centenas de fam\u00edlias da fome. Entre 2020 e 2021, o Triunfo Supermercados doou mais de 28 toneladas de alimentos, entre verduras, frutas e legumes, \u00e0 ONG Martas e Marias, ligada \u00e0 Igreja do Evangelho Quadrangular do bairro Pilarzinho.&nbsp; A ONG, por sua vez, usou os donativos para produ\u00e7\u00e3o de sopas \u00e0s fam\u00edlias carentes da regi\u00e3o e tamb\u00e9m distribuiu os alimentos para as pessoas levaram para casa.<\/p>\n<p>A propriet\u00e1ria do Triunfo, Angela Peters, explicou que os alimentos doados s\u00e3o de boa qualidade, pr\u00f3prios para o consumo, mas que n\u00e3o estavam \u201cesteticamente\u201d bonitos para ficar na \u00e1rea de venda. \u201cEram alimentos bons para serem consumidos, n\u00e3o tinha nada estragado, apenas alguns machucadinhos e por isso n\u00e3o colocamos nas prateleiras. Ao inv\u00e9s de jogar no lixo, decidimos procurar uma entidade s\u00e9ria para fazer a doa\u00e7\u00e3o\u201d, comenta a empres\u00e1ria, satisfeita com o resultado obtido \u201cN\u00f3s ficamos felizes porque o que iria para o lixo, pelo menos est\u00e1 alimentando pessoas que mais precisam, principalmente nessa \u00e9poca dif\u00edcil de pandemia, em que muitas pessoas ficaram sem emprego e passando por s\u00e9rias dificuldades\u201d, afirma Angela.<\/p>\n<p>Uma das respons\u00e1veis pelo trabalho social da ONG, Rosana Briski da Silva, disse que os alimentos arrecadados fizeram a diferen\u00e7a na vida de muitas fam\u00edlias durante a pandemia. \u201cAo mesmo tempo que v\u00edamos com tristeza tantas pessoas passando necessidades, m\u00e3es com dois, tr\u00eas filhos, nos sentimos satisfeitos em diminuir um pouco do sofrimento dessas fam\u00edlias proporcionando o b\u00e1sico, que \u00e9 se alimentar. Iniciamos doando alimentos todos os dias, depois tr\u00eas vezes por semana. A m\u00e9dia de entrega por dia era de 30 a 40 pessoas, 2 sacolas para cada, al\u00e9m da sopa que serv\u00edamos. Iniciamos o atendimento a moradores do Pilarzinho e regi\u00e3o, e hoje j\u00e1 estendemos o trabalho at\u00e9 Almirante Tamandar\u00e9\u201d, relata.&nbsp;&nbsp;&nbsp; &nbsp;<\/p>\n<p>Rosana conta que quando teve a ideia da campanha, procurou v\u00e1rios estabelecimentos comerciais, mercados, alguns chegaram a colaborar com cestas b\u00e1sicas, mas em menor propor\u00e7\u00e3o. \u201cQuando procuramos o Triunfo, a receptividade foi a melhor poss\u00edvel. Nunca fomos at\u00e9 l\u00e1 e voltamos de m\u00e3os vazias. Pelo contr\u00e1rio, volt\u00e1vamos sempre com o carro cheio de alimentos. Foi uma atitude muito bonita, que deixou uma marca na vida dessas pessoas, em um momento de dificuldade extrema\u201d, afirma.&nbsp;&nbsp;&nbsp;&nbsp;<\/p>\n","protected":false},"excerpt":{"rendered":"<p>Alimentos doados pelo Triunfo Supermercados beneficiaram centenas de fam\u00edlias do bairro Pilarzinho e do munic\u00edpio de Almirante Tamandar\u00e9 &nbsp; &nbsp;&nbsp;&nbsp;&nbsp;&nbsp;&nbsp;&nbsp;&nbsp;&nbsp;&nbsp;&nbsp; Durante o dif\u00edcil per\u00edodo da pandemia do Coronav\u00edrus, em que muitas pessoas perderam seus empregos e sua renda, uma atitude de uma rede de supermercados de Curitiba ajudou a tirar [&hellip;]<\/p>\n","protected":false},"author":1,"featured_media":7927,"comment_status":"open","ping_status":"open","sticky":false,"template":"","format":"standard","meta":{"ngg_post_thumbnail":0,"jetpack_post_was_ever_published":false,"amp_status":"","_jetpack_newsletter_access":"","_jetpack_dont_email_post_to_subs":false,"_jetpack_newsletter_tier_id":0,"_jetpack_memberships_contains_paywalled_content":false,"_jetpack_memberships_contains_paid_content":false,"footnotes":""},"categories":[5],"tags":[],"class_list":["post-7926","post","type-post","status-publish","format-standard","has-post-thumbnail","hentry","category-bairros"],"aioseo_notices":[],"jetpack_featured_media_url":"https:\/\/gazetadoabranches.com\/wp-content\/uploads\/2021\/12\/Triunfo.jpg","jetpack-related-posts":[{"id":8584,"url":"https:\/\/gazetadoabranches.com\/index.php\/2022\/11\/14\/pilarzinho-comemora-o-151o-aniversario-da-imigracao-polonesa-no-parana\/","url_meta":{"origin":7926,"position":0},"title":"PILARZINHO COMEMOROU O 151\u00ba ANIVERS\u00c1RIO DA IMIGRA\u00c7\u00c3O POLONESA NO PARAN\u00c1","author":"Gazeta do Abranches","date":"novembro 14, 2022","format":false,"excerpt":"O N\u00facleo BRASPOL do Pilarzinho organizou, no \u00faltimo dia 30 de setembro, uma importante comemora\u00e7\u00e3o dos 151 anos do in\u00edcio da imigra\u00e7\u00e3o polonesa no Paran\u00e1, a qual teve seu marco inicial na antiga Col\u00f4nia Pilarzinho, reunindo em torno da etnia polaca os v\u00e1rios segmentos \u00e9tnicos que contribu\u00edram com o pujante\u2026","rel":"","context":"Em &quot;Cultura&quot;","block_context":{"text":"Cultura","link":"https:\/\/gazetadoabranches.com\/index.php\/category\/cultura\/"},"img":{"alt_text":"","src":"https:\/\/i0.wp.com\/gazetadoabranches.com\/wp-content\/uploads\/2022\/11\/Prociss%C3%A3o-de-entrada-com-o-%C3%ADcone-de-Nossa-Senhora-de-Czestochowa-e-bandeiras-scaled.jpg?resize=350%2C200&ssl=1","width":350,"height":200,"srcset":"https:\/\/i0.wp.com\/gazetadoabranches.com\/wp-content\/uploads\/2022\/11\/Prociss%C3%A3o-de-entrada-com-o-%C3%ADcone-de-Nossa-Senhora-de-Czestochowa-e-bandeiras-scaled.jpg?resize=350%2C200&ssl=1 1x, https:\/\/i0.wp.com\/gazetadoabranches.com\/wp-content\/uploads\/2022\/11\/Prociss%C3%A3o-de-entrada-com-o-%C3%ADcone-de-Nossa-Senhora-de-Czestochowa-e-bandeiras-scaled.jpg?resize=525%2C300&ssl=1 1.5x, https:\/\/i0.wp.com\/gazetadoabranches.com\/wp-content\/uploads\/2022\/11\/Prociss%C3%A3o-de-entrada-com-o-%C3%ADcone-de-Nossa-Senhora-de-Czestochowa-e-bandeiras-scaled.jpg?resize=700%2C400&ssl=1 2x, https:\/\/i0.wp.com\/gazetadoabranches.com\/wp-content\/uploads\/2022\/11\/Prociss%C3%A3o-de-entrada-com-o-%C3%ADcone-de-Nossa-Senhora-de-Czestochowa-e-bandeiras-scaled.jpg?resize=1050%2C600&ssl=1 3x, https:\/\/i0.wp.com\/gazetadoabranches.com\/wp-content\/uploads\/2022\/11\/Prociss%C3%A3o-de-entrada-com-o-%C3%ADcone-de-Nossa-Senhora-de-Czestochowa-e-bandeiras-scaled.jpg?resize=1400%2C800&ssl=1 4x"},"classes":[]},{"id":7774,"url":"https:\/\/gazetadoabranches.com\/index.php\/2021\/10\/02\/comunidade-polonesa-comemora-os-150-anos-da-imigracao-no-parana\/","url_meta":{"origin":7926,"position":1},"title":"Comunidade Polonesa comemora os 150 anos da Imigra\u00e7\u00e3o no Paran\u00e1","author":"Gazeta do Abranches","date":"outubro 2, 2021","format":false,"excerpt":"Neste \u00faltimo dia 30 de setembro, tivemos o in\u00edcio das comemora\u00e7\u00f5es dos 150 anos da Imigra\u00e7\u00e3o Polonesa no Paran\u00e1. A programa\u00e7\u00e3o deste dia festivo foi a seguinte: -15:00hs \u2013 Lan\u00e7amento do Selo comemorativo aos 150 anos da Imigra\u00e7\u00e3o Polonesa no Paran\u00e1. No Memorial de Curitiba. - 18:30hs \u2013 Descerramento de\u2026","rel":"","context":"Em &quot;Hist\u00f3ria&quot;","block_context":{"text":"Hist\u00f3ria","link":"https:\/\/gazetadoabranches.com\/index.php\/category\/historia\/"},"img":{"alt_text":"","src":"https:\/\/i0.wp.com\/gazetadoabranches.com\/wp-content\/uploads\/2021\/10\/poloneses.jpg?resize=350%2C200&ssl=1","width":350,"height":200,"srcset":"https:\/\/i0.wp.com\/gazetadoabranches.com\/wp-content\/uploads\/2021\/10\/poloneses.jpg?resize=350%2C200&ssl=1 1x, https:\/\/i0.wp.com\/gazetadoabranches.com\/wp-content\/uploads\/2021\/10\/poloneses.jpg?resize=525%2C300&ssl=1 1.5x, https:\/\/i0.wp.com\/gazetadoabranches.com\/wp-content\/uploads\/2021\/10\/poloneses.jpg?resize=700%2C400&ssl=1 2x, https:\/\/i0.wp.com\/gazetadoabranches.com\/wp-content\/uploads\/2021\/10\/poloneses.jpg?resize=1050%2C600&ssl=1 3x"},"classes":[]},{"id":8184,"url":"https:\/\/gazetadoabranches.com\/index.php\/2022\/04\/04\/academicos-de-medicina-conhecem-um-pouco-mais-sobre-o-pilarzinho\/","url_meta":{"origin":7926,"position":2},"title":"ACAD\u00caMICOS DE MEDICINA CONHECEM UM POUCO MAIS SOBRE O PILARZINHO","author":"Gazeta do Abranches","date":"abril 4, 2022","format":false,"excerpt":"A Unidade B\u00e1sica de Sa\u00fade do Bairro Pilarzinho est\u00e1 incrementando a integra\u00e7\u00e3o entre futuros profissionais da medicina e a comunidade atendida. Em parceria com o curso de Medicina da Faculdades Pequeno Pr\u00edncipe, est\u00e1 recebendo um grupo de acad\u00eamicos dentro do programa de proporcionar campo de est\u00e1gio a estes jovens, futuros\u2026","rel":"","context":"Em &quot;Bairros&quot;","block_context":{"text":"Bairros","link":"https:\/\/gazetadoabranches.com\/index.php\/category\/bairros\/"},"img":{"alt_text":"","src":"https:\/\/i0.wp.com\/gazetadoabranches.com\/wp-content\/uploads\/2022\/04\/WhatsApp-Image-2022-03-24-at-15.59.02-2.jpg?resize=350%2C200&ssl=1","width":350,"height":200,"srcset":"https:\/\/i0.wp.com\/gazetadoabranches.com\/wp-content\/uploads\/2022\/04\/WhatsApp-Image-2022-03-24-at-15.59.02-2.jpg?resize=350%2C200&ssl=1 1x, https:\/\/i0.wp.com\/gazetadoabranches.com\/wp-content\/uploads\/2022\/04\/WhatsApp-Image-2022-03-24-at-15.59.02-2.jpg?resize=525%2C300&ssl=1 1.5x, https:\/\/i0.wp.com\/gazetadoabranches.com\/wp-content\/uploads\/2022\/04\/WhatsApp-Image-2022-03-24-at-15.59.02-2.jpg?resize=700%2C400&ssl=1 2x, https:\/\/i0.wp.com\/gazetadoabranches.com\/wp-content\/uploads\/2022\/04\/WhatsApp-Image-2022-03-24-at-15.59.02-2.jpg?resize=1050%2C600&ssl=1 3x, https:\/\/i0.wp.com\/gazetadoabranches.com\/wp-content\/uploads\/2022\/04\/WhatsApp-Image-2022-03-24-at-15.59.02-2.jpg?resize=1400%2C800&ssl=1 4x"},"classes":[]},{"id":8672,"url":"https:\/\/gazetadoabranches.com\/index.php\/2022\/11\/25\/greca-lanca-nova-etapa-do-programa-asfalto-novo-no-pilarzinho-para-alcancar-mais-81-km-de-ruas-em-41-bairros-de-curitiba\/","url_meta":{"origin":7926,"position":3},"title":"Greca lan\u00e7a nova etapa do programa Asfalto Novo, no Pilarzinho, para alcan\u00e7ar mais 81 km de ruas em 41 bairros de Curitiba","author":"Gazeta do Abranches","date":"novembro 25, 2022","format":false,"excerpt":"Mais 160 ruas de 41 bairros das dez administra\u00e7\u00f5es regionais de Curitiba v\u00e3o receber obras de requalifica\u00e7\u00e3o. O prefeito Rafael Greca deu a largada, nesta sexta-feira (25\/11), \u00e0 nova etapa do programa de recupera\u00e7\u00e3o da malha vi\u00e1ria, que vai assegurar mais 81 km de asfalto novo a partir de 168\u2026","rel":"","context":"Em &quot;Obras&quot;","block_context":{"text":"Obras","link":"https:\/\/gazetadoabranches.com\/index.php\/category\/obras\/"},"img":{"alt_text":"","src":"https:\/\/i0.wp.com\/gazetadoabranches.com\/wp-content\/uploads\/2022\/11\/Ignacio-gbur-Pilarzinho.jpg?resize=350%2C200&ssl=1","width":350,"height":200,"srcset":"https:\/\/i0.wp.com\/gazetadoabranches.com\/wp-content\/uploads\/2022\/11\/Ignacio-gbur-Pilarzinho.jpg?resize=350%2C200&ssl=1 1x, https:\/\/i0.wp.com\/gazetadoabranches.com\/wp-content\/uploads\/2022\/11\/Ignacio-gbur-Pilarzinho.jpg?resize=525%2C300&ssl=1 1.5x, https:\/\/i0.wp.com\/gazetadoabranches.com\/wp-content\/uploads\/2022\/11\/Ignacio-gbur-Pilarzinho.jpg?resize=700%2C400&ssl=1 2x"},"classes":[]},{"id":9208,"url":"https:\/\/gazetadoabranches.com\/index.php\/2023\/12\/02\/asfalto-novo-em-ruas-na-regional-boa-vista-equivale-a-distancia-de-curitiba-a-castro\/","url_meta":{"origin":7926,"position":4},"title":"Asfalto novo em ruas na Regional Boa Vista equivale \u00e0 dist\u00e2ncia de Curitiba a Castro","author":"Gazeta do Abranches","date":"dezembro 2, 2023","format":false,"excerpt":"Nos \u00faltimos sete anos, as ruas dos bairros que formam a\u00a0Regional Boa Vista\u00a0receberam 151 km de asfalto novo. Para se ter uma ideia, a quantidade de pavimenta\u00e7\u00e3o realizada equivale \u00e0\u00a0dist\u00e2ncia entre Curitiba e a cidade de Castro, nos Campos Gerais. O benef\u00edcio para os moradores pode ser medido pelo grau\u2026","rel":"","context":"Em &quot;Prefeitura&quot;","block_context":{"text":"Prefeitura","link":"https:\/\/gazetadoabranches.com\/index.php\/category\/prefeitura\/"},"img":{"alt_text":"","src":"https:\/\/i0.wp.com\/gazetadoabranches.com\/wp-content\/uploads\/2023\/12\/Asfalto-novo-rua-Alberto-Otto.jpg?resize=350%2C200&ssl=1","width":350,"height":200,"srcset":"https:\/\/i0.wp.com\/gazetadoabranches.com\/wp-content\/uploads\/2023\/12\/Asfalto-novo-rua-Alberto-Otto.jpg?resize=350%2C200&ssl=1 1x, https:\/\/i0.wp.com\/gazetadoabranches.com\/wp-content\/uploads\/2023\/12\/Asfalto-novo-rua-Alberto-Otto.jpg?resize=525%2C300&ssl=1 1.5x, https:\/\/i0.wp.com\/gazetadoabranches.com\/wp-content\/uploads\/2023\/12\/Asfalto-novo-rua-Alberto-Otto.jpg?resize=700%2C400&ssl=1 2x"},"classes":[]},{"id":7737,"url":"https:\/\/gazetadoabranches.com\/index.php\/2021\/10\/01\/poloneses-polacos-brasileiros-150-anos-de-historia-no-pilarzinho\/","url_meta":{"origin":7926,"position":5},"title":"POLONESES, POLACOS, BRASILEIROS, 150 ANOS DE HIST\u00d3RIA NO PILARZINHO","author":"Gazeta do Abranches","date":"outubro 1, 2021","format":false,"excerpt":"No in\u00edcio dos anos 80, do s\u00e9culo XIX, 34 fam\u00edlias de poloneses, das 36 que haviam imigrado da Pol\u00f4nia, nos anos 1869, 1870 e 1871, para a regi\u00e3o da atual cidade de Brusque, Santa Catarina, mas por encontrarem problemas v\u00e1rios n\u00e3o se adaptaram e buscam sair para lugares melhores. Se\u2026","rel":"","context":"Em &quot;Hist\u00f3ria&quot;","block_context":{"text":"Hist\u00f3ria","link":"https:\/\/gazetadoabranches.com\/index.php\/category\/historia\/"},"img":{"alt_text":"","src":"https:\/\/i0.wp.com\/gazetadoabranches.com\/wp-content\/uploads\/2021\/10\/Igreja-S%C3%A3o-Marcos.jpg?resize=350%2C200&ssl=1","width":350,"height":200,"srcset":"https:\/\/i0.wp.com\/gazetadoabranches.com\/wp-content\/uploads\/2021\/10\/Igreja-S%C3%A3o-Marcos.jpg?resize=350%2C200&ssl=1 1x, https:\/\/i0.wp.com\/gazetadoabranches.com\/wp-content\/uploads\/2021\/10\/Igreja-S%C3%A3o-Marcos.jpg?resize=525%2C300&ssl=1 1.5x, https:\/\/i0.wp.com\/gazetadoabranches.com\/wp-content\/uploads\/2021\/10\/Igreja-S%C3%A3o-Marcos.jpg?resize=700%2C400&ssl=1 2x, https:\/\/i0.wp.com\/gazetadoabranches.com\/wp-content\/uploads\/2021\/10\/Igreja-S%C3%A3o-Marcos.jpg?resize=1050%2C600&ssl=1 3x"},"classes":[]}],"jetpack_likes_enabled":true,"jetpack_sharing_enabled":true,"_links":{"self":[{"href":"https:\/\/gazetadoabranches.com\/index.php\/wp-json\/wp\/v2\/posts\/7926","targetHints":{"allow":["GET"]}}],"collection":[{"href":"https:\/\/gazetadoabranches.com\/index.php\/wp-json\/wp\/v2\/posts"}],"about":[{"href":"https:\/\/gazetadoabranches.com\/index.php\/wp-json\/wp\/v2\/types\/post"}],"author":[{"embeddable":true,"href":"https:\/\/gazetadoabranches.com\/index.php\/wp-json\/wp\/v2\/users\/1"}],"replies":[{"embeddable":true,"href":"https:\/\/gazetadoabranches.com\/index.php\/wp-json\/wp\/v2\/comments?post=7926"}],"version-history":[{"count":2,"href":"https:\/\/gazetadoabranches.com\/index.php\/wp-json\/wp\/v2\/posts\/7926\/revisions"}],"predecessor-version":[{"id":7929,"href":"https:\/\/gazetadoabranches.com\/index.php\/wp-json\/wp\/v2\/posts\/7926\/revisions\/7929"}],"wp:featuredmedia":[{"embeddable":true,"href":"https:\/\/gazetadoabranches.com\/index.php\/wp-json\/wp\/v2\/media\/7927"}],"wp:attachment":[{"href":"https:\/\/gazetadoabranches.com\/index.php\/wp-json\/wp\/v2\/media?parent=7926"}],"wp:term":[{"taxonomy":"category","embeddable":true,"href":"https:\/\/gazetadoabranches.com\/index.php\/wp-json\/wp\/v2\/categories?post=7926"},{"taxonomy":"post_tag","embeddable":true,"href":"https:\/\/gazetadoabranches.com\/index.php\/wp-json\/wp\/v2\/tags?post=7926"}],"curies":[{"name":"wp","href":"https:\/\/api.w.org\/{rel}","templated":true}]}}