{"id":7963,"date":"2021-12-08T21:45:44","date_gmt":"2021-12-09T00:45:44","guid":{"rendered":"https:\/\/gazetadoabranches.com\/?p=7963"},"modified":"2021-12-08T21:45:44","modified_gmt":"2021-12-09T00:45:44","slug":"estudantes-vao-conhecer-o-carrossel-do-parque-tangua-pelo-linhas-do-conhecimento","status":"publish","type":"post","link":"https:\/\/gazetadoabranches.com\/index.php\/2021\/12\/08\/estudantes-vao-conhecer-o-carrossel-do-parque-tangua-pelo-linhas-do-conhecimento\/","title":{"rendered":"Estudantes v\u00e3o conhecer o carrossel do Parque Tangu\u00e1 pelo Linhas do Conhecimento"},"content":{"rendered":"<figure id=\"attachment_7964\" aria-describedby=\"caption-attachment-7964\" style=\"width: 800px\" class=\"wp-caption aligncenter\"><img loading=\"lazy\" decoding=\"async\" class=\"size-full wp-image-7964\" src=\"https:\/\/gazetadoabranches.com\/wp-content\/uploads\/2021\/12\/Carrossel-Parque-Tangu\u00e1.jpg\" alt=\"\" width=\"800\" height=\"450\" srcset=\"https:\/\/gazetadoabranches.com\/wp-content\/uploads\/2021\/12\/Carrossel-Parque-Tangu\u00e1.jpg 800w, https:\/\/gazetadoabranches.com\/wp-content\/uploads\/2021\/12\/Carrossel-Parque-Tangu\u00e1-300x169.jpg 300w, https:\/\/gazetadoabranches.com\/wp-content\/uploads\/2021\/12\/Carrossel-Parque-Tangu\u00e1-768x432.jpg 768w\" sizes=\"auto, (max-width: 800px) 100vw, 800px\" \/><figcaption id=\"caption-attachment-7964\" class=\"wp-caption-text\">Estudantes v\u00e3o conhecer o carrossel do Parque Tangu\u00e1 pelo Linhas do Conhecimento. Curitiba, 17\/11\/2021 &#8211; Foto: Daniel Castellano \/ SMCS<\/figcaption><\/figure>\n<p>O carrossel veneziano do Parque Tangu\u00e1, com os cavalinhos e as \u201cx\u00edcaras malucas\u201d, ser\u00e1 o palco de atividades do programa Linhas do Conhecimento, que transforma Curitiba numa imensa sala de aula.<\/p>\n<p>A atra\u00e7\u00e3o natalina &#8211;&nbsp;que tem patroc\u00ednio da Rede de Supermercados Muffato &#8211; receber\u00e1 mais de quinhentos estudantes de escolas municipais nos dias 14, 15 e 16\/12, no per\u00edodo da tarde.<\/p>\n<p>Para os visitantes, o brinquedo ficar\u00e1 aberto ao p\u00fablico at\u00e9 9 de janeiro.<\/p>\n<p>O Linhas j\u00e1 levou os curitibinhas para o Caminho de Luz Loterias Caixa, no Parque N\u00e1utico; e para o Caminho de Luz Copel Telecom, no Barigui.<\/p>\n<p>A proposta pedag\u00f3gica \u201cLinhas da Gratid\u00e3o\u201d tem como objetivo proporcionar \u00e0s crian\u00e7as, estudantes e professores da rede municipal de ensino momentos de reflex\u00e3o sobre as boas pr\u00e1ticas que despertam a gratid\u00e3o, principalmente nesta \u00e9poca do ano, valorizando gestos de solidariedade e uni\u00e3o.<\/p>\n<p>O Linhas do Conhecimento, criado em 2017,&nbsp;transforma Curitiba em uma enorme sala de aula, com&nbsp;aulas de campo e propostas l\u00fadicas e culturais em parques, museus, Far\u00f3is do Saber, entre outros espa\u00e7os da cidade.<\/p>\n<p><a href=\"https:\/\/educacao.curitiba.pr.gov.br\/conteudo\/linhas-da-gratidao\/12081\">Saiba mais na p\u00e1gina do programa<\/a>.<\/p>\n<p>CONFIRA A PROGRAMA\u00c7\u00c3O COMPLETA NO SITE&nbsp;https:\/\/natal.curitiba.pr.gov.br\/. A programa\u00e7\u00e3o est\u00e1 sujeita a altera\u00e7\u00f5es.<\/p>\n<p><em>A Prefeitura promove o Natal de Curitiba \u2013 Luz dos Pinhais 2021 com o patroc\u00ednio das empresas O Botic\u00e1rio, Ademicon, Volvo, Muffato, Electrolux, Condor, Festval, &nbsp;Cons\u00f3rcio Servopa, Ebanx, Copel Telecom e ParkShoppingBarig\u00fci.o come\u00e7a no dia 18 de novembro e a decora\u00e7\u00e3o poder\u00e1 ser vista at\u00e9 9 de janeiro.<\/em><\/p>\n","protected":false},"excerpt":{"rendered":"<p>O carrossel veneziano do Parque Tangu\u00e1, com os cavalinhos e as \u201cx\u00edcaras malucas\u201d, ser\u00e1 o palco de atividades do programa Linhas do Conhecimento, que transforma Curitiba numa imensa sala de aula. A atra\u00e7\u00e3o natalina &#8211;&nbsp;que tem patroc\u00ednio da Rede de Supermercados Muffato &#8211; receber\u00e1 mais de quinhentos estudantes de escolas [&hellip;]<\/p>\n","protected":false},"author":1,"featured_media":7964,"comment_status":"open","ping_status":"open","sticky":false,"template":"","format":"standard","meta":{"ngg_post_thumbnail":0,"jetpack_post_was_ever_published":false,"amp_status":"","_jetpack_newsletter_access":"","_jetpack_dont_email_post_to_subs":false,"_jetpack_newsletter_tier_id":0,"_jetpack_memberships_contains_paywalled_content":false,"_jetpack_memberships_contains_paid_content":false,"footnotes":""},"categories":[103],"tags":[],"class_list":["post-7963","post","type-post","status-publish","format-standard","has-post-thumbnail","hentry","category-natal"],"aioseo_notices":[],"jetpack_featured_media_url":"https:\/\/gazetadoabranches.com\/wp-content\/uploads\/2021\/12\/Carrossel-Parque-Tangu\u00e1.jpg","jetpack-related-posts":[{"id":7879,"url":"https:\/\/gazetadoabranches.com\/index.php\/2021\/11\/15\/carrossel-deste-ano-sera-no-parque-tangua-com-estreia-no-dia-26-de-novembro\/","url_meta":{"origin":7963,"position":0},"title":"Carrossel deste ano ser\u00e1 no Parque Tangu\u00e1, com estreia no dia 26 de novembro","author":"Gazeta do Abranches","date":"novembro 15, 2021","format":false,"excerpt":"Os tradicionais cavalinhos e as \"x\u00edcaras malucas\" do carrossel veneziano voltam a ser atra\u00e7\u00f5es do Natal de Curitiba \u2013 Luz dos Pinhais 2021, desta vez no Parque Tangu\u00e1 (bairro Tabo\u00e3o). Nost\u00e1lgica e inclusiva, a atra\u00e7\u00e3o ter\u00e1 patroc\u00ednio da Rede de Supermercados Muffato e vai estrear no dia 26 de novembro.\u2026","rel":"","context":"Em &quot;Natal&quot;","block_context":{"text":"Natal","link":"https:\/\/gazetadoabranches.com\/index.php\/category\/natal\/"},"img":{"alt_text":"","src":"https:\/\/i0.wp.com\/gazetadoabranches.com\/wp-content\/uploads\/2021\/11\/Natal-Tangua1.jpg?resize=350%2C200&ssl=1","width":350,"height":200,"srcset":"https:\/\/i0.wp.com\/gazetadoabranches.com\/wp-content\/uploads\/2021\/11\/Natal-Tangua1.jpg?resize=350%2C200&ssl=1 1x, https:\/\/i0.wp.com\/gazetadoabranches.com\/wp-content\/uploads\/2021\/11\/Natal-Tangua1.jpg?resize=525%2C300&ssl=1 1.5x, https:\/\/i0.wp.com\/gazetadoabranches.com\/wp-content\/uploads\/2021\/11\/Natal-Tangua1.jpg?resize=700%2C400&ssl=1 2x"},"classes":[]},{"id":7893,"url":"https:\/\/gazetadoabranches.com\/index.php\/2021\/11\/22\/de-natal-na-xv-a-carrossel-no-tangua-as-estreias-da-semana-na-temporada\/","url_meta":{"origin":7963,"position":1},"title":"De Natal na XV a carrossel no Tangu\u00e1, as estreias da semana na temporada","author":"Gazeta do Abranches","date":"novembro 22, 2021","format":false,"excerpt":"Muitas estreias nesta semana, no Natal de Curitiba - Luz dos Pinhais 2021, para que curitibanos e turistas possam se emocionar e viver a cidade como nunca antes. Na programa\u00e7\u00e3o, as aberturas da decora\u00e7\u00e3o na Rua XV de Novembro, dos circuitos natalinos de carro (drive-thru) no Parque Barigui e Passeio\u2026","rel":"","context":"Em &quot;Natal&quot;","block_context":{"text":"Natal","link":"https:\/\/gazetadoabranches.com\/index.php\/category\/natal\/"},"img":{"alt_text":"","src":"https:\/\/i0.wp.com\/gazetadoabranches.com\/wp-content\/uploads\/2021\/11\/Carrossel-Tangu%C3%A1.jpg?resize=350%2C200&ssl=1","width":350,"height":200,"srcset":"https:\/\/i0.wp.com\/gazetadoabranches.com\/wp-content\/uploads\/2021\/11\/Carrossel-Tangu%C3%A1.jpg?resize=350%2C200&ssl=1 1x, https:\/\/i0.wp.com\/gazetadoabranches.com\/wp-content\/uploads\/2021\/11\/Carrossel-Tangu%C3%A1.jpg?resize=525%2C300&ssl=1 1.5x, https:\/\/i0.wp.com\/gazetadoabranches.com\/wp-content\/uploads\/2021\/11\/Carrossel-Tangu%C3%A1.jpg?resize=700%2C400&ssl=1 2x"},"classes":[]},{"id":8700,"url":"https:\/\/gazetadoabranches.com\/index.php\/2022\/12\/21\/luzes-cores-e-emocao-marcam-estreia-do-oratorio-de-natal-do-tangua-que-pode-ser-visto-ate-sexta\/","url_meta":{"origin":7963,"position":2},"title":"Luzes, cores e emo\u00e7\u00e3o marcam estreia do Orat\u00f3rio de Natal do Tangu\u00e1, que pode ser visto at\u00e9 sexta","author":"Gazeta do Abranches","date":"dezembro 21, 2022","format":false,"excerpt":"Conhecido como local privilegiado para curtir o p\u00f4r do sol, o Parque Tangu\u00e1 foi, na noite fria e com garoa de ter\u00e7a-feira (20\/12), palco especial para a estreia do Orat\u00f3rio de Natal do Tangu\u00e1, uma superprodu\u00e7\u00e3o que narra com muita emo\u00e7\u00e3o e beleza o nascimento do menino Jesus. O espet\u00e1culo\u2026","rel":"","context":"Em &quot;Natal&quot;","block_context":{"text":"Natal","link":"https:\/\/gazetadoabranches.com\/index.php\/category\/natal\/"},"img":{"alt_text":"","src":"https:\/\/i0.wp.com\/gazetadoabranches.com\/wp-content\/uploads\/2022\/12\/Natal-Tangua-2022.jpg?resize=350%2C200&ssl=1","width":350,"height":200,"srcset":"https:\/\/i0.wp.com\/gazetadoabranches.com\/wp-content\/uploads\/2022\/12\/Natal-Tangua-2022.jpg?resize=350%2C200&ssl=1 1x, https:\/\/i0.wp.com\/gazetadoabranches.com\/wp-content\/uploads\/2022\/12\/Natal-Tangua-2022.jpg?resize=525%2C300&ssl=1 1.5x, https:\/\/i0.wp.com\/gazetadoabranches.com\/wp-content\/uploads\/2022\/12\/Natal-Tangua-2022.jpg?resize=700%2C400&ssl=1 2x"},"classes":[]},{"id":10142,"url":"https:\/\/gazetadoabranches.com\/index.php\/2025\/10\/29\/parques-e-pracas-sao-preparados-para-receber-a-montagem-dos-espetaculos-no-natal-de-curitiba-2025\/","url_meta":{"origin":7963,"position":3},"title":"Parques e pra\u00e7as s\u00e3o preparados para receber a montagem dos espet\u00e1culos no Natal de Curitiba 2025","author":"Gazeta do Abranches","date":"outubro 29, 2025","format":false,"excerpt":"Foto: Isabella Mayer\/SECOM Os parques e pra\u00e7as de Curitiba j\u00e1 est\u00e3o sendo preparados para a montagem das estruturas da programa\u00e7\u00e3o do Natal de Curitiba 2025, o maior do Brasil. Nesta ter\u00e7a-feira (28\/10), come\u00e7aram as limpezas do belvedere do Parque Tangu\u00e1, no Tabo\u00e3o, das cal\u00e7adas de petit-pav\u00e9 da Pra\u00e7a Santos Andrade\u2026","rel":"","context":"Em &quot;Bairros&quot;","block_context":{"text":"Bairros","link":"https:\/\/gazetadoabranches.com\/index.php\/category\/bairros\/"},"img":{"alt_text":"Equipes contratadas pela Secretaria Municipal do Meio Ambiente fazem a limpeza e a pintura do belvedere do Parque Tangu\u00e1. Curitiba, 28\/10\/2025. Foto: Isabella Mayer\/SECOM","src":"https:\/\/i0.wp.com\/gazetadoabranches.com\/wp-content\/uploads\/2025\/10\/00525097.png?resize=350%2C200&ssl=1","width":350,"height":200,"srcset":"https:\/\/i0.wp.com\/gazetadoabranches.com\/wp-content\/uploads\/2025\/10\/00525097.png?resize=350%2C200&ssl=1 1x, https:\/\/i0.wp.com\/gazetadoabranches.com\/wp-content\/uploads\/2025\/10\/00525097.png?resize=525%2C300&ssl=1 1.5x, https:\/\/i0.wp.com\/gazetadoabranches.com\/wp-content\/uploads\/2025\/10\/00525097.png?resize=700%2C400&ssl=1 2x"},"classes":[]},{"id":8841,"url":"https:\/\/gazetadoabranches.com\/index.php\/2023\/03\/28\/inauguracao-da-piramide-solar-do-caximba-e-a-grande-atracao-da-programacao-dos-330-anos-de-curitiba\/","url_meta":{"origin":7963,"position":4},"title":"Inaugura\u00e7\u00e3o da Pir\u00e2mide Solar do Caximba \u00e9 a grande atra\u00e7\u00e3o da programa\u00e7\u00e3o dos 330 anos de Curitiba","author":"Gazeta do Abranches","date":"mar\u00e7o 28, 2023","format":false,"excerpt":"A programa\u00e7\u00e3o das comemora\u00e7\u00f5es dos 330 anos de Curitiba chega ao auge na semana do anivers\u00e1rio da capital, a partir desta segunda-feira (27\/3). O ponto alto ser\u00e1 a inaugura\u00e7\u00e3o da Pir\u00e2mide Solar do Caximba, no dia 29\/3. Os cerca de 8,6 mil pain\u00e9is ser\u00e3o respons\u00e1veis pela capta\u00e7\u00e3o da radia\u00e7\u00e3o solar\u2026","rel":"","context":"Em &quot;Prefeitura&quot;","block_context":{"text":"Prefeitura","link":"https:\/\/gazetadoabranches.com\/index.php\/category\/prefeitura\/"},"img":{"alt_text":"","src":"https:\/\/i0.wp.com\/gazetadoabranches.com\/wp-content\/uploads\/2023\/03\/Piramide-Solar.jpg?resize=350%2C200&ssl=1","width":350,"height":200,"srcset":"https:\/\/i0.wp.com\/gazetadoabranches.com\/wp-content\/uploads\/2023\/03\/Piramide-Solar.jpg?resize=350%2C200&ssl=1 1x, https:\/\/i0.wp.com\/gazetadoabranches.com\/wp-content\/uploads\/2023\/03\/Piramide-Solar.jpg?resize=525%2C300&ssl=1 1.5x, https:\/\/i0.wp.com\/gazetadoabranches.com\/wp-content\/uploads\/2023\/03\/Piramide-Solar.jpg?resize=700%2C400&ssl=1 2x"},"classes":[]},{"id":7958,"url":"https:\/\/gazetadoabranches.com\/index.php\/2021\/12\/08\/decoracao-instagramavel-a-noite-e-outras-atracoes-do-natal-nesta-quinta-feira\/","url_meta":{"origin":7963,"position":5},"title":"Decora\u00e7\u00e3o &#8220;instagram\u00e1vel&#8221; \u00e0 noite e outras atra\u00e7\u00f5es do Natal nesta quinta-feira","author":"Gazeta do Abranches","date":"dezembro 8, 2021","format":false,"excerpt":"Curitiba definitivamente \u00e9 a cidade mais \u201cinstagram\u00e1vel\u201d do pa\u00eds neste fim de ano com a decora\u00e7\u00e3o c\u00eanica noturna da programa\u00e7\u00e3o do Natal de Curitiba \u2013 Luz dos Pinhais 2021. \u00c1rvores de Natal, caixas de presente gigantes, estrelas de Bel\u00e9m, guirlandas, mantos de luz, ros\u00e1ceas e contornos luminosos se espalham pelo\u2026","rel":"","context":"Em &quot;Natal&quot;","block_context":{"text":"Natal","link":"https:\/\/gazetadoabranches.com\/index.php\/category\/natal\/"},"img":{"alt_text":"","src":"https:\/\/i0.wp.com\/gazetadoabranches.com\/wp-content\/uploads\/2021\/12\/Natal-em-Curitiba.jpg?resize=350%2C200&ssl=1","width":350,"height":200,"srcset":"https:\/\/i0.wp.com\/gazetadoabranches.com\/wp-content\/uploads\/2021\/12\/Natal-em-Curitiba.jpg?resize=350%2C200&ssl=1 1x, https:\/\/i0.wp.com\/gazetadoabranches.com\/wp-content\/uploads\/2021\/12\/Natal-em-Curitiba.jpg?resize=525%2C300&ssl=1 1.5x, https:\/\/i0.wp.com\/gazetadoabranches.com\/wp-content\/uploads\/2021\/12\/Natal-em-Curitiba.jpg?resize=700%2C400&ssl=1 2x"},"classes":[]}],"jetpack_likes_enabled":true,"jetpack_sharing_enabled":true,"_links":{"self":[{"href":"https:\/\/gazetadoabranches.com\/index.php\/wp-json\/wp\/v2\/posts\/7963","targetHints":{"allow":["GET"]}}],"collection":[{"href":"https:\/\/gazetadoabranches.com\/index.php\/wp-json\/wp\/v2\/posts"}],"about":[{"href":"https:\/\/gazetadoabranches.com\/index.php\/wp-json\/wp\/v2\/types\/post"}],"author":[{"embeddable":true,"href":"https:\/\/gazetadoabranches.com\/index.php\/wp-json\/wp\/v2\/users\/1"}],"replies":[{"embeddable":true,"href":"https:\/\/gazetadoabranches.com\/index.php\/wp-json\/wp\/v2\/comments?post=7963"}],"version-history":[{"count":1,"href":"https:\/\/gazetadoabranches.com\/index.php\/wp-json\/wp\/v2\/posts\/7963\/revisions"}],"predecessor-version":[{"id":7965,"href":"https:\/\/gazetadoabranches.com\/index.php\/wp-json\/wp\/v2\/posts\/7963\/revisions\/7965"}],"wp:featuredmedia":[{"embeddable":true,"href":"https:\/\/gazetadoabranches.com\/index.php\/wp-json\/wp\/v2\/media\/7964"}],"wp:attachment":[{"href":"https:\/\/gazetadoabranches.com\/index.php\/wp-json\/wp\/v2\/media?parent=7963"}],"wp:term":[{"taxonomy":"category","embeddable":true,"href":"https:\/\/gazetadoabranches.com\/index.php\/wp-json\/wp\/v2\/categories?post=7963"},{"taxonomy":"post_tag","embeddable":true,"href":"https:\/\/gazetadoabranches.com\/index.php\/wp-json\/wp\/v2\/tags?post=7963"}],"curies":[{"name":"wp","href":"https:\/\/api.w.org\/{rel}","templated":true}]}}