{"id":8260,"date":"2022-05-05T09:35:03","date_gmt":"2022-05-05T12:35:03","guid":{"rendered":"https:\/\/gazetadoabranches.com\/?p=8260"},"modified":"2022-05-05T09:35:03","modified_gmt":"2022-05-05T12:35:03","slug":"familia-bunik-da-colonia-dona-cristina-a-pioneira-na-colonia-abranches-parte-i","status":"publish","type":"post","link":"https:\/\/gazetadoabranches.com\/index.php\/2022\/05\/05\/familia-bunik-da-colonia-dona-cristina-a-pioneira-na-colonia-abranches-parte-i\/","title":{"rendered":"FAMILIA BUNIK DA COL\u00d4NIA DONA CRISTINA A PIONEIRA NA COL\u00d4NIA ABRANCHES PARTE I"},"content":{"rendered":"<figure id=\"attachment_8261\" aria-describedby=\"caption-attachment-8261\" style=\"width: 640px\" class=\"wp-caption aligncenter\"><img loading=\"lazy\" decoding=\"async\" class=\"size-large wp-image-8261\" src=\"https:\/\/gazetadoabranches.com\/wp-content\/uploads\/2022\/05\/Fam\u00edlia-do-casal-Mariza-e-Paulo-filhas-e-netos-1024x710.jpg\" alt=\"\" width=\"640\" height=\"444\" srcset=\"https:\/\/gazetadoabranches.com\/wp-content\/uploads\/2022\/05\/Fam\u00edlia-do-casal-Mariza-e-Paulo-filhas-e-netos-1024x710.jpg 1024w, https:\/\/gazetadoabranches.com\/wp-content\/uploads\/2022\/05\/Fam\u00edlia-do-casal-Mariza-e-Paulo-filhas-e-netos-300x208.jpg 300w, https:\/\/gazetadoabranches.com\/wp-content\/uploads\/2022\/05\/Fam\u00edlia-do-casal-Mariza-e-Paulo-filhas-e-netos-768x532.jpg 768w, https:\/\/gazetadoabranches.com\/wp-content\/uploads\/2022\/05\/Fam\u00edlia-do-casal-Mariza-e-Paulo-filhas-e-netos.jpg 1280w\" sizes=\"auto, (max-width: 640px) 100vw, 640px\" \/><figcaption id=\"caption-attachment-8261\" class=\"wp-caption-text\">Fam\u00edlia do casal Mariza e Paulo, filhas e netos<\/figcaption><\/figure>\n<p>O fluxo imigrat\u00f3rio para povoa\u00e7\u00e3o das novas col\u00f4nias no sul do imp\u00e9rio brasileiro estava intenso nos idos da d\u00e9cada de 70 do s\u00e9culo XIX, e a Companhia de Coloniza\u00e7\u00e3o de Hamburgo, com sede no Porto de Hamburgo na Alemanha, era a mais atuante, pois havia sido constitu\u00edda em 1848 com o objetivo principal de povoar as terras do dote da Princesa Dona Francisca, irm\u00e3 de Dom Pedro II, as quais compreendiam a maior parte do territ\u00f3rio do nordeste da ent\u00e3o Prov\u00edncia de Santa Catarina, criada desde 28 de fevereiro de 1821.<\/p>\n<p>N\u00e3o por acaso, um dos principais acionistas de dita Companhia Colonizadora era o pr\u00f3prio esposo da Princesa Dona Francisca, o Pr\u00edncipe de Sch\u00f6nburg-Waldenburg e Fran\u00e7ois de Orleans, titulado como Pr\u00edncipe de Joinville, al\u00e9m de v\u00e1rios outros investidores da Alemanha.<\/p>\n<p>A partir de 1852 inicia o direcionamento de migrantes da Europa para a Col\u00f4nia Dona Francisca e pudemos observar em nossas pesquisas que, polacos da mesma regi\u00e3o daqueles que haviam transmigrado para a Col\u00f4nia Pilarzinho em 1871, e das listas constantes dos colonizadores da futura Col\u00f4nia Abranches, passam a chegar na Dona Francisca a partir de abril de 1873, os Dubiela, Dolata, Czerwinski, Grabowski, Kalinowski, Kowalski, Skrocki, Novakowski, Kucek, os islandeses, Reikdal, Jonsson, Joakinsson, Sonddal, Barddal e v\u00e1rias outras fam\u00edlias.<\/p>\n<p>A 08 de maio de 1873, parte desde Hamburgo com destino \u00e0 Col\u00f4nia Dona Francisca, em viagem custeada pelo Governo do Imp\u00e9rio como \u201cincentivo \u00e0 coloniza\u00e7\u00e3o\u201d, o vapor Gutemberg, comandado pelo Capit\u00e3o Braren, chegando no Porto de S\u00e3o Francisco\/SC, em 12 de julho, com 230 novos imigrantes a bordo, a maioria vinda da Zona rural de Opole, Regi\u00e3o da Sil\u00e9sia, ent\u00e3o Pol\u00f4nia ocupada pelo Reino da Pr\u00fassia.<\/p>\n<p>Entre os passageiros desse grupo se encontrava o casal Berta e August Bunik, com 24 e 28 anos respectivamente. Assim como os demais, estes polacos tamb\u00e9m se instalam em terras da Regi\u00e3o da atual Joinville, onde nasce o primeiro filho do casal Jo\u00e3o Sebasti\u00e3o Bunik. Acontece que estas levas de polacos, j\u00e1 haviam sa\u00eddo da sua terra natal ocupada pelos alem\u00e3es onde eram oprimidos, e ao se instalarem em col\u00f4nias controladas por estes, que eram maioria absoluta, os constrangimentos continuaram. Somado a este problema, na nova terra tinham atritos constantes com os ind\u00edgenas que habitavam a mesma regi\u00e3o, pois eram os donos primitivos do lugar, al\u00e9m das infesta\u00e7\u00f5es de insetos tropicais e alta temperatura do n\u00edvel do mar.<\/p>\n<p>Ao se fortalecerem pela chegada de outras fam\u00edlias da sua zona na Pol\u00f4nia e uma meia d\u00fazia de islandeses que viajaram junto desde Hamburgo com destino a essa col\u00f4nia e tamb\u00e9m n\u00e3o gostaram do nordeste catarinense, os polacos e islandeses subiram para Curitiba e se instalaram nas Hospedarias de Imigrantes,&nbsp; passando a for\u00e7ar o Governo da Prov\u00edncia do Paran\u00e1, que interessado, mandou a C\u00e2mara Municipal de Curitiba, no in\u00edcio de novembro de 1873, medir lotes de sua propriedade e distribuir aos novos colonos polacos e islandeses. Assim nasceu a Col\u00f4nia Abranches, em homenagem ao Presidente da Provincia, Dr. Frederico Jos\u00e9 de Araujo Abranches, com Lei votada dia 10 de novembro de 1873 e noticiada ao homenageado, dia 11 do mesmo m\u00eas.<\/p>\n<p>A fam\u00edlia Bunik inicia a sua nova hist\u00f3ria, agora em terras curitibanas, e o casal Berta e August lavradores que eram, de origem, logo sentem que o lote destinado a eles era muito pequeno, ent\u00e3o passam a estimular os filhos a novas profiss\u00f5es. Jo\u00e3o Sebasti\u00e3o, o primog\u00eanito facilmente aprende a profiss\u00e3o de construtor, casa-se com Anast\u00e1cia e adquire um bom peda\u00e7o de terra nas proximidades da igreja da col\u00f4nia.<\/p>\n<figure id=\"attachment_8262\" aria-describedby=\"caption-attachment-8262\" style=\"width: 344px\" class=\"wp-caption aligncenter\"><img loading=\"lazy\" decoding=\"async\" class=\"size-full wp-image-8262\" src=\"https:\/\/gazetadoabranches.com\/wp-content\/uploads\/2022\/05\/Francisco-Bunik.jpg\" alt=\"\" width=\"344\" height=\"440\" srcset=\"https:\/\/gazetadoabranches.com\/wp-content\/uploads\/2022\/05\/Francisco-Bunik.jpg 344w, https:\/\/gazetadoabranches.com\/wp-content\/uploads\/2022\/05\/Francisco-Bunik-235x300.jpg 235w\" sizes=\"auto, (max-width: 344px) 100vw, 344px\" \/><figcaption id=\"caption-attachment-8262\" class=\"wp-caption-text\">Francisco Bunik<\/figcaption><\/figure>\n<p>Do matrim\u00f4nio de Jo\u00e3o Sebasti\u00e3o Bunik e Anast\u00e1cia nascem os filhos, Francisco, aos 06 de dezembro de 1903, posteriormente Maria que se dedicou a alta costura, trabalhou a vida inteira para a fam\u00edlia Le\u00e3o do Alto da Gl\u00f3ria, nasceram tamb\u00e9m, Ana, Afonso e Bernardo.<\/p>\n<p>Dona Maria Bunik, como foi conhecida por todos teve grande participa\u00e7\u00e3o tamb\u00e9m na vida social e religiosa da col\u00f4nia. Foi ela a maior incentivadora e primeira presidente do Gremio Jasmin, da Sociedade de Ajuda M\u00fatua Rei Ladislau Jagielo, atual Sociedade Cultural Abranches, foi membro atuante ainda no movimento cat\u00f3lico Pia Uni\u00e3o das Filhas de Maria, al\u00e9m de ter participado sempre como uma das coordenadoras das decora\u00e7\u00f5es da Igreja Sant\u2019Ana para festas.<\/p>\n<p>Francisco, casado com Tereza Fugiatto, o primeiro filho de Jo\u00e3o Sebasti\u00e3o Bunik, tamb\u00e9m se dedica \u00e0 constru\u00e7\u00e3o civil e possu\u00edram os filhos, Iriano, Eduardo e Paulo, nascido aos 06 de outubro de 1939.<\/p>\n<p>Iriano foi sapateiro e teve os filhos Luiz e Carlos. Eduardo foi construtor e posteriormente motorista profissional, teve os filhos, Paulo, Beatriz, Wanderlei, Eduardo Junior, Adriana e Giovana.<\/p>\n<p>Paulo, casado com Mariza Tulio, tem as filhas, Danieli, Tania Mara, Claudia e Ana Paula, al\u00e9m dos netos, Paulo e Yasmin.<\/p>\n<p>Paulo Bunik, foi coroinha, pintor de t\u00famulos, ac\u00f3lito na catedral, dan\u00e7arino de folclore polaco, coralista, ator, lideran\u00e7a comunit\u00e1ria na Igreja Sant\u2019Ana de Abranches, dirigente da Sociedade Abranches em v\u00e1rias fun\u00e7\u00f5es, pintor de igrejas, comerci\u00e1rio, e ainda \u00e9 um dedicado chefe de fam\u00edlia. Por\u00e9m para fazermos justi\u00e7a a este baluarte da Col\u00f4nia Abranches, contaremos na pr\u00f3xima edi\u00e7\u00e3o<\/p>\n<figure id=\"attachment_8263\" aria-describedby=\"caption-attachment-8263\" style=\"width: 893px\" class=\"wp-caption aligncenter\"><img loading=\"lazy\" decoding=\"async\" class=\"size-full wp-image-8263\" src=\"https:\/\/gazetadoabranches.com\/wp-content\/uploads\/2022\/05\/Carinho-e-reconhecimento-do-Prefeito-Rafael-Greca-de-Macedo-pelo-polaco-Paulo-Bunik.jpg\" alt=\"\" width=\"893\" height=\"613\" srcset=\"https:\/\/gazetadoabranches.com\/wp-content\/uploads\/2022\/05\/Carinho-e-reconhecimento-do-Prefeito-Rafael-Greca-de-Macedo-pelo-polaco-Paulo-Bunik.jpg 893w, https:\/\/gazetadoabranches.com\/wp-content\/uploads\/2022\/05\/Carinho-e-reconhecimento-do-Prefeito-Rafael-Greca-de-Macedo-pelo-polaco-Paulo-Bunik-300x206.jpg 300w, https:\/\/gazetadoabranches.com\/wp-content\/uploads\/2022\/05\/Carinho-e-reconhecimento-do-Prefeito-Rafael-Greca-de-Macedo-pelo-polaco-Paulo-Bunik-768x527.jpg 768w\" sizes=\"auto, (max-width: 893px) 100vw, 893px\" \/><figcaption id=\"caption-attachment-8263\" class=\"wp-caption-text\">Carinho e reconhecimento do Prefeito Rafael Greca de Macedo pelo polaco Paulo Bunik<\/figcaption><\/figure>\n<figure id=\"attachment_8264\" aria-describedby=\"caption-attachment-8264\" style=\"width: 942px\" class=\"wp-caption aligncenter\"><img loading=\"lazy\" decoding=\"async\" class=\"size-full wp-image-8264\" src=\"https:\/\/gazetadoabranches.com\/wp-content\/uploads\/2022\/05\/Marco-do-cl\u00e3-dos-Bunik-1\u00aa-resid\u00eancia-no-Bairro.jpg\" alt=\"\" width=\"942\" height=\"957\" srcset=\"https:\/\/gazetadoabranches.com\/wp-content\/uploads\/2022\/05\/Marco-do-cl\u00e3-dos-Bunik-1\u00aa-resid\u00eancia-no-Bairro.jpg 942w, https:\/\/gazetadoabranches.com\/wp-content\/uploads\/2022\/05\/Marco-do-cl\u00e3-dos-Bunik-1\u00aa-resid\u00eancia-no-Bairro-295x300.jpg 295w, https:\/\/gazetadoabranches.com\/wp-content\/uploads\/2022\/05\/Marco-do-cl\u00e3-dos-Bunik-1\u00aa-resid\u00eancia-no-Bairro-768x780.jpg 768w\" sizes=\"auto, (max-width: 942px) 100vw, 942px\" \/><figcaption id=\"caption-attachment-8264\" class=\"wp-caption-text\">Marco do cl\u00e3 dos Bunik &#8211; 1\u00aa resid\u00eancia no Bairro<\/figcaption><\/figure>\n<figure id=\"attachment_8265\" aria-describedby=\"caption-attachment-8265\" style=\"width: 640px\" class=\"wp-caption aligncenter\"><img loading=\"lazy\" decoding=\"async\" class=\"size-large wp-image-8265\" src=\"https:\/\/gazetadoabranches.com\/wp-content\/uploads\/2022\/05\/Membros-do-Coral-SantAna-de-Abranches-em-viagem-a-Imbituva-PR-1024x680.jpg\" alt=\"\" width=\"640\" height=\"425\" srcset=\"https:\/\/gazetadoabranches.com\/wp-content\/uploads\/2022\/05\/Membros-do-Coral-SantAna-de-Abranches-em-viagem-a-Imbituva-PR-1024x680.jpg 1024w, https:\/\/gazetadoabranches.com\/wp-content\/uploads\/2022\/05\/Membros-do-Coral-SantAna-de-Abranches-em-viagem-a-Imbituva-PR-300x199.jpg 300w, https:\/\/gazetadoabranches.com\/wp-content\/uploads\/2022\/05\/Membros-do-Coral-SantAna-de-Abranches-em-viagem-a-Imbituva-PR-768x510.jpg 768w, https:\/\/gazetadoabranches.com\/wp-content\/uploads\/2022\/05\/Membros-do-Coral-SantAna-de-Abranches-em-viagem-a-Imbituva-PR.jpg 1280w\" sizes=\"auto, (max-width: 640px) 100vw, 640px\" \/><figcaption id=\"caption-attachment-8265\" class=\"wp-caption-text\">Membros do Coral Sant&#8217;Ana de Abranches em viagem a Imbituva PR<\/figcaption><\/figure>\n<figure id=\"attachment_8266\" aria-describedby=\"caption-attachment-8266\" style=\"width: 1012px\" class=\"wp-caption aligncenter\"><img loading=\"lazy\" decoding=\"async\" class=\"size-full wp-image-8266\" src=\"https:\/\/gazetadoabranches.com\/wp-content\/uploads\/2022\/05\/Paulo-Pres-SOBA.jpg\" alt=\"\" width=\"1012\" height=\"634\" srcset=\"https:\/\/gazetadoabranches.com\/wp-content\/uploads\/2022\/05\/Paulo-Pres-SOBA.jpg 1012w, https:\/\/gazetadoabranches.com\/wp-content\/uploads\/2022\/05\/Paulo-Pres-SOBA-300x188.jpg 300w, https:\/\/gazetadoabranches.com\/wp-content\/uploads\/2022\/05\/Paulo-Pres-SOBA-768x481.jpg 768w\" sizes=\"auto, (max-width: 1012px) 100vw, 1012px\" \/><figcaption id=\"caption-attachment-8266\" class=\"wp-caption-text\">Paulo Pres SOBA<\/figcaption><\/figure>\n<figure id=\"attachment_8267\" aria-describedby=\"caption-attachment-8267\" style=\"width: 640px\" class=\"wp-caption aligncenter\"><img loading=\"lazy\" decoding=\"async\" class=\"size-large wp-image-8267\" src=\"https:\/\/gazetadoabranches.com\/wp-content\/uploads\/2022\/05\/Pe\u00e7a-Paix\u00e3o-de-Cristo-na-Sociedade-Abranches-1024x710.jpg\" alt=\"\" width=\"640\" height=\"444\" srcset=\"https:\/\/gazetadoabranches.com\/wp-content\/uploads\/2022\/05\/Pe\u00e7a-Paix\u00e3o-de-Cristo-na-Sociedade-Abranches-1024x710.jpg 1024w, https:\/\/gazetadoabranches.com\/wp-content\/uploads\/2022\/05\/Pe\u00e7a-Paix\u00e3o-de-Cristo-na-Sociedade-Abranches-300x208.jpg 300w, https:\/\/gazetadoabranches.com\/wp-content\/uploads\/2022\/05\/Pe\u00e7a-Paix\u00e3o-de-Cristo-na-Sociedade-Abranches-768x532.jpg 768w, https:\/\/gazetadoabranches.com\/wp-content\/uploads\/2022\/05\/Pe\u00e7a-Paix\u00e3o-de-Cristo-na-Sociedade-Abranches.jpg 1280w\" sizes=\"auto, (max-width: 640px) 100vw, 640px\" \/><figcaption id=\"caption-attachment-8267\" class=\"wp-caption-text\">Pe\u00e7a Paix\u00e3o de Cristo na Sociedade Abranches<\/figcaption><\/figure>\n<p>, porque ent\u00e3o poderemos contemplar as participa\u00e7\u00f5es do nosso biografado e de todos os seus companheiros que fizeram parte da sua linda hist\u00f3ria de vida na comunidade.<\/p>\n<p>&nbsp;<\/p>\n<p>&nbsp;<\/p>\n<p>Colabora\u00e7\u00e3o: Volnei Lopes<\/p>\n","protected":false},"excerpt":{"rendered":"<p>O fluxo imigrat\u00f3rio para povoa\u00e7\u00e3o das novas col\u00f4nias no sul do imp\u00e9rio brasileiro estava intenso nos idos da d\u00e9cada de 70 do s\u00e9culo XIX, e a Companhia de Coloniza\u00e7\u00e3o de Hamburgo, com sede no Porto de Hamburgo na Alemanha, era a mais atuante, pois havia sido constitu\u00edda em 1848 com [&hellip;]<\/p>\n","protected":false},"author":1,"featured_media":8261,"comment_status":"open","ping_status":"open","sticky":false,"template":"","format":"standard","meta":{"ngg_post_thumbnail":0,"jetpack_post_was_ever_published":false,"amp_status":"","_jetpack_newsletter_access":"","_jetpack_dont_email_post_to_subs":false,"_jetpack_newsletter_tier_id":0,"_jetpack_memberships_contains_paywalled_content":false,"_jetpack_memberships_contains_paid_content":false,"footnotes":""},"categories":[1],"tags":[123,124,125],"class_list":["post-8260","post","type-post","status-publish","format-standard","has-post-thumbnail","hentry","category-outros","tag-abranches","tag-familia-bunik","tag-historia-abranches"],"aioseo_notices":[],"jetpack_featured_media_url":"https:\/\/gazetadoabranches.com\/wp-content\/uploads\/2022\/05\/Fam\u00edlia-do-casal-Mariza-e-Paulo-filhas-e-netos.jpg","jetpack-related-posts":[{"id":8359,"url":"https:\/\/gazetadoabranches.com\/index.php\/2022\/06\/02\/familia-bunik-da-colonia-dona-francisca-a-pioneira-na-colonia-abranches-parte-ii\/","url_meta":{"origin":8260,"position":0},"title":"FAMILIA BUNIK DA COL\u00d4NIA DONA FRANCISCA A PIONEIRA NA COL\u00d4NIA ABRANCHES PARTE II","author":"Gazeta do Abranches","date":"junho 2, 2022","format":false,"excerpt":"Cronologia: no per\u00edodo compreendido entre abril e outubro de 1873 chegam e s\u00e3o instalados na Col\u00f4nia dona Francisca, atual Joinville\/SC as primeiras fam\u00edlias de polacos, que insatisfeitos, se deslocam espontaneamente at\u00e9 Curitiba, instalam-se em hospedarias para imigrantes e v\u00e3o at\u00e9 o Governo da Prov\u00edncia pedir terras no Paran\u00e1, tendo os\u2026","rel":"","context":"Em &quot;Bairros&quot;","block_context":{"text":"Bairros","link":"https:\/\/gazetadoabranches.com\/index.php\/category\/bairros\/"},"img":{"alt_text":"","src":"https:\/\/i0.wp.com\/gazetadoabranches.com\/wp-content\/uploads\/2022\/06\/thumbnail_Balsa-na-Travessia-do-Assungui-do-Meio-Paulo-Bunik-.jpg?resize=350%2C200&ssl=1","width":350,"height":200,"srcset":"https:\/\/i0.wp.com\/gazetadoabranches.com\/wp-content\/uploads\/2022\/06\/thumbnail_Balsa-na-Travessia-do-Assungui-do-Meio-Paulo-Bunik-.jpg?resize=350%2C200&ssl=1 1x, https:\/\/i0.wp.com\/gazetadoabranches.com\/wp-content\/uploads\/2022\/06\/thumbnail_Balsa-na-Travessia-do-Assungui-do-Meio-Paulo-Bunik-.jpg?resize=525%2C300&ssl=1 1.5x, https:\/\/i0.wp.com\/gazetadoabranches.com\/wp-content\/uploads\/2022\/06\/thumbnail_Balsa-na-Travessia-do-Assungui-do-Meio-Paulo-Bunik-.jpg?resize=700%2C400&ssl=1 2x, https:\/\/i0.wp.com\/gazetadoabranches.com\/wp-content\/uploads\/2022\/06\/thumbnail_Balsa-na-Travessia-do-Assungui-do-Meio-Paulo-Bunik-.jpg?resize=1050%2C600&ssl=1 3x"},"classes":[]},{"id":9967,"url":"https:\/\/gazetadoabranches.com\/index.php\/2025\/08\/18\/bairro-santa-candida-completa-150-anos-de-colonizacao-polonesa\/","url_meta":{"origin":8260,"position":1},"title":"Bairro Santa C\u00e2ndida completa 150 anos de coloniza\u00e7\u00e3o polonesa","author":"Gazeta do Abranches","date":"agosto 18, 2025","format":false,"excerpt":"No final do s\u00e9culo 19, a chegada de imigrantes transformou e modernizou a organiza\u00e7\u00e3o social do Estado. A esperan\u00e7a da terra prometida atraiu milhares de imigrantes europeus a Curitiba, capital da prov\u00edncia do Paran\u00e1.\u00a0\u00a0 Em 1871, imigrantes poloneses que deixaram as terras ent\u00e3o sob dom\u00ednio do Reino da Pr\u00fassia,\u00a0as aldeias\u2026","rel":"","context":"Em &quot;Hist\u00f3ria&quot;","block_context":{"text":"Hist\u00f3ria","link":"https:\/\/gazetadoabranches.com\/index.php\/category\/historia\/"},"img":{"alt_text":"","src":"https:\/\/i0.wp.com\/gazetadoabranches.com\/wp-content\/uploads\/2025\/08\/Santa-Candida-150-anos1.png?resize=350%2C200&ssl=1","width":350,"height":200,"srcset":"https:\/\/i0.wp.com\/gazetadoabranches.com\/wp-content\/uploads\/2025\/08\/Santa-Candida-150-anos1.png?resize=350%2C200&ssl=1 1x, https:\/\/i0.wp.com\/gazetadoabranches.com\/wp-content\/uploads\/2025\/08\/Santa-Candida-150-anos1.png?resize=525%2C300&ssl=1 1.5x, https:\/\/i0.wp.com\/gazetadoabranches.com\/wp-content\/uploads\/2025\/08\/Santa-Candida-150-anos1.png?resize=700%2C400&ssl=1 2x"},"classes":[]},{"id":7553,"url":"https:\/\/gazetadoabranches.com\/index.php\/2021\/05\/09\/fragmentos-da-historia-da-colonia-abranches-vi\/","url_meta":{"origin":8260,"position":2},"title":"FRAGMENTOS DA HISTORIA DA COL\u00d4NIA ABRANCHES VI","author":"Gazeta do Abranches","date":"maio 9, 2021","format":false,"excerpt":"Cronologia: Em 1908 assume o Pe. Ludovico Bronny e reestrutura pastoralmente as col\u00f4nias sob sua jurisdi\u00e7\u00e3o. Agosto de 1910, morre afogado em sua ch\u00e1cara na Col\u00f4nia Abranches o island\u00eas Josef Jhonson. Esta fam\u00edlia era uma daquelas cinco que ocuparam os lotes destinados aos emigrantes expont\u00e2neos a partir de novembro de\u2026","rel":"","context":"Em &quot;Hist\u00f3ria&quot;","block_context":{"text":"Hist\u00f3ria","link":"https:\/\/gazetadoabranches.com\/index.php\/category\/historia\/"},"img":{"alt_text":"","src":"https:\/\/i0.wp.com\/gazetadoabranches.com\/wp-content\/uploads\/2021\/05\/Pe.-Paulo-Warkocz-Pe.-Ludovico-Bronny-Dom-Jo%C3%A3o-Francisco-Braga-Pe.-Jos%C3%A9-J.-G%C3%B3ral-Pe.-Sivestre-Kandora-e-Pe.-Jo%C3%A3o-Palka-scaled.jpg?resize=350%2C200&ssl=1","width":350,"height":200,"srcset":"https:\/\/i0.wp.com\/gazetadoabranches.com\/wp-content\/uploads\/2021\/05\/Pe.-Paulo-Warkocz-Pe.-Ludovico-Bronny-Dom-Jo%C3%A3o-Francisco-Braga-Pe.-Jos%C3%A9-J.-G%C3%B3ral-Pe.-Sivestre-Kandora-e-Pe.-Jo%C3%A3o-Palka-scaled.jpg?resize=350%2C200&ssl=1 1x, https:\/\/i0.wp.com\/gazetadoabranches.com\/wp-content\/uploads\/2021\/05\/Pe.-Paulo-Warkocz-Pe.-Ludovico-Bronny-Dom-Jo%C3%A3o-Francisco-Braga-Pe.-Jos%C3%A9-J.-G%C3%B3ral-Pe.-Sivestre-Kandora-e-Pe.-Jo%C3%A3o-Palka-scaled.jpg?resize=525%2C300&ssl=1 1.5x, https:\/\/i0.wp.com\/gazetadoabranches.com\/wp-content\/uploads\/2021\/05\/Pe.-Paulo-Warkocz-Pe.-Ludovico-Bronny-Dom-Jo%C3%A3o-Francisco-Braga-Pe.-Jos%C3%A9-J.-G%C3%B3ral-Pe.-Sivestre-Kandora-e-Pe.-Jo%C3%A3o-Palka-scaled.jpg?resize=700%2C400&ssl=1 2x, https:\/\/i0.wp.com\/gazetadoabranches.com\/wp-content\/uploads\/2021\/05\/Pe.-Paulo-Warkocz-Pe.-Ludovico-Bronny-Dom-Jo%C3%A3o-Francisco-Braga-Pe.-Jos%C3%A9-J.-G%C3%B3ral-Pe.-Sivestre-Kandora-e-Pe.-Jo%C3%A3o-Palka-scaled.jpg?resize=1050%2C600&ssl=1 3x, https:\/\/i0.wp.com\/gazetadoabranches.com\/wp-content\/uploads\/2021\/05\/Pe.-Paulo-Warkocz-Pe.-Ludovico-Bronny-Dom-Jo%C3%A3o-Francisco-Braga-Pe.-Jos%C3%A9-J.-G%C3%B3ral-Pe.-Sivestre-Kandora-e-Pe.-Jo%C3%A3o-Palka-scaled.jpg?resize=1400%2C800&ssl=1 4x"},"classes":[]},{"id":7163,"url":"https:\/\/gazetadoabranches.com\/index.php\/2020\/09\/29\/fragmentos-da-historia-da-colonia-abranches-ii\/","url_meta":{"origin":8260,"position":3},"title":"FRAGMENTOS DA HIST\u00d3RIA DA COL\u00d4NIA ABRANCHES II","author":"Gazeta do Abranches","date":"setembro 29, 2020","format":false,"excerpt":"\u00a0 Continua\u00e7\u00e3o da edi\u00e7\u00e3o 216, julho 2020. Cronologia: 10\/11\/1873, \u00e9 nomeado oficialmente como Col\u00f4nia Abranches, pela C\u00e2mara Municipal de Curitiba o n\u00facleo que passa a ser ocupado por imigrantes polacos em sua maioria e alguns islandeses, ao Norte de Curitiba. 19\/11\/1873, o primeiro registro oficial da Capela existente na Col\u00f4nia\u2026","rel":"","context":"Em &quot;Hist\u00f3ria&quot;","block_context":{"text":"Hist\u00f3ria","link":"https:\/\/gazetadoabranches.com\/index.php\/category\/historia\/"},"img":{"alt_text":"","src":"https:\/\/i0.wp.com\/gazetadoabranches.com\/wp-content\/uploads\/2020\/09\/Jo%C3%A3o-Jos%C3%A9-Pedrosa-presidente-da-Prov%C3%ADncia-do-Paran%C3%A1-de-04-08-1880-a-03-05-1881.-1.jpg?resize=350%2C200&ssl=1","width":350,"height":200,"srcset":"https:\/\/i0.wp.com\/gazetadoabranches.com\/wp-content\/uploads\/2020\/09\/Jo%C3%A3o-Jos%C3%A9-Pedrosa-presidente-da-Prov%C3%ADncia-do-Paran%C3%A1-de-04-08-1880-a-03-05-1881.-1.jpg?resize=350%2C200&ssl=1 1x, https:\/\/i0.wp.com\/gazetadoabranches.com\/wp-content\/uploads\/2020\/09\/Jo%C3%A3o-Jos%C3%A9-Pedrosa-presidente-da-Prov%C3%ADncia-do-Paran%C3%A1-de-04-08-1880-a-03-05-1881.-1.jpg?resize=525%2C300&ssl=1 1.5x, https:\/\/i0.wp.com\/gazetadoabranches.com\/wp-content\/uploads\/2020\/09\/Jo%C3%A3o-Jos%C3%A9-Pedrosa-presidente-da-Prov%C3%ADncia-do-Paran%C3%A1-de-04-08-1880-a-03-05-1881.-1.jpg?resize=700%2C400&ssl=1 2x"},"classes":[]},{"id":7852,"url":"https:\/\/gazetadoabranches.com\/index.php\/2021\/11\/09\/missa-de-148-da-fundacao-do-bairro-abranches-e-apresentacao-da-imagem-original-de-santana-foi-realizada-neste-domingo-dia-07-de-novembro\/","url_meta":{"origin":8260,"position":4},"title":"Missa de 148 anos da funda\u00e7\u00e3o do bairro Abranches e apresenta\u00e7\u00e3o da imagem original de Sant&#8217;Ana foi realizada neste domingo dia 07 de Novembro","author":"Gazeta do Abranches","date":"novembro 9, 2021","format":false,"excerpt":"No ultimo dia 07 de Novembro tivemos as missas das 08:00 e das 10:30 na Igreja de Sant'Ana de Abranches em comemora\u00e7\u00e3o aos 148 de funda\u00e7\u00e3o do bairro Abranches, bem como a coloniza\u00e7\u00e3o do mesmo, al\u00e9m disso a comunidade pode apreciar a apresenta\u00e7\u00e3o da primeira imagem de Sant'Ana, imagem essa\u2026","rel":"","context":"Em &quot;Comemora\u00e7\u00e3o&quot;","block_context":{"text":"Comemora\u00e7\u00e3o","link":"https:\/\/gazetadoabranches.com\/index.php\/category\/comemoracao\/"},"img":{"alt_text":"","src":"https:\/\/i0.wp.com\/gazetadoabranches.com\/wp-content\/uploads\/2021\/11\/IMG_7302-scaled.jpg?resize=350%2C200&ssl=1","width":350,"height":200,"srcset":"https:\/\/i0.wp.com\/gazetadoabranches.com\/wp-content\/uploads\/2021\/11\/IMG_7302-scaled.jpg?resize=350%2C200&ssl=1 1x, https:\/\/i0.wp.com\/gazetadoabranches.com\/wp-content\/uploads\/2021\/11\/IMG_7302-scaled.jpg?resize=525%2C300&ssl=1 1.5x, https:\/\/i0.wp.com\/gazetadoabranches.com\/wp-content\/uploads\/2021\/11\/IMG_7302-scaled.jpg?resize=700%2C400&ssl=1 2x, https:\/\/i0.wp.com\/gazetadoabranches.com\/wp-content\/uploads\/2021\/11\/IMG_7302-scaled.jpg?resize=1050%2C600&ssl=1 3x, https:\/\/i0.wp.com\/gazetadoabranches.com\/wp-content\/uploads\/2021\/11\/IMG_7302-scaled.jpg?resize=1400%2C800&ssl=1 4x"},"classes":[]},{"id":9034,"url":"https:\/\/gazetadoabranches.com\/index.php\/2023\/08\/14\/obras-de-revitalizacao-de-ruas-no-abranches-e-pilarzinho-atendem-demandas-do-vereador-mauro-ignacio\/","url_meta":{"origin":8260,"position":5},"title":"Obras de revitaliza\u00e7\u00e3o de ruas no Abranches e Pilarzinho atendem demandas do Vereador Mauro Ign\u00e1cio","author":"Gazeta do Abranches","date":"agosto 14, 2023","format":false,"excerpt":"Rua Jo\u00e3o Kubis, no Abranches, recebe nova malha asf\u00e1ltica ap\u00f3s interven\u00e7\u00e3o do Vereador Mauro Ign\u00e1cio A t\u00e3o aguardada revitaliza\u00e7\u00e3o da rua Jo\u00e3o Kubis, localizada no bairro Abranches, finalmente se tornou realidade. Ap\u00f3s um longo per\u00edodo de m\u00e1s condi\u00e7\u00f5es em sua malha vi\u00e1ria, os moradores podem, enfim, comemorar o novo asfalto.\u2026","rel":"","context":"Em &quot;Obras&quot;","block_context":{"text":"Obras","link":"https:\/\/gazetadoabranches.com\/index.php\/category\/obras\/"},"img":{"alt_text":"","src":"https:\/\/i0.wp.com\/gazetadoabranches.com\/wp-content\/uploads\/2023\/08\/WhatsApp-Image-2023-08-01-at-22.40.41.jpeg?resize=350%2C200&ssl=1","width":350,"height":200,"srcset":"https:\/\/i0.wp.com\/gazetadoabranches.com\/wp-content\/uploads\/2023\/08\/WhatsApp-Image-2023-08-01-at-22.40.41.jpeg?resize=350%2C200&ssl=1 1x, https:\/\/i0.wp.com\/gazetadoabranches.com\/wp-content\/uploads\/2023\/08\/WhatsApp-Image-2023-08-01-at-22.40.41.jpeg?resize=525%2C300&ssl=1 1.5x, https:\/\/i0.wp.com\/gazetadoabranches.com\/wp-content\/uploads\/2023\/08\/WhatsApp-Image-2023-08-01-at-22.40.41.jpeg?resize=700%2C400&ssl=1 2x, https:\/\/i0.wp.com\/gazetadoabranches.com\/wp-content\/uploads\/2023\/08\/WhatsApp-Image-2023-08-01-at-22.40.41.jpeg?resize=1050%2C600&ssl=1 3x"},"classes":[]}],"jetpack_likes_enabled":true,"jetpack_sharing_enabled":true,"_links":{"self":[{"href":"https:\/\/gazetadoabranches.com\/index.php\/wp-json\/wp\/v2\/posts\/8260","targetHints":{"allow":["GET"]}}],"collection":[{"href":"https:\/\/gazetadoabranches.com\/index.php\/wp-json\/wp\/v2\/posts"}],"about":[{"href":"https:\/\/gazetadoabranches.com\/index.php\/wp-json\/wp\/v2\/types\/post"}],"author":[{"embeddable":true,"href":"https:\/\/gazetadoabranches.com\/index.php\/wp-json\/wp\/v2\/users\/1"}],"replies":[{"embeddable":true,"href":"https:\/\/gazetadoabranches.com\/index.php\/wp-json\/wp\/v2\/comments?post=8260"}],"version-history":[{"count":1,"href":"https:\/\/gazetadoabranches.com\/index.php\/wp-json\/wp\/v2\/posts\/8260\/revisions"}],"predecessor-version":[{"id":8268,"href":"https:\/\/gazetadoabranches.com\/index.php\/wp-json\/wp\/v2\/posts\/8260\/revisions\/8268"}],"wp:featuredmedia":[{"embeddable":true,"href":"https:\/\/gazetadoabranches.com\/index.php\/wp-json\/wp\/v2\/media\/8261"}],"wp:attachment":[{"href":"https:\/\/gazetadoabranches.com\/index.php\/wp-json\/wp\/v2\/media?parent=8260"}],"wp:term":[{"taxonomy":"category","embeddable":true,"href":"https:\/\/gazetadoabranches.com\/index.php\/wp-json\/wp\/v2\/categories?post=8260"},{"taxonomy":"post_tag","embeddable":true,"href":"https:\/\/gazetadoabranches.com\/index.php\/wp-json\/wp\/v2\/tags?post=8260"}],"curies":[{"name":"wp","href":"https:\/\/api.w.org\/{rel}","templated":true}]}}