{"id":8486,"date":"2022-08-31T23:55:21","date_gmt":"2022-09-01T02:55:21","guid":{"rendered":"https:\/\/gazetadoabranches.com\/?p=8486"},"modified":"2022-08-31T23:55:21","modified_gmt":"2022-09-01T02:55:21","slug":"implantada-calcada-na-rua-marcilia-vaz-carneiro-no-pilarzinho","status":"publish","type":"post","link":"https:\/\/gazetadoabranches.com\/index.php\/2022\/08\/31\/implantada-calcada-na-rua-marcilia-vaz-carneiro-no-pilarzinho\/","title":{"rendered":"Implantada cal\u00e7ada na rua Marcilia Vaz Carneiro no Pilarzinho"},"content":{"rendered":"<figure id=\"attachment_8494\" aria-describedby=\"caption-attachment-8494\" style=\"width: 640px\" class=\"wp-caption aligncenter\"><img loading=\"lazy\" decoding=\"async\" class=\"size-large wp-image-8494\" src=\"https:\/\/gazetadoabranches.com\/wp-content\/uploads\/2022\/08\/WhatsApp-Image-2022-08-31-at-21.55.33-768x1024.jpeg\" alt=\"\" width=\"640\" height=\"853\" srcset=\"https:\/\/gazetadoabranches.com\/wp-content\/uploads\/2022\/08\/WhatsApp-Image-2022-08-31-at-21.55.33-768x1024.jpeg 768w, https:\/\/gazetadoabranches.com\/wp-content\/uploads\/2022\/08\/WhatsApp-Image-2022-08-31-at-21.55.33-225x300.jpeg 225w, https:\/\/gazetadoabranches.com\/wp-content\/uploads\/2022\/08\/WhatsApp-Image-2022-08-31-at-21.55.33-1152x1536.jpeg 1152w, https:\/\/gazetadoabranches.com\/wp-content\/uploads\/2022\/08\/WhatsApp-Image-2022-08-31-at-21.55.33.jpeg 1200w\" sizes=\"auto, (max-width: 640px) 100vw, 640px\" \/><figcaption id=\"caption-attachment-8494\" class=\"wp-caption-text\">Cal\u00e7adas implantadas na rua Marcilia Vaz Carneiro no Pilarzinho. Fotos: Mois\u00e9s Junior<\/figcaption><\/figure>\n<p>Vereador Mauro Ign\u00e1cio atendendo solicita\u00e7\u00e3o da comunidade e do Col\u00e9gio Estadual Maria Helo\u00edsa Casselli consegue implanta\u00e7\u00e3o de cal\u00e7adas na rua Marcilia Vaz Carneiro&nbsp; no trecho entre as rua 25 de Abril e Catharina Pottina de Mauro no Pilarzinho. Esta que era uma reivindica\u00e7\u00e3o para dar maior seguran\u00e7a principalmente aos alunos que estudam no col\u00e9gio e tinham que andar pelo leito da rua por n\u00e3o haver cal\u00e7amento no local.<\/p>\n<p>Desde 2017 chegou pedido de cal\u00e7adas nesse local, o presidente da Apmf da \u00e9poca Sr. Francisco Lima foi um dos primeiros a solicitar essa cal\u00e7ada junto ao gabinete do vereador Mauro Ign\u00e1cio, al\u00e9m da diretora Maristela do col\u00e9gio Casselli, &nbsp;que tamb\u00e9m lutou por essa conquista principalmente ap\u00f3s o aumento de alunos neste ano por conta da transfer\u00eancia dos estudantes do col\u00e9gio Emiliano Perneta que fechou. A mesma &nbsp;solicitou junto ao vereador Mauro Ign\u00e1cio que o mesmo ajudasse nessa reivindica\u00e7\u00e3o, o mesmo fez as proposi\u00e7\u00f5es junto a prefeitura, reuni\u00f5es na Regional Boa Vista e Smop e a prefeitura acatando seu pedido agora j\u00e1 implantou esse cal\u00e7amento que vem trazer maior seguran\u00e7a&nbsp; a todos os pedestres que ali circulam.<\/p>\n<p>\u201cMaristela Bianchi agradece ao vereador Mauro Ign\u00e1cio e ao prefeito Rafael Greca por essa obra t\u00e3o importante n\u00e3o s\u00f3 para o col\u00e9gio mas para toda a comunidade do Pilarzinho que por ali passam\u201d.<\/p>\n<p>O vereador Mauro Ign\u00e1cio refor\u00e7a que continua buscando solu\u00e7\u00f5es para a comunidade e seu gabinete est\u00e1 de portas abertas para receber as demandas e lutar junto a popula\u00e7\u00e3o por melhorias.<\/p>\n<figure id=\"attachment_8495\" aria-describedby=\"caption-attachment-8495\" style=\"width: 640px\" class=\"wp-caption aligncenter\"><img loading=\"lazy\" decoding=\"async\" class=\"size-large wp-image-8495\" src=\"https:\/\/gazetadoabranches.com\/wp-content\/uploads\/2022\/08\/WhatsApp-Image-2022-08-31-at-21.55.42-768x1024.jpeg\" alt=\"\" width=\"640\" height=\"853\" srcset=\"https:\/\/gazetadoabranches.com\/wp-content\/uploads\/2022\/08\/WhatsApp-Image-2022-08-31-at-21.55.42-768x1024.jpeg 768w, https:\/\/gazetadoabranches.com\/wp-content\/uploads\/2022\/08\/WhatsApp-Image-2022-08-31-at-21.55.42-225x300.jpeg 225w, https:\/\/gazetadoabranches.com\/wp-content\/uploads\/2022\/08\/WhatsApp-Image-2022-08-31-at-21.55.42-1152x1536.jpeg 1152w, https:\/\/gazetadoabranches.com\/wp-content\/uploads\/2022\/08\/WhatsApp-Image-2022-08-31-at-21.55.42.jpeg 1200w\" sizes=\"auto, (max-width: 640px) 100vw, 640px\" \/><figcaption id=\"caption-attachment-8495\" class=\"wp-caption-text\">Pedestres e alunos n\u00e3o precisam mais andar pelo leito da rua. Foto: Mois\u00e9s Junior<\/figcaption><\/figure>\n<figure id=\"attachment_8496\" aria-describedby=\"caption-attachment-8496\" style=\"width: 640px\" class=\"wp-caption aligncenter\"><img loading=\"lazy\" decoding=\"async\" class=\"size-large wp-image-8496\" src=\"https:\/\/gazetadoabranches.com\/wp-content\/uploads\/2022\/08\/WhatsApp-Image-2022-08-31-at-21.55.44-1024x768.jpeg\" alt=\"\" width=\"640\" height=\"480\" srcset=\"https:\/\/gazetadoabranches.com\/wp-content\/uploads\/2022\/08\/WhatsApp-Image-2022-08-31-at-21.55.44-1024x768.jpeg 1024w, https:\/\/gazetadoabranches.com\/wp-content\/uploads\/2022\/08\/WhatsApp-Image-2022-08-31-at-21.55.44-300x225.jpeg 300w, https:\/\/gazetadoabranches.com\/wp-content\/uploads\/2022\/08\/WhatsApp-Image-2022-08-31-at-21.55.44-768x576.jpeg 768w, https:\/\/gazetadoabranches.com\/wp-content\/uploads\/2022\/08\/WhatsApp-Image-2022-08-31-at-21.55.44-1536x1152.jpeg 1536w, https:\/\/gazetadoabranches.com\/wp-content\/uploads\/2022\/08\/WhatsApp-Image-2022-08-31-at-21.55.44.jpeg 1600w\" sizes=\"auto, (max-width: 640px) 100vw, 640px\" \/><figcaption id=\"caption-attachment-8496\" class=\"wp-caption-text\">Diretora Maristela do Col\u00e9gio Casseli e ver. Mauro Ign\u00e1cio. Fotos: Mois\u00e9s Junior<\/figcaption><\/figure>\n<div style=\"width: 640px;\" class=\"wp-video\"><!--[if lt IE 9]><script>document.createElement('video');<\/script><![endif]-->\n<video class=\"wp-video-shortcode\" id=\"video-8486-1\" width=\"640\" height=\"352\" preload=\"metadata\" controls=\"controls\"><source type=\"video\/mp4\" src=\"https:\/\/gazetadoabranches.com\/wp-content\/uploads\/2022\/08\/WhatsApp-Video-2022-08-31-at-22.40.11.mp4?_=1\" \/><a href=\"https:\/\/gazetadoabranches.com\/wp-content\/uploads\/2022\/08\/WhatsApp-Video-2022-08-31-at-22.40.11.mp4\">https:\/\/gazetadoabranches.com\/wp-content\/uploads\/2022\/08\/WhatsApp-Video-2022-08-31-at-22.40.11.mp4<\/a><\/video><\/div>\n","protected":false},"excerpt":{"rendered":"<p>Vereador Mauro Ign\u00e1cio atendendo solicita\u00e7\u00e3o da comunidade e do Col\u00e9gio Estadual Maria Helo\u00edsa Casselli consegue implanta\u00e7\u00e3o de cal\u00e7adas na rua Marcilia Vaz Carneiro&nbsp; no trecho entre as rua 25 de Abril e Catharina Pottina de Mauro no Pilarzinho. Esta que era uma reivindica\u00e7\u00e3o para dar maior seguran\u00e7a principalmente aos alunos [&hellip;]<\/p>\n","protected":false},"author":1,"featured_media":8494,"comment_status":"open","ping_status":"open","sticky":false,"template":"","format":"standard","meta":{"ngg_post_thumbnail":0,"jetpack_post_was_ever_published":false,"amp_status":"","_jetpack_newsletter_access":"","_jetpack_dont_email_post_to_subs":false,"_jetpack_newsletter_tier_id":0,"_jetpack_memberships_contains_paywalled_content":false,"_jetpack_memberships_contains_paid_content":false,"footnotes":""},"categories":[10],"tags":[],"class_list":["post-8486","post","type-post","status-publish","format-standard","has-post-thumbnail","hentry","category-obras"],"aioseo_notices":[],"jetpack_featured_media_url":"https:\/\/gazetadoabranches.com\/wp-content\/uploads\/2022\/08\/WhatsApp-Image-2022-08-31-at-21.55.33.jpeg","jetpack-related-posts":[{"id":7621,"url":"https:\/\/gazetadoabranches.com\/index.php\/2021\/06\/07\/vereador-mauro-ignacio-em-reuniao-na-regional-boa-vista-levando-as-demandas-do-abranches-taboao-e-pilarzinho\/","url_meta":{"origin":8486,"position":0},"title":"Vereador Mauro Ignacio em Reuni\u00e3o na Regional Boa Vista, levando as demandas do Abranches, Tabo\u00e3o e Pilarzinho","author":"Gazeta do Abranches","date":"junho 7, 2021","format":false,"excerpt":"Vereador Mauro Ign\u00e1cio esteve reunido na Regional Boa Vista com a Administradora Jana\u00edna Lopes Gehr, tratando de assuntos relacionados a regi\u00e3o norte, mais especificamente dos bairros Abranches, Tabo\u00e3o , Pilarzinho e Boa Vista. Tais como a opera\u00e7\u00e3o Tapa buracos na rua Anna Schella Schoroeder, no Pilarzinho, que por estar com\u2026","rel":"","context":"Em &quot;Bairros&quot;","block_context":{"text":"Bairros","link":"https:\/\/gazetadoabranches.com\/index.php\/category\/bairros\/"},"img":{"alt_text":"","src":"https:\/\/i0.wp.com\/gazetadoabranches.com\/wp-content\/uploads\/2021\/06\/WhatsApp-Image-2021-05-31-at-17.31.01.jpeg?resize=350%2C200&ssl=1","width":350,"height":200,"srcset":"https:\/\/i0.wp.com\/gazetadoabranches.com\/wp-content\/uploads\/2021\/06\/WhatsApp-Image-2021-05-31-at-17.31.01.jpeg?resize=350%2C200&ssl=1 1x, https:\/\/i0.wp.com\/gazetadoabranches.com\/wp-content\/uploads\/2021\/06\/WhatsApp-Image-2021-05-31-at-17.31.01.jpeg?resize=525%2C300&ssl=1 1.5x, https:\/\/i0.wp.com\/gazetadoabranches.com\/wp-content\/uploads\/2021\/06\/WhatsApp-Image-2021-05-31-at-17.31.01.jpeg?resize=700%2C400&ssl=1 2x, https:\/\/i0.wp.com\/gazetadoabranches.com\/wp-content\/uploads\/2021\/06\/WhatsApp-Image-2021-05-31-at-17.31.01.jpeg?resize=1050%2C600&ssl=1 3x"},"classes":[]},{"id":9034,"url":"https:\/\/gazetadoabranches.com\/index.php\/2023\/08\/14\/obras-de-revitalizacao-de-ruas-no-abranches-e-pilarzinho-atendem-demandas-do-vereador-mauro-ignacio\/","url_meta":{"origin":8486,"position":1},"title":"Obras de revitaliza\u00e7\u00e3o de ruas no Abranches e Pilarzinho atendem demandas do Vereador Mauro Ign\u00e1cio","author":"Gazeta do Abranches","date":"agosto 14, 2023","format":false,"excerpt":"Rua Jo\u00e3o Kubis, no Abranches, recebe nova malha asf\u00e1ltica ap\u00f3s interven\u00e7\u00e3o do Vereador Mauro Ign\u00e1cio A t\u00e3o aguardada revitaliza\u00e7\u00e3o da rua Jo\u00e3o Kubis, localizada no bairro Abranches, finalmente se tornou realidade. Ap\u00f3s um longo per\u00edodo de m\u00e1s condi\u00e7\u00f5es em sua malha vi\u00e1ria, os moradores podem, enfim, comemorar o novo asfalto.\u2026","rel":"","context":"Em &quot;Obras&quot;","block_context":{"text":"Obras","link":"https:\/\/gazetadoabranches.com\/index.php\/category\/obras\/"},"img":{"alt_text":"","src":"https:\/\/i0.wp.com\/gazetadoabranches.com\/wp-content\/uploads\/2023\/08\/WhatsApp-Image-2023-08-01-at-22.40.41.jpeg?resize=350%2C200&ssl=1","width":350,"height":200,"srcset":"https:\/\/i0.wp.com\/gazetadoabranches.com\/wp-content\/uploads\/2023\/08\/WhatsApp-Image-2023-08-01-at-22.40.41.jpeg?resize=350%2C200&ssl=1 1x, https:\/\/i0.wp.com\/gazetadoabranches.com\/wp-content\/uploads\/2023\/08\/WhatsApp-Image-2023-08-01-at-22.40.41.jpeg?resize=525%2C300&ssl=1 1.5x, https:\/\/i0.wp.com\/gazetadoabranches.com\/wp-content\/uploads\/2023\/08\/WhatsApp-Image-2023-08-01-at-22.40.41.jpeg?resize=700%2C400&ssl=1 2x, https:\/\/i0.wp.com\/gazetadoabranches.com\/wp-content\/uploads\/2023\/08\/WhatsApp-Image-2023-08-01-at-22.40.41.jpeg?resize=1050%2C600&ssl=1 3x"},"classes":[]},{"id":8750,"url":"https:\/\/gazetadoabranches.com\/index.php\/2023\/01\/23\/rua-maria-bauer-siegmund-recebe-nova-malha-asfaltica-no-pilarzinho\/","url_meta":{"origin":8486,"position":2},"title":"Rua Maria Bauer Siegmund recebe nova malha Asf\u00e1ltica no Pilarzinho","author":"Gazeta do Abranches","date":"janeiro 23, 2023","format":false,"excerpt":"A rua Maria Bauer Siegmund est\u00e1 recebendo nova malha asf\u00e1ltica por emenda do Vereador Mauro Ign\u00e1cio, no trecho entre a rua S\u00e3o Salvador e Roberto Gava no Pilarzinho. Essa que era uma reivindica\u00e7\u00e3o antiga dos moradores e comerciantes dessa quadra e agora a prefeitura est\u00e1 fazendo essa reciclagem que ir\u00e1\u2026","rel":"","context":"Em &quot;Bairros&quot;","block_context":{"text":"Bairros","link":"https:\/\/gazetadoabranches.com\/index.php\/category\/bairros\/"},"img":{"alt_text":"","src":"https:\/\/i0.wp.com\/gazetadoabranches.com\/wp-content\/uploads\/2023\/01\/WhatsApp-Image-2023-01-23-at-11.11.19.jpeg?resize=350%2C200&ssl=1","width":350,"height":200,"srcset":"https:\/\/i0.wp.com\/gazetadoabranches.com\/wp-content\/uploads\/2023\/01\/WhatsApp-Image-2023-01-23-at-11.11.19.jpeg?resize=350%2C200&ssl=1 1x, https:\/\/i0.wp.com\/gazetadoabranches.com\/wp-content\/uploads\/2023\/01\/WhatsApp-Image-2023-01-23-at-11.11.19.jpeg?resize=525%2C300&ssl=1 1.5x, https:\/\/i0.wp.com\/gazetadoabranches.com\/wp-content\/uploads\/2023\/01\/WhatsApp-Image-2023-01-23-at-11.11.19.jpeg?resize=700%2C400&ssl=1 2x, https:\/\/i0.wp.com\/gazetadoabranches.com\/wp-content\/uploads\/2023\/01\/WhatsApp-Image-2023-01-23-at-11.11.19.jpeg?resize=1050%2C600&ssl=1 3x, https:\/\/i0.wp.com\/gazetadoabranches.com\/wp-content\/uploads\/2023\/01\/WhatsApp-Image-2023-01-23-at-11.11.19.jpeg?resize=1400%2C800&ssl=1 4x"},"classes":[]},{"id":8420,"url":"https:\/\/gazetadoabranches.com\/index.php\/2022\/07\/25\/obras-no-cruzamento-das-ruas-sao-domingos-e-gardenio-scorzato-e-andre-vigo-no-pilarzinho\/","url_meta":{"origin":8486,"position":3},"title":"Obras no cruzamento das ruas S\u00e3o Domingos e Gardenio Scorzato e Andr\u00e9 Vigo no Pilarzinho","author":"Gazeta do Abranches","date":"julho 25, 2022","format":false,"excerpt":"O cruzamento perigoso localizado no bairro do Pilarzinho, mais precisamente nas ruas Gardenio Scorzato com S\u00e3o Domingos e Andr\u00e9 Vigo, onde ocorrem v\u00e1rios acidentes e \u00e9 um local de muitas reclama\u00e7\u00f5es dos moradores da regi\u00e3o. Agora est\u00e1 recebendo por parte da prefeitura e da Setran a primeira fase para conter\u2026","rel":"","context":"Em &quot;Bairros&quot;","block_context":{"text":"Bairros","link":"https:\/\/gazetadoabranches.com\/index.php\/category\/bairros\/"},"img":{"alt_text":"","src":"https:\/\/i0.wp.com\/gazetadoabranches.com\/wp-content\/uploads\/2022\/07\/WhatsApp-Image-2022-07-25-at-12.22.23.jpeg?resize=350%2C200&ssl=1","width":350,"height":200,"srcset":"https:\/\/i0.wp.com\/gazetadoabranches.com\/wp-content\/uploads\/2022\/07\/WhatsApp-Image-2022-07-25-at-12.22.23.jpeg?resize=350%2C200&ssl=1 1x, https:\/\/i0.wp.com\/gazetadoabranches.com\/wp-content\/uploads\/2022\/07\/WhatsApp-Image-2022-07-25-at-12.22.23.jpeg?resize=525%2C300&ssl=1 1.5x, https:\/\/i0.wp.com\/gazetadoabranches.com\/wp-content\/uploads\/2022\/07\/WhatsApp-Image-2022-07-25-at-12.22.23.jpeg?resize=700%2C400&ssl=1 2x, https:\/\/i0.wp.com\/gazetadoabranches.com\/wp-content\/uploads\/2022\/07\/WhatsApp-Image-2022-07-25-at-12.22.23.jpeg?resize=1050%2C600&ssl=1 3x, https:\/\/i0.wp.com\/gazetadoabranches.com\/wp-content\/uploads\/2022\/07\/WhatsApp-Image-2022-07-25-at-12.22.23.jpeg?resize=1400%2C800&ssl=1 4x"},"classes":[]},{"id":8743,"url":"https:\/\/gazetadoabranches.com\/index.php\/2023\/01\/23\/rua-antonio-krainiski-no-abranches-recebendo-revitalizacao-asfaltica\/","url_meta":{"origin":8486,"position":4},"title":"Rua Antonio krainiski no Abranches recebendo revitaliza\u00e7\u00e3o asf\u00e1ltica","author":"Gazeta do Abranches","date":"janeiro 23, 2023","format":false,"excerpt":"A rua Antonio Krainiski est\u00e1 recebendo a revitaliza\u00e7\u00e3o asf\u00e1ltica, uma obra muito solicitada pelos moradores e usu\u00e1rios desta rua. A rua em quest\u00e3o recebe um grande fluxo de ve\u00edculos , principalmente nos hor\u00e1rios de pico, al\u00e9m de receber todo final de semana in\u00fameros \u00f4nibus de turismo em raz\u00e3o da proximidade\u2026","rel":"","context":"Em &quot;Bairros&quot;","block_context":{"text":"Bairros","link":"https:\/\/gazetadoabranches.com\/index.php\/category\/bairros\/"},"img":{"alt_text":"","src":"https:\/\/i0.wp.com\/gazetadoabranches.com\/wp-content\/uploads\/2023\/01\/WhatsApp-Image-2023-01-23-at-11.12.37.jpeg?resize=350%2C200&ssl=1","width":350,"height":200,"srcset":"https:\/\/i0.wp.com\/gazetadoabranches.com\/wp-content\/uploads\/2023\/01\/WhatsApp-Image-2023-01-23-at-11.12.37.jpeg?resize=350%2C200&ssl=1 1x, https:\/\/i0.wp.com\/gazetadoabranches.com\/wp-content\/uploads\/2023\/01\/WhatsApp-Image-2023-01-23-at-11.12.37.jpeg?resize=525%2C300&ssl=1 1.5x, https:\/\/i0.wp.com\/gazetadoabranches.com\/wp-content\/uploads\/2023\/01\/WhatsApp-Image-2023-01-23-at-11.12.37.jpeg?resize=700%2C400&ssl=1 2x, https:\/\/i0.wp.com\/gazetadoabranches.com\/wp-content\/uploads\/2023\/01\/WhatsApp-Image-2023-01-23-at-11.12.37.jpeg?resize=1050%2C600&ssl=1 3x"},"classes":[]},{"id":8891,"url":"https:\/\/gazetadoabranches.com\/index.php\/2023\/04\/17\/greca-entrega-obra-solicitada-por-moradores-do-vista-alegre-no-fala-curitiba\/","url_meta":{"origin":8486,"position":5},"title":"Greca entrega obra solicitada por moradores do Vista Alegre no Fala Curitiba","author":"Gazeta do Abranches","date":"abril 17, 2023","format":false,"excerpt":"Na tarde desta segunda-feira (17\/4), o prefeito Rafael Greca esteve na conflu\u00eancia das ruas Ant\u00f4nio Grade, Jo\u00e3o Tschannerl e Jo\u00e3o Carlos Pedrosa, no bairro Vista Alegre, para vistoriar e entregar \u00e0 popula\u00e7\u00e3o as obras de corre\u00e7\u00e3o geom\u00e9trica e regulariza\u00e7\u00e3o das cal\u00e7adas. A obra foi realizada pela\u00a0Secretaria Municipal de Obras P\u00fablicas\u00a0(Smop)\u2026","rel":"","context":"Em &quot;Obras&quot;","block_context":{"text":"Obras","link":"https:\/\/gazetadoabranches.com\/index.php\/category\/obras\/"},"img":{"alt_text":"","src":"https:\/\/i0.wp.com\/gazetadoabranches.com\/wp-content\/uploads\/2023\/04\/Rotat%C3%B3ria-Vista-Alegre.jpg?resize=350%2C200&ssl=1","width":350,"height":200,"srcset":"https:\/\/i0.wp.com\/gazetadoabranches.com\/wp-content\/uploads\/2023\/04\/Rotat%C3%B3ria-Vista-Alegre.jpg?resize=350%2C200&ssl=1 1x, https:\/\/i0.wp.com\/gazetadoabranches.com\/wp-content\/uploads\/2023\/04\/Rotat%C3%B3ria-Vista-Alegre.jpg?resize=525%2C300&ssl=1 1.5x, https:\/\/i0.wp.com\/gazetadoabranches.com\/wp-content\/uploads\/2023\/04\/Rotat%C3%B3ria-Vista-Alegre.jpg?resize=700%2C400&ssl=1 2x"},"classes":[]}],"jetpack_likes_enabled":true,"jetpack_sharing_enabled":true,"_links":{"self":[{"href":"https:\/\/gazetadoabranches.com\/index.php\/wp-json\/wp\/v2\/posts\/8486","targetHints":{"allow":["GET"]}}],"collection":[{"href":"https:\/\/gazetadoabranches.com\/index.php\/wp-json\/wp\/v2\/posts"}],"about":[{"href":"https:\/\/gazetadoabranches.com\/index.php\/wp-json\/wp\/v2\/types\/post"}],"author":[{"embeddable":true,"href":"https:\/\/gazetadoabranches.com\/index.php\/wp-json\/wp\/v2\/users\/1"}],"replies":[{"embeddable":true,"href":"https:\/\/gazetadoabranches.com\/index.php\/wp-json\/wp\/v2\/comments?post=8486"}],"version-history":[{"count":1,"href":"https:\/\/gazetadoabranches.com\/index.php\/wp-json\/wp\/v2\/posts\/8486\/revisions"}],"predecessor-version":[{"id":8498,"href":"https:\/\/gazetadoabranches.com\/index.php\/wp-json\/wp\/v2\/posts\/8486\/revisions\/8498"}],"wp:featuredmedia":[{"embeddable":true,"href":"https:\/\/gazetadoabranches.com\/index.php\/wp-json\/wp\/v2\/media\/8494"}],"wp:attachment":[{"href":"https:\/\/gazetadoabranches.com\/index.php\/wp-json\/wp\/v2\/media?parent=8486"}],"wp:term":[{"taxonomy":"category","embeddable":true,"href":"https:\/\/gazetadoabranches.com\/index.php\/wp-json\/wp\/v2\/categories?post=8486"},{"taxonomy":"post_tag","embeddable":true,"href":"https:\/\/gazetadoabranches.com\/index.php\/wp-json\/wp\/v2\/tags?post=8486"}],"curies":[{"name":"wp","href":"https:\/\/api.w.org\/{rel}","templated":true}]}}