{"id":8504,"date":"2022-09-18T16:16:14","date_gmt":"2022-09-18T19:16:14","guid":{"rendered":"https:\/\/gazetadoabranches.com\/?p=8504"},"modified":"2022-09-18T16:16:14","modified_gmt":"2022-09-18T19:16:14","slug":"greca-anuncia-entrada-de-curitiba-na-era-da-eletromobilidade","status":"publish","type":"post","link":"https:\/\/gazetadoabranches.com\/index.php\/2022\/09\/18\/greca-anuncia-entrada-de-curitiba-na-era-da-eletromobilidade\/","title":{"rendered":"Greca anuncia entrada de Curitiba na era da eletromobilidade"},"content":{"rendered":"<figure id=\"attachment_8505\" aria-describedby=\"caption-attachment-8505\" style=\"width: 800px\" class=\"wp-caption aligncenter\"><img loading=\"lazy\" decoding=\"async\" class=\"size-full wp-image-8505\" src=\"https:\/\/gazetadoabranches.com\/wp-content\/uploads\/2022\/09\/Onibus-eletrico.jpg\" alt=\"\" width=\"800\" height=\"871\" srcset=\"https:\/\/gazetadoabranches.com\/wp-content\/uploads\/2022\/09\/Onibus-eletrico.jpg 800w, https:\/\/gazetadoabranches.com\/wp-content\/uploads\/2022\/09\/Onibus-eletrico-276x300.jpg 276w, https:\/\/gazetadoabranches.com\/wp-content\/uploads\/2022\/09\/Onibus-eletrico-768x836.jpg 768w\" sizes=\"auto, (max-width: 800px) 100vw, 800px\" \/><figcaption id=\"caption-attachment-8505\" class=\"wp-caption-text\">Apresenta\u00e7\u00e3o do \u00f4nibus 100% el\u00e9trico no Parque Tangu\u00e1. O ve\u00edculo \u00e9 fabricado pela empresa chinesa Higer, e ir\u00e1 operar em fase de testes neste m\u00eas de setembro na cidade &#8211; Curitiba, 16\/09\/2022 &#8211; Foto: Daniel Castellano \/ SMCS<\/figcaption><\/figure>\n<p>O prefeito Rafael Greca anunciou a entrada do transporte p\u00fablico curitibano na era da eletromobilidade ao apresentar nesta sexta-feira (16\/9), no Parque Tangu\u00e1, o modelo de \u00f4nibus 100% el\u00e9trico fabricado pela empresa chinesa Higer, que ir\u00e1 operar em fase de testes neste m\u00eas de setembro na cidade.<\/p>\n<blockquote><p>\u201c\u00c9 hora de embarcarmos com os dois p\u00e9s e todos os pneus na eletromobilidade. A ideia \u00e9, de agora at\u00e9 2024, colocar linhas integralmente el\u00e9tricas em opera\u00e7\u00e3o na cidade\u201d, disse Greca, ao destacar que ser\u00e3o testados diferentes tipos de \u00f4nibus dispon\u00edveis no mercado para definir as tecnologias que se adequem \u00e0s demandas de Curitiba.<\/p><\/blockquote>\n<p>\u201cO mundo vai melhorar na propor\u00e7\u00e3o em que avan\u00e7armos na eletromobilidade. A ideia de baterias autossuficientes, de frotas p\u00fablicas de transporte que n\u00e3o envenenem o ar das cidades, que n\u00e3o aumentem o aquecimento global e que fa\u00e7am com que as pessoas v\u00e3o e voltem com plena sa\u00fade \u00e9 o que representa o rosto da esperan\u00e7a e a vis\u00e3o do futuro. Curitiba tem compromisso com o futuro\u201d, refor\u00e7ou o prefeito.<\/p>\n<h3>Planejamento<\/h3>\n<p>O vice-prefeito Eduardo Pimentel destacou o planejamento como o principal ativo de Curitiba. \u201cO planejamento, orientado pelo prefeito Rafael Greca, culmina com um momento importante que une a administra\u00e7\u00e3o municipal, fabricantes e empresas com o objetivo de promover a evolu\u00e7\u00e3o da mobilidade em Curitiba.\u201d<\/p>\n<p>Para o diretor da Higer Bus do Brasil, Marcelo Barella, \u00e9 importante mostrar a nova tecnologia na capital paranaense.<\/p>\n<blockquote><p>\u201c\u00c9 importante apresentar a nova tecnologia e o conforto que o \u00f4nibus pode dar. A cidade vai poder entender o quanto os projetos da Prefeitura s\u00e3o importantes para a acessibilidade e o bem-estar das pessoas\u201d, observou Barella.&nbsp;<\/p><\/blockquote>\n<p>A Higer \u00e9 uma das maiores fabricantes de \u00f4nibus do mundo, tendo produzido 320 mil ve\u00edculos, dos quais 50 mil el\u00e9tricos. O modelo Azure, apresentado em Curitiba, \u00e9 o mais novo com 5.700 unidades rodando no mundo.&nbsp;<\/p>\n<p>O presidente da empresa Enel X, Francisco Scroffa, respons\u00e1vel pela infraestrutura de carregamento dos \u00f4nibus el\u00e9tricos, ressaltou o ganho ambiental com a inser\u00e7\u00e3o da eletromobilidade. \u201cS\u00e3o projetos que provocam uma disrup\u00e7\u00e3o na cidade, com grande melhora para o meio ambiente e uma grande aposta para o futuro\u201d, disse Scroffa. &#8220;A mobilidade urbana \u00e9 respons\u00e1vel por 30% da polui\u00e7\u00e3o nos centros urbanos&#8221;, completou.<\/p>\n<h3>Transforma\u00e7\u00e3o urbana<\/h3>\n<p>O c\u00f4nsul honor\u00e1rio da Alemanha em Curitiba, Andreas Hoffrichter, ressaltou a participa\u00e7\u00e3o de Curitiba na TUMI (Transformative Urban Mobility Iniciative) E-Bus Mission, com a meta de acelerar a transi\u00e7\u00e3o para \u00f4nibus el\u00e9tricos. \u201c\u00c9 uma honra participar de um evento em que temos institui\u00e7\u00f5es alem\u00e3s envolvidas com o compromisso de substituir os combust\u00edveis f\u00f3sseis por energia el\u00e9trica para reduzir a polui\u00e7\u00e3o atmosf\u00e9rica.\u201d<\/p>\n<p>A iniciativa \u00e9 financiada pelo Minist\u00e9rio Alem\u00e3o de Coopera\u00e7\u00e3o Econ\u00f4mica e Desenvolvimento (BMZ) com o suporte do C40 Cities, Deutsche Gesellschaft f\u00fcr Internationale Zusammenarbeit (GIZ), The International Council on Clean Transportation (ICCT), The Institute for Transportation and Development Policy (ITDP), ICLEI \u2013 Local Governments for Sustainability, The International Association of Public Transport (UITP) and World Resource Institute (WRI).<\/p>\n<p>A representante da WRI Brasil, Cristina Albuquerque, destacou o planejamento estruturado de Curitiba, pelo trabalho de equipes do Instituto de Pesquisa e Planejamento Urbano de Curitiba (Ippuc) e da Urbs na busca da mobilidade sustent\u00e1vel. \u201cO dia de hoje representa o compromisso do prefeito e da cidade com as pautas clim\u00e1ticas e o PlanClima. Curitiba d\u00e1 passos concretos para a eletrifica\u00e7\u00e3o do transporte rumo \u00e0 sustentabilidade..<\/p>\n<p>Segundo o diretor da empresa Redentor, onde est\u00e1 implantada a unidade de recarga do \u00f4nibus da Higer, Angelo Gulin Neto, houve uma integra\u00e7\u00e3o de esfor\u00e7os para os testes de eletromobilidade. \u201cCuritiba merece um sistema moderno de transporte. A Autovia\u00e7\u00e3o Redentor abra\u00e7ou esse projeto com a participa\u00e7\u00e3o de todos os instrutores para os testes.\u201d<\/p>\n<h3>Presen\u00e7as<\/h3>\n<p>Participaram do evento de apresenta\u00e7\u00e3o do \u00f4nibus el\u00e9trico o presidente da Urbs, Ogeny Maia Neto, as secret\u00e1rias do Meio Ambiente, Marilza Dias, da Educa\u00e7\u00e3o, Maria S\u00edlvia Bacila, e da Comunica\u00e7\u00e3o, Cinthia Genguini; a diretora de Planejamento do Ippuc, Suely Hass, a coordenadora de Mobilidade, Olga Prestes, a assessora de Investimentos, Ana Cristina Jayme, e o assessor de Mobilidade, Cl\u00e9ver Almeida; o assessor da presid\u00eancia do Ippuc, Ricardo Bindo;&nbsp;o administrador da Regional Cajuru, Narciso Doro Jr.; e vereadores.<\/p>\n<figure id=\"attachment_8506\" aria-describedby=\"caption-attachment-8506\" style=\"width: 800px\" class=\"wp-caption aligncenter\"><img loading=\"lazy\" decoding=\"async\" class=\"size-full wp-image-8506\" src=\"https:\/\/gazetadoabranches.com\/wp-content\/uploads\/2022\/09\/Onibus-eletrico1.jpg\" alt=\"\" width=\"800\" height=\"533\" srcset=\"https:\/\/gazetadoabranches.com\/wp-content\/uploads\/2022\/09\/Onibus-eletrico1.jpg 800w, https:\/\/gazetadoabranches.com\/wp-content\/uploads\/2022\/09\/Onibus-eletrico1-300x200.jpg 300w, https:\/\/gazetadoabranches.com\/wp-content\/uploads\/2022\/09\/Onibus-eletrico1-768x512.jpg 768w\" sizes=\"auto, (max-width: 800px) 100vw, 800px\" \/><figcaption id=\"caption-attachment-8506\" class=\"wp-caption-text\">Apresenta\u00e7\u00e3o do \u00f4nibus 100% el\u00e9trico no Parque Tangu\u00e1 com a presen\u00e7a do Prefeito Rafael Greca. O ve\u00edculo \u00e9 fabricado pela empresa chinesa Higer, e ir\u00e1 operar em fase de testes neste m\u00eas de setembro na cidade &#8211; Curitiba, 16\/09\/2022 &#8211; Foto: Daniel Castellano \/ SMCS<\/figcaption><\/figure>\n<p>&nbsp;<\/p>\n<h3>Apresenta\u00e7\u00e3o e testes<\/h3>\n<p>O \u00f4nibus el\u00e9trico da Higer estar\u00e1 neste s\u00e1bado (17\/9) e domingo (18\/9), no Parque Barigui, para viagens gratuitas de hora em hora, a partir das 9h, de ida e volta desde o Sal\u00e3o de Atos at\u00e9 o Terminal Campina do Siqueira, com paradas no Pavilh\u00e3o de Exposi\u00e7\u00f5es.<\/p>\n<p>Na pr\u00f3xima semana, o \u00f4nibus estar\u00e1 em opera\u00e7\u00e3o, de forma alternada, no transporte de passageiros nas linhas Campo Comprido\/CIC, Jardim Ludovica, Detran\/Vicente Machado, Campina do Siqueira\/Batel e Campo Alegre.<\/p>\n","protected":false},"excerpt":{"rendered":"<p>O prefeito Rafael Greca anunciou a entrada do transporte p\u00fablico curitibano na era da eletromobilidade ao apresentar nesta sexta-feira (16\/9), no Parque Tangu\u00e1, o modelo de \u00f4nibus 100% el\u00e9trico fabricado pela empresa chinesa Higer, que ir\u00e1 operar em fase de testes neste m\u00eas de setembro na cidade. \u201c\u00c9 hora de [&hellip;]<\/p>\n","protected":false},"author":1,"featured_media":8505,"comment_status":"open","ping_status":"open","sticky":false,"template":"","format":"standard","meta":{"ngg_post_thumbnail":0,"jetpack_post_was_ever_published":false,"amp_status":"","_jetpack_newsletter_access":"","_jetpack_dont_email_post_to_subs":false,"_jetpack_newsletter_tier_id":0,"_jetpack_memberships_contains_paywalled_content":false,"_jetpack_memberships_contains_paid_content":false,"footnotes":""},"categories":[18],"tags":[],"class_list":["post-8504","post","type-post","status-publish","format-standard","has-post-thumbnail","hentry","category-prefeitura"],"aioseo_notices":[],"jetpack_featured_media_url":"https:\/\/gazetadoabranches.com\/wp-content\/uploads\/2022\/09\/Onibus-eletrico.jpg","jetpack-related-posts":[{"id":7890,"url":"https:\/\/gazetadoabranches.com\/index.php\/2021\/11\/18\/ruas-de-acesso-ao-parque-tangua-ganham-asfalto-novo\/","url_meta":{"origin":8504,"position":0},"title":"Ruas de acesso ao Parque Tangu\u00e1 ganham asfalto novo","author":"Gazeta do Abranches","date":"novembro 18, 2021","format":false,"excerpt":"Tr\u00eas ruas do Pilarzinho que d\u00e3o acesso ao Parque Tangu\u00e1 est\u00e3o sendo requalificadas pela Prefeitura de Curitiba. O prefeito Rafael Greca acompanhou, nesta quarta-feira (17\/11), o in\u00edcio das obras de reciclagem do pavimento da Rua Margarida de Conto\u00a0Gava, que vai ganhar asfalto novo no trecho de 478 metros entre a\u2026","rel":"","context":"Em &quot;Bairros&quot;","block_context":{"text":"Bairros","link":"https:\/\/gazetadoabranches.com\/index.php\/category\/bairros\/"},"img":{"alt_text":"","src":"https:\/\/i0.wp.com\/gazetadoabranches.com\/wp-content\/uploads\/2021\/11\/Ruas-pq-Tangua.jpg?resize=350%2C200&ssl=1","width":350,"height":200,"srcset":"https:\/\/i0.wp.com\/gazetadoabranches.com\/wp-content\/uploads\/2021\/11\/Ruas-pq-Tangua.jpg?resize=350%2C200&ssl=1 1x, https:\/\/i0.wp.com\/gazetadoabranches.com\/wp-content\/uploads\/2021\/11\/Ruas-pq-Tangua.jpg?resize=525%2C300&ssl=1 1.5x, https:\/\/i0.wp.com\/gazetadoabranches.com\/wp-content\/uploads\/2021\/11\/Ruas-pq-Tangua.jpg?resize=700%2C400&ssl=1 2x"},"classes":[]},{"id":9434,"url":"https:\/\/gazetadoabranches.com\/index.php\/2024\/12\/19\/em-noite-emocionante-maior-escultura-em-bronze-de-curitiba-e-inaugurada-no-parque-tangua\/","url_meta":{"origin":8504,"position":1},"title":"Em noite emocionante, maior escultura em bronze de Curitiba \u00e9 inaugurada no Parque Tangu\u00e1","author":"Gazeta do Abranches","date":"dezembro 19, 2024","format":false,"excerpt":"Curitiba viveu uma noite m\u00e1gica nesta quarta-feira (18\/12), marcada pela uni\u00e3o da arte, do Natal e do esp\u00edrito de supera\u00e7\u00e3o. O prefeito Rafael Greca e o vice-prefeito e prefeito eleito, Eduardo Pimentel, inauguraram a maior escultura em bronze ao ar livre da cidade - o Pegasus, uma obra monumental com\u2026","rel":"","context":"Em &quot;Natal&quot;","block_context":{"text":"Natal","link":"https:\/\/gazetadoabranches.com\/index.php\/category\/natal\/"},"img":{"alt_text":"","src":"https:\/\/i0.wp.com\/gazetadoabranches.com\/wp-content\/uploads\/2024\/12\/Tangua-Pegasus.png?resize=350%2C200&ssl=1","width":350,"height":200,"srcset":"https:\/\/i0.wp.com\/gazetadoabranches.com\/wp-content\/uploads\/2024\/12\/Tangua-Pegasus.png?resize=350%2C200&ssl=1 1x, https:\/\/i0.wp.com\/gazetadoabranches.com\/wp-content\/uploads\/2024\/12\/Tangua-Pegasus.png?resize=525%2C300&ssl=1 1.5x, https:\/\/i0.wp.com\/gazetadoabranches.com\/wp-content\/uploads\/2024\/12\/Tangua-Pegasus.png?resize=700%2C400&ssl=1 2x"},"classes":[]},{"id":9429,"url":"https:\/\/gazetadoabranches.com\/index.php\/2024\/12\/19\/espetaculo-apoteotico-do-natal-de-curitiba-emociona-multidao-no-parque-tangua\/","url_meta":{"origin":8504,"position":2},"title":"Espet\u00e1culo apote\u00f3tico do Natal de Curitiba emociona multid\u00e3o no Parque Tangu\u00e1","author":"Gazeta do Abranches","date":"dezembro 19, 2024","format":false,"excerpt":"O espet\u00e1culo Natal do Cora\u00e7\u00e3o foi apote\u00f3tico, transformando o Parque Tangu\u00e1 em um cen\u00e1rio de sonhos na noite desta quarta-feira (18\/12). Cores, luzes, malabarismos, poesia e m\u00fasicas natalinas encantaram o p\u00fablico que lotou o espa\u00e7o para acompanhar a apresenta\u00e7\u00e3o realizada em um palco montado sobre o lago. Entre os espectadores\u2026","rel":"","context":"Em &quot;Natal&quot;","block_context":{"text":"Natal","link":"https:\/\/gazetadoabranches.com\/index.php\/category\/natal\/"},"img":{"alt_text":"","src":"https:\/\/i0.wp.com\/gazetadoabranches.com\/wp-content\/uploads\/2024\/12\/Natal-tangua-2024.png?resize=350%2C200&ssl=1","width":350,"height":200,"srcset":"https:\/\/i0.wp.com\/gazetadoabranches.com\/wp-content\/uploads\/2024\/12\/Natal-tangua-2024.png?resize=350%2C200&ssl=1 1x, https:\/\/i0.wp.com\/gazetadoabranches.com\/wp-content\/uploads\/2024\/12\/Natal-tangua-2024.png?resize=525%2C300&ssl=1 1.5x, https:\/\/i0.wp.com\/gazetadoabranches.com\/wp-content\/uploads\/2024\/12\/Natal-tangua-2024.png?resize=700%2C400&ssl=1 2x"},"classes":[]},{"id":9261,"url":"https:\/\/gazetadoabranches.com\/index.php\/2024\/06\/10\/prefeito-rafael-greca-entrega-nova-trincheira-e-viadutos-no-atuba-e-libera-o-transito-na-linha-verde-em-curitiba\/","url_meta":{"origin":8504,"position":3},"title":"Prefeito Rafael Greca entrega nova trincheira e viadutos no Atuba e libera o tr\u00e2nsito na Linha Verde em Curitiba","author":"Gazeta do Abranches","date":"junho 10, 2024","format":false,"excerpt":"Neste hist\u00f3rico domingo (9\/6), o prefeito de Curitiba, Rafael Greca, fez aquilo que parecia imposs\u00edvel, que muitos prometeram, mas nunca cumpriram e o que os curitibanos aguardavam h\u00e1 quase 17 anos: as 12 faixas para ve\u00edculos do trecho final da\u00a0Linha Verde\u00a0Norte (Lote 4.1) foram liberadas ao tr\u00e1fego, nos dois sentidos,\u2026","rel":"","context":"Em &quot;Obras&quot;","block_context":{"text":"Obras","link":"https:\/\/gazetadoabranches.com\/index.php\/category\/obras\/"},"img":{"alt_text":"","src":"https:\/\/i0.wp.com\/gazetadoabranches.com\/wp-content\/uploads\/2024\/06\/Trevo-do-Atuba.jpg?resize=350%2C200&ssl=1","width":350,"height":200,"srcset":"https:\/\/i0.wp.com\/gazetadoabranches.com\/wp-content\/uploads\/2024\/06\/Trevo-do-Atuba.jpg?resize=350%2C200&ssl=1 1x, https:\/\/i0.wp.com\/gazetadoabranches.com\/wp-content\/uploads\/2024\/06\/Trevo-do-Atuba.jpg?resize=525%2C300&ssl=1 1.5x, https:\/\/i0.wp.com\/gazetadoabranches.com\/wp-content\/uploads\/2024\/06\/Trevo-do-Atuba.jpg?resize=700%2C400&ssl=1 2x"},"classes":[]},{"id":8700,"url":"https:\/\/gazetadoabranches.com\/index.php\/2022\/12\/21\/luzes-cores-e-emocao-marcam-estreia-do-oratorio-de-natal-do-tangua-que-pode-ser-visto-ate-sexta\/","url_meta":{"origin":8504,"position":4},"title":"Luzes, cores e emo\u00e7\u00e3o marcam estreia do Orat\u00f3rio de Natal do Tangu\u00e1, que pode ser visto at\u00e9 sexta","author":"Gazeta do Abranches","date":"dezembro 21, 2022","format":false,"excerpt":"Conhecido como local privilegiado para curtir o p\u00f4r do sol, o Parque Tangu\u00e1 foi, na noite fria e com garoa de ter\u00e7a-feira (20\/12), palco especial para a estreia do Orat\u00f3rio de Natal do Tangu\u00e1, uma superprodu\u00e7\u00e3o que narra com muita emo\u00e7\u00e3o e beleza o nascimento do menino Jesus. O espet\u00e1culo\u2026","rel":"","context":"Em &quot;Natal&quot;","block_context":{"text":"Natal","link":"https:\/\/gazetadoabranches.com\/index.php\/category\/natal\/"},"img":{"alt_text":"","src":"https:\/\/i0.wp.com\/gazetadoabranches.com\/wp-content\/uploads\/2022\/12\/Natal-Tangua-2022.jpg?resize=350%2C200&ssl=1","width":350,"height":200,"srcset":"https:\/\/i0.wp.com\/gazetadoabranches.com\/wp-content\/uploads\/2022\/12\/Natal-Tangua-2022.jpg?resize=350%2C200&ssl=1 1x, https:\/\/i0.wp.com\/gazetadoabranches.com\/wp-content\/uploads\/2022\/12\/Natal-Tangua-2022.jpg?resize=525%2C300&ssl=1 1.5x, https:\/\/i0.wp.com\/gazetadoabranches.com\/wp-content\/uploads\/2022\/12\/Natal-Tangua-2022.jpg?resize=700%2C400&ssl=1 2x"},"classes":[]},{"id":9371,"url":"https:\/\/gazetadoabranches.com\/index.php\/2024\/11\/04\/greca-recebe-em-barcelona-trofeu-que-premia-curitiba-como-uma-das-7-comunidades-mais-inteligentes-do-mundo\/","url_meta":{"origin":8504,"position":5},"title":"Greca recebe em Barcelona trof\u00e9u que premia Curitiba como uma das 7 comunidades mais inteligentes do mundo","author":"Gazeta do Abranches","date":"novembro 4, 2024","format":false,"excerpt":"O prefeito Rafael Greca recebeu, neste domingo (3\/11) em Barcelona (Espanha), o trof\u00e9u que referenda Curitiba como uma das 7 comunidades mais inteligentes do mundo. A premia\u00e7\u00e3o \u00e9 realizada anualmente pelo\u00a0Intelligent Community Forum\u00a0(ICF \u2013 F\u00f3rum de Comunidades Inteligentes) para reconhecer os esfor\u00e7os de cidades, estados e regi\u00f5es do planeta que\u2026","rel":"","context":"Em &quot;Prefeitura&quot;","block_context":{"text":"Prefeitura","link":"https:\/\/gazetadoabranches.com\/index.php\/category\/prefeitura\/"},"img":{"alt_text":"","src":"https:\/\/i0.wp.com\/gazetadoabranches.com\/wp-content\/uploads\/2024\/11\/Greca-e-cidade-inteligente.png?resize=350%2C200&ssl=1","width":350,"height":200,"srcset":"https:\/\/i0.wp.com\/gazetadoabranches.com\/wp-content\/uploads\/2024\/11\/Greca-e-cidade-inteligente.png?resize=350%2C200&ssl=1 1x, https:\/\/i0.wp.com\/gazetadoabranches.com\/wp-content\/uploads\/2024\/11\/Greca-e-cidade-inteligente.png?resize=525%2C300&ssl=1 1.5x, https:\/\/i0.wp.com\/gazetadoabranches.com\/wp-content\/uploads\/2024\/11\/Greca-e-cidade-inteligente.png?resize=700%2C400&ssl=1 2x"},"classes":[]}],"jetpack_likes_enabled":true,"jetpack_sharing_enabled":true,"_links":{"self":[{"href":"https:\/\/gazetadoabranches.com\/index.php\/wp-json\/wp\/v2\/posts\/8504","targetHints":{"allow":["GET"]}}],"collection":[{"href":"https:\/\/gazetadoabranches.com\/index.php\/wp-json\/wp\/v2\/posts"}],"about":[{"href":"https:\/\/gazetadoabranches.com\/index.php\/wp-json\/wp\/v2\/types\/post"}],"author":[{"embeddable":true,"href":"https:\/\/gazetadoabranches.com\/index.php\/wp-json\/wp\/v2\/users\/1"}],"replies":[{"embeddable":true,"href":"https:\/\/gazetadoabranches.com\/index.php\/wp-json\/wp\/v2\/comments?post=8504"}],"version-history":[{"count":1,"href":"https:\/\/gazetadoabranches.com\/index.php\/wp-json\/wp\/v2\/posts\/8504\/revisions"}],"predecessor-version":[{"id":8507,"href":"https:\/\/gazetadoabranches.com\/index.php\/wp-json\/wp\/v2\/posts\/8504\/revisions\/8507"}],"wp:featuredmedia":[{"embeddable":true,"href":"https:\/\/gazetadoabranches.com\/index.php\/wp-json\/wp\/v2\/media\/8505"}],"wp:attachment":[{"href":"https:\/\/gazetadoabranches.com\/index.php\/wp-json\/wp\/v2\/media?parent=8504"}],"wp:term":[{"taxonomy":"category","embeddable":true,"href":"https:\/\/gazetadoabranches.com\/index.php\/wp-json\/wp\/v2\/categories?post=8504"},{"taxonomy":"post_tag","embeddable":true,"href":"https:\/\/gazetadoabranches.com\/index.php\/wp-json\/wp\/v2\/tags?post=8504"}],"curies":[{"name":"wp","href":"https:\/\/api.w.org\/{rel}","templated":true}]}}