{"id":8554,"date":"2022-10-10T17:56:27","date_gmt":"2022-10-10T20:56:27","guid":{"rendered":"https:\/\/gazetadoabranches.com\/?p=8554"},"modified":"2022-10-10T18:03:03","modified_gmt":"2022-10-10T21:03:03","slug":"vereador-sugere-queimar-o-regimento-interno-da-camara-municipal-em-praca-publica","status":"publish","type":"post","link":"https:\/\/gazetadoabranches.com\/index.php\/2022\/10\/10\/vereador-sugere-queimar-o-regimento-interno-da-camara-municipal-em-praca-publica\/","title":{"rendered":"Vereador sugere queimar o Regimento Interno da C\u00e2mara Municipal em Pra\u00e7a P\u00fablica"},"content":{"rendered":"<figure id=\"attachment_8555\" aria-describedby=\"caption-attachment-8555\" style=\"width: 640px\" class=\"wp-caption aligncenter\"><img loading=\"lazy\" decoding=\"async\" class=\"size-large wp-image-8555\" src=\"https:\/\/gazetadoabranches.com\/wp-content\/uploads\/2022\/10\/WhatsApp-Image-2022-10-10-at-17.52.53-1024x682.jpeg\" alt=\"\" width=\"640\" height=\"426\" srcset=\"https:\/\/gazetadoabranches.com\/wp-content\/uploads\/2022\/10\/WhatsApp-Image-2022-10-10-at-17.52.53-1024x682.jpeg 1024w, https:\/\/gazetadoabranches.com\/wp-content\/uploads\/2022\/10\/WhatsApp-Image-2022-10-10-at-17.52.53-300x200.jpeg 300w, https:\/\/gazetadoabranches.com\/wp-content\/uploads\/2022\/10\/WhatsApp-Image-2022-10-10-at-17.52.53-768x512.jpeg 768w, https:\/\/gazetadoabranches.com\/wp-content\/uploads\/2022\/10\/WhatsApp-Image-2022-10-10-at-17.52.53.jpeg 1280w\" sizes=\"auto, (max-width: 640px) 100vw, 640px\" \/><figcaption id=\"caption-attachment-8555\" class=\"wp-caption-text\">Vereador Mauro Ign\u00e1cio durante sua fala na Sess\u00e3o Ordin\u00e1ria de hoje 10\/10, quando sugeriu queimar o Regimento Interno da C\u00e2mara Municipal- Foto: Rodrigo Fonseca (CMC)<\/figcaption><\/figure>\n<p>A manh\u00e3 desta segunda-feira (10) foi agitada na C\u00e2mara Municipal de Curitiba e o motivo para tanta \u201ceuforia\u201d era o retorno do novamente vereador Renato Freitas, do PT.<br \/>\nRenato foi o primeiro a usar a tribuna para, em tom debochado e com falas recitadas, provocar os demais vereadores que h\u00e1 pouco tempo aprovaram sua cassa\u00e7\u00e3o por, supostamente, ter realizado ato pol\u00edtico dentro de uma igreja hist\u00f3rica da Capital paranaense.<\/p>\n<p>&nbsp;&nbsp;&nbsp;&nbsp;&nbsp;&nbsp;&nbsp;&nbsp;&nbsp;&nbsp;&nbsp; A provoca\u00e7\u00e3o do \u201cdescassado\u201d Renato n\u00e3o passou em branco e logo foi respondida por outros vereadores que tamb\u00e9m utilizaram do tempo de fala para abordar o assunto e reapresentar as \u201cboas vindas\u201d ao novo\/velho colega.<\/p>\n<p>&nbsp;&nbsp;&nbsp;&nbsp;&nbsp;&nbsp;&nbsp;&nbsp;&nbsp;&nbsp;&nbsp; Um dos discursos mais cr\u00edticos foi o do vereador Mauro Ign\u00e1cio (Uni\u00e3o), vice-l\u00edder do Prefeito Rafael Greca, que n\u00e3o poupou cr\u00edticas at\u00e9 mesmo ao STF e sugeriu: \u201cVamos queimar nosso regimento interno em pra\u00e7a p\u00fablica\u201d, referindo-se \u00e0 decis\u00e3o do Ministro Luiz Roberto Barroso que concedeu liminar e tornou sem efeito a decis\u00e3o dos vereadores curitibanos, feita de forma legal e que obedeceu a norma interna.<\/p>\n<p>&nbsp;&nbsp;&nbsp;&nbsp;&nbsp;&nbsp;&nbsp;&nbsp;&nbsp;&nbsp;&nbsp; O vereador ainda questionou a rapidez com que foi concedida a liminar: \u201cser\u00e1 que o recurso impetrado pelo Presidente Tico Kuzma vai ser julgado antes de 2 meses?\u201d. Segundo o parlamentar, sua preocupa\u00e7\u00e3o n\u00e3o \u00e9 com a volta do colega oposicionista \u00e0 C\u00e2mara \u201cmas sim com os milhares de cidad\u00e3os que aguardam uma decis\u00e3o da C\u00f4rte Suprema e alguns morrem esperando uma resposta\u201d esbravejou Ign\u00e1cio em sua fala e finalizou lembrando do epis\u00f3dio de invas\u00e3o do plen\u00e1rio da C\u00e2mara em 2017, quando v\u00e2ndalos chegaram a urinar nas depend\u00eancias do pr\u00e9dio hist\u00f3rico, quando existia liminar proibindo a invas\u00e3o com previs\u00e3o de multa aos sindicatos e que at\u00e9 o momento n\u00e3o foi resolvido o ressarcimento aos danos causados pelos invasores, \u201cdois pesos, uma medida\u201d encerrou Mauro.<\/p>\n<p>&nbsp;&nbsp;&nbsp;&nbsp;&nbsp;&nbsp;&nbsp;&nbsp;&nbsp;&nbsp;&nbsp; Agora, resta aguardar os pr\u00f3ximos cap\u00edtulos dessa \u201cnovela mexicana\u201d para ent\u00e3o sabermos para qual dos lados o final vai ser feliz.<\/p>\n<p>Mat\u00e9ria: Flavio Junior<\/p>\n<div style=\"width: 640px;\" class=\"wp-video\"><!--[if lt IE 9]><script>document.createElement('video');<\/script><![endif]-->\n<video class=\"wp-video-shortcode\" id=\"video-8554-1\" width=\"640\" height=\"368\" preload=\"metadata\" controls=\"controls\"><source type=\"video\/mp4\" src=\"https:\/\/gazetadoabranches.com\/wp-content\/uploads\/2022\/10\/WhatsApp-Video-2022-10-10-at-10.05.24.mp4?_=1\" \/><a href=\"https:\/\/gazetadoabranches.com\/wp-content\/uploads\/2022\/10\/WhatsApp-Video-2022-10-10-at-10.05.24.mp4\">https:\/\/gazetadoabranches.com\/wp-content\/uploads\/2022\/10\/WhatsApp-Video-2022-10-10-at-10.05.24.mp4<\/a><\/video><\/div>\n","protected":false},"excerpt":{"rendered":"<p>A manh\u00e3 desta segunda-feira (10) foi agitada na C\u00e2mara Municipal de Curitiba e o motivo para tanta \u201ceuforia\u201d era o retorno do novamente vereador Renato Freitas, do PT. Renato foi o primeiro a usar a tribuna para, em tom debochado e com falas recitadas, provocar os demais vereadores que h\u00e1 [&hellip;]<\/p>\n","protected":false},"author":1,"featured_media":8555,"comment_status":"open","ping_status":"open","sticky":false,"template":"","format":"standard","meta":{"ngg_post_thumbnail":0,"jetpack_post_was_ever_published":false,"amp_status":"","_jetpack_newsletter_access":"","_jetpack_dont_email_post_to_subs":false,"_jetpack_newsletter_tier_id":0,"_jetpack_memberships_contains_paywalled_content":false,"_jetpack_memberships_contains_paid_content":false,"footnotes":""},"categories":[1],"tags":[],"class_list":["post-8554","post","type-post","status-publish","format-standard","has-post-thumbnail","hentry","category-outros"],"aioseo_notices":[],"jetpack_featured_media_url":"https:\/\/gazetadoabranches.com\/wp-content\/uploads\/2022\/10\/WhatsApp-Image-2022-10-10-at-17.52.53.jpeg","jetpack-related-posts":[{"id":8785,"url":"https:\/\/gazetadoabranches.com\/index.php\/2023\/03\/03\/mauro-ignacio-e-o-novo-presidente-de-servico-publico\/","url_meta":{"origin":8554,"position":0},"title":"Mauro Ign\u00e1cio \u00e9 o novo presidente de Servi\u00e7o P\u00fablico","author":"Gazeta do Abranches","date":"mar\u00e7o 3, 2023","format":false,"excerpt":"Eder Borges foi eleito o vice-presidente do colegiado em 2023, cargo que tamb\u00e9m foi disputado por Professora Josete. Em reuni\u00e3o na ter\u00e7a-feira (28\/02), ap\u00f3s a sess\u00e3o plen\u00e1ria, a Comiss\u00e3o de Servi\u00e7o P\u00fablico da C\u00e2mara Municipal de Curitiba (CMC) elegeu Mauro Ign\u00e1cio (Uni\u00e3o) para conduzir os trabalhos do colegiado em 2023.\u2026","rel":"","context":"Em &quot;C\u00e2mara Municipal de Curitiba&quot;","block_context":{"text":"C\u00e2mara Municipal de Curitiba","link":"https:\/\/gazetadoabranches.com\/index.php\/category\/camara-municipal-de-curitiba\/"},"img":{"alt_text":"","src":"https:\/\/i0.wp.com\/gazetadoabranches.com\/wp-content\/uploads\/2023\/03\/Mauro-cmc-scaled.jpg?resize=350%2C200&ssl=1","width":350,"height":200,"srcset":"https:\/\/i0.wp.com\/gazetadoabranches.com\/wp-content\/uploads\/2023\/03\/Mauro-cmc-scaled.jpg?resize=350%2C200&ssl=1 1x, https:\/\/i0.wp.com\/gazetadoabranches.com\/wp-content\/uploads\/2023\/03\/Mauro-cmc-scaled.jpg?resize=525%2C300&ssl=1 1.5x, https:\/\/i0.wp.com\/gazetadoabranches.com\/wp-content\/uploads\/2023\/03\/Mauro-cmc-scaled.jpg?resize=700%2C400&ssl=1 2x, https:\/\/i0.wp.com\/gazetadoabranches.com\/wp-content\/uploads\/2023\/03\/Mauro-cmc-scaled.jpg?resize=1050%2C600&ssl=1 3x, https:\/\/i0.wp.com\/gazetadoabranches.com\/wp-content\/uploads\/2023\/03\/Mauro-cmc-scaled.jpg?resize=1400%2C800&ssl=1 4x"},"classes":[]},{"id":8024,"url":"https:\/\/gazetadoabranches.com\/index.php\/2022\/02\/16\/corregedoria-da-cmc-ve-materialidade-nas-denuncias-contra-vereador\/","url_meta":{"origin":8554,"position":1},"title":"Corregedoria da CMC v\u00ea materialidade nas den\u00fancias contra vereador","author":"Gazeta do Abranches","date":"fevereiro 16, 2022","format":false,"excerpt":"Em manifesta\u00e7\u00e3o ao Conselho de \u00c9tica, Am\u00e1lia Tortato afirma haver ind\u00edcios para acusa\u00e7\u00e3o contra o vereador Renato Freitas no caso da invas\u00e3o da Igreja do Ros\u00e1rio. \u00a0 Nesta segunda-feira (14), a Corregedoria da C\u00e2mara Municipal de Curitiba (CMC), dirigida por Am\u00e1lia Tortato (Novo), enviou ao Conselho de \u00c9tica e Decoro\u2026","rel":"","context":"Em &quot;Outros&quot;","block_context":{"text":"Outros","link":"https:\/\/gazetadoabranches.com\/index.php\/category\/outros\/"},"img":{"alt_text":"","src":"https:\/\/i0.wp.com\/gazetadoabranches.com\/wp-content\/uploads\/2022\/02\/Amalia-Tortato-CMC.jpg?resize=350%2C200&ssl=1","width":350,"height":200,"srcset":"https:\/\/i0.wp.com\/gazetadoabranches.com\/wp-content\/uploads\/2022\/02\/Amalia-Tortato-CMC.jpg?resize=350%2C200&ssl=1 1x, https:\/\/i0.wp.com\/gazetadoabranches.com\/wp-content\/uploads\/2022\/02\/Amalia-Tortato-CMC.jpg?resize=525%2C300&ssl=1 1.5x, https:\/\/i0.wp.com\/gazetadoabranches.com\/wp-content\/uploads\/2022\/02\/Amalia-Tortato-CMC.jpg?resize=700%2C400&ssl=1 2x, https:\/\/i0.wp.com\/gazetadoabranches.com\/wp-content\/uploads\/2022\/02\/Amalia-Tortato-CMC.jpg?resize=1050%2C600&ssl=1 3x, https:\/\/i0.wp.com\/gazetadoabranches.com\/wp-content\/uploads\/2022\/02\/Amalia-Tortato-CMC.jpg?resize=1400%2C800&ssl=1 4x"},"classes":[]},{"id":7421,"url":"https:\/\/gazetadoabranches.com\/index.php\/2021\/02\/05\/colegio-de-lideres-decide-expediente-normal-durante-o-carnaval-e-sessoes-hibridas-em-marco\/","url_meta":{"origin":8554,"position":2},"title":"Col\u00e9gio de L\u00edderes decide expediente normal durante o carnaval e sess\u00f5es h\u00edbridas em mar\u00e7o","author":"Gazeta do Abranches","date":"fevereiro 5, 2021","format":false,"excerpt":"C\u00e2mara de Curitiba ter\u00e1 sess\u00f5es plen\u00e1rias entre 15 e 17 de fevereiro. Tico Kuzma (Pros) defende protocolos de responsabilidade sanit\u00e1ria e social. Formado pelos vereadores indicados como l\u00edderes dos blocos parlamentares, dos partidos, do Governo e da oposi\u00e7\u00e3o, o Col\u00e9gio de L\u00edderes da C\u00e2mara Municipal de Curitiba (CMC) se reuniu\u2026","rel":"","context":"Em &quot;Outros&quot;","block_context":{"text":"Outros","link":"https:\/\/gazetadoabranches.com\/index.php\/category\/outros\/"},"img":{"alt_text":"","src":"https:\/\/i0.wp.com\/gazetadoabranches.com\/wp-content\/uploads\/2021\/02\/Camara1.jpg?resize=350%2C200&ssl=1","width":350,"height":200,"srcset":"https:\/\/i0.wp.com\/gazetadoabranches.com\/wp-content\/uploads\/2021\/02\/Camara1.jpg?resize=350%2C200&ssl=1 1x, https:\/\/i0.wp.com\/gazetadoabranches.com\/wp-content\/uploads\/2021\/02\/Camara1.jpg?resize=525%2C300&ssl=1 1.5x, https:\/\/i0.wp.com\/gazetadoabranches.com\/wp-content\/uploads\/2021\/02\/Camara1.jpg?resize=700%2C400&ssl=1 2x, https:\/\/i0.wp.com\/gazetadoabranches.com\/wp-content\/uploads\/2021\/02\/Camara1.jpg?resize=1050%2C600&ssl=1 3x"},"classes":[]},{"id":7578,"url":"https:\/\/gazetadoabranches.com\/index.php\/2021\/05\/11\/em-1o-turno-camara-aprova-homenagem-postuma-a-jairo-marcelino\/","url_meta":{"origin":8554,"position":3},"title":"Em 1\u00ba turno, C\u00e2mara aprova homenagem p\u00f3stuma a Jairo Marcelino","author":"Gazeta do Abranches","date":"maio 11, 2021","format":false,"excerpt":"A\u00a0C\u00e2mara Municipal de Curitiba (CMC)\u00a0aprovou, na sess\u00e3o desta ter\u00e7a-feira (11), denomina\u00e7\u00e3o de logradouro p\u00fablico da capital como Jairo Marcelino da Silva. A homenagem p\u00f3stuma ao\u00a0decano,\u00a0falecido no dia 20 de outubro, aos 77 anos de idade, por complica\u00e7\u00f5es da Covid-19,\u00a0foi assinada por 17 vereadores.\u00a0Com 37 anos ininterruptos de mandato,\u00a0Marcelino\u00a0era chamado pelos\u2026","rel":"","context":"Em &quot;Outros&quot;","block_context":{"text":"Outros","link":"https:\/\/gazetadoabranches.com\/index.php\/category\/outros\/"},"img":{"alt_text":"","src":"https:\/\/i0.wp.com\/gazetadoabranches.com\/wp-content\/uploads\/2021\/05\/Jairo-Marcelino.jpg?resize=350%2C200&ssl=1","width":350,"height":200,"srcset":"https:\/\/i0.wp.com\/gazetadoabranches.com\/wp-content\/uploads\/2021\/05\/Jairo-Marcelino.jpg?resize=350%2C200&ssl=1 1x, https:\/\/i0.wp.com\/gazetadoabranches.com\/wp-content\/uploads\/2021\/05\/Jairo-Marcelino.jpg?resize=525%2C300&ssl=1 1.5x, https:\/\/i0.wp.com\/gazetadoabranches.com\/wp-content\/uploads\/2021\/05\/Jairo-Marcelino.jpg?resize=700%2C400&ssl=1 2x, https:\/\/i0.wp.com\/gazetadoabranches.com\/wp-content\/uploads\/2021\/05\/Jairo-Marcelino.jpg?resize=1050%2C600&ssl=1 3x, https:\/\/i0.wp.com\/gazetadoabranches.com\/wp-content\/uploads\/2021\/05\/Jairo-Marcelino.jpg?resize=1400%2C800&ssl=1 4x"},"classes":[]},{"id":7653,"url":"https:\/\/gazetadoabranches.com\/index.php\/2021\/06\/10\/proposto-texto-unico-para-licenca-de-restaurantes-a-bares-e-casas-de-festas\/","url_meta":{"origin":8554,"position":4},"title":"Proposto texto \u00fanico para licen\u00e7a de restaurantes a bares e casas de festas","author":"Gazeta do Abranches","date":"junho 10, 2021","format":false,"excerpt":"Substitutivo deve consolidar projetos para casas de festas e de eventos \u00e0 iniciativa voltada a bares e casas noturnas. A ideia \u00e9 votar a proposi\u00e7\u00e3o na pr\u00f3xima segunda-feira (14). \u00a0 Ap\u00f3s debate sobre propostas de lei que pretendem conceder licenciamento emergencial a casas de festas e de eventos, dentre outras\u2026","rel":"","context":"Em &quot;Outros&quot;","block_context":{"text":"Outros","link":"https:\/\/gazetadoabranches.com\/index.php\/category\/outros\/"},"img":{"alt_text":"","src":"https:\/\/i0.wp.com\/gazetadoabranches.com\/wp-content\/uploads\/2021\/06\/Buffets-e-eventos.jpg?resize=350%2C200&ssl=1","width":350,"height":200,"srcset":"https:\/\/i0.wp.com\/gazetadoabranches.com\/wp-content\/uploads\/2021\/06\/Buffets-e-eventos.jpg?resize=350%2C200&ssl=1 1x, https:\/\/i0.wp.com\/gazetadoabranches.com\/wp-content\/uploads\/2021\/06\/Buffets-e-eventos.jpg?resize=525%2C300&ssl=1 1.5x, https:\/\/i0.wp.com\/gazetadoabranches.com\/wp-content\/uploads\/2021\/06\/Buffets-e-eventos.jpg?resize=700%2C400&ssl=1 2x, https:\/\/i0.wp.com\/gazetadoabranches.com\/wp-content\/uploads\/2021\/06\/Buffets-e-eventos.jpg?resize=1050%2C600&ssl=1 3x, https:\/\/i0.wp.com\/gazetadoabranches.com\/wp-content\/uploads\/2021\/06\/Buffets-e-eventos.jpg?resize=1400%2C800&ssl=1 4x"},"classes":[]},{"id":9787,"url":"https:\/\/gazetadoabranches.com\/index.php\/2025\/03\/16\/vereador-leonidas-dias-apresenta-projeto-de-lei-para-a-criacao-do-conselho-tutelar-de-protecao-as-pessoas-idosas-em-curitiba\/","url_meta":{"origin":8554,"position":5},"title":"Vereador Leonidas Dias apresenta Projeto de Lei para a cria\u00e7\u00e3o do Conselho Tutelar de Prote\u00e7\u00e3o \u00e0s Pessoas Idosas em Curitiba","author":"Gazeta do Abranches","date":"mar\u00e7o 16, 2025","format":false,"excerpt":"O vereador Leonidas Dias, vice-presidente da C\u00e2mara Municipal de Curitiba, protocolou um Projeto de Lei propondo a cria\u00e7\u00e3o do Conselho Tutelar de Prote\u00e7\u00e3o \u00e0s Pessoas Idosas na capital paranaense. Este Projeto foi discutido em n\u00edvel nacional, com vereadores de outros munic\u00edpios e estados do Brasil. O objetivo \u00e9 a cria\u00e7\u00e3o\u2026","rel":"","context":"Em &quot;Curitiba&quot;","block_context":{"text":"Curitiba","link":"https:\/\/gazetadoabranches.com\/index.php\/category\/curitiba\/"},"img":{"alt_text":"","src":"https:\/\/i0.wp.com\/gazetadoabranches.com\/wp-content\/uploads\/2025\/03\/54335876338_b092cf3893_o-scaled.jpg?resize=350%2C200&ssl=1","width":350,"height":200,"srcset":"https:\/\/i0.wp.com\/gazetadoabranches.com\/wp-content\/uploads\/2025\/03\/54335876338_b092cf3893_o-scaled.jpg?resize=350%2C200&ssl=1 1x, https:\/\/i0.wp.com\/gazetadoabranches.com\/wp-content\/uploads\/2025\/03\/54335876338_b092cf3893_o-scaled.jpg?resize=525%2C300&ssl=1 1.5x, https:\/\/i0.wp.com\/gazetadoabranches.com\/wp-content\/uploads\/2025\/03\/54335876338_b092cf3893_o-scaled.jpg?resize=700%2C400&ssl=1 2x, https:\/\/i0.wp.com\/gazetadoabranches.com\/wp-content\/uploads\/2025\/03\/54335876338_b092cf3893_o-scaled.jpg?resize=1050%2C600&ssl=1 3x, https:\/\/i0.wp.com\/gazetadoabranches.com\/wp-content\/uploads\/2025\/03\/54335876338_b092cf3893_o-scaled.jpg?resize=1400%2C800&ssl=1 4x"},"classes":[]}],"jetpack_likes_enabled":true,"jetpack_sharing_enabled":true,"_links":{"self":[{"href":"https:\/\/gazetadoabranches.com\/index.php\/wp-json\/wp\/v2\/posts\/8554","targetHints":{"allow":["GET"]}}],"collection":[{"href":"https:\/\/gazetadoabranches.com\/index.php\/wp-json\/wp\/v2\/posts"}],"about":[{"href":"https:\/\/gazetadoabranches.com\/index.php\/wp-json\/wp\/v2\/types\/post"}],"author":[{"embeddable":true,"href":"https:\/\/gazetadoabranches.com\/index.php\/wp-json\/wp\/v2\/users\/1"}],"replies":[{"embeddable":true,"href":"https:\/\/gazetadoabranches.com\/index.php\/wp-json\/wp\/v2\/comments?post=8554"}],"version-history":[{"count":3,"href":"https:\/\/gazetadoabranches.com\/index.php\/wp-json\/wp\/v2\/posts\/8554\/revisions"}],"predecessor-version":[{"id":8559,"href":"https:\/\/gazetadoabranches.com\/index.php\/wp-json\/wp\/v2\/posts\/8554\/revisions\/8559"}],"wp:featuredmedia":[{"embeddable":true,"href":"https:\/\/gazetadoabranches.com\/index.php\/wp-json\/wp\/v2\/media\/8555"}],"wp:attachment":[{"href":"https:\/\/gazetadoabranches.com\/index.php\/wp-json\/wp\/v2\/media?parent=8554"}],"wp:term":[{"taxonomy":"category","embeddable":true,"href":"https:\/\/gazetadoabranches.com\/index.php\/wp-json\/wp\/v2\/categories?post=8554"},{"taxonomy":"post_tag","embeddable":true,"href":"https:\/\/gazetadoabranches.com\/index.php\/wp-json\/wp\/v2\/tags?post=8554"}],"curies":[{"name":"wp","href":"https:\/\/api.w.org\/{rel}","templated":true}]}}