{"id":8851,"date":"2023-04-02T21:19:06","date_gmt":"2023-04-03T00:19:06","guid":{"rendered":"https:\/\/gazetadoabranches.com\/?p=8851"},"modified":"2023-04-02T21:19:06","modified_gmt":"2023-04-03T00:19:06","slug":"comissao-de-orcamento-promove-curso-de-qualificacao-a-assessores","status":"publish","type":"post","link":"https:\/\/gazetadoabranches.com\/index.php\/2023\/04\/02\/comissao-de-orcamento-promove-curso-de-qualificacao-a-assessores\/","title":{"rendered":"COMISS\u00c3O DE OR\u00c7AMENTO PROMOVE CURSO DE QUALIFICA\u00c7\u00c3O A ASSESSORES"},"content":{"rendered":"<figure id=\"attachment_8852\" aria-describedby=\"caption-attachment-8852\" style=\"width: 585px\" class=\"wp-caption aligncenter\"><img loading=\"lazy\" decoding=\"async\" class=\"size-full wp-image-8852\" src=\"https:\/\/gazetadoabranches.com\/wp-content\/uploads\/2023\/04\/Romanelli-assessoria.jpg\" alt=\"\" width=\"585\" height=\"390\" srcset=\"https:\/\/gazetadoabranches.com\/wp-content\/uploads\/2023\/04\/Romanelli-assessoria.jpg 585w, https:\/\/gazetadoabranches.com\/wp-content\/uploads\/2023\/04\/Romanelli-assessoria-300x200.jpg 300w\" sizes=\"auto, (max-width: 585px) 100vw, 585px\" \/><figcaption id=\"caption-attachment-8852\" class=\"wp-caption-text\">\u201cN\u00f3s tivemos a mudan\u00e7a de muitos parlamentares e eles contrataram assessoria t\u00e9cnicas, que s\u00e3o importantes para o exerc\u00edcio do mandato e, portanto, precisamos qualific\u00e1-las\u201d, explicou o presidente da Comiss\u00e3o, deputado Claudio Romanelli (PSD).. Cr\u00e9ditos: Valdir Amaral\/Alep<\/figcaption><\/figure>\n<p>A Comiss\u00e3o de Or\u00e7amento da Assembleia Legislativa do Paran\u00e1 vai promover um curso para assessores t\u00e9cnicos e funcion\u00e1rios como qualifica\u00e7\u00e3o para as atividades voltadas ao tema e orienta\u00e7\u00f5es sobre o novo Sistema Integrado de Finan\u00e7as P\u00fablicas do Estado do Paran\u00e1 que (Siaf). Os encontros tamb\u00e9m v\u00e3o tratar sobre o Portal da Transpar\u00eancia e ser\u00e3o nos dias 3 e 10 de abril, a partir das 9 horas, no Audit\u00f3rio Legislativo, e tamb\u00e9m de forma remota.<\/p>\n<p>\u201cN\u00f3s tivemos a mudan\u00e7a de muitos parlamentares e eles contrataram assessoria t\u00e9cnicas, que s\u00e3o importantes para o exerc\u00edcio do mandato e, portanto, precisamos qualific\u00e1-las\u201d, explicou o presidente da Comiss\u00e3o, deputado Claudio Romanelli (PSD).<\/p>\n<p>\u201cA administra\u00e7\u00e3o p\u00fablica teve toda uma mudan\u00e7a de paradigma, inclusive tecnol\u00f3gico, e um dos instrumentos de acompanhamento da gest\u00e3o estadual \u00e9 o novo Siaf\u201d, acrescentou.<\/p>\n<p>O sistema \u00e9 o principal instrumento a ser utilizado para registro, acompanhamento e controle da execu\u00e7\u00e3o or\u00e7ament\u00e1ria, financeira e patrimonial do Governo Estadual.<\/p>\n<p>Os objetivos do Siaf \u00e9 prover mecanismos adequados ao controle di\u00e1rio da execu\u00e7\u00e3o or\u00e7ament\u00e1ria, financeira e patrimonial aos \u00f3rg\u00e3os da Administra\u00e7\u00e3o P\u00fablica;<\/p>\n<p>O sistema tamb\u00e9m \u00e9 dispon\u00edvel 100% do tempo e centralizado, o que permite a padroniza\u00e7\u00e3o de m\u00e9todos e rotinas de trabalho; podendo ser utilizado todos os \u00f3rg\u00e3os da Administra\u00e7\u00e3o Direta (poderes Executivo, Legislativo e Judici\u00e1rio), e por grande parte da Administra\u00e7\u00e3o Indireta que estiverem contempladas no Or\u00e7amento Fiscal e\/ou no Or\u00e7amento da Seguridade Social.<\/p>\n<p>Romanelli explica que o sistema permite acompanhar a execu\u00e7\u00e3o or\u00e7ament\u00e1ria de forma online e isso d\u00e1 assegura agilidade para que o parlamentar possa interagir com o Poder Executivo.<\/p>\n<p>\u201cOs servidores que tiverem acesso precis\u00e3o estar preparados, diante da complexidade t\u00e9cnica. Vamos qualificar servidores dos gabinetes e demais assessores que desejem tomar conhecimento desse sistema. Uma ferramenta muito importante da gest\u00e3o p\u00fablica\u201d, completou.<\/p>\n<p><strong>Leis Or\u00e7ament\u00e1rias<\/strong><\/p>\n<p>Entender os processos \u00e9 ainda mais importante este ano, quando as principais pe\u00e7as or\u00e7ament\u00e1rias do Paran\u00e1 estar\u00e3o em debate na Assembleia. Entre as mensagens que ser\u00e3o enviadas pelo Executivo est\u00e3o a Lei de Diretrizes Or\u00e7ament\u00e1rias (LDO) e a Lei Or\u00e7ament\u00e1ria Anual (LOA), com previs\u00e3o anual. E ainda o Plano Plurianual (PPA), que \u00e9 o planejamento da administra\u00e7\u00e3o p\u00fablica para quatro anos, do segundo ano do mandato do governador at\u00e9 o fim do primeiro ano de seu sucessor.<\/p>\n<p>Al\u00e9m de Romanelli, completam o grupo de trabalho os deputados. Delegado Jacov\u00f3s (PL), Anibelli Neto (MDB), Arilson Chiorato (PT), F\u00e1bio Oliveira (Podemos), Luiz Fernando Guerra (Uni\u00e3o) e Evandro Ara\u00fajo (PSD).<\/p>\n<p><strong>Reuni\u00e3o<\/strong><\/p>\n<p>Tamb\u00e9m na segunda (3), a Comiss\u00e3o de Or\u00e7amento se re\u00fane \u00e0s 13h30, no Audit\u00f3rio Legislativo, para apreciar o projeto de lei 26\/2023, de autoria do Poder Executivo, que solicita a aprova\u00e7\u00e3o de abertura de cr\u00e9dito especial no valor de R$ 15 milh\u00f5es ao vigente or\u00e7amento da Secretaria de Estado da Administra\u00e7\u00e3o e da Previd\u00eancia (SEAP).<\/p>\n<p>A medida cria a Contribui\u00e7\u00e3o Previd\u00eancia Complementar e visa dar cumprimento ao artigo 19 da Lei n\u00b0 20.777\/2021, que instituiu o Regime de Previd\u00eancia Complementar no Estado do Paran\u00e1.<\/p>\n<p>&nbsp;<\/p>\n","protected":false},"excerpt":{"rendered":"<p>A Comiss\u00e3o de Or\u00e7amento da Assembleia Legislativa do Paran\u00e1 vai promover um curso para assessores t\u00e9cnicos e funcion\u00e1rios como qualifica\u00e7\u00e3o para as atividades voltadas ao tema e orienta\u00e7\u00f5es sobre o novo Sistema Integrado de Finan\u00e7as P\u00fablicas do Estado do Paran\u00e1 que (Siaf). Os encontros tamb\u00e9m v\u00e3o tratar sobre o Portal [&hellip;]<\/p>\n","protected":false},"author":1,"featured_media":8852,"comment_status":"open","ping_status":"open","sticky":false,"template":"","format":"standard","meta":{"ngg_post_thumbnail":0,"jetpack_post_was_ever_published":false,"amp_status":"","_jetpack_newsletter_access":"","_jetpack_dont_email_post_to_subs":false,"_jetpack_newsletter_tier_id":0,"_jetpack_memberships_contains_paywalled_content":false,"_jetpack_memberships_contains_paid_content":false,"footnotes":""},"categories":[19],"tags":[],"class_list":["post-8851","post","type-post","status-publish","format-standard","has-post-thumbnail","hentry","category-alep"],"aioseo_notices":[],"jetpack_featured_media_url":"https:\/\/gazetadoabranches.com\/wp-content\/uploads\/2023\/04\/Romanelli-assessoria.jpg","jetpack-related-posts":[{"id":9385,"url":"https:\/\/gazetadoabranches.com\/index.php\/2024\/11\/22\/participacao-da-sociedade-e-fundamental-na-aplicacao-do-dinheiro-publico-defende-deputado-romanelli-psd\/","url_meta":{"origin":8851,"position":0},"title":"Participa\u00e7\u00e3o da sociedade \u00e9 fundamental na aplica\u00e7\u00e3o do dinheiro p\u00fablico, defende deputado Romanelli (PSD)","author":"Gazeta do Abranches","date":"novembro 22, 2024","format":false,"excerpt":"O deputado Luiz Claudio Romanelli (PSD), presidente da Comiss\u00e3o de Or\u00e7amento da Assembleia Legislativa, disse nesta ter\u00e7a-feira, 19, que a constru\u00e7\u00e3o do or\u00e7amento estadual para 2025 vai compor as demandas e reivindica\u00e7\u00f5es propostas pela sociedade civil organizada. \u201cCom o envolvimento da sociedade, estamos construindo um or\u00e7amento que reflete demandas e\u2026","rel":"","context":"Em &quot;Alep&quot;","block_context":{"text":"Alep","link":"https:\/\/gazetadoabranches.com\/index.php\/category\/alep\/"},"img":{"alt_text":"","src":"https:\/\/i0.wp.com\/gazetadoabranches.com\/wp-content\/uploads\/2024\/11\/Romanelli-Alep.jpg?resize=350%2C200&ssl=1","width":350,"height":200,"srcset":"https:\/\/i0.wp.com\/gazetadoabranches.com\/wp-content\/uploads\/2024\/11\/Romanelli-Alep.jpg?resize=350%2C200&ssl=1 1x, https:\/\/i0.wp.com\/gazetadoabranches.com\/wp-content\/uploads\/2024\/11\/Romanelli-Alep.jpg?resize=525%2C300&ssl=1 1.5x"},"classes":[]},{"id":9909,"url":"https:\/\/gazetadoabranches.com\/index.php\/2025\/07\/10\/deputado-luiz-claudio-romanelli-psd-destaca-ldo-com-r-66-bilhoes-em-investimentos-para-2026\/","url_meta":{"origin":8851,"position":1},"title":"Deputado Luiz Claudio Romanelli (PSD) destaca LDO com R$ 6,6 bilh\u00f5es em investimentos para 2026","author":"Gazeta do Abranches","date":"julho 10, 2025","format":false,"excerpt":"O deputado Luiz Claudio Romanelli (PSD), presidente da Comiss\u00e3o de Or\u00e7amento, destacou os investimentos de R$ 6,6 bilh\u00f5es previstos na LDO aprovada para 2026. \"Somados os investimentos deste ano (2025) com os previstos para 2026, ser\u00e3o R$ 13 bilh\u00f5es em dois anos e um total de R$ 23,8 bilh\u00f5es neste\u2026","rel":"","context":"Em &quot;Alep&quot;","block_context":{"text":"Alep","link":"https:\/\/gazetadoabranches.com\/index.php\/category\/alep\/"},"img":{"alt_text":"","src":"https:\/\/i0.wp.com\/gazetadoabranches.com\/wp-content\/uploads\/2025\/07\/Luiz-Claudio-Romanelli.jpg?resize=350%2C200&ssl=1","width":350,"height":200,"srcset":"https:\/\/i0.wp.com\/gazetadoabranches.com\/wp-content\/uploads\/2025\/07\/Luiz-Claudio-Romanelli.jpg?resize=350%2C200&ssl=1 1x, https:\/\/i0.wp.com\/gazetadoabranches.com\/wp-content\/uploads\/2025\/07\/Luiz-Claudio-Romanelli.jpg?resize=525%2C300&ssl=1 1.5x"},"classes":[]},{"id":9173,"url":"https:\/\/gazetadoabranches.com\/index.php\/2023\/11\/28\/frente-parlamentar-alerta-sobre-impacto-da-reforma-tributaria-na-arrecadacao-dos-municipios\/","url_meta":{"origin":8851,"position":2},"title":"FRENTE PARLAMENTAR ALERTA SOBRE IMPACTO DA REFORMA TRIBUT\u00c1RIA NA ARRECADA\u00c7\u00c3O DOS MUNIC\u00cdPIOS","author":"Gazeta do Abranches","date":"novembro 28, 2023","format":false,"excerpt":"Os deputados Luiz Claudio Romanelli (PSD) e Evandro Ara\u00fajo (PSD), respectivamente presidente e relator da Comiss\u00e3o de Or\u00e7amento da Assembleia Legislativa do Paran\u00e1, protocolaram\u00a0no Congresso Nacional, em Bras\u00edlia, na quarta-feira, 22, documento com uma s\u00e9rie de apontamentos sobre aspectos da reforma tribut\u00e1ria que podem comprometer as receitas dos munic\u00edpios paranaenses.\u2026","rel":"","context":"Em &quot;Alep&quot;","block_context":{"text":"Alep","link":"https:\/\/gazetadoabranches.com\/index.php\/category\/alep\/"},"img":{"alt_text":"","src":"https:\/\/i0.wp.com\/gazetadoabranches.com\/wp-content\/uploads\/2023\/11\/Frente-parlamentar.jpg?resize=350%2C200&ssl=1","width":350,"height":200,"srcset":"https:\/\/i0.wp.com\/gazetadoabranches.com\/wp-content\/uploads\/2023\/11\/Frente-parlamentar.jpg?resize=350%2C200&ssl=1 1x, https:\/\/i0.wp.com\/gazetadoabranches.com\/wp-content\/uploads\/2023\/11\/Frente-parlamentar.jpg?resize=525%2C300&ssl=1 1.5x"},"classes":[]},{"id":7678,"url":"https:\/\/gazetadoabranches.com\/index.php\/2021\/07\/27\/pedagio-e-o-tema-mais-importante-do-segundo-semestre-aponta-romanelli\/","url_meta":{"origin":8851,"position":3},"title":"PED\u00c1GIO \u00c9 O TEMA MAIS IMPORTANTE DO SEGUNDO SEMESTRE, APONTA ROMANELLI","author":"Gazeta do Abranches","date":"julho 27, 2021","format":false,"excerpt":"A discuss\u00e3o sobre a nova concess\u00e3o de rodovias deve concentrar as aten\u00e7\u00f5es da Assembleia Legislativa do Paran\u00e1 no segundo semestre de 2021. A avalia\u00e7\u00e3o \u00e9 do deputado Luiz Claudio Romanelli (PSB), integrante da Frente Parlamentar sobre o Ped\u00e1gio, em entrevista \u00e0 r\u00e1dio CBN de Curitiba nesta ter\u00e7a-feira (27). \u201cO tema\u2026","rel":"","context":"Em &quot;Alep&quot;","block_context":{"text":"Alep","link":"https:\/\/gazetadoabranches.com\/index.php\/category\/alep\/"},"img":{"alt_text":"","src":"https:\/\/i0.wp.com\/gazetadoabranches.com\/wp-content\/uploads\/2020\/06\/Alep1.jpg?resize=350%2C200&ssl=1","width":350,"height":200,"srcset":"https:\/\/i0.wp.com\/gazetadoabranches.com\/wp-content\/uploads\/2020\/06\/Alep1.jpg?resize=350%2C200&ssl=1 1x, https:\/\/i0.wp.com\/gazetadoabranches.com\/wp-content\/uploads\/2020\/06\/Alep1.jpg?resize=525%2C300&ssl=1 1.5x"},"classes":[]},{"id":7731,"url":"https:\/\/gazetadoabranches.com\/index.php\/2021\/09\/10\/para-incentivar-o-turismo-curitiba-pode-ganhar-um-polo-polones\/","url_meta":{"origin":8851,"position":4},"title":"Para incentivar o turismo, Curitiba pode ganhar um Polo Polon\u00eas","author":"Gazeta do Abranches","date":"setembro 10, 2021","format":false,"excerpt":"De autoria do vereador Mauro Ign\u00e1cio, a iniciativa visa valorizar a hist\u00f3ria e a tradi\u00e7\u00e3o da imigra\u00e7\u00e3o polonesa na cidade. Dar \u00e0 \u00e1rea que se estende do Portal Polon\u00eas, na rua Mateus Leme, at\u00e9 os bairros Abranches e Tabo\u00e3o, uma denomina\u00e7\u00e3o especial e incentivos da Prefeitura de Curitiba para consolidar,\u2026","rel":"","context":"Em &quot;Outros&quot;","block_context":{"text":"Outros","link":"https:\/\/gazetadoabranches.com\/index.php\/category\/outros\/"},"img":{"alt_text":"","src":"https:\/\/i0.wp.com\/gazetadoabranches.com\/wp-content\/uploads\/2021\/09\/polo-Polones.jpg?resize=350%2C200&ssl=1","width":350,"height":200,"srcset":"https:\/\/i0.wp.com\/gazetadoabranches.com\/wp-content\/uploads\/2021\/09\/polo-Polones.jpg?resize=350%2C200&ssl=1 1x, https:\/\/i0.wp.com\/gazetadoabranches.com\/wp-content\/uploads\/2021\/09\/polo-Polones.jpg?resize=525%2C300&ssl=1 1.5x, https:\/\/i0.wp.com\/gazetadoabranches.com\/wp-content\/uploads\/2021\/09\/polo-Polones.jpg?resize=700%2C400&ssl=1 2x, https:\/\/i0.wp.com\/gazetadoabranches.com\/wp-content\/uploads\/2021\/09\/polo-Polones.jpg?resize=1050%2C600&ssl=1 3x"},"classes":[]},{"id":10254,"url":"https:\/\/gazetadoabranches.com\/index.php\/2026\/01\/07\/helinho-pimentel-e-o-mais-novo-cidadao-benemerito-do-estado-do-parana\/","url_meta":{"origin":8851,"position":5},"title":"HELINHO PIMENTEL \u00c9 O MAIS NOVO CIDAD\u00c3O BENEM\u00c9RITO DO ESTADO DO PARAN\u00c1","author":"Gazeta do Abranches","date":"janeiro 7, 2026","format":false,"excerpt":"A Assembleia Legislativa do Paran\u00e1 entregou, nesta segunda-feira (8), o t\u00edtulo de Cidad\u00e3o Benem\u00e9rito do Paran\u00e1 ao empres\u00e1rio\u00a0H\u00e9lio Pimentel Filho, o Helinho, em reconhecimento ao seu papel na transforma\u00e7\u00e3o e na populariza\u00e7\u00e3o da cultura em Curitiba e no estado. A homenagem, proposta pelos deputados Alexandre Curi (PSD), presidente da Assembleia;\u2026","rel":"","context":"Em &quot;Alep&quot;","block_context":{"text":"Alep","link":"https:\/\/gazetadoabranches.com\/index.php\/category\/alep\/"},"img":{"alt_text":"Solenidade ocorreu no Plen\u00e1rio da Assembleia Legislativa, na noite desta segunda-feira (8). Cr\u00e9ditos: Orlando Kissner\/Alep","src":"https:\/\/i0.wp.com\/gazetadoabranches.com\/wp-content\/uploads\/2026\/01\/9RFkzqWP1EQKwHdnvqqcQfT3BPBtNZ1ukkbOnw2s.jpg?resize=350%2C200&ssl=1","width":350,"height":200,"srcset":"https:\/\/i0.wp.com\/gazetadoabranches.com\/wp-content\/uploads\/2026\/01\/9RFkzqWP1EQKwHdnvqqcQfT3BPBtNZ1ukkbOnw2s.jpg?resize=350%2C200&ssl=1 1x, https:\/\/i0.wp.com\/gazetadoabranches.com\/wp-content\/uploads\/2026\/01\/9RFkzqWP1EQKwHdnvqqcQfT3BPBtNZ1ukkbOnw2s.jpg?resize=525%2C300&ssl=1 1.5x, https:\/\/i0.wp.com\/gazetadoabranches.com\/wp-content\/uploads\/2026\/01\/9RFkzqWP1EQKwHdnvqqcQfT3BPBtNZ1ukkbOnw2s.jpg?resize=700%2C400&ssl=1 2x"},"classes":[]}],"jetpack_likes_enabled":true,"jetpack_sharing_enabled":true,"_links":{"self":[{"href":"https:\/\/gazetadoabranches.com\/index.php\/wp-json\/wp\/v2\/posts\/8851","targetHints":{"allow":["GET"]}}],"collection":[{"href":"https:\/\/gazetadoabranches.com\/index.php\/wp-json\/wp\/v2\/posts"}],"about":[{"href":"https:\/\/gazetadoabranches.com\/index.php\/wp-json\/wp\/v2\/types\/post"}],"author":[{"embeddable":true,"href":"https:\/\/gazetadoabranches.com\/index.php\/wp-json\/wp\/v2\/users\/1"}],"replies":[{"embeddable":true,"href":"https:\/\/gazetadoabranches.com\/index.php\/wp-json\/wp\/v2\/comments?post=8851"}],"version-history":[{"count":1,"href":"https:\/\/gazetadoabranches.com\/index.php\/wp-json\/wp\/v2\/posts\/8851\/revisions"}],"predecessor-version":[{"id":8853,"href":"https:\/\/gazetadoabranches.com\/index.php\/wp-json\/wp\/v2\/posts\/8851\/revisions\/8853"}],"wp:featuredmedia":[{"embeddable":true,"href":"https:\/\/gazetadoabranches.com\/index.php\/wp-json\/wp\/v2\/media\/8852"}],"wp:attachment":[{"href":"https:\/\/gazetadoabranches.com\/index.php\/wp-json\/wp\/v2\/media?parent=8851"}],"wp:term":[{"taxonomy":"category","embeddable":true,"href":"https:\/\/gazetadoabranches.com\/index.php\/wp-json\/wp\/v2\/categories?post=8851"},{"taxonomy":"post_tag","embeddable":true,"href":"https:\/\/gazetadoabranches.com\/index.php\/wp-json\/wp\/v2\/tags?post=8851"}],"curies":[{"name":"wp","href":"https:\/\/api.w.org\/{rel}","templated":true}]}}