{"id":8855,"date":"2023-04-11T21:02:45","date_gmt":"2023-04-12T00:02:45","guid":{"rendered":"https:\/\/gazetadoabranches.com\/?p=8855"},"modified":"2023-04-11T21:02:45","modified_gmt":"2023-04-12T00:02:45","slug":"sugestao-de-liberacao-da-pesca-de-barranco-na-represa-do-passauna-e-aprovada-na-camara-municipal","status":"publish","type":"post","link":"https:\/\/gazetadoabranches.com\/index.php\/2023\/04\/11\/sugestao-de-liberacao-da-pesca-de-barranco-na-represa-do-passauna-e-aprovada-na-camara-municipal\/","title":{"rendered":"Sugest\u00e3o de libera\u00e7\u00e3o da Pesca de Barranco na Represa do Passa\u00fana \u00e9 aprovada na C\u00e2mara Municipal"},"content":{"rendered":"<p><em><span style=\"font-size: 10pt; font-family: Arial; color: #000000; background-color: transparent; font-weight: 400; font-variant: normal; text-decoration: none; vertical-align: baseline; white-space: pre-wrap;\">C\u00e2mara Municipal de Curitiba aprovou nesta quinta (5) um requerimento sobre o Programa de Pesca em Fam\u00edlia aos domingos na Repressa do Passa\u00fana<\/span><\/em><\/p>\n<figure id=\"attachment_8856\" aria-describedby=\"caption-attachment-8856\" style=\"width: 640px\" class=\"wp-caption aligncenter\"><img loading=\"lazy\" decoding=\"async\" class=\"size-large wp-image-8856\" src=\"https:\/\/gazetadoabranches.com\/wp-content\/uploads\/2023\/04\/Passauna-1024x683.png\" alt=\"\" width=\"640\" height=\"427\" srcset=\"https:\/\/gazetadoabranches.com\/wp-content\/uploads\/2023\/04\/Passauna-1024x683.png 1024w, https:\/\/gazetadoabranches.com\/wp-content\/uploads\/2023\/04\/Passauna-300x200.png 300w, https:\/\/gazetadoabranches.com\/wp-content\/uploads\/2023\/04\/Passauna-768x512.png 768w, https:\/\/gazetadoabranches.com\/wp-content\/uploads\/2023\/04\/Passauna-1536x1024.png 1536w, https:\/\/gazetadoabranches.com\/wp-content\/uploads\/2023\/04\/Passauna-2048x1365.png 2048w\" sizes=\"auto, (max-width: 640px) 100vw, 640px\" \/><figcaption id=\"caption-attachment-8856\" class=\"wp-caption-text\">Foto: Geraldo Bubniak\/AEN<\/figcaption><\/figure>\n<p dir=\"ltr\" style=\"line-height: 1.38; margin: 0px;\"><span style=\"font-size: 11pt; font-family: Arial; color: #000000; background-color: transparent; font-weight: 400; font-style: normal; font-variant: normal; text-decoration: none; vertical-align: baseline; white-space: pre-wrap;\">O plen\u00e1rio da C\u00e2mara Municipal de Curitiba discutiu nesta quarta-feira (05) o requerimento do vereador Mauro Ign\u00e1cio (Uni\u00e3o) o qual sugere ao Governo do Paran\u00e1 o desenvolvimento de um Programa de Pesca em Fam\u00edlia aos domingos nas \u00e1guas da Represa do Passa\u00fana.<\/span><\/p>\n<p dir=\"ltr\" style=\"line-height: 1.38; margin: 0px;\"><span style=\"font-size: 11pt; font-family: Arial; color: #000000; background-color: transparent; font-weight: 400; font-style: normal; font-variant: normal; text-decoration: none; vertical-align: baseline; white-space: pre-wrap;\">Segundo o autor da proposta, a libera\u00e7\u00e3o da pesca na represa proporcionar\u00e1 momentos de lazer em fam\u00edlia e pode at\u00e9 mesmo servir para a subsist\u00eancia das pessoas menos favorecidas. \u201cA implanta\u00e7\u00e3o do referido programa, poder\u00e1 contar com o apoio dos mais diversos \u00f3rg\u00e3os estaduais (Bombeiros, Pol\u00edcia Militar, Defesa Civil, Sanepar, etc), que em atividades multidisciplinares poder\u00e3o oferecer toda infraestrutura necess\u00e1ria para garantir a pr\u00e1tica da pesca de forma segura e ainda desenvolver a\u00e7\u00f5es voltadas \u00e0 conscientiza\u00e7\u00e3o sobre a preserva\u00e7\u00e3o da natureza e dos rios de nosso Estado, bem como, atividades de soltura e aumento da popula\u00e7\u00e3o de alevinos em esp\u00e9cies variadas naquele local\u201d justifica Ign\u00e1cio.<\/span><\/p>\n<p dir=\"ltr\" style=\"line-height: 1.38; margin: 0px;\"><span style=\"font-size: 11pt; font-family: Arial; color: #000000; background-color: transparent; font-weight: 400; font-style: normal; font-variant: normal; text-decoration: none; vertical-align: baseline; white-space: pre-wrap;\">Em aparte \u00e0 defesa do pedido, o vereador Bruno Pessuti parabenizou Ign\u00e1cio pela proposta e sugeriu que outras a\u00e7\u00f5es tamb\u00e9m podem ajudar na melhoria do espa\u00e7o do Parque Passa\u00fana e da regi\u00e3o como um todo, com o incentivo \u00e0 explora\u00e7\u00e3o do setor hoteleiro, gastron\u00f4mico, entre outros.<\/span><\/p>\n<p dir=\"ltr\" style=\"line-height: 1.38; margin: 0px;\"><span style=\"font-size: 11pt; font-family: Arial; color: #000000; background-color: transparent; font-weight: 400; font-style: normal; font-variant: normal; text-decoration: none; vertical-align: baseline; white-space: pre-wrap;\">Os vereadores Mauro Bobato, Rodrigo Reis e Zezinho do Sabar\u00e1 tamb\u00e9m participaram da discuss\u00e3o e contribu\u00edram com sugest\u00f5es para o aperfei\u00e7oamento da proposta, como a amplia\u00e7\u00e3o do estacionamento, a soltura de maior quantidade alevinos e at\u00e9 mesmo a cobran\u00e7a de uma taxa para a pescaria no estilo \u201cpesca e solta\u201d.<\/span><\/p>\n<p dir=\"ltr\" style=\"line-height: 1.38; margin: 0px;\"><span style=\"font-size: 11pt; font-family: Arial; color: #000000; background-color: transparent; font-weight: 400; font-style: normal; font-variant: normal; text-decoration: none; vertical-align: baseline; white-space: pre-wrap;\">Atualmente, a Lei Municipal 15.852\/2021 pro\u00edbe a pesca no Parque Passa\u00fana e prev\u00ea multa para quem desrespeitar a proibi\u00e7\u00e3o.<\/span><\/p>\n<p dir=\"ltr\" style=\"line-height: 1.38; margin: 0px;\"><span style=\"font-size: 11pt; font-family: Arial; color: #000000; background-color: transparent; font-weight: 400; font-style: normal; font-variant: normal; text-decoration: none; vertical-align: baseline; white-space: pre-wrap;\">A empresa Sanepar \u00e9 a respons\u00e1vel pelas \u00e1guas da Represa e por isso o vereador Mauro Ign\u00e1cio encaminhou a sugest\u00e3o ao Governo do Estado, citando, todavia, que a participa\u00e7\u00e3o de outros \u00f3rg\u00e3os como o Instituto \u00c1gua e Terra (IAT), a Secretaria Municipal de Meio Ambiente, entre outros, \u00e9 muito importante para a constru\u00e7\u00e3o de uma pol\u00edtica p\u00fablica que garanta o lazer \u00e0s fam\u00edlias, mas que tamb\u00e9m proteja o meio ambiente.<\/span><\/p>\n<p dir=\"ltr\" style=\"line-height: 1.38; margin: 0px;\"><span style=\"font-size: 11pt; font-family: Arial; color: #000000; background-color: transparent; font-weight: 400; font-style: normal; font-variant: normal; text-decoration: none; vertical-align: baseline; white-space: pre-wrap;\">Agora a proposta segue direto ao Governador Ratinho J\u00fanior, que poder\u00e1 ou n\u00e3o acatar a sugest\u00e3o.<\/span><\/p>\n<figure id=\"attachment_8857\" aria-describedby=\"caption-attachment-8857\" style=\"width: 640px\" class=\"wp-caption aligncenter\"><img loading=\"lazy\" decoding=\"async\" class=\"size-large wp-image-8857\" src=\"https:\/\/gazetadoabranches.com\/wp-content\/uploads\/2023\/04\/Mauro-Ignacio1-1024x682.jpg\" alt=\"\" width=\"640\" height=\"426\" srcset=\"https:\/\/gazetadoabranches.com\/wp-content\/uploads\/2023\/04\/Mauro-Ignacio1-1024x682.jpg 1024w, https:\/\/gazetadoabranches.com\/wp-content\/uploads\/2023\/04\/Mauro-Ignacio1-300x200.jpg 300w, https:\/\/gazetadoabranches.com\/wp-content\/uploads\/2023\/04\/Mauro-Ignacio1-768x512.jpg 768w, https:\/\/gazetadoabranches.com\/wp-content\/uploads\/2023\/04\/Mauro-Ignacio1.jpg 1280w\" sizes=\"auto, (max-width: 640px) 100vw, 640px\" \/><figcaption id=\"caption-attachment-8857\" class=\"wp-caption-text\">Foto: Carlos Costa\/CMC<\/figcaption><\/figure>\n<p dir=\"ltr\" style=\"line-height: 1.38; margin: 0px;\"><strong><span style=\"font-size: 11pt; font-family: Arial; color: #000000; background-color: transparent; font-style: normal; font-variant: normal; text-decoration: none; vertical-align: baseline; white-space: pre-wrap;\">Sobre o Vereador Mauro Ign\u00e1cio<\/span><\/strong><\/p>\n<p dir=\"ltr\" style=\"line-height: 1.38; margin: 0px;\"><span style=\"font-size: 11pt; font-family: Arial; color: #000000; background-color: transparent; font-weight: 400; font-style: normal; font-variant: normal; text-decoration: none; vertical-align: baseline; white-space: pre-wrap;\">Vereador Mauro Ign\u00e1cio (Uni\u00e3o) est\u00e1 em seu terceiro mandato consecutivo (2012 &#8211; 2024) na C\u00e2mara Municipal de Curitiba. Tem forte atua\u00e7\u00e3o em Santa Felicidade, Campo Comprido, CIC Norte, Jardim Gabineto, Abranches, Tabo\u00e3o e Pilarzinho. Se voc\u00ea deseja saber de mais alguma informa\u00e7\u00e3o, entre em contato pelo e-mail: <a href=\"mailto:imprensa.mauroignacio@gmail.com\" target=\"_blank\" rel=\"noopener noreferrer\" data-auth=\"NotApplicable\" data-linkindex=\"0\">imprensa.mauroignacio@gmail.com<\/a> ou <a href=\"mailto:vbzn2023@cmc.pr.gov.br\" target=\"_blank\" rel=\"noopener noreferrer\" data-auth=\"NotApplicable\" data-linkindex=\"1\">vbzn2023@cmc.pr.gov.br<\/a>, pelo telefone: 3350-4586, ou pelo Whatsapp: (41) 99602-1047 (Vanessa Zava).<\/span><\/p>\n","protected":false},"excerpt":{"rendered":"<p>C\u00e2mara Municipal de Curitiba aprovou nesta quinta (5) um requerimento sobre o Programa de Pesca em Fam\u00edlia aos domingos na Repressa do Passa\u00fana O plen\u00e1rio da C\u00e2mara Municipal de Curitiba discutiu nesta quarta-feira (05) o requerimento do vereador Mauro Ign\u00e1cio (Uni\u00e3o) o qual sugere ao Governo do Paran\u00e1 o desenvolvimento [&hellip;]<\/p>\n","protected":false},"author":1,"featured_media":8856,"comment_status":"open","ping_status":"open","sticky":false,"template":"","format":"standard","meta":{"ngg_post_thumbnail":0,"jetpack_post_was_ever_published":false,"amp_status":"","_jetpack_newsletter_access":"","_jetpack_dont_email_post_to_subs":false,"_jetpack_newsletter_tier_id":0,"_jetpack_memberships_contains_paywalled_content":false,"_jetpack_memberships_contains_paid_content":false,"footnotes":""},"categories":[138],"tags":[],"class_list":["post-8855","post","type-post","status-publish","format-standard","has-post-thumbnail","hentry","category-camara-municipal-de-curitiba"],"aioseo_notices":[],"jetpack_featured_media_url":"https:\/\/gazetadoabranches.com\/wp-content\/uploads\/2023\/04\/Passauna.png","jetpack-related-posts":[{"id":9211,"url":"https:\/\/gazetadoabranches.com\/index.php\/2023\/12\/02\/estudantes-visitam-a-camara-de-curitiba-para-projeto-de-cidadania\/","url_meta":{"origin":8855,"position":0},"title":"Estudantes visitam a C\u00e2mara de Curitiba para projeto de cidadania","author":"Gazeta do Abranches","date":"dezembro 2, 2023","format":false,"excerpt":"Alunos tamb\u00e9m apresentaram carta ao vereador Mauro Ign\u00e1cio com pedidos da comunidade escolar. A C\u00e2mara Municipal de Curitiba (CMC) recebeu, nesta quarta-feira (29), a visita de 38 alunos da\u00a0Escola Municipal Nympha Maria da Rocha Peplow,\u00a0do bairro Vista Alegre. Os estudantes foram convidados pelo vereador Mauro Ign\u00e1cio (Uni\u00e3o), que subiu \u00e0\u2026","rel":"","context":"Em &quot;C\u00e2mara Municipal de Curitiba&quot;","block_context":{"text":"C\u00e2mara Municipal de Curitiba","link":"https:\/\/gazetadoabranches.com\/index.php\/category\/camara-municipal-de-curitiba\/"},"img":{"alt_text":"","src":"https:\/\/i0.wp.com\/gazetadoabranches.com\/wp-content\/uploads\/2023\/12\/Col%C3%A9gio-Nympha.jpg?resize=350%2C200&ssl=1","width":350,"height":200,"srcset":"https:\/\/i0.wp.com\/gazetadoabranches.com\/wp-content\/uploads\/2023\/12\/Col%C3%A9gio-Nympha.jpg?resize=350%2C200&ssl=1 1x, https:\/\/i0.wp.com\/gazetadoabranches.com\/wp-content\/uploads\/2023\/12\/Col%C3%A9gio-Nympha.jpg?resize=525%2C300&ssl=1 1.5x, https:\/\/i0.wp.com\/gazetadoabranches.com\/wp-content\/uploads\/2023\/12\/Col%C3%A9gio-Nympha.jpg?resize=700%2C400&ssl=1 2x"},"classes":[]},{"id":10356,"url":"https:\/\/gazetadoabranches.com\/index.php\/2026\/03\/18\/prefeitura-de-curitiba-vai-garantir-exames-e-oculos-gratis-para-estudantes-da-rede-municipal-de-ensino\/","url_meta":{"origin":8855,"position":1},"title":"Prefeitura de Curitiba vai garantir exames e \u00f3culos gr\u00e1tis para estudantes da rede municipal de ensino","author":"Gazeta do Abranches","date":"mar\u00e7o 18, 2026","format":false,"excerpt":"O prefeito de Curitiba, Eduardo Pimentel, lan\u00e7a nesta ter\u00e7a-feira (17\/3), na Escola Municipal Jornalista Arnaldo Alves da Cruz, no Alto Boqueir\u00e3o, o programa Olhar que Transforma. A iniciativa representa um investimento de R$ 8 milh\u00f5es para a avalia\u00e7\u00e3o oftalmol\u00f3gica de todos os 80 mil estudantes do 1\u00ba ao 9\u00ba ano\u2026","rel":"","context":"Em &quot;C\u00e2mara Municipal de Curitiba&quot;","block_context":{"text":"C\u00e2mara Municipal de Curitiba","link":"https:\/\/gazetadoabranches.com\/index.php\/category\/camara-municipal-de-curitiba\/"},"img":{"alt_text":"Prefeitura de Curitiba vai garantir exames e \u00f3culos gr\u00e1tis para estudantes da rede municipal de ensino.","src":"https:\/\/i0.wp.com\/gazetadoabranches.com\/wp-content\/uploads\/2026\/03\/00549895.png?resize=350%2C200&ssl=1","width":350,"height":200,"srcset":"https:\/\/i0.wp.com\/gazetadoabranches.com\/wp-content\/uploads\/2026\/03\/00549895.png?resize=350%2C200&ssl=1 1x, https:\/\/i0.wp.com\/gazetadoabranches.com\/wp-content\/uploads\/2026\/03\/00549895.png?resize=525%2C300&ssl=1 1.5x, https:\/\/i0.wp.com\/gazetadoabranches.com\/wp-content\/uploads\/2026\/03\/00549895.png?resize=700%2C400&ssl=1 2x"},"classes":[]},{"id":9758,"url":"https:\/\/gazetadoabranches.com\/index.php\/2025\/02\/19\/o-vereador-leonidas-dias-vice-presidente-da-camara-municipal-de-curitiba-se-reuniu-na-tarde-desta-quarta-feira-com-o-secretario-municipal-de-educacao-jean-pierre-neto\/","url_meta":{"origin":8855,"position":2},"title":"O vereador Leonidas Dias, vice-presidente da C\u00e2mara Municipal de Curitiba, se reuniu, na tarde desta quarta-feira, com o secret\u00e1rio municipal de Educa\u00e7\u00e3o, Jean Pierre Neto","author":"Gazeta do Abranches","date":"fevereiro 19, 2025","format":false,"excerpt":"Na pauta, al\u00e9m de diversas demandas relacionadas a quest\u00f5es educacionais, o vereador Leonidas Dias levou uma demanda de diversos pais e alunos: as fortes chuvas que afetaram a estrutura da Escola Municipal CEI Ulysses Guimar\u00e3es, no bairro Abranches. Segundo o secret\u00e1rio Jean Pierre Neto, mais de 60 unidades de ensino\u2026","rel":"","context":"Em &quot;C\u00e2mara Municipal de Curitiba&quot;","block_context":{"text":"C\u00e2mara Municipal de Curitiba","link":"https:\/\/gazetadoabranches.com\/index.php\/category\/camara-municipal-de-curitiba\/"},"img":{"alt_text":"","src":"https:\/\/i0.wp.com\/gazetadoabranches.com\/wp-content\/uploads\/2025\/02\/WhatsApp-Image-2025-02-19-at-17.35.00-scaled.jpeg?resize=350%2C200&ssl=1","width":350,"height":200,"srcset":"https:\/\/i0.wp.com\/gazetadoabranches.com\/wp-content\/uploads\/2025\/02\/WhatsApp-Image-2025-02-19-at-17.35.00-scaled.jpeg?resize=350%2C200&ssl=1 1x, https:\/\/i0.wp.com\/gazetadoabranches.com\/wp-content\/uploads\/2025\/02\/WhatsApp-Image-2025-02-19-at-17.35.00-scaled.jpeg?resize=525%2C300&ssl=1 1.5x, https:\/\/i0.wp.com\/gazetadoabranches.com\/wp-content\/uploads\/2025\/02\/WhatsApp-Image-2025-02-19-at-17.35.00-scaled.jpeg?resize=700%2C400&ssl=1 2x, https:\/\/i0.wp.com\/gazetadoabranches.com\/wp-content\/uploads\/2025\/02\/WhatsApp-Image-2025-02-19-at-17.35.00-scaled.jpeg?resize=1050%2C600&ssl=1 3x, https:\/\/i0.wp.com\/gazetadoabranches.com\/wp-content\/uploads\/2025\/02\/WhatsApp-Image-2025-02-19-at-17.35.00-scaled.jpeg?resize=1400%2C800&ssl=1 4x"},"classes":[]},{"id":10314,"url":"https:\/\/gazetadoabranches.com\/index.php\/2026\/02\/03\/prefeito-mantem-desconto-de-10-para-pagamento-a-vista-do-iptu-com-vencimento-em-20-de-marco\/","url_meta":{"origin":8855,"position":3},"title":"Prefeito mant\u00e9m desconto de 10% para pagamento \u00e0 vista do IPTU, com vencimento em 20 de mar\u00e7o","author":"Gazeta do Abranches","date":"fevereiro 3, 2026","format":false,"excerpt":"Foto: Pedro Ribas\/SECOM O prefeito Eduardo Pimentel anunciou, nesta segunda-feira (2\/2), na abertura dos trabalhos legislativos na C\u00e2mara Municipal de Curitiba, que vai manter o desconto de 10% para pagamento \u00e0 vista do Imposto Predial e Territorial Urbano (IPTU) 2026. O IPTU incidir\u00e1 em 990 mil unidades tribut\u00e1rias, com vencimento\u2026","rel":"","context":"Em &quot;Curitiba&quot;","block_context":{"text":"Curitiba","link":"https:\/\/gazetadoabranches.com\/index.php\/category\/curitiba\/"},"img":{"alt_text":"Prefeito Eduardo Pimentel anuncia que vai manter o desconto de 10% para pagamento \u00e0 vista do IPTU 2026, durante abertura oficial dos trabalhos na C\u00e2mara Municipal. Curitiba, 02\/02\/2026. Foto: Pedro Ribas\/SECOM","src":"https:\/\/i0.wp.com\/gazetadoabranches.com\/wp-content\/uploads\/2026\/02\/00543410.png?resize=350%2C200&ssl=1","width":350,"height":200,"srcset":"https:\/\/i0.wp.com\/gazetadoabranches.com\/wp-content\/uploads\/2026\/02\/00543410.png?resize=350%2C200&ssl=1 1x, https:\/\/i0.wp.com\/gazetadoabranches.com\/wp-content\/uploads\/2026\/02\/00543410.png?resize=525%2C300&ssl=1 1.5x, https:\/\/i0.wp.com\/gazetadoabranches.com\/wp-content\/uploads\/2026\/02\/00543410.png?resize=700%2C400&ssl=1 2x"},"classes":[]},{"id":9074,"url":"https:\/\/gazetadoabranches.com\/index.php\/2023\/09\/08\/futebol-e-patinacao-artistica-sao-destaque-na-camara-de-curitiba\/","url_meta":{"origin":8855,"position":4},"title":"Futebol e patina\u00e7\u00e3o art\u00edstica s\u00e3o destaque na C\u00e2mara de Curitiba","author":"Gazeta do Abranches","date":"setembro 8, 2023","format":false,"excerpt":"C\u00e2mara recebeu a Federa\u00e7\u00e3o Paranaense de Futebol e as vencedoras de ouro e prata do Campeonato Pan-Americano de Patina\u00e7\u00e3o Art\u00edstica. Na \u00faltima semana de agosto, o destaque nos Votos de Congratula\u00e7\u00f5es e Aplausos da\u00a0\u00a0C\u00e2mara Municipal de Curitiba (CMC) foi o esporte.\u00a0Os vereadores\u00a0homenagearam a Federa\u00e7\u00e3o Paranaense de Futebol pelos 86 anos\u2026","rel":"","context":"Em &quot;C\u00e2mara Municipal de Curitiba&quot;","block_context":{"text":"C\u00e2mara Municipal de Curitiba","link":"https:\/\/gazetadoabranches.com\/index.php\/category\/camara-municipal-de-curitiba\/"},"img":{"alt_text":"","src":"https:\/\/i0.wp.com\/gazetadoabranches.com\/wp-content\/uploads\/2023\/09\/Homenagem-patina%C3%A7%C3%A3o.jpg?resize=350%2C200&ssl=1","width":350,"height":200,"srcset":"https:\/\/i0.wp.com\/gazetadoabranches.com\/wp-content\/uploads\/2023\/09\/Homenagem-patina%C3%A7%C3%A3o.jpg?resize=350%2C200&ssl=1 1x, https:\/\/i0.wp.com\/gazetadoabranches.com\/wp-content\/uploads\/2023\/09\/Homenagem-patina%C3%A7%C3%A3o.jpg?resize=525%2C300&ssl=1 1.5x, https:\/\/i0.wp.com\/gazetadoabranches.com\/wp-content\/uploads\/2023\/09\/Homenagem-patina%C3%A7%C3%A3o.jpg?resize=700%2C400&ssl=1 2x"},"classes":[]},{"id":8934,"url":"https:\/\/gazetadoabranches.com\/index.php\/2023\/05\/22\/aprovada-homenagem-ao-medico-alexandre-sech-na-camara-municipal\/","url_meta":{"origin":8855,"position":5},"title":"Aprovada homenagem ao m\u00e9dico Alexandre Sech na C\u00e2mara Municipal","author":"Gazeta do Abranches","date":"maio 22, 2023","format":false,"excerpt":"Diretor do Hospital Bom Retiro por mais de 20 anos e lideran\u00e7a na comunidade esp\u00edrita, Sech denominar\u00e1 logradouro pr\u00f3ximo \u00e0 institui\u00e7\u00e3o de sa\u00fade. Com 26 votos favor\u00e1veis, a C\u00e2mara Municipal de Curitiba (CMC) decidiu, nesta segunda-feira (22), conceder uma homenagem p\u00f3stuma ao m\u00e9dico psiquiatra Alexandre Sech. O projeto de lei\u2026","rel":"","context":"Em &quot;C\u00e2mara Municipal de Curitiba&quot;","block_context":{"text":"C\u00e2mara Municipal de Curitiba","link":"https:\/\/gazetadoabranches.com\/index.php\/category\/camara-municipal-de-curitiba\/"},"img":{"alt_text":"","src":"https:\/\/i0.wp.com\/gazetadoabranches.com\/wp-content\/uploads\/2023\/05\/Aprovada-lei-Sech.jpg?resize=350%2C200&ssl=1","width":350,"height":200,"srcset":"https:\/\/i0.wp.com\/gazetadoabranches.com\/wp-content\/uploads\/2023\/05\/Aprovada-lei-Sech.jpg?resize=350%2C200&ssl=1 1x, https:\/\/i0.wp.com\/gazetadoabranches.com\/wp-content\/uploads\/2023\/05\/Aprovada-lei-Sech.jpg?resize=525%2C300&ssl=1 1.5x, https:\/\/i0.wp.com\/gazetadoabranches.com\/wp-content\/uploads\/2023\/05\/Aprovada-lei-Sech.jpg?resize=700%2C400&ssl=1 2x, https:\/\/i0.wp.com\/gazetadoabranches.com\/wp-content\/uploads\/2023\/05\/Aprovada-lei-Sech.jpg?resize=1050%2C600&ssl=1 3x, https:\/\/i0.wp.com\/gazetadoabranches.com\/wp-content\/uploads\/2023\/05\/Aprovada-lei-Sech.jpg?resize=1400%2C800&ssl=1 4x"},"classes":[]}],"jetpack_likes_enabled":true,"jetpack_sharing_enabled":true,"_links":{"self":[{"href":"https:\/\/gazetadoabranches.com\/index.php\/wp-json\/wp\/v2\/posts\/8855","targetHints":{"allow":["GET"]}}],"collection":[{"href":"https:\/\/gazetadoabranches.com\/index.php\/wp-json\/wp\/v2\/posts"}],"about":[{"href":"https:\/\/gazetadoabranches.com\/index.php\/wp-json\/wp\/v2\/types\/post"}],"author":[{"embeddable":true,"href":"https:\/\/gazetadoabranches.com\/index.php\/wp-json\/wp\/v2\/users\/1"}],"replies":[{"embeddable":true,"href":"https:\/\/gazetadoabranches.com\/index.php\/wp-json\/wp\/v2\/comments?post=8855"}],"version-history":[{"count":1,"href":"https:\/\/gazetadoabranches.com\/index.php\/wp-json\/wp\/v2\/posts\/8855\/revisions"}],"predecessor-version":[{"id":8858,"href":"https:\/\/gazetadoabranches.com\/index.php\/wp-json\/wp\/v2\/posts\/8855\/revisions\/8858"}],"wp:featuredmedia":[{"embeddable":true,"href":"https:\/\/gazetadoabranches.com\/index.php\/wp-json\/wp\/v2\/media\/8856"}],"wp:attachment":[{"href":"https:\/\/gazetadoabranches.com\/index.php\/wp-json\/wp\/v2\/media?parent=8855"}],"wp:term":[{"taxonomy":"category","embeddable":true,"href":"https:\/\/gazetadoabranches.com\/index.php\/wp-json\/wp\/v2\/categories?post=8855"},{"taxonomy":"post_tag","embeddable":true,"href":"https:\/\/gazetadoabranches.com\/index.php\/wp-json\/wp\/v2\/tags?post=8855"}],"curies":[{"name":"wp","href":"https:\/\/api.w.org\/{rel}","templated":true}]}}