{"id":8989,"date":"2023-07-24T10:54:23","date_gmt":"2023-07-24T13:54:23","guid":{"rendered":"https:\/\/gazetadoabranches.com\/?p=8989"},"modified":"2023-07-24T10:54:23","modified_gmt":"2023-07-24T13:54:23","slug":"deputado-luiz-claudio-romanelli-psd-exalta-recriacao-do-programa-de-aquisicao-de-alimentos","status":"publish","type":"post","link":"https:\/\/gazetadoabranches.com\/index.php\/2023\/07\/24\/deputado-luiz-claudio-romanelli-psd-exalta-recriacao-do-programa-de-aquisicao-de-alimentos\/","title":{"rendered":"DEPUTADO LUIZ CLAUDIO ROMANELLI (PSD) EXALTA RECRIA\u00c7\u00c3O DO PROGRAMA DE AQUISI\u00c7\u00c3O DE ALIMENTOS"},"content":{"rendered":"<figure id=\"attachment_8990\" aria-describedby=\"caption-attachment-8990\" style=\"width: 585px\" class=\"wp-caption aligncenter\"><img loading=\"lazy\" decoding=\"async\" class=\"size-full wp-image-8990\" src=\"https:\/\/gazetadoabranches.com\/wp-content\/uploads\/2023\/07\/Romanelli-recria\u00e7\u00e3o.jpg\" alt=\"\" width=\"585\" height=\"390\" srcset=\"https:\/\/gazetadoabranches.com\/wp-content\/uploads\/2023\/07\/Romanelli-recria\u00e7\u00e3o.jpg 585w, https:\/\/gazetadoabranches.com\/wp-content\/uploads\/2023\/07\/Romanelli-recria\u00e7\u00e3o-300x200.jpg 300w\" sizes=\"auto, (max-width: 585px) 100vw, 585px\" \/><figcaption id=\"caption-attachment-8990\" class=\"wp-caption-text\">\u201cTemos que exaltar esta nova fase do Programa de Aquisi\u00e7\u00e3o de Alimentos, que infelizmente havia sido limitado pelo governo anterior. Com esta pol\u00edtica p\u00fablica, o Pa\u00eds pode colocar comida boa na mesa de quem mais precisa e estimular o crescimento da renda do pequeno agricultor. Com o PAA h\u00e1 ganhos nas duas pontas\u201d, considerou Romanelli.. Cr\u00e9ditos: Valdir Amaral\/Alep<\/figcaption><\/figure>\n<p class=\"x_MsoNoSpacing\">O governo federal anunciou nesta quinta-feira, 20, a san\u00e7\u00e3o do presidente Luiz In\u00e1cio Lula da Silva (PT) \u00e0 lei que recria o Programa de Aquisi\u00e7\u00e3o de Alimentos (PAA). Para o deputado Luiz Claudio Romanelli (PSD) esta \u00e9 uma pol\u00edtica p\u00fablica essencial para garantir seguran\u00e7a alimentar para a popula\u00e7\u00e3o mais vulner\u00e1vel e gerar mais renda para a agricultura familiar.<\/p>\n<p class=\"x_MsoNoSpacing\">\u201cTemos que exaltar esta nova fase do Programa de Aquisi\u00e7\u00e3o de Alimentos, que infelizmente havia sido limitado pelo governo anterior. Com esta pol\u00edtica p\u00fablica, o Pa\u00eds pode colocar comida boa na mesa de quem mais precisa e estimular o crescimento da renda do pequeno agricultor. Com o PAA h\u00e1 ganhos nas duas pontas\u201d, considerou Romanelli.<\/p>\n<p class=\"x_MsoNoSpacing\">De acordo com o governo federal, a nova vers\u00e3o do PAA prev\u00ea que no m\u00ednimo de 30% das compras p\u00fablicas de g\u00eaneros aliment\u00edcios devem ser oriundas da agricultura familiar, para destina\u00e7\u00e3o a projetos de combate \u00e0 fome. \u201cIsso significa mais alimentos para fam\u00edlias em situa\u00e7\u00e3o de car\u00eancia absoluta, para entidades assistenciais, creches, asilos, hospitais\u201d, ressalta Romanelli.<\/p>\n<p class=\"x_MsoNoSpacing\"><strong>Compra Direta<\/strong><\/p>\n<p class=\"x_MsoNoSpacing\">O deputado lembra que o Paran\u00e1 foi um grande parceiro do governo federal no desenvolvimento do PAA. Segundo ele, o programa liberou muitos recursos ao Estado para a execu\u00e7\u00e3o do Compra Direta, uma iniciativa criada no per\u00edodo em que ele foi secret\u00e1rio estadual do Trabalho, Emprego e Economia Solid\u00e1ria, entre 2011 e 2014.<\/p>\n<p class=\"x_MsoNoSpacing\">\u201cAtendemos 1,5 milh\u00e3o de pessoas, 3.200 entidades assistenciais e beneficiamos aproximadamente 10 mil pequenos agricultores\u201d, aponta Romanelli. Segundo ele, o investimento do Governo do Estado alcan\u00e7ou R$ 92 milh\u00f5es em quatro anos. \u201cAgora, se abre uma nova oportunidade de refor\u00e7ar este ciclo virtuoso, levando comida a quem precisa e fomentando a agricultura familiar\u201d, disse.<\/p>\n<p class=\"x_MsoNoSpacing\"><strong>Refor\u00e7o<\/strong><\/p>\n<p class=\"x_MsoNoSpacing\">Mesmo com a redu\u00e7\u00e3o de repasses federais por meio do PAA nos \u00faltimos anos, o deputado ressalta que o governador Carlos Massa Ratinho Junior deu sequ\u00eancia \u00e0 pol\u00edtica p\u00fablica de seguran\u00e7a alimentar ao instituir o Compra Direta Paran\u00e1, em 2020.<\/p>\n<p class=\"x_MsoNoSpacing\">Com a iniciativa, a Secretaria da Agricultura e do Abastecimento adquire alimentos de cooperativas e associa\u00e7\u00f5es da agricultura familiar para atender a rede socioassistencial. Conforme o Governo do Estado, o investimento entre 2020 e 2022 alcan\u00e7ou R$ 85,1 milh\u00f5es.<\/p>\n","protected":false},"excerpt":{"rendered":"<p>O governo federal anunciou nesta quinta-feira, 20, a san\u00e7\u00e3o do presidente Luiz In\u00e1cio Lula da Silva (PT) \u00e0 lei que recria o Programa de Aquisi\u00e7\u00e3o de Alimentos (PAA). Para o deputado Luiz Claudio Romanelli (PSD) esta \u00e9 uma pol\u00edtica p\u00fablica essencial para garantir seguran\u00e7a alimentar para a popula\u00e7\u00e3o mais vulner\u00e1vel [&hellip;]<\/p>\n","protected":false},"author":1,"featured_media":8990,"comment_status":"open","ping_status":"open","sticky":false,"template":"","format":"standard","meta":{"ngg_post_thumbnail":0,"jetpack_post_was_ever_published":false,"amp_status":"","_jetpack_newsletter_access":"","_jetpack_dont_email_post_to_subs":false,"_jetpack_newsletter_tier_id":0,"_jetpack_memberships_contains_paywalled_content":false,"_jetpack_memberships_contains_paid_content":false,"footnotes":""},"categories":[19],"tags":[],"class_list":["post-8989","post","type-post","status-publish","format-standard","has-post-thumbnail","hentry","category-alep"],"aioseo_notices":[],"jetpack_featured_media_url":"https:\/\/gazetadoabranches.com\/wp-content\/uploads\/2023\/07\/Romanelli-recria\u00e7\u00e3o.jpg","jetpack-related-posts":[{"id":9349,"url":"https:\/\/gazetadoabranches.com\/index.php\/2024\/11\/01\/deputado-luiz-claudio-romanelli-psd-defende-novo-programa-de-regularizacao-fundiaria-do-parana\/","url_meta":{"origin":8989,"position":0},"title":"DEPUTADO LUIZ CLAUDIO ROMANELLI (PSD) DEFENDE NOVO PROGRAMA DE REGULARIZA\u00c7\u00c3O FUNDI\u00c1RIA DO PARAN\u00c1","author":"Gazeta do Abranches","date":"novembro 1, 2024","format":false,"excerpt":"O deputado Luiz Claudio Romanelli (PSD) defendeu nesta quarta-feira, 30, a cria\u00e7\u00e3o do Programa Regulariza Paran\u00e1. O projeto do governador Ratinho Junior (PSD) agiliza a regulariza\u00e7\u00e3o fundi\u00e1ria de im\u00f3veis constru\u00eddos em \u00e1reas do Estado em espa\u00e7os urbanos ou em ilhas fluviais. \u201cCom essa lei, vamos resolver a vida de milhares\u2026","rel":"","context":"Em &quot;Alep&quot;","block_context":{"text":"Alep","link":"https:\/\/gazetadoabranches.com\/index.php\/category\/alep\/"},"img":{"alt_text":"","src":"https:\/\/i0.wp.com\/gazetadoabranches.com\/wp-content\/uploads\/2024\/11\/Dep-Romanelli.jpg?resize=350%2C200&ssl=1","width":350,"height":200,"srcset":"https:\/\/i0.wp.com\/gazetadoabranches.com\/wp-content\/uploads\/2024\/11\/Dep-Romanelli.jpg?resize=350%2C200&ssl=1 1x, https:\/\/i0.wp.com\/gazetadoabranches.com\/wp-content\/uploads\/2024\/11\/Dep-Romanelli.jpg?resize=525%2C300&ssl=1 1.5x"},"classes":[]},{"id":9762,"url":"https:\/\/gazetadoabranches.com\/index.php\/2025\/02\/19\/deputado-romanelli-psd-pede-expansao-do-ilumina-parana-aos-municipios-que-ja-executaram-sistema-de-iluminacao-publica-19-02-2025-14h28-por-assessoria-parlamentar\/","url_meta":{"origin":8989,"position":1},"title":"Deputado Romanelli (PSD) pede expans\u00e3o do Ilumina Paran\u00e1 aos munic\u00edpios que j\u00e1 executaram sistema de ilumina\u00e7\u00e3o p\u00fablica  19\/02\/2025  14h28 | por Assessoria Parlamentar","author":"Gazeta do Abranches","date":"fevereiro 19, 2025","format":false,"excerpt":"A Assembleia Legislativa aprovou nesta quarta-feira, 19, requerimento do deputado Luiz Claudio Romanelli (PSD) ao governador Ratinho Junior (PSD) em que sugere a amplia\u00e7\u00e3o do Programa Ilumina Paran\u00e1 para incluir os munic\u00edpios que j\u00e1 modernizaram sistemas de ilumina\u00e7\u00e3o p\u00fablica e que ainda possuem valores pendentes devido ao alto investimento realizado.\u2026","rel":"","context":"Em &quot;Alep&quot;","block_context":{"text":"Alep","link":"https:\/\/gazetadoabranches.com\/index.php\/category\/alep\/"},"img":{"alt_text":"","src":"https:\/\/i0.wp.com\/gazetadoabranches.com\/wp-content\/uploads\/2025\/02\/Romanelli-1902.jpg?resize=350%2C200&ssl=1","width":350,"height":200,"srcset":"https:\/\/i0.wp.com\/gazetadoabranches.com\/wp-content\/uploads\/2025\/02\/Romanelli-1902.jpg?resize=350%2C200&ssl=1 1x, https:\/\/i0.wp.com\/gazetadoabranches.com\/wp-content\/uploads\/2025\/02\/Romanelli-1902.jpg?resize=525%2C300&ssl=1 1.5x, https:\/\/i0.wp.com\/gazetadoabranches.com\/wp-content\/uploads\/2025\/02\/Romanelli-1902.jpg?resize=700%2C400&ssl=1 2x"},"classes":[]},{"id":8951,"url":"https:\/\/gazetadoabranches.com\/index.php\/2023\/06\/05\/deputado-luiz-claudio-romanelli-psd-diz-que-turismo-ja-faz-parte-da-matriz-economica-do-norte-do-parana\/","url_meta":{"origin":8989,"position":2},"title":"Deputado Luiz Claudio Romanelli (PSD) diz que turismo j\u00e1 faz parte da matriz econ\u00f4mica do Norte do Paran\u00e1","author":"Gazeta do Abranches","date":"junho 5, 2023","format":false,"excerpt":"Em entrevista ao jornalista Gildo Alves na R\u00e1dio FM 104 do Norte Pioneiro, o deputado Luiz Claudio Romanelli (PSD) disse nesta sexta-feira, 2, que o turismo j\u00e1 faz parte da matriz econ\u00f4mica do Norte Pioneiro ao destacar as rotas do Ros\u00e1rio, do Caf\u00e9 e da \u00c1gua Doce e os empreendimentos\u2026","rel":"","context":"Em &quot;Alep&quot;","block_context":{"text":"Alep","link":"https:\/\/gazetadoabranches.com\/index.php\/category\/alep\/"},"img":{"alt_text":"","src":"https:\/\/i0.wp.com\/gazetadoabranches.com\/wp-content\/uploads\/2023\/06\/Romanelli-norte.jpg?resize=350%2C200&ssl=1","width":350,"height":200,"srcset":"https:\/\/i0.wp.com\/gazetadoabranches.com\/wp-content\/uploads\/2023\/06\/Romanelli-norte.jpg?resize=350%2C200&ssl=1 1x, https:\/\/i0.wp.com\/gazetadoabranches.com\/wp-content\/uploads\/2023\/06\/Romanelli-norte.jpg?resize=525%2C300&ssl=1 1.5x, https:\/\/i0.wp.com\/gazetadoabranches.com\/wp-content\/uploads\/2023\/06\/Romanelli-norte.jpg?resize=700%2C400&ssl=1 2x"},"classes":[]},{"id":9909,"url":"https:\/\/gazetadoabranches.com\/index.php\/2025\/07\/10\/deputado-luiz-claudio-romanelli-psd-destaca-ldo-com-r-66-bilhoes-em-investimentos-para-2026\/","url_meta":{"origin":8989,"position":3},"title":"Deputado Luiz Claudio Romanelli (PSD) destaca LDO com R$ 6,6 bilh\u00f5es em investimentos para 2026","author":"Gazeta do Abranches","date":"julho 10, 2025","format":false,"excerpt":"O deputado Luiz Claudio Romanelli (PSD), presidente da Comiss\u00e3o de Or\u00e7amento, destacou os investimentos de R$ 6,6 bilh\u00f5es previstos na LDO aprovada para 2026. \"Somados os investimentos deste ano (2025) com os previstos para 2026, ser\u00e3o R$ 13 bilh\u00f5es em dois anos e um total de R$ 23,8 bilh\u00f5es neste\u2026","rel":"","context":"Em &quot;Alep&quot;","block_context":{"text":"Alep","link":"https:\/\/gazetadoabranches.com\/index.php\/category\/alep\/"},"img":{"alt_text":"","src":"https:\/\/i0.wp.com\/gazetadoabranches.com\/wp-content\/uploads\/2025\/07\/Luiz-Claudio-Romanelli.jpg?resize=350%2C200&ssl=1","width":350,"height":200,"srcset":"https:\/\/i0.wp.com\/gazetadoabranches.com\/wp-content\/uploads\/2025\/07\/Luiz-Claudio-Romanelli.jpg?resize=350%2C200&ssl=1 1x, https:\/\/i0.wp.com\/gazetadoabranches.com\/wp-content\/uploads\/2025\/07\/Luiz-Claudio-Romanelli.jpg?resize=525%2C300&ssl=1 1.5x"},"classes":[]},{"id":9803,"url":"https:\/\/gazetadoabranches.com\/index.php\/2025\/03\/20\/adapar-e-fundamental-para-garantir-a-producao-do-parana-diz-deputado-luiz-claudio-romanelli-psd\/","url_meta":{"origin":8989,"position":4},"title":"Adapar \u00e9 fundamental para garantir a produ\u00e7\u00e3o do Paran\u00e1, diz deputado Luiz Claudio Romanelli (PSD)","author":"Gazeta do Abranches","date":"mar\u00e7o 20, 2025","format":false,"excerpt":"O deputado Luiz Claudio Romanelli (PSD) afirmou nesta quarta-feira (19) que o Paran\u00e1 se tornou \"o supermercado do mundo\" tamb\u00e9m gra\u00e7as ao trabalho dos t\u00e9cnicos da Adapar, respons\u00e1veis por garantir a qualidade da produ\u00e7\u00e3o agropecu\u00e1ria do estado. \"Iniciamos, l\u00e1 atr\u00e1s, um processo de estrutura\u00e7\u00e3o de uma ag\u00eancia de defesa da\u2026","rel":"","context":"Em &quot;Alep&quot;","block_context":{"text":"Alep","link":"https:\/\/gazetadoabranches.com\/index.php\/category\/alep\/"},"img":{"alt_text":"","src":"https:\/\/i0.wp.com\/gazetadoabranches.com\/wp-content\/uploads\/2025\/03\/Romanelli-Adapar.jpg?resize=350%2C200&ssl=1","width":350,"height":200,"srcset":"https:\/\/i0.wp.com\/gazetadoabranches.com\/wp-content\/uploads\/2025\/03\/Romanelli-Adapar.jpg?resize=350%2C200&ssl=1 1x, https:\/\/i0.wp.com\/gazetadoabranches.com\/wp-content\/uploads\/2025\/03\/Romanelli-Adapar.jpg?resize=525%2C300&ssl=1 1.5x"},"classes":[]},{"id":9375,"url":"https:\/\/gazetadoabranches.com\/index.php\/2024\/11\/07\/deputado-luiz-claudio-romanelli-psd-destaca-premio-de-curitiba-e-assai-entre-as-cidades-mais-inteligentes-do-mundo\/","url_meta":{"origin":8989,"position":5},"title":"Deputado Luiz Claudio Romanelli (PSD) destaca pr\u00eamio de Curitiba e Assa\u00ed entre as cidades mais inteligentes do mundo","author":"Gazeta do Abranches","date":"novembro 7, 2024","format":false,"excerpt":"\u00a0 Curitiba \u00e9 a Comunidade Mais Inteligente do Mundo 2024 e Assa\u00ed ficou entre as sete cidades finalistas no ranking organizado pelo Intelligent Community Forum (ICF) anunciado nesta segunda-feira, 4, em Barcelona, na Espanha. \u201cEste reconhecimento coloca o Paran\u00e1, Curitiba e Assa\u00ed em destaque no mundo em raz\u00e3o de pol\u00edticas\u2026","rel":"","context":"Em &quot;Alep&quot;","block_context":{"text":"Alep","link":"https:\/\/gazetadoabranches.com\/index.php\/category\/alep\/"},"img":{"alt_text":"","src":"https:\/\/i0.wp.com\/gazetadoabranches.com\/wp-content\/uploads\/2024\/11\/Romanelli-cidade-inteligente.jpg?resize=350%2C200&ssl=1","width":350,"height":200,"srcset":"https:\/\/i0.wp.com\/gazetadoabranches.com\/wp-content\/uploads\/2024\/11\/Romanelli-cidade-inteligente.jpg?resize=350%2C200&ssl=1 1x, https:\/\/i0.wp.com\/gazetadoabranches.com\/wp-content\/uploads\/2024\/11\/Romanelli-cidade-inteligente.jpg?resize=525%2C300&ssl=1 1.5x"},"classes":[]}],"jetpack_likes_enabled":true,"jetpack_sharing_enabled":true,"_links":{"self":[{"href":"https:\/\/gazetadoabranches.com\/index.php\/wp-json\/wp\/v2\/posts\/8989","targetHints":{"allow":["GET"]}}],"collection":[{"href":"https:\/\/gazetadoabranches.com\/index.php\/wp-json\/wp\/v2\/posts"}],"about":[{"href":"https:\/\/gazetadoabranches.com\/index.php\/wp-json\/wp\/v2\/types\/post"}],"author":[{"embeddable":true,"href":"https:\/\/gazetadoabranches.com\/index.php\/wp-json\/wp\/v2\/users\/1"}],"replies":[{"embeddable":true,"href":"https:\/\/gazetadoabranches.com\/index.php\/wp-json\/wp\/v2\/comments?post=8989"}],"version-history":[{"count":1,"href":"https:\/\/gazetadoabranches.com\/index.php\/wp-json\/wp\/v2\/posts\/8989\/revisions"}],"predecessor-version":[{"id":8991,"href":"https:\/\/gazetadoabranches.com\/index.php\/wp-json\/wp\/v2\/posts\/8989\/revisions\/8991"}],"wp:featuredmedia":[{"embeddable":true,"href":"https:\/\/gazetadoabranches.com\/index.php\/wp-json\/wp\/v2\/media\/8990"}],"wp:attachment":[{"href":"https:\/\/gazetadoabranches.com\/index.php\/wp-json\/wp\/v2\/media?parent=8989"}],"wp:term":[{"taxonomy":"category","embeddable":true,"href":"https:\/\/gazetadoabranches.com\/index.php\/wp-json\/wp\/v2\/categories?post=8989"},{"taxonomy":"post_tag","embeddable":true,"href":"https:\/\/gazetadoabranches.com\/index.php\/wp-json\/wp\/v2\/tags?post=8989"}],"curies":[{"name":"wp","href":"https:\/\/api.w.org\/{rel}","templated":true}]}}