{"id":9001,"date":"2023-07-27T22:35:40","date_gmt":"2023-07-28T01:35:40","guid":{"rendered":"https:\/\/gazetadoabranches.com\/?p=9001"},"modified":"2023-07-27T22:35:40","modified_gmt":"2023-07-28T01:35:40","slug":"no-dia-de-santana-igreja-do-abranches-ganha-nova-iluminacao","status":"publish","type":"post","link":"https:\/\/gazetadoabranches.com\/index.php\/2023\/07\/27\/no-dia-de-santana-igreja-do-abranches-ganha-nova-iluminacao\/","title":{"rendered":"No dia de Sant&#8217;Ana, Igreja do Abranches ganha nova ilumina\u00e7\u00e3o"},"content":{"rendered":"<figure id=\"attachment_9002\" aria-describedby=\"caption-attachment-9002\" style=\"width: 640px\" class=\"wp-caption aligncenter\"><img loading=\"lazy\" decoding=\"async\" class=\"size-large wp-image-9002\" src=\"https:\/\/gazetadoabranches.com\/wp-content\/uploads\/2023\/07\/Igreja-Cenica-abranches-683x1024.jpg\" alt=\"\" width=\"640\" height=\"960\" srcset=\"https:\/\/gazetadoabranches.com\/wp-content\/uploads\/2023\/07\/Igreja-Cenica-abranches-683x1024.jpg 683w, https:\/\/gazetadoabranches.com\/wp-content\/uploads\/2023\/07\/Igreja-Cenica-abranches-200x300.jpg 200w, https:\/\/gazetadoabranches.com\/wp-content\/uploads\/2023\/07\/Igreja-Cenica-abranches-768x1152.jpg 768w, https:\/\/gazetadoabranches.com\/wp-content\/uploads\/2023\/07\/Igreja-Cenica-abranches.jpg 800w\" sizes=\"auto, (max-width: 640px) 100vw, 640px\" \/><figcaption id=\"caption-attachment-9002\" class=\"wp-caption-text\">Inaugura\u00e7\u00e3o da nova ilumina\u00e7\u00e3o c\u00eanica da Igreja de Sant&#8217; Ana de Abranches &#8211; Curitiba, 26\/07\/2023 &#8211; Foto: Daniel Castellano \/ SMCS<\/figcaption><\/figure>\n<p>A partir desta semana, a beleza arquitet\u00f4nica da&nbsp;<a href=\"http:\/\/www.santanadeabranches.com.br\/a-paroquia\" target=\"_blank\" rel=\"noopener noreferrer\">Igreja Sant\u2019Ana de Abranches<\/a>&nbsp;\u00e9 real\u00e7ada, todas as noites, por refletores de LED colocados no pr\u00e9dio. A ilumina\u00e7\u00e3o c\u00eanica do segundo mais antigo templo cat\u00f3lico da cidade, depois da&nbsp;<a href=\"http:\/\/arquidiocesedecuritiba.org.br\/paroquias\/igreja-da-ordem-centro\/\" target=\"_blank\" rel=\"noopener noreferrer\">Igreja da Ordem<\/a>, foi instalada pela&nbsp;<a href=\"https:\/\/www.curitiba.pr.gov.br\/\">Prefeitura<\/a>&nbsp;e coincidiu com a celebra\u00e7\u00e3o do dia da santa.<\/p>\n<p>\u201cA instala\u00e7\u00e3o do novo sistema se d\u00e1 n\u00e3o s\u00f3 no Dia de Sant\u2019Ana e Dia dos Av\u00f3s, mas no ano em que o doutor Abranches, ent\u00e3o presidente da Prov\u00edncia do Paran\u00e1 e respons\u00e1vel pela fixa\u00e7\u00e3o da comunidade polonesa na colina do bairro, h\u00e1 150 anos, concluiu a Estrada da Graciosa\u201d, observou o prefeito&nbsp;<a href=\"https:\/\/www.curitiba.pr.gov.br\/conteudo\/prefeito-rafael-greca-de-macedo\/12\">Rafael Greca<\/a>. Ele acendeu simbolicamente as luzes e assistiu \u00e0 missa festiva, celebrada pelo padre Carlos Luiz Bacheladenski.<\/p>\n<h3>Agradecimentos<\/h3>\n<p>\u201cComo membro da comunidade onde nasci, posso dizer que todos os moradores do Abranches ficam muito gratos por essa interven\u00e7\u00e3o\u201d, disse Bacheladenski ao final da celebra\u00e7\u00e3o festiva, destacada pelas leituras de textos evang\u00e9licos feitas pelo di\u00e1cono Amazonas Dias da Silva.<\/p>\n<p>\u201cFoi muito linda a missa, com esse coral caprichado e m\u00fasica de \u00f3rg\u00e3o\u201d, elogiou o prefeito, que tamb\u00e9m participou da festa da Padroeira, onde saboreou os past\u00e9is preparados por volunt\u00e1rios da comunidade. O evento tamb\u00e9m foi dedicado a S\u00e3o Crist\u00f3v\u00e3o, padroeiro dos motoristas, celebrado no dia 25 de julho.<\/p>\n<p>No encerramento da missa, o prefeito e o sacerdote foram presenteados com flores e quadros com motivos religiosos feitos em mosaico pelo artista pl\u00e1stico e paroquiano Jo\u00e3o Cl\u00e1udio Sarot. Ele estava acompanhado pela esposa, Juliana, e pelos filhos Jo\u00e3o Pedro e Jo\u00e3o Lucas.<\/p>\n<h3>101 projetores<\/h3>\n<p>O novo sistema de ilumina\u00e7\u00e3o foi instalado pelo Departamento de Ilumina\u00e7\u00e3o da&nbsp;<a href=\"https:\/\/www.curitiba.pr.gov.br\/conteudo\/estrutura\/72\">Secretaria Municipal de Obras P\u00fablicas<\/a>&nbsp;(Smop) para destacar os detalhes da arquitetura. Entre eles est\u00e3o pilares e janelas, a cruz no topo da torre do campan\u00e1rio e elementos decorativos da fachada, como a imagem de Sant\u2019Ana.<\/p>\n<p>Dos 101 projetores, 26 est\u00e3o posicionados no piso. Eles t\u00eam entre 8 watts e 18 watts de pot\u00eancia e temperatura de cor de 3000 K (Kelvin). Os outros 75 s\u00e3o projetores direcion\u00e1veis, com pot\u00eancia entre 6 watts e 30 watts e temperaturas de cor de 3000K e 4000K, o que determina tons de ilumina\u00e7\u00e3o em branco mais ou menos intensos.<\/p>\n<p>&nbsp;<\/p>\n<h3>Poloneses pioneiros<\/h3>\n<p>A Igreja Sant\u2019Ana de Abranches foi fundada pela mais antiga col\u00f4nia de imigrantes poloneses vindos da Europa para o Sul do Brasil. Em 1873, os imigrantes se estabeleceram no bairro Abranches e regi\u00e3o.<\/p>\n<p>Foi no Abranches que eles constru\u00edram a primeira capela dedicada \u00e0 Sant\u2019Ana. Mais tarde conseguiram adquirir um terreno, construir uma habita\u00e7\u00e3o e trouxeram um sacerdote da Pol\u00f4nia para celebrar os of\u00edcios.<\/p>\n<p>Por fim, no ano de 1878, mediante contribui\u00e7\u00f5es volunt\u00e1rias, a comunidade polonesa reuniu a import\u00e2ncia suficiente para a compra do terreno necess\u00e1rio para a igreja, casa paroquial e o cemit\u00e9rio no Abranches, constitu\u00eddos entre os anos de 1892 e 1893.<\/p>\n<h3>Igrejas e monumentos<\/h3>\n<p>A Igreja Sant&#8217;Ana de Abranches faz parte de um pacote de dez espa\u00e7os p\u00fablicos da cidade &#8211; sete igrejas e tr\u00eas monumentos \u2013 contemplados na segunda etapa dos programas de Ilumina\u00e7\u00e3o C\u00eanica e de Destaque de Monumentos e Pr\u00e9dios Hist\u00f3ricos e Rosto da Cidade.<\/p>\n<p>\u201cAo incluir esse templo no&nbsp;programa, estamos estimulando o sentimento de pertencimento, valorizando a cultura e a hist\u00f3ria de Curitiba\u201d, destacou o secret\u00e1rio municipal de obras p\u00fablicas, Rodrigo Ara\u00fajo Rodrigues.&nbsp;<\/p>\n<p>Outros espa\u00e7os da cidade, como o Santu\u00e1rio Nossa Senhora de Lourdes (Campo Comprido), as igrejas Ortodoxa Antioquina S\u00e3o Jorge (Merc\u00eas) e Nossa Senhora das Gra\u00e7as e Santa Gema Galgani (Barreirinha) e a Fonte do Memorial Paranista (Parque S\u00e3o Louren\u00e7o), Santa Terezinha do Menino Jesus (Batel) e Catedral Ortodoxa Ucraniana S\u00e3o Dem\u00e9trio (Merc\u00eas) tamb\u00e9m est\u00e3o recebendo nova ilumina\u00e7\u00e3o.<\/p>\n<p>Participaram do evento o vice-prefeito, Eduardo Pimentel; a presidente da Funda\u00e7\u00e3o Cultural, Ana Cristina de Castro; a secret\u00e1ria municipal da Comunica\u00e7\u00e3o Social, Cinthia Genguini; a deputada estadual M\u00e1rcia Hu\u00e7ulak; o vereador Mauro Ign\u00e1cio; a administradora regional do Boa Vista, Jana\u00edna Lopes Gehr; e o diretor do Departamento de Ilumina\u00e7\u00e3o P\u00fablica da Smop, Tony Malheiros.<\/p>\n<figure id=\"attachment_9003\" aria-describedby=\"caption-attachment-9003\" style=\"width: 800px\" class=\"wp-caption aligncenter\"><img loading=\"lazy\" decoding=\"async\" class=\"size-full wp-image-9003\" src=\"https:\/\/gazetadoabranches.com\/wp-content\/uploads\/2023\/07\/Igreja-Cenica-abranches1.jpg\" alt=\"\" width=\"800\" height=\"533\" srcset=\"https:\/\/gazetadoabranches.com\/wp-content\/uploads\/2023\/07\/Igreja-Cenica-abranches1.jpg 800w, https:\/\/gazetadoabranches.com\/wp-content\/uploads\/2023\/07\/Igreja-Cenica-abranches1-300x200.jpg 300w, https:\/\/gazetadoabranches.com\/wp-content\/uploads\/2023\/07\/Igreja-Cenica-abranches1-768x512.jpg 768w\" sizes=\"auto, (max-width: 800px) 100vw, 800px\" \/><figcaption id=\"caption-attachment-9003\" class=\"wp-caption-text\">Foto: Daniel Castellano<\/figcaption><\/figure>\n<figure id=\"attachment_9005\" aria-describedby=\"caption-attachment-9005\" style=\"width: 640px\" class=\"wp-caption aligncenter\"><img loading=\"lazy\" decoding=\"async\" class=\"size-large wp-image-9005\" src=\"https:\/\/gazetadoabranches.com\/wp-content\/uploads\/2023\/07\/Igreja-Cenica-abranches3-683x1024.jpg\" alt=\"\" width=\"640\" height=\"960\" srcset=\"https:\/\/gazetadoabranches.com\/wp-content\/uploads\/2023\/07\/Igreja-Cenica-abranches3-683x1024.jpg 683w, https:\/\/gazetadoabranches.com\/wp-content\/uploads\/2023\/07\/Igreja-Cenica-abranches3-200x300.jpg 200w, https:\/\/gazetadoabranches.com\/wp-content\/uploads\/2023\/07\/Igreja-Cenica-abranches3-768x1152.jpg 768w, https:\/\/gazetadoabranches.com\/wp-content\/uploads\/2023\/07\/Igreja-Cenica-abranches3.jpg 800w\" sizes=\"auto, (max-width: 640px) 100vw, 640px\" \/><figcaption id=\"caption-attachment-9005\" class=\"wp-caption-text\">Prefeito Rafael Greca presente na Inaugura\u00e7\u00e3o da nova ilumina\u00e7\u00e3o c\u00eanica da Igreja de Santanna de Abranches &#8211; Curitiba, 26\/07\/2023 &#8211; Foto: Daniel Castellano \/ SMCS<\/figcaption><\/figure>\n<figure id=\"attachment_9006\" aria-describedby=\"caption-attachment-9006\" style=\"width: 640px\" class=\"wp-caption aligncenter\"><img loading=\"lazy\" decoding=\"async\" class=\"size-large wp-image-9006\" src=\"https:\/\/gazetadoabranches.com\/wp-content\/uploads\/2023\/07\/Igreja-Cenica-abranches4-683x1024.jpg\" alt=\"\" width=\"640\" height=\"960\" srcset=\"https:\/\/gazetadoabranches.com\/wp-content\/uploads\/2023\/07\/Igreja-Cenica-abranches4-683x1024.jpg 683w, https:\/\/gazetadoabranches.com\/wp-content\/uploads\/2023\/07\/Igreja-Cenica-abranches4-200x300.jpg 200w, https:\/\/gazetadoabranches.com\/wp-content\/uploads\/2023\/07\/Igreja-Cenica-abranches4-768x1152.jpg 768w, https:\/\/gazetadoabranches.com\/wp-content\/uploads\/2023\/07\/Igreja-Cenica-abranches4.jpg 800w\" sizes=\"auto, (max-width: 640px) 100vw, 640px\" \/><figcaption id=\"caption-attachment-9006\" class=\"wp-caption-text\">Prefeito Rafael Greca presente na Inaugura\u00e7\u00e3o da nova ilumina\u00e7\u00e3o c\u00eanica da Igreja de Santanna de Abranches &#8211; Curitiba, 26\/07\/2023 &#8211; Foto: Daniel Castellano \/ SMCS<\/figcaption><\/figure>\n","protected":false},"excerpt":{"rendered":"<p>A partir desta semana, a beleza arquitet\u00f4nica da&nbsp;Igreja Sant\u2019Ana de Abranches&nbsp;\u00e9 real\u00e7ada, todas as noites, por refletores de LED colocados no pr\u00e9dio. A ilumina\u00e7\u00e3o c\u00eanica do segundo mais antigo templo cat\u00f3lico da cidade, depois da&nbsp;Igreja da Ordem, foi instalada pela&nbsp;Prefeitura&nbsp;e coincidiu com a celebra\u00e7\u00e3o do dia da santa. \u201cA instala\u00e7\u00e3o [&hellip;]<\/p>\n","protected":false},"author":1,"featured_media":9004,"comment_status":"open","ping_status":"open","sticky":false,"template":"","format":"standard","meta":{"ngg_post_thumbnail":0,"jetpack_post_was_ever_published":false,"amp_status":"","_jetpack_newsletter_access":"","_jetpack_dont_email_post_to_subs":false,"_jetpack_newsletter_tier_id":0,"_jetpack_memberships_contains_paywalled_content":false,"_jetpack_memberships_contains_paid_content":false,"footnotes":""},"categories":[5],"tags":[],"class_list":["post-9001","post","type-post","status-publish","format-standard","has-post-thumbnail","hentry","category-bairros"],"aioseo_notices":[],"jetpack_featured_media_url":"https:\/\/gazetadoabranches.com\/wp-content\/uploads\/2023\/07\/Igreja-Cenica-abranches2.jpg","jetpack-related-posts":[{"id":8945,"url":"https:\/\/gazetadoabranches.com\/index.php\/2023\/05\/29\/iluminacao-cenica-em-led-vai-realcar-a-segunda-igreja-mais-antiga-de-curitiba\/","url_meta":{"origin":9001,"position":0},"title":"Ilumina\u00e7\u00e3o c\u00eanica em LED vai real\u00e7ar a segunda igreja mais antiga de Curitiba","author":"Gazeta do Abranches","date":"maio 29, 2023","format":false,"excerpt":"A Igreja Sant'Ana de Abranches, a segunda mais antiga da cidade (depois da Igreja da Ordem), vai receber ilumina\u00e7\u00e3o c\u00eanica monocrom\u00e1tica em tecnologia LED. A mudan\u00e7a servir\u00e1 para real\u00e7ar elementos e adornos criados em 1893 por colonos poloneses que a ergueram, e destacar a beleza singular da arquitetura do templo\u2026","rel":"","context":"Em &quot;Outros&quot;","block_context":{"text":"Outros","link":"https:\/\/gazetadoabranches.com\/index.php\/category\/outros\/"},"img":{"alt_text":"","src":"https:\/\/i0.wp.com\/gazetadoabranches.com\/wp-content\/uploads\/2023\/05\/Igreja-SantAna-de-Abranches2023.jpg?resize=350%2C200&ssl=1","width":350,"height":200,"srcset":"https:\/\/i0.wp.com\/gazetadoabranches.com\/wp-content\/uploads\/2023\/05\/Igreja-SantAna-de-Abranches2023.jpg?resize=350%2C200&ssl=1 1x, https:\/\/i0.wp.com\/gazetadoabranches.com\/wp-content\/uploads\/2023\/05\/Igreja-SantAna-de-Abranches2023.jpg?resize=525%2C300&ssl=1 1.5x, https:\/\/i0.wp.com\/gazetadoabranches.com\/wp-content\/uploads\/2023\/05\/Igreja-SantAna-de-Abranches2023.jpg?resize=700%2C400&ssl=1 2x"},"classes":[]},{"id":8080,"url":"https:\/\/gazetadoabranches.com\/index.php\/2022\/03\/10\/nova-iluminacao-cenica-destaca-obelisco-da-praca-19-de-dezembro\/","url_meta":{"origin":9001,"position":1},"title":"Nova ilumina\u00e7\u00e3o c\u00eanica destaca obelisco da Pra\u00e7a 19 de Dezembro","author":"Gazeta do Abranches","date":"mar\u00e7o 10, 2022","format":false,"excerpt":"O imponente obelisco de 44 metros de altura da Pra\u00e7a 19 de Dezembro, no Centro, constru\u00eddo em concreto armado e coberto com pedras, ganhou ilumina\u00e7\u00e3o com tecnologia LED, com l\u00e2mpadas que mudam de cores. Desde a noite desta ter\u00e7a-feira (8\/3), novas lumin\u00e1rias mais modernas, eficazes e econ\u00f4micas d\u00e3o destaque \u00e0\u2026","rel":"","context":"Em &quot;Curitiba&quot;","block_context":{"text":"Curitiba","link":"https:\/\/gazetadoabranches.com\/index.php\/category\/curitiba\/"},"img":{"alt_text":"","src":"https:\/\/i0.wp.com\/gazetadoabranches.com\/wp-content\/uploads\/2022\/03\/00337664.jpg?resize=350%2C200&ssl=1","width":350,"height":200,"srcset":"https:\/\/i0.wp.com\/gazetadoabranches.com\/wp-content\/uploads\/2022\/03\/00337664.jpg?resize=350%2C200&ssl=1 1x, https:\/\/i0.wp.com\/gazetadoabranches.com\/wp-content\/uploads\/2022\/03\/00337664.jpg?resize=525%2C300&ssl=1 1.5x, https:\/\/i0.wp.com\/gazetadoabranches.com\/wp-content\/uploads\/2022\/03\/00337664.jpg?resize=700%2C400&ssl=1 2x"},"classes":[]},{"id":8027,"url":"https:\/\/gazetadoabranches.com\/index.php\/2022\/02\/16\/igreja-santana-de-abranches-a-2a-mais-antiga-de-curitiba\/","url_meta":{"origin":9001,"position":2},"title":"IGREJA SANT\u2019ANA DE ABRANCHES \u2013 A 2\u00aa MAIS ANTIGA DE CURITIBA","author":"Gazeta do Abranches","date":"fevereiro 16, 2022","format":false,"excerpt":"Ap\u00f3s denodados esfor\u00e7os do Capel\u00e3o Pe. Ladislau Grabowski, desde o m\u00eas de agosto de 1878 quando assumiu a capelania com sede na Col\u00f4nia Abranches e sentir que a capela existente n\u00e3o atendia mais \u00e0s necessidades da comunidade polaca do entorno, se iniciou um trabalho de persuas\u00e3o para doa\u00e7\u00f5es volunt\u00e1rias com\u2026","rel":"","context":"Em &quot;Bairros&quot;","block_context":{"text":"Bairros","link":"https:\/\/gazetadoabranches.com\/index.php\/category\/bairros\/"},"img":{"alt_text":"","src":"https:\/\/i0.wp.com\/gazetadoabranches.com\/wp-content\/uploads\/2022\/02\/Igreja-SantAna-de-Abranches.jpg?resize=350%2C200&ssl=1","width":350,"height":200,"srcset":"https:\/\/i0.wp.com\/gazetadoabranches.com\/wp-content\/uploads\/2022\/02\/Igreja-SantAna-de-Abranches.jpg?resize=350%2C200&ssl=1 1x, https:\/\/i0.wp.com\/gazetadoabranches.com\/wp-content\/uploads\/2022\/02\/Igreja-SantAna-de-Abranches.jpg?resize=525%2C300&ssl=1 1.5x, https:\/\/i0.wp.com\/gazetadoabranches.com\/wp-content\/uploads\/2022\/02\/Igreja-SantAna-de-Abranches.jpg?resize=700%2C400&ssl=1 2x"},"classes":[]},{"id":7852,"url":"https:\/\/gazetadoabranches.com\/index.php\/2021\/11\/09\/missa-de-148-da-fundacao-do-bairro-abranches-e-apresentacao-da-imagem-original-de-santana-foi-realizada-neste-domingo-dia-07-de-novembro\/","url_meta":{"origin":9001,"position":3},"title":"Missa de 148 anos da funda\u00e7\u00e3o do bairro Abranches e apresenta\u00e7\u00e3o da imagem original de Sant&#8217;Ana foi realizada neste domingo dia 07 de Novembro","author":"Gazeta do Abranches","date":"novembro 9, 2021","format":false,"excerpt":"No ultimo dia 07 de Novembro tivemos as missas das 08:00 e das 10:30 na Igreja de Sant'Ana de Abranches em comemora\u00e7\u00e3o aos 148 de funda\u00e7\u00e3o do bairro Abranches, bem como a coloniza\u00e7\u00e3o do mesmo, al\u00e9m disso a comunidade pode apreciar a apresenta\u00e7\u00e3o da primeira imagem de Sant'Ana, imagem essa\u2026","rel":"","context":"Em &quot;Comemora\u00e7\u00e3o&quot;","block_context":{"text":"Comemora\u00e7\u00e3o","link":"https:\/\/gazetadoabranches.com\/index.php\/category\/comemoracao\/"},"img":{"alt_text":"","src":"https:\/\/i0.wp.com\/gazetadoabranches.com\/wp-content\/uploads\/2021\/11\/IMG_7302-scaled.jpg?resize=350%2C200&ssl=1","width":350,"height":200,"srcset":"https:\/\/i0.wp.com\/gazetadoabranches.com\/wp-content\/uploads\/2021\/11\/IMG_7302-scaled.jpg?resize=350%2C200&ssl=1 1x, https:\/\/i0.wp.com\/gazetadoabranches.com\/wp-content\/uploads\/2021\/11\/IMG_7302-scaled.jpg?resize=525%2C300&ssl=1 1.5x, https:\/\/i0.wp.com\/gazetadoabranches.com\/wp-content\/uploads\/2021\/11\/IMG_7302-scaled.jpg?resize=700%2C400&ssl=1 2x, https:\/\/i0.wp.com\/gazetadoabranches.com\/wp-content\/uploads\/2021\/11\/IMG_7302-scaled.jpg?resize=1050%2C600&ssl=1 3x, https:\/\/i0.wp.com\/gazetadoabranches.com\/wp-content\/uploads\/2021\/11\/IMG_7302-scaled.jpg?resize=1400%2C800&ssl=1 4x"},"classes":[]},{"id":10173,"url":"https:\/\/gazetadoabranches.com\/index.php\/2025\/11\/10\/uma-historia-de-fe-memoria-e-arte-em-maquete\/","url_meta":{"origin":9001,"position":4},"title":"UMA HIST\u00d3RIA DE F\u00c9, MEM\u00d3RIA E ARTE EM MAQUETE","author":"Gazeta do Abranches","date":"novembro 10, 2025","format":false,"excerpt":"No domingo, 30 de agosto de 2025, ap\u00f3s a celebra\u00e7\u00e3o da Santa Missa dominical, a comunidade da Igreja Matriz Sant\u2019Ana de Abranches, em Curitiba, viveu um momento especial. O artes\u00e3o e maquetista Pedro Kochanny Mendes, filho da comunidade, presenteou os fi\u00e9is com uma linda e detalhada maquete do templo, agora\u2026","rel":"","context":"Em &quot;Bairros&quot;","block_context":{"text":"Bairros","link":"https:\/\/gazetadoabranches.com\/index.php\/category\/bairros\/"},"img":{"alt_text":"Maqueta da Par\u00f3quia Sant'Ana do Abranches por Pedro Kochanny","src":"https:\/\/i0.wp.com\/gazetadoabranches.com\/wp-content\/uploads\/2025\/11\/Imagem-do-WhatsApp-de-2025-11-03-as-17.38.02_f5cd34c2.jpg?resize=350%2C200&ssl=1","width":350,"height":200,"srcset":"https:\/\/i0.wp.com\/gazetadoabranches.com\/wp-content\/uploads\/2025\/11\/Imagem-do-WhatsApp-de-2025-11-03-as-17.38.02_f5cd34c2.jpg?resize=350%2C200&ssl=1 1x, https:\/\/i0.wp.com\/gazetadoabranches.com\/wp-content\/uploads\/2025\/11\/Imagem-do-WhatsApp-de-2025-11-03-as-17.38.02_f5cd34c2.jpg?resize=525%2C300&ssl=1 1.5x, https:\/\/i0.wp.com\/gazetadoabranches.com\/wp-content\/uploads\/2025\/11\/Imagem-do-WhatsApp-de-2025-11-03-as-17.38.02_f5cd34c2.jpg?resize=700%2C400&ssl=1 2x, https:\/\/i0.wp.com\/gazetadoabranches.com\/wp-content\/uploads\/2025\/11\/Imagem-do-WhatsApp-de-2025-11-03-as-17.38.02_f5cd34c2.jpg?resize=1050%2C600&ssl=1 3x, https:\/\/i0.wp.com\/gazetadoabranches.com\/wp-content\/uploads\/2025\/11\/Imagem-do-WhatsApp-de-2025-11-03-as-17.38.02_f5cd34c2.jpg?resize=1400%2C800&ssl=1 4x"},"classes":[]},{"id":7553,"url":"https:\/\/gazetadoabranches.com\/index.php\/2021\/05\/09\/fragmentos-da-historia-da-colonia-abranches-vi\/","url_meta":{"origin":9001,"position":5},"title":"FRAGMENTOS DA HISTORIA DA COL\u00d4NIA ABRANCHES VI","author":"Gazeta do Abranches","date":"maio 9, 2021","format":false,"excerpt":"Cronologia: Em 1908 assume o Pe. Ludovico Bronny e reestrutura pastoralmente as col\u00f4nias sob sua jurisdi\u00e7\u00e3o. Agosto de 1910, morre afogado em sua ch\u00e1cara na Col\u00f4nia Abranches o island\u00eas Josef Jhonson. Esta fam\u00edlia era uma daquelas cinco que ocuparam os lotes destinados aos emigrantes expont\u00e2neos a partir de novembro de\u2026","rel":"","context":"Em &quot;Hist\u00f3ria&quot;","block_context":{"text":"Hist\u00f3ria","link":"https:\/\/gazetadoabranches.com\/index.php\/category\/historia\/"},"img":{"alt_text":"","src":"https:\/\/i0.wp.com\/gazetadoabranches.com\/wp-content\/uploads\/2021\/05\/Pe.-Paulo-Warkocz-Pe.-Ludovico-Bronny-Dom-Jo%C3%A3o-Francisco-Braga-Pe.-Jos%C3%A9-J.-G%C3%B3ral-Pe.-Sivestre-Kandora-e-Pe.-Jo%C3%A3o-Palka-scaled.jpg?resize=350%2C200&ssl=1","width":350,"height":200,"srcset":"https:\/\/i0.wp.com\/gazetadoabranches.com\/wp-content\/uploads\/2021\/05\/Pe.-Paulo-Warkocz-Pe.-Ludovico-Bronny-Dom-Jo%C3%A3o-Francisco-Braga-Pe.-Jos%C3%A9-J.-G%C3%B3ral-Pe.-Sivestre-Kandora-e-Pe.-Jo%C3%A3o-Palka-scaled.jpg?resize=350%2C200&ssl=1 1x, https:\/\/i0.wp.com\/gazetadoabranches.com\/wp-content\/uploads\/2021\/05\/Pe.-Paulo-Warkocz-Pe.-Ludovico-Bronny-Dom-Jo%C3%A3o-Francisco-Braga-Pe.-Jos%C3%A9-J.-G%C3%B3ral-Pe.-Sivestre-Kandora-e-Pe.-Jo%C3%A3o-Palka-scaled.jpg?resize=525%2C300&ssl=1 1.5x, https:\/\/i0.wp.com\/gazetadoabranches.com\/wp-content\/uploads\/2021\/05\/Pe.-Paulo-Warkocz-Pe.-Ludovico-Bronny-Dom-Jo%C3%A3o-Francisco-Braga-Pe.-Jos%C3%A9-J.-G%C3%B3ral-Pe.-Sivestre-Kandora-e-Pe.-Jo%C3%A3o-Palka-scaled.jpg?resize=700%2C400&ssl=1 2x, https:\/\/i0.wp.com\/gazetadoabranches.com\/wp-content\/uploads\/2021\/05\/Pe.-Paulo-Warkocz-Pe.-Ludovico-Bronny-Dom-Jo%C3%A3o-Francisco-Braga-Pe.-Jos%C3%A9-J.-G%C3%B3ral-Pe.-Sivestre-Kandora-e-Pe.-Jo%C3%A3o-Palka-scaled.jpg?resize=1050%2C600&ssl=1 3x, https:\/\/i0.wp.com\/gazetadoabranches.com\/wp-content\/uploads\/2021\/05\/Pe.-Paulo-Warkocz-Pe.-Ludovico-Bronny-Dom-Jo%C3%A3o-Francisco-Braga-Pe.-Jos%C3%A9-J.-G%C3%B3ral-Pe.-Sivestre-Kandora-e-Pe.-Jo%C3%A3o-Palka-scaled.jpg?resize=1400%2C800&ssl=1 4x"},"classes":[]}],"jetpack_likes_enabled":true,"jetpack_sharing_enabled":true,"_links":{"self":[{"href":"https:\/\/gazetadoabranches.com\/index.php\/wp-json\/wp\/v2\/posts\/9001","targetHints":{"allow":["GET"]}}],"collection":[{"href":"https:\/\/gazetadoabranches.com\/index.php\/wp-json\/wp\/v2\/posts"}],"about":[{"href":"https:\/\/gazetadoabranches.com\/index.php\/wp-json\/wp\/v2\/types\/post"}],"author":[{"embeddable":true,"href":"https:\/\/gazetadoabranches.com\/index.php\/wp-json\/wp\/v2\/users\/1"}],"replies":[{"embeddable":true,"href":"https:\/\/gazetadoabranches.com\/index.php\/wp-json\/wp\/v2\/comments?post=9001"}],"version-history":[{"count":1,"href":"https:\/\/gazetadoabranches.com\/index.php\/wp-json\/wp\/v2\/posts\/9001\/revisions"}],"predecessor-version":[{"id":9007,"href":"https:\/\/gazetadoabranches.com\/index.php\/wp-json\/wp\/v2\/posts\/9001\/revisions\/9007"}],"wp:featuredmedia":[{"embeddable":true,"href":"https:\/\/gazetadoabranches.com\/index.php\/wp-json\/wp\/v2\/media\/9004"}],"wp:attachment":[{"href":"https:\/\/gazetadoabranches.com\/index.php\/wp-json\/wp\/v2\/media?parent=9001"}],"wp:term":[{"taxonomy":"category","embeddable":true,"href":"https:\/\/gazetadoabranches.com\/index.php\/wp-json\/wp\/v2\/categories?post=9001"},{"taxonomy":"post_tag","embeddable":true,"href":"https:\/\/gazetadoabranches.com\/index.php\/wp-json\/wp\/v2\/tags?post=9001"}],"curies":[{"name":"wp","href":"https:\/\/api.w.org\/{rel}","templated":true}]}}