{"id":9176,"date":"2023-11-28T12:41:07","date_gmt":"2023-11-28T15:41:07","guid":{"rendered":"https:\/\/gazetadoabranches.com\/?p=9176"},"modified":"2023-11-28T12:41:07","modified_gmt":"2023-11-28T15:41:07","slug":"vereador-leonidas-dias-celebra-inicio-das-obras-da-cancha-de-futebol-sintetico-da-vila-santa-efigenia","status":"publish","type":"post","link":"https:\/\/gazetadoabranches.com\/index.php\/2023\/11\/28\/vereador-leonidas-dias-celebra-inicio-das-obras-da-cancha-de-futebol-sintetico-da-vila-santa-efigenia\/","title":{"rendered":"Vereador Leonidas Dias celebra in\u00edcio das obras da cancha de futebol sint\u00e9tico da Vila Santa Efig\u00eania"},"content":{"rendered":"<p><img loading=\"lazy\" decoding=\"async\" class=\"aligncenter size-large wp-image-9177\" src=\"https:\/\/gazetadoabranches.com\/wp-content\/uploads\/2023\/11\/IMG_7404-1-1024x1024.jpg\" alt=\"\" width=\"640\" height=\"640\" srcset=\"https:\/\/gazetadoabranches.com\/wp-content\/uploads\/2023\/11\/IMG_7404-1-1024x1024.jpg 1024w, https:\/\/gazetadoabranches.com\/wp-content\/uploads\/2023\/11\/IMG_7404-1-300x300.jpg 300w, https:\/\/gazetadoabranches.com\/wp-content\/uploads\/2023\/11\/IMG_7404-1-150x150.jpg 150w, https:\/\/gazetadoabranches.com\/wp-content\/uploads\/2023\/11\/IMG_7404-1-768x768.jpg 768w, https:\/\/gazetadoabranches.com\/wp-content\/uploads\/2023\/11\/IMG_7404-1-1536x1536.jpg 1536w, https:\/\/gazetadoabranches.com\/wp-content\/uploads\/2023\/11\/IMG_7404-1.jpg 1817w\" sizes=\"auto, (max-width: 640px) 100vw, 640px\" \/><\/p>\n<p>O vereador Leonidas Dias celebrou o in\u00edcio das obras de revitaliza\u00e7\u00e3o e requalifica\u00e7\u00e3o do espa\u00e7o da Pra\u00e7a Julius Forrer, que fica localizada ao lado da Escola Municipal Julia Amaral di Lenna. Os trabalhos come\u00e7aram no in\u00edcio do m\u00eas de novembro e a previs\u00e3o da conclus\u00e3o da obra \u00e9 at\u00e9 o fim de 2023.<\/p>\n<p>Atrav\u00e9s de uma solicita\u00e7\u00e3o e demanda do vereador Leonidas Dias, o deputado Paulo Litro conseguiu, junto ao Governo do Estado do Paran\u00e1, viabilizar recursos para a constru\u00e7\u00e3o de uma cancha de futebol sint\u00e9tico na Pra\u00e7a. No total, ser\u00e3o 48 metros de comprimento por 32m de largura, totalizando um espa\u00e7o de mais de 1500 m\u00b2 para a pr\u00e1tica esportiva de crian\u00e7as, adolescentes e de toda a comunidade que desejar utilizar deste importante espa\u00e7o p\u00fablico da regi\u00e3o.<\/p>\n<p>O vereador Leonidas Dias agradeceu o apoio do prefeito Rafael Greca e do vice Eduardo Pimentel para o in\u00edcio das obras de requalifica\u00e7\u00e3o e revitaliza\u00e7\u00e3o da Pra\u00e7a Julius Forrer, que ser\u00e1 muito bem aproveitada por toda a comunidade.<\/p>\n","protected":false},"excerpt":{"rendered":"<p>O vereador Leonidas Dias celebrou o in\u00edcio das obras de revitaliza\u00e7\u00e3o e requalifica\u00e7\u00e3o do espa\u00e7o da Pra\u00e7a Julius Forrer, que fica localizada ao lado da Escola Municipal Julia Amaral di Lenna. Os trabalhos come\u00e7aram no in\u00edcio do m\u00eas de novembro e a previs\u00e3o da conclus\u00e3o da obra \u00e9 at\u00e9 o [&hellip;]<\/p>\n","protected":false},"author":1,"featured_media":9177,"comment_status":"open","ping_status":"open","sticky":false,"template":"","format":"standard","meta":{"ngg_post_thumbnail":0,"jetpack_post_was_ever_published":false,"amp_status":"","_jetpack_newsletter_access":"","_jetpack_dont_email_post_to_subs":false,"_jetpack_newsletter_tier_id":0,"_jetpack_memberships_contains_paywalled_content":false,"_jetpack_memberships_contains_paid_content":false,"footnotes":""},"categories":[10],"tags":[],"class_list":["post-9176","post","type-post","status-publish","format-standard","has-post-thumbnail","hentry","category-obras"],"aioseo_notices":[],"jetpack_featured_media_url":"https:\/\/gazetadoabranches.com\/wp-content\/uploads\/2023\/11\/IMG_7404-1.jpg","jetpack-related-posts":[{"id":9258,"url":"https:\/\/gazetadoabranches.com\/index.php\/2024\/06\/06\/vereador-leonidas-dias-comemora-com-entusiamo-entrega-das-novas-pracas-da-vila-santa-efigenia-e-do-abaete\/","url_meta":{"origin":9176,"position":0},"title":"VEREADOR LEONIDAS DIAS COMEMORA COM ENTUSIAMO ENTREGA DAS NOVAS PRA\u00c7AS DA VILA SANTA EFIG\u00caNIA E DO ABAET\u00c9","author":"Gazeta do Abranches","date":"junho 6, 2024","format":false,"excerpt":"O vereador Leonidas Dias comemorou, com entusiasmo, a entrega de duas novas pra\u00e7as da Regi\u00e3o Norte de Curitiba. A Pra\u00e7a Julius Forrer, na Barreirinha\/Vila Santa Efig\u00eania, e a Pra\u00e7a Anna Maurer Rutz, no Boa Vista\/Abaet\u00e9, foram completamente requalificadas, a partir da solicita\u00e7\u00e3o do vereador Leonidas Dias aos deputados Paulo Litro\u2026","rel":"","context":"Em &quot;Pra\u00e7a&quot;","block_context":{"text":"Pra\u00e7a","link":"https:\/\/gazetadoabranches.com\/index.php\/category\/praca\/"},"img":{"alt_text":"","src":"https:\/\/i0.wp.com\/gazetadoabranches.com\/wp-content\/uploads\/2024\/06\/Grama-sint%C3%A9tica.jpg?resize=350%2C200&ssl=1","width":350,"height":200},"classes":[]},{"id":9255,"url":"https:\/\/gazetadoabranches.com\/index.php\/2024\/06\/06\/vereador-leonidas-dias-celebra-o-sucesso-da-segunda-festa-da-barreirinha\/","url_meta":{"origin":9176,"position":1},"title":"VEREADOR LEONIDAS DIAS CELEBRA O SUCESSO DA SEGUNDA FESTA DA BARREIRINHA","author":"Gazeta do Abranches","date":"junho 6, 2024","format":false,"excerpt":"O vereador Leonidas Dias celebrou a participa\u00e7\u00e3o das centenas de pessoas que compareceram no Parque da Barreirinha no s\u00e1bado, 25\/05, para participar da segunda edi\u00e7\u00e3o da Festa da Barreirinha. O evento surgiu a partir de uma conversa do vereador Leonidas com o prefeito Rafael Greca, ainda em 2023, para celebrar\u2026","rel":"","context":"Em &quot;Eventos&quot;","block_context":{"text":"Eventos","link":"https:\/\/gazetadoabranches.com\/index.php\/category\/eventos\/"},"img":{"alt_text":"","src":"https:\/\/i0.wp.com\/gazetadoabranches.com\/wp-content\/uploads\/2024\/06\/Festa-da-Barreirinha-scaled.jpg?resize=350%2C200&ssl=1","width":350,"height":200,"srcset":"https:\/\/i0.wp.com\/gazetadoabranches.com\/wp-content\/uploads\/2024\/06\/Festa-da-Barreirinha-scaled.jpg?resize=350%2C200&ssl=1 1x, https:\/\/i0.wp.com\/gazetadoabranches.com\/wp-content\/uploads\/2024\/06\/Festa-da-Barreirinha-scaled.jpg?resize=525%2C300&ssl=1 1.5x, https:\/\/i0.wp.com\/gazetadoabranches.com\/wp-content\/uploads\/2024\/06\/Festa-da-Barreirinha-scaled.jpg?resize=700%2C400&ssl=1 2x, https:\/\/i0.wp.com\/gazetadoabranches.com\/wp-content\/uploads\/2024\/06\/Festa-da-Barreirinha-scaled.jpg?resize=1050%2C600&ssl=1 3x, https:\/\/i0.wp.com\/gazetadoabranches.com\/wp-content\/uploads\/2024\/06\/Festa-da-Barreirinha-scaled.jpg?resize=1400%2C800&ssl=1 4x"},"classes":[]},{"id":8630,"url":"https:\/\/gazetadoabranches.com\/index.php\/2022\/11\/15\/vereador-leonidas-dias-anuncia-construcao-de-cancha-sintetica-na-vila-santa-efigenia\/","url_meta":{"origin":9176,"position":2},"title":"VEREADOR LEONIDAS DIAS ANUNCIA CONSTRU\u00c7\u00c3O DE CANCHA SINT\u00c9TICA NA VILA SANTA EFIG\u00caNIA","author":"Gazeta do Abranches","date":"novembro 15, 2022","format":false,"excerpt":"O vereador Leonidas Dias esteve na sede do Instituto de Pesquisa e Planejamento Urbano de Curitiba (IPPUC), no \u00faltimo dia 7\/11, para apresentar o projeto da cancha sint\u00e9tica da Pra\u00e7a Julius Forrer, ao lado do Col\u00e9gio Municipal Julia Amaral di Lenna, junto com o deputado federal eleito Paulo Litro, o\u2026","rel":"","context":"Em &quot;Bairros&quot;","block_context":{"text":"Bairros","link":"https:\/\/gazetadoabranches.com\/index.php\/category\/bairros\/"},"img":{"alt_text":"","src":"https:\/\/i0.wp.com\/gazetadoabranches.com\/wp-content\/uploads\/2022\/11\/Leonidas-e-Greca.jpg?resize=350%2C200&ssl=1","width":350,"height":200,"srcset":"https:\/\/i0.wp.com\/gazetadoabranches.com\/wp-content\/uploads\/2022\/11\/Leonidas-e-Greca.jpg?resize=350%2C200&ssl=1 1x, https:\/\/i0.wp.com\/gazetadoabranches.com\/wp-content\/uploads\/2022\/11\/Leonidas-e-Greca.jpg?resize=525%2C300&ssl=1 1.5x, https:\/\/i0.wp.com\/gazetadoabranches.com\/wp-content\/uploads\/2022\/11\/Leonidas-e-Greca.jpg?resize=700%2C400&ssl=1 2x, https:\/\/i0.wp.com\/gazetadoabranches.com\/wp-content\/uploads\/2022\/11\/Leonidas-e-Greca.jpg?resize=1050%2C600&ssl=1 3x"},"classes":[]},{"id":8414,"url":"https:\/\/gazetadoabranches.com\/index.php\/2022\/07\/12\/vereador-leonidas-dias-destina-recursos-para-a-revitalizacao-das-telas-da-praca-acir-macedo-guimaraes-na-carmelina-cavassin\/","url_meta":{"origin":9176,"position":3},"title":"Vereador Leonidas Dias destina recursos para a revitaliza\u00e7\u00e3o das telas da Pra\u00e7a Acir Macedo Guimar\u00e3es, na Carmelina Cavassin","author":"Gazeta do Abranches","date":"julho 12, 2022","format":false,"excerpt":"As telas da Pra\u00e7a Acir Macedo Guimar\u00e3es, localizada entre o Abranches e a Barreirinha, ao final da Rua Carmelina Cavassin, foram trocadas e completamente revitalizadas nas \u00faltimas semanas a pedido do vereador Leonidas Dias, que vem trabalhando, desde o in\u00edcio do mandato, para garantir melhores condi\u00e7\u00f5es para o lazer e\u2026","rel":"","context":"Em &quot;Bairros&quot;","block_context":{"text":"Bairros","link":"https:\/\/gazetadoabranches.com\/index.php\/category\/bairros\/"},"img":{"alt_text":"","src":"https:\/\/i0.wp.com\/gazetadoabranches.com\/wp-content\/uploads\/2022\/07\/photo_5030810505543002592_y.jpeg?resize=350%2C200&ssl=1","width":350,"height":200,"srcset":"https:\/\/i0.wp.com\/gazetadoabranches.com\/wp-content\/uploads\/2022\/07\/photo_5030810505543002592_y.jpeg?resize=350%2C200&ssl=1 1x, https:\/\/i0.wp.com\/gazetadoabranches.com\/wp-content\/uploads\/2022\/07\/photo_5030810505543002592_y.jpeg?resize=525%2C300&ssl=1 1.5x, https:\/\/i0.wp.com\/gazetadoabranches.com\/wp-content\/uploads\/2022\/07\/photo_5030810505543002592_y.jpeg?resize=700%2C400&ssl=1 2x"},"classes":[]},{"id":8362,"url":"https:\/\/gazetadoabranches.com\/index.php\/2022\/06\/02\/vereador-leonidas-dias-e-vice-prefeito-eduardo-pimentel-realizam-visitas-na-regiao\/","url_meta":{"origin":9176,"position":4},"title":"Vereador Leonidas Dias e vice-prefeito Eduardo Pimentel realizam visitas na regi\u00e3o","author":"Gazeta do Abranches","date":"junho 2, 2022","format":false,"excerpt":"O vereador Leonidas Dias esteve visitando, no m\u00eas de maio, diversos bairros da Regi\u00e3o juntamente com o vice-prefeito, Eduardo Pimentel. O objetivo desta a\u00e7\u00e3o foi buscar investimentos e melhorias para locais estrat\u00e9gicos da cidade. Um dos pontos visitados foi a Rua Carmelina Cavassin, uma das vias mais importantes da regi\u00e3o,\u2026","rel":"","context":"Em &quot;Bairros&quot;","block_context":{"text":"Bairros","link":"https:\/\/gazetadoabranches.com\/index.php\/category\/bairros\/"},"img":{"alt_text":"","src":"https:\/\/i0.wp.com\/gazetadoabranches.com\/wp-content\/uploads\/2022\/06\/thumbnail_20220429_101926.jpg?resize=350%2C200&ssl=1","width":350,"height":200,"srcset":"https:\/\/i0.wp.com\/gazetadoabranches.com\/wp-content\/uploads\/2022\/06\/thumbnail_20220429_101926.jpg?resize=350%2C200&ssl=1 1x, https:\/\/i0.wp.com\/gazetadoabranches.com\/wp-content\/uploads\/2022\/06\/thumbnail_20220429_101926.jpg?resize=525%2C300&ssl=1 1.5x, https:\/\/i0.wp.com\/gazetadoabranches.com\/wp-content\/uploads\/2022\/06\/thumbnail_20220429_101926.jpg?resize=700%2C400&ssl=1 2x, https:\/\/i0.wp.com\/gazetadoabranches.com\/wp-content\/uploads\/2022\/06\/thumbnail_20220429_101926.jpg?resize=1050%2C600&ssl=1 3x"},"classes":[]},{"id":8868,"url":"https:\/\/gazetadoabranches.com\/index.php\/2023\/04\/11\/vereador-leonidas-dias-exalta-trabalho-coletivo-na-conquista-do-novo-asfalto-da-carmelina-cavassin\/","url_meta":{"origin":9176,"position":5},"title":"VEREADOR LEONIDAS DIAS EXALTA TRABALHO COLETIVO NA CONQUISTA DO NOVO ASFALTO DA CARMELINA CAVASSIN","author":"Gazeta do Abranches","date":"abril 11, 2023","format":false,"excerpt":"O vereador Leonidas Dias comemorou a revitaliza\u00e7\u00e3o do asfalto da Rua Carmelina Cavassin, respons\u00e1vel pela liga\u00e7\u00e3o entre os bairros Barreirinha e Abranches, na Regi\u00e3o Norte de Curitiba. Os trabalhos come\u00e7aram no in\u00edcio do \u00faltimo m\u00eas de mar\u00e7o e, no total, s\u00e3o cerca de 1200 metros de obras feitas ao longo\u2026","rel":"","context":"Em &quot;Bairros&quot;","block_context":{"text":"Bairros","link":"https:\/\/gazetadoabranches.com\/index.php\/category\/bairros\/"},"img":{"alt_text":"","src":"https:\/\/i0.wp.com\/gazetadoabranches.com\/wp-content\/uploads\/2023\/04\/Leonidas-Dias1.jpg?resize=350%2C200&ssl=1","width":350,"height":200,"srcset":"https:\/\/i0.wp.com\/gazetadoabranches.com\/wp-content\/uploads\/2023\/04\/Leonidas-Dias1.jpg?resize=350%2C200&ssl=1 1x, https:\/\/i0.wp.com\/gazetadoabranches.com\/wp-content\/uploads\/2023\/04\/Leonidas-Dias1.jpg?resize=525%2C300&ssl=1 1.5x, https:\/\/i0.wp.com\/gazetadoabranches.com\/wp-content\/uploads\/2023\/04\/Leonidas-Dias1.jpg?resize=700%2C400&ssl=1 2x, https:\/\/i0.wp.com\/gazetadoabranches.com\/wp-content\/uploads\/2023\/04\/Leonidas-Dias1.jpg?resize=1050%2C600&ssl=1 3x"},"classes":[]}],"jetpack_likes_enabled":true,"jetpack_sharing_enabled":true,"_links":{"self":[{"href":"https:\/\/gazetadoabranches.com\/index.php\/wp-json\/wp\/v2\/posts\/9176","targetHints":{"allow":["GET"]}}],"collection":[{"href":"https:\/\/gazetadoabranches.com\/index.php\/wp-json\/wp\/v2\/posts"}],"about":[{"href":"https:\/\/gazetadoabranches.com\/index.php\/wp-json\/wp\/v2\/types\/post"}],"author":[{"embeddable":true,"href":"https:\/\/gazetadoabranches.com\/index.php\/wp-json\/wp\/v2\/users\/1"}],"replies":[{"embeddable":true,"href":"https:\/\/gazetadoabranches.com\/index.php\/wp-json\/wp\/v2\/comments?post=9176"}],"version-history":[{"count":1,"href":"https:\/\/gazetadoabranches.com\/index.php\/wp-json\/wp\/v2\/posts\/9176\/revisions"}],"predecessor-version":[{"id":9178,"href":"https:\/\/gazetadoabranches.com\/index.php\/wp-json\/wp\/v2\/posts\/9176\/revisions\/9178"}],"wp:featuredmedia":[{"embeddable":true,"href":"https:\/\/gazetadoabranches.com\/index.php\/wp-json\/wp\/v2\/media\/9177"}],"wp:attachment":[{"href":"https:\/\/gazetadoabranches.com\/index.php\/wp-json\/wp\/v2\/media?parent=9176"}],"wp:term":[{"taxonomy":"category","embeddable":true,"href":"https:\/\/gazetadoabranches.com\/index.php\/wp-json\/wp\/v2\/categories?post=9176"},{"taxonomy":"post_tag","embeddable":true,"href":"https:\/\/gazetadoabranches.com\/index.php\/wp-json\/wp\/v2\/tags?post=9176"}],"curies":[{"name":"wp","href":"https:\/\/api.w.org\/{rel}","templated":true}]}}