{"id":9185,"date":"2023-12-02T15:25:15","date_gmt":"2023-12-02T18:25:15","guid":{"rendered":"https:\/\/gazetadoabranches.com\/?p=9185"},"modified":"2023-12-02T15:25:15","modified_gmt":"2023-12-02T18:25:15","slug":"auto-de-natal-conquista-criancas-e-a-comunidade-da-regional-boa-vista","status":"publish","type":"post","link":"https:\/\/gazetadoabranches.com\/index.php\/2023\/12\/02\/auto-de-natal-conquista-criancas-e-a-comunidade-da-regional-boa-vista\/","title":{"rendered":"Auto de Natal conquista crian\u00e7as e a comunidade da Regional Boa Vista"},"content":{"rendered":"<figure id=\"attachment_9186\" aria-describedby=\"caption-attachment-9186\" style=\"width: 800px\" class=\"wp-caption aligncenter\"><img loading=\"lazy\" decoding=\"async\" class=\"size-full wp-image-9186\" src=\"https:\/\/gazetadoabranches.com\/wp-content\/uploads\/2023\/12\/Natal-rbv.jpg\" alt=\"\" width=\"800\" height=\"528\" srcset=\"https:\/\/gazetadoabranches.com\/wp-content\/uploads\/2023\/12\/Natal-rbv.jpg 800w, https:\/\/gazetadoabranches.com\/wp-content\/uploads\/2023\/12\/Natal-rbv-300x198.jpg 300w, https:\/\/gazetadoabranches.com\/wp-content\/uploads\/2023\/12\/Natal-rbv-768x507.jpg 768w\" sizes=\"auto, (max-width: 800px) 100vw, 800px\" \/><figcaption id=\"caption-attachment-9186\" class=\"wp-caption-text\">Prefeito Rafael Greca e o vice-prefeito Eduardo Pimentel, na apresenta\u00e7\u00e3o do Auto de Natal na Regional Boa Vista. Curitiba, 29\/11\/2023. Foto: Hully Paiva\/SMCS<\/figcaption><\/figure>\n<p>&#8220;Se a gente \u00e9 capaz de espalhar alegria, eu tenho certeza que a gente podia fazer com que fosse Natal todo dia.&#8221;<\/p>\n<p>O refr\u00e3o da m\u00fasica do grupo Roupa Nova entoado na tarde desta quarta-feira (29\/11), na quadra de esportes da Rua da Cidadania Boa Vista, levou emo\u00e7\u00e3o e alegria a estudantes, servidores e comunidade da regi\u00e3o, reunidos para assistir a encena\u00e7\u00e3o do Auto de Natal.<\/p>\n<p>O espet\u00e1culo, produzido pela&nbsp;<a href=\"http:\/\/www.fundacaoculturaldecuritiba.com.br\/\">Funda\u00e7\u00e3o Cultural de Curitiba (FCC)<\/a>, conta a hist\u00f3ria de S\u00e3o Francisco de Assis.&nbsp;Interpretado pelo ator Jean Cou\u00e9, o santo padroeiro dos animais transcendeu 800 anos de hist\u00f3ria para compartilhar, de maneira cativante, suas inspiradoras hist\u00f3rias e ensinamentos com o p\u00fablico presente.<\/p>\n<ul>\n<li><strong>As atra\u00e7\u00f5es do Natal de Curitiba 2023 n\u00e3o precisam de agendamento.<\/strong><\/li>\n<\/ul>\n<p>O prefeito Rafael Greca e o vice-prefeito Eduardo Pimentel assistiram a encena\u00e7\u00e3o. Greca falou sobre as li\u00e7\u00f5es de f\u00e9 e humildade de S\u00e3o Francisco de Assis.&nbsp;<\/p>\n<p>Greca explicou que S\u00e3o Francisco desapegou dos bens materiais e at\u00e9 das roupas para viver integralmente a sua devo\u00e7\u00e3o a Jesus.&nbsp;<\/p>\n<blockquote><p>\u201cQuem v\u00ea o rosto da esperan\u00e7a uma \u00fanica vez, da esperan\u00e7a n\u00e3o esquece nunca mais. Voc\u00eas meninos e meninas de Curitiba e de todas as na\u00e7\u00f5es s\u00e3o o rosto da esperan\u00e7a. Se todas as crian\u00e7as do mundo forem instrumentos da paz, haver\u00e1 paz no mundo\u201d, disse Greca.<\/p><\/blockquote>\n<p>O vice-prefeito Eduardo Pimentel tamb\u00e9m falou sobre a mensagem de amor deixada pelo santo.<\/p>\n<p>\u201cMuita alegria participar de uma festa t\u00e3o bonita. Um dos maiores ensinamentos de S\u00e3o Francisco era o de amar o pr\u00f3ximo. N\u00f3s precisamos praticar isso todos os dias para fazer a nossa cidade cada vez mais feliz. Por isso que voc\u00eas curitibinhas precisam respeitar os professores, os pais e fam\u00edlia, porque voc\u00eas representam a Curitiba do futuro. Feliz Natal a todos\u201d, disse Eduardo Pimentel.<\/p>\n<p>O espet\u00e1culo recheado de hist\u00f3rias, poemas e m\u00fasicas criou um momento de conex\u00e3o entre S\u00e3o Francisco, os estudantes e as pessoas que passavam pelo local e pararam para assistir a encena\u00e7\u00e3o.<\/p>\n<blockquote><p>\u201c\u00c9 muito especial viver este papel porque a gente sente a emo\u00e7\u00e3o das pessoas, \u00e9 uma mensagem muito potente. Estou gostando muito da experi\u00eancia\u201d, disse o ator Jean Couv\u00e9.<\/p><\/blockquote>\n<h3>S\u00e3o Francisco gigante<\/h3>\n<p>&nbsp;<\/p>\n<figure id=\"attachment_9188\" aria-describedby=\"caption-attachment-9188\" style=\"width: 800px\" class=\"wp-caption aligncenter\"><img loading=\"lazy\" decoding=\"async\" class=\"size-full wp-image-9188\" src=\"https:\/\/gazetadoabranches.com\/wp-content\/uploads\/2023\/12\/Natal-rbv2.jpg\" alt=\"\" width=\"800\" height=\"533\" srcset=\"https:\/\/gazetadoabranches.com\/wp-content\/uploads\/2023\/12\/Natal-rbv2.jpg 800w, https:\/\/gazetadoabranches.com\/wp-content\/uploads\/2023\/12\/Natal-rbv2-300x200.jpg 300w, https:\/\/gazetadoabranches.com\/wp-content\/uploads\/2023\/12\/Natal-rbv2-768x512.jpg 768w\" sizes=\"auto, (max-width: 800px) 100vw, 800px\" \/><figcaption id=\"caption-attachment-9188\" class=\"wp-caption-text\">Apresenta\u00e7\u00e3o do Auto de Natal na Regional Boa Vista. Curitiba, 29\/11\/2023. Foto: Hully Paiva\/SMCS<\/figcaption><\/figure>\n<p>&nbsp;<\/p>\n<p>Os 405 estudantes das escolas municipais Doutel de Andrade, Pilarzinho, Tanira Regina Schmidt e Ulysses Silveira Guimar\u00e3es ficaram impressionados com um boneco de S\u00e3o Francisco de Assis mediando 4,20m que se juntou aos atores trazendo ainda mais brilho para o espet\u00e1culo.&nbsp;<\/p>\n<h3>Sucesso com as crian\u00e7as<\/h3>\n<p>Ao final, todos entoaram a m\u00fasica de Aline Barros Vem Chegando o Natal e houve distribui\u00e7\u00e3o de presentes para as crian\u00e7as. Os presentes s\u00e3o fruto de doa\u00e7\u00f5es recebidas pela&nbsp;<a href=\"https:\/\/fas.curitiba.pr.gov.br\/\">Funda\u00e7\u00e3o de A\u00e7\u00e3o Social<\/a>.<\/p>\n<p>Samuel Dulc\u00eddio dos Santos, 10 anos, da EM Doutel de Andrade, gostou do Auto de Natal. \u201cGostei muito da pe\u00e7a e do presente que eu ganhei. A melhor parte foi cantar junto as m\u00fasicas\u201d, disse o garoto.<\/p>\n<p>A colega de Samuel, Helo\u00edza Souza Gbur, 9 anos, tamb\u00e9m curtiu bastante a apresenta\u00e7\u00e3o.<\/p>\n<blockquote><p>\u201cEu gosto muito do Natal. Achei a pe\u00e7a muito legal, principalmente as representa\u00e7\u00f5es de Maria e do anjo Gabriel\u201d, disse a menina.<\/p><\/blockquote>\n<h3>Jornalistas mirins em a\u00e7\u00e3o<\/h3>\n<p>As jornalistas mirins Ketlyn da Cruz Modesto e Isadora Werner, da EM Ulysses Silveira Guimar\u00e3es, estavam radiantes. Elas gravaram um depoimento do prefeito sobre a festa de Natal que aconteceu na Rua da Cidadania Boa Vista.<\/p>\n<p>As meninas gostam muito de desempenhar o papel de rep\u00f3rteres. \u201cN\u00f3s adoramos. O problema \u00e9 que agora o ano est\u00e1 acabando e ser\u00e1 a vez dos nossos colegas\u201d, disse Ketlyn.<\/p>\n<p>Quando perguntadas o que elas pretendem ser quando conclu\u00edrem os estudos, a resposta veio em un\u00edssono: \u201cjornalistas\u201d, disseram as meninas.<\/p>\n<h3>Confira a programa\u00e7\u00e3o dos espet\u00e1culos de Natal nas Regionais de Curitiba<\/h3>\n<p>Dia 30\/11 \u2013 15h30<br \/>\nPinheirinho (Rua da Cidadania Regional Pinheirinho)<\/p>\n<p>Dia 1\/12 -15h30<br \/>\nSanta Felicidade (Rua da Cidadania Regional Santa Felicidade)<\/p>\n<p>Dia 4\/12 -15h30<br \/>\nBoqueir\u00e3o (Rua da Cidadania do Boqueir\u00e3o)<\/p>\n<p>Dia 5\/12 \u2013 15h30<br \/>\nTatuquara (Rua da Cidadania Tatuquara)<\/p>\n<p>Dia 6\/12 \u2013 15h30<br \/>\nCajuru (Rua da Cidadania Cajuru)<\/p>\n<p>Dia 7\/12 \u2013 15h30<br \/>\nPort\u00e3o (Rua da Cidadania Fazendinha)<\/p>\n<p>Dia 8\/12 &#8211; 20h<br \/>\nCantata de Natal<br \/>\nBairro Novo (Rua da Cidadania)<\/p>\n<h3>Presen\u00e7as<\/h3>\n<p>Tamb\u00e9m prestigiaram o evento a secret\u00e1ria de Comunica\u00e7\u00e3o, Cinthia Genguine; a presidente da Funda\u00e7\u00e3o Cultural de Curitiba, Ana Cristina de Castro; a presidente da Funda\u00e7\u00e3o de A\u00e7\u00e3o Social (FAS), Maria Alice Erthal; a administradora regional do Boa Vista, Jana\u00edna Lopes Gehr;&nbsp;a assessora especial do prefeito, Cibele Fernandes Dias; e os vereadores T\u00e2nia Guerreiro, Bruno Pessuti, Le\u00f4nidas Dias e Hernani da Silva.<\/p>\n<p><em>A Prefeitura de Curitiba promove o Natal de Curitiba \u2013 Luz dos Pinhais 2023 com o patroc\u00ednio das empresas Electrolux, Ligga, Ademicon, Shopping Mueller, O Botic\u00e1rio, Uninter, ParkShopping Barigui, Club Athletico Paranaense, Servopa, Volvo, Hard Rock Caf\u00e9, AirPromo, Midialand e Banco do Brasil. A decora\u00e7\u00e3o poder\u00e1 ser apreciada at\u00e9 7 de janeiro. A programa\u00e7\u00e3o completa do Natal de Curitiba &#8211; Luz dos Pinhais 2023 pode ser consultada no site&nbsp;<a href=\"https:\/\/natal.curitiba.pr.gov.br\/\">natal.curitiba.pr.gov.br<\/a>.<\/em><\/p>\n<p><img loading=\"lazy\" decoding=\"async\" class=\"aligncenter size-large wp-image-9190\" src=\"https:\/\/gazetadoabranches.com\/wp-content\/uploads\/2023\/12\/WhatsApp-Image-2023-12-02-at-15.22.15-1-1024x768.jpeg\" alt=\"\" width=\"640\" height=\"480\" srcset=\"https:\/\/gazetadoabranches.com\/wp-content\/uploads\/2023\/12\/WhatsApp-Image-2023-12-02-at-15.22.15-1-1024x768.jpeg 1024w, https:\/\/gazetadoabranches.com\/wp-content\/uploads\/2023\/12\/WhatsApp-Image-2023-12-02-at-15.22.15-1-300x225.jpeg 300w, https:\/\/gazetadoabranches.com\/wp-content\/uploads\/2023\/12\/WhatsApp-Image-2023-12-02-at-15.22.15-1-768x576.jpeg 768w, https:\/\/gazetadoabranches.com\/wp-content\/uploads\/2023\/12\/WhatsApp-Image-2023-12-02-at-15.22.15-1-1536x1152.jpeg 1536w, https:\/\/gazetadoabranches.com\/wp-content\/uploads\/2023\/12\/WhatsApp-Image-2023-12-02-at-15.22.15-1.jpeg 1600w\" sizes=\"auto, (max-width: 640px) 100vw, 640px\" \/> <img loading=\"lazy\" decoding=\"async\" class=\"aligncenter size-large wp-image-9191\" src=\"https:\/\/gazetadoabranches.com\/wp-content\/uploads\/2023\/12\/WhatsApp-Image-2023-12-02-at-15.22.15-1024x768.jpeg\" alt=\"\" width=\"640\" height=\"480\" srcset=\"https:\/\/gazetadoabranches.com\/wp-content\/uploads\/2023\/12\/WhatsApp-Image-2023-12-02-at-15.22.15-1024x768.jpeg 1024w, https:\/\/gazetadoabranches.com\/wp-content\/uploads\/2023\/12\/WhatsApp-Image-2023-12-02-at-15.22.15-300x225.jpeg 300w, https:\/\/gazetadoabranches.com\/wp-content\/uploads\/2023\/12\/WhatsApp-Image-2023-12-02-at-15.22.15-768x576.jpeg 768w, https:\/\/gazetadoabranches.com\/wp-content\/uploads\/2023\/12\/WhatsApp-Image-2023-12-02-at-15.22.15-1536x1152.jpeg 1536w, https:\/\/gazetadoabranches.com\/wp-content\/uploads\/2023\/12\/WhatsApp-Image-2023-12-02-at-15.22.15.jpeg 1600w\" sizes=\"auto, (max-width: 640px) 100vw, 640px\" \/> <img loading=\"lazy\" decoding=\"async\" class=\"aligncenter size-large wp-image-9192\" src=\"https:\/\/gazetadoabranches.com\/wp-content\/uploads\/2023\/12\/WhatsApp-Image-2023-12-02-at-15.22.14-1-1024x768.jpeg\" alt=\"\" width=\"640\" height=\"480\" srcset=\"https:\/\/gazetadoabranches.com\/wp-content\/uploads\/2023\/12\/WhatsApp-Image-2023-12-02-at-15.22.14-1-1024x768.jpeg 1024w, https:\/\/gazetadoabranches.com\/wp-content\/uploads\/2023\/12\/WhatsApp-Image-2023-12-02-at-15.22.14-1-300x225.jpeg 300w, https:\/\/gazetadoabranches.com\/wp-content\/uploads\/2023\/12\/WhatsApp-Image-2023-12-02-at-15.22.14-1-768x576.jpeg 768w, https:\/\/gazetadoabranches.com\/wp-content\/uploads\/2023\/12\/WhatsApp-Image-2023-12-02-at-15.22.14-1-1536x1152.jpeg 1536w, https:\/\/gazetadoabranches.com\/wp-content\/uploads\/2023\/12\/WhatsApp-Image-2023-12-02-at-15.22.14-1.jpeg 1600w\" sizes=\"auto, (max-width: 640px) 100vw, 640px\" \/> <img loading=\"lazy\" decoding=\"async\" class=\"aligncenter size-large wp-image-9193\" src=\"https:\/\/gazetadoabranches.com\/wp-content\/uploads\/2023\/12\/WhatsApp-Image-2023-12-02-at-15.22.14-768x1024.jpeg\" alt=\"\" width=\"640\" height=\"853\" srcset=\"https:\/\/gazetadoabranches.com\/wp-content\/uploads\/2023\/12\/WhatsApp-Image-2023-12-02-at-15.22.14-768x1024.jpeg 768w, https:\/\/gazetadoabranches.com\/wp-content\/uploads\/2023\/12\/WhatsApp-Image-2023-12-02-at-15.22.14-225x300.jpeg 225w, https:\/\/gazetadoabranches.com\/wp-content\/uploads\/2023\/12\/WhatsApp-Image-2023-12-02-at-15.22.14-1152x1536.jpeg 1152w, https:\/\/gazetadoabranches.com\/wp-content\/uploads\/2023\/12\/WhatsApp-Image-2023-12-02-at-15.22.14.jpeg 1200w\" sizes=\"auto, (max-width: 640px) 100vw, 640px\" \/><\/p>\n","protected":false},"excerpt":{"rendered":"<p>&#8220;Se a gente \u00e9 capaz de espalhar alegria, eu tenho certeza que a gente podia fazer com que fosse Natal todo dia.&#8221; O refr\u00e3o da m\u00fasica do grupo Roupa Nova entoado na tarde desta quarta-feira (29\/11), na quadra de esportes da Rua da Cidadania Boa Vista, levou emo\u00e7\u00e3o e alegria [&hellip;]<\/p>\n","protected":false},"author":1,"featured_media":9186,"comment_status":"open","ping_status":"open","sticky":false,"template":"","format":"standard","meta":{"ngg_post_thumbnail":0,"jetpack_post_was_ever_published":false,"amp_status":"","_jetpack_newsletter_access":"","_jetpack_dont_email_post_to_subs":false,"_jetpack_newsletter_tier_id":0,"_jetpack_memberships_contains_paywalled_content":false,"_jetpack_memberships_contains_paid_content":false,"footnotes":""},"categories":[103],"tags":[],"class_list":["post-9185","post","type-post","status-publish","format-standard","has-post-thumbnail","hentry","category-natal"],"aioseo_notices":[],"jetpack_featured_media_url":"https:\/\/gazetadoabranches.com\/wp-content\/uploads\/2023\/12\/Natal-rbv.jpg","jetpack-related-posts":[{"id":8142,"url":"https:\/\/gazetadoabranches.com\/index.php\/2022\/03\/21\/curitiba-329-anos-criancas-do-boa-vista-aprendem-a-historia-do-surgimento-da-cidade\/","url_meta":{"origin":9185,"position":0},"title":"Curitiba 329 anos &#8211; Crian\u00e7as do Boa Vista aprendem a hist\u00f3ria do surgimento da cidade","author":"Gazeta do Abranches","date":"mar\u00e7o 21, 2022","format":false,"excerpt":"Em 29 de mar\u00e7o de 1693, o capit\u00e3o-povoador Matheus Martins Leme realizou a primeira elei\u00e7\u00e3o para a C\u00e2mara de Vereadores, como exigiam as Ordena\u00e7\u00f5es Portuguesas, e assim fundou a Vila de Nossa Senhora da Luz dos Pinhais, que mais tarde passou a se chamar Curitiba. Este cap\u00edtulo faz parte da\u2026","rel":"","context":"Em &quot;Cultura&quot;","block_context":{"text":"Cultura","link":"https:\/\/gazetadoabranches.com\/index.php\/category\/cultura\/"},"img":{"alt_text":"","src":"https:\/\/i0.wp.com\/gazetadoabranches.com\/wp-content\/uploads\/2022\/03\/00338899.jpg?resize=350%2C200&ssl=1","width":350,"height":200,"srcset":"https:\/\/i0.wp.com\/gazetadoabranches.com\/wp-content\/uploads\/2022\/03\/00338899.jpg?resize=350%2C200&ssl=1 1x, https:\/\/i0.wp.com\/gazetadoabranches.com\/wp-content\/uploads\/2022\/03\/00338899.jpg?resize=525%2C300&ssl=1 1.5x, https:\/\/i0.wp.com\/gazetadoabranches.com\/wp-content\/uploads\/2022\/03\/00338899.jpg?resize=700%2C400&ssl=1 2x"},"classes":[]},{"id":10004,"url":"https:\/\/gazetadoabranches.com\/index.php\/2025\/08\/25\/moradores-elegem-no-fala-curitiba-obras-e-servicos-para-os-12-bairros-da-regional-boa-vista\/","url_meta":{"origin":9185,"position":1},"title":"Moradores elegem no Fala Curitiba obras e servi\u00e7os para os 12 bairros da Regional Boa Vista","author":"Gazeta do Abranches","date":"agosto 25, 2025","format":false,"excerpt":"O prefeito Eduardo Pimentel participou, na noite desta sexta-feira (22\/8), da reuni\u00e3o presencial final do\u00a0Fala Curitiba\u00a0na\u00a0Regional Boa Vista\u00a0e agradeceu \u00e0 popula\u00e7\u00e3o por escolher os dez servi\u00e7os e obras que ser\u00e3o inclu\u00eddos na Lei Or\u00e7ament\u00e1ria Anual (LOA) de 2026, tornando-se compromissos oficiais da Prefeitura.\u00a0Em um audit\u00f3rio lotado, na\u00a0Rua da Cidadania do\u2026","rel":"","context":"Em &quot;Fala Curitiba&quot;","block_context":{"text":"Fala Curitiba","link":"https:\/\/gazetadoabranches.com\/index.php\/category\/fala-curitiba\/"},"img":{"alt_text":"","src":"https:\/\/i0.wp.com\/gazetadoabranches.com\/wp-content\/uploads\/2025\/08\/Fala-Curitiba-BV.png?resize=350%2C200&ssl=1","width":350,"height":200,"srcset":"https:\/\/i0.wp.com\/gazetadoabranches.com\/wp-content\/uploads\/2025\/08\/Fala-Curitiba-BV.png?resize=350%2C200&ssl=1 1x, https:\/\/i0.wp.com\/gazetadoabranches.com\/wp-content\/uploads\/2025\/08\/Fala-Curitiba-BV.png?resize=525%2C300&ssl=1 1.5x, https:\/\/i0.wp.com\/gazetadoabranches.com\/wp-content\/uploads\/2025\/08\/Fala-Curitiba-BV.png?resize=700%2C400&ssl=1 2x"},"classes":[]},{"id":8804,"url":"https:\/\/gazetadoabranches.com\/index.php\/2023\/03\/07\/com-a-familia-folhas-curitibinhas-do-boa-vista-aprendem-sobre-sustentabilidade-e-historia\/","url_meta":{"origin":9185,"position":2},"title":"Com a Fam\u00edlia Folhas, curitibinhas do Boa Vista aprendem sobre sustentabilidade e hist\u00f3ria","author":"Gazeta do Abranches","date":"mar\u00e7o 7, 2023","format":false,"excerpt":"A\u00a0Fam\u00edlia Folhas\u00a0se juntou na tarde desta segunda-feira (6\/3) aos fundadores de Curitiba, durante os festejos dos 330 anos de Curitiba, na\u00a0Rua da Cidadania do Boa Vista, para levar uma mensagem importante para os curitibinhas. Seu Folha, Dona Fof\u00f4, F\u00f3fis, Fifo, Fefo, Flora e Folheco foram refor\u00e7ar a mensagem da import\u00e2ncia\u2026","rel":"","context":"Em &quot;Anivers\u00e1rio de Curitiba 330 anos&quot;","block_context":{"text":"Anivers\u00e1rio de Curitiba 330 anos","link":"https:\/\/gazetadoabranches.com\/index.php\/category\/aniversario-de-curitiba-330-anos\/"},"img":{"alt_text":"","src":"https:\/\/i0.wp.com\/gazetadoabranches.com\/wp-content\/uploads\/2023\/03\/330-anos-de-curitiba-bv.3jpg.jpg?resize=350%2C200&ssl=1","width":350,"height":200,"srcset":"https:\/\/i0.wp.com\/gazetadoabranches.com\/wp-content\/uploads\/2023\/03\/330-anos-de-curitiba-bv.3jpg.jpg?resize=350%2C200&ssl=1 1x, https:\/\/i0.wp.com\/gazetadoabranches.com\/wp-content\/uploads\/2023\/03\/330-anos-de-curitiba-bv.3jpg.jpg?resize=525%2C300&ssl=1 1.5x, https:\/\/i0.wp.com\/gazetadoabranches.com\/wp-content\/uploads\/2023\/03\/330-anos-de-curitiba-bv.3jpg.jpg?resize=700%2C400&ssl=1 2x"},"classes":[]},{"id":7890,"url":"https:\/\/gazetadoabranches.com\/index.php\/2021\/11\/18\/ruas-de-acesso-ao-parque-tangua-ganham-asfalto-novo\/","url_meta":{"origin":9185,"position":3},"title":"Ruas de acesso ao Parque Tangu\u00e1 ganham asfalto novo","author":"Gazeta do Abranches","date":"novembro 18, 2021","format":false,"excerpt":"Tr\u00eas ruas do Pilarzinho que d\u00e3o acesso ao Parque Tangu\u00e1 est\u00e3o sendo requalificadas pela Prefeitura de Curitiba. O prefeito Rafael Greca acompanhou, nesta quarta-feira (17\/11), o in\u00edcio das obras de reciclagem do pavimento da Rua Margarida de Conto\u00a0Gava, que vai ganhar asfalto novo no trecho de 478 metros entre a\u2026","rel":"","context":"Em &quot;Bairros&quot;","block_context":{"text":"Bairros","link":"https:\/\/gazetadoabranches.com\/index.php\/category\/bairros\/"},"img":{"alt_text":"","src":"https:\/\/i0.wp.com\/gazetadoabranches.com\/wp-content\/uploads\/2021\/11\/Ruas-pq-Tangua.jpg?resize=350%2C200&ssl=1","width":350,"height":200,"srcset":"https:\/\/i0.wp.com\/gazetadoabranches.com\/wp-content\/uploads\/2021\/11\/Ruas-pq-Tangua.jpg?resize=350%2C200&ssl=1 1x, https:\/\/i0.wp.com\/gazetadoabranches.com\/wp-content\/uploads\/2021\/11\/Ruas-pq-Tangua.jpg?resize=525%2C300&ssl=1 1.5x, https:\/\/i0.wp.com\/gazetadoabranches.com\/wp-content\/uploads\/2021\/11\/Ruas-pq-Tangua.jpg?resize=700%2C400&ssl=1 2x"},"classes":[]},{"id":8229,"url":"https:\/\/gazetadoabranches.com\/index.php\/2022\/04\/30\/rua-da-cidadania-do-boa-vista-comemora-25-anos-e-abre-espaco-cidadao\/","url_meta":{"origin":9185,"position":4},"title":"Rua da Cidadania do Boa Vista comemora 25 anos e abre Espa\u00e7o Cidad\u00e3o","author":"Gazeta do Abranches","date":"abril 30, 2022","format":false,"excerpt":"\u00a0 Brinde de gengibirra, um vistoso bolo de anivers\u00e1rio e abertura do Espa\u00e7o Cidad\u00e3o fizeram parte das comemora\u00e7\u00f5es dos 25 anos da Rua da Cidadania do Boa Vista, na manh\u00e3 desta sexta-feira (29\/4). O equipamento que \u00e9 gerido pela Secretaria de Governo Municipal (SGM) foi inaugurado no dia 30 de\u2026","rel":"","context":"Em &quot;Curitiba&quot;","block_context":{"text":"Curitiba","link":"https:\/\/gazetadoabranches.com\/index.php\/category\/curitiba\/"},"img":{"alt_text":"","src":"https:\/\/i0.wp.com\/gazetadoabranches.com\/wp-content\/uploads\/2022\/04\/00342350.jpg?resize=350%2C200&ssl=1","width":350,"height":200,"srcset":"https:\/\/i0.wp.com\/gazetadoabranches.com\/wp-content\/uploads\/2022\/04\/00342350.jpg?resize=350%2C200&ssl=1 1x, https:\/\/i0.wp.com\/gazetadoabranches.com\/wp-content\/uploads\/2022\/04\/00342350.jpg?resize=525%2C300&ssl=1 1.5x, https:\/\/i0.wp.com\/gazetadoabranches.com\/wp-content\/uploads\/2022\/04\/00342350.jpg?resize=700%2C400&ssl=1 2x"},"classes":[]},{"id":8700,"url":"https:\/\/gazetadoabranches.com\/index.php\/2022\/12\/21\/luzes-cores-e-emocao-marcam-estreia-do-oratorio-de-natal-do-tangua-que-pode-ser-visto-ate-sexta\/","url_meta":{"origin":9185,"position":5},"title":"Luzes, cores e emo\u00e7\u00e3o marcam estreia do Orat\u00f3rio de Natal do Tangu\u00e1, que pode ser visto at\u00e9 sexta","author":"Gazeta do Abranches","date":"dezembro 21, 2022","format":false,"excerpt":"Conhecido como local privilegiado para curtir o p\u00f4r do sol, o Parque Tangu\u00e1 foi, na noite fria e com garoa de ter\u00e7a-feira (20\/12), palco especial para a estreia do Orat\u00f3rio de Natal do Tangu\u00e1, uma superprodu\u00e7\u00e3o que narra com muita emo\u00e7\u00e3o e beleza o nascimento do menino Jesus. O espet\u00e1culo\u2026","rel":"","context":"Em &quot;Natal&quot;","block_context":{"text":"Natal","link":"https:\/\/gazetadoabranches.com\/index.php\/category\/natal\/"},"img":{"alt_text":"","src":"https:\/\/i0.wp.com\/gazetadoabranches.com\/wp-content\/uploads\/2022\/12\/Natal-Tangua-2022.jpg?resize=350%2C200&ssl=1","width":350,"height":200,"srcset":"https:\/\/i0.wp.com\/gazetadoabranches.com\/wp-content\/uploads\/2022\/12\/Natal-Tangua-2022.jpg?resize=350%2C200&ssl=1 1x, https:\/\/i0.wp.com\/gazetadoabranches.com\/wp-content\/uploads\/2022\/12\/Natal-Tangua-2022.jpg?resize=525%2C300&ssl=1 1.5x, https:\/\/i0.wp.com\/gazetadoabranches.com\/wp-content\/uploads\/2022\/12\/Natal-Tangua-2022.jpg?resize=700%2C400&ssl=1 2x"},"classes":[]}],"jetpack_likes_enabled":true,"jetpack_sharing_enabled":true,"_links":{"self":[{"href":"https:\/\/gazetadoabranches.com\/index.php\/wp-json\/wp\/v2\/posts\/9185","targetHints":{"allow":["GET"]}}],"collection":[{"href":"https:\/\/gazetadoabranches.com\/index.php\/wp-json\/wp\/v2\/posts"}],"about":[{"href":"https:\/\/gazetadoabranches.com\/index.php\/wp-json\/wp\/v2\/types\/post"}],"author":[{"embeddable":true,"href":"https:\/\/gazetadoabranches.com\/index.php\/wp-json\/wp\/v2\/users\/1"}],"replies":[{"embeddable":true,"href":"https:\/\/gazetadoabranches.com\/index.php\/wp-json\/wp\/v2\/comments?post=9185"}],"version-history":[{"count":1,"href":"https:\/\/gazetadoabranches.com\/index.php\/wp-json\/wp\/v2\/posts\/9185\/revisions"}],"predecessor-version":[{"id":9194,"href":"https:\/\/gazetadoabranches.com\/index.php\/wp-json\/wp\/v2\/posts\/9185\/revisions\/9194"}],"wp:featuredmedia":[{"embeddable":true,"href":"https:\/\/gazetadoabranches.com\/index.php\/wp-json\/wp\/v2\/media\/9186"}],"wp:attachment":[{"href":"https:\/\/gazetadoabranches.com\/index.php\/wp-json\/wp\/v2\/media?parent=9185"}],"wp:term":[{"taxonomy":"category","embeddable":true,"href":"https:\/\/gazetadoabranches.com\/index.php\/wp-json\/wp\/v2\/categories?post=9185"},{"taxonomy":"post_tag","embeddable":true,"href":"https:\/\/gazetadoabranches.com\/index.php\/wp-json\/wp\/v2\/tags?post=9185"}],"curies":[{"name":"wp","href":"https:\/\/api.w.org\/{rel}","templated":true}]}}