{"id":9247,"date":"2024-02-27T17:29:13","date_gmt":"2024-02-27T20:29:13","guid":{"rendered":"https:\/\/gazetadoabranches.com\/?p=9247"},"modified":"2024-02-27T17:29:13","modified_gmt":"2024-02-27T20:29:13","slug":"emendas-de-mauro-ignacio-vao-para-asfalto-e-obras-em-curitiba","status":"publish","type":"post","link":"https:\/\/gazetadoabranches.com\/index.php\/2024\/02\/27\/emendas-de-mauro-ignacio-vao-para-asfalto-e-obras-em-curitiba\/","title":{"rendered":"Emendas de Mauro Ign\u00e1cio v\u00e3o para asfalto e obras em Curitiba"},"content":{"rendered":"<div id=\"x_parent-fieldname-description\" class=\"x_documentDescription\" style=\"margin: 0px 0px 1em; padding: 0px; color: #4d4d4d; font: bold 16px 'Helvetica Neue', Arial, FreeSans, sans-serif; -webkit-box-ordinal-group: 4; order: 3; letter-spacing: normal; orphans: 2; text-align: start; text-indent: 0px; text-transform: none; widows: 2; word-spacing: 0px; -webkit-text-stroke-width: 0px; white-space: normal; background-color: #ffffff; text-decoration-thickness: initial; text-decoration-style: initial; text-decoration-color: initial;\">Vereador coordenou a emenda coletiva de R$ 305 mil para atividades culturais relacionadas ao Corpus Christi em Curitiba.<\/div>\n<div>\n<figure id=\"attachment_9248\" aria-describedby=\"caption-attachment-9248\" style=\"width: 918px\" class=\"wp-caption aligncenter\"><img loading=\"lazy\" decoding=\"async\" class=\"size-full wp-image-9248\" src=\"https:\/\/gazetadoabranches.com\/wp-content\/uploads\/2024\/02\/Emendas-Mauro-Ignacio.jpg\" alt=\"\" width=\"918\" height=\"612\" srcset=\"https:\/\/gazetadoabranches.com\/wp-content\/uploads\/2024\/02\/Emendas-Mauro-Ignacio.jpg 918w, https:\/\/gazetadoabranches.com\/wp-content\/uploads\/2024\/02\/Emendas-Mauro-Ignacio-300x200.jpg 300w, https:\/\/gazetadoabranches.com\/wp-content\/uploads\/2024\/02\/Emendas-Mauro-Ignacio-768x512.jpg 768w\" sizes=\"auto, (max-width: 918px) 100vw, 918px\" \/><figcaption id=\"caption-attachment-9248\" class=\"wp-caption-text\">Emenda do vereador Mauro Ign\u00e1cio para pavimenta\u00e7\u00e3o atingiu o valor de R$ 800 mil. (Foto: Daniel Castellano\/SMCS)<\/figcaption><\/figure>\n<\/div>\n<div>&nbsp;<\/div>\n<div id=\"x_viewlet-above-content-body\" style=\"margin: 0px; padding: 0px; color: #333333; font-family: Raleway, sans-serif; font-size: 16px; font-style: normal; font-variant-ligatures: normal; font-variant-caps: normal; font-weight: 400; letter-spacing: normal; orphans: 2; text-align: start; text-indent: 0px; text-transform: none; widows: 2; word-spacing: 0px; -webkit-text-stroke-width: 0px; white-space: normal; background-color: #ffffff; text-decoration-thickness: initial; text-decoration-style: initial; text-decoration-color: initial;\">&nbsp;<\/div>\n<div id=\"x_content-core\" style=\"margin: 0px; padding: 0px; -webkit-box-ordinal-group: 6; order: 5; color: #333333; font-family: Raleway, sans-serif; font-size: 16px; font-style: normal; font-variant-ligatures: normal; font-variant-caps: normal; font-weight: 400; letter-spacing: normal; orphans: 2; text-align: start; text-indent: 0px; text-transform: none; widows: 2; word-spacing: 0px; -webkit-text-stroke-width: 0px; white-space: normal; background-color: #ffffff; text-decoration-thickness: initial; text-decoration-style: initial; text-decoration-color: initial;\">\n<div id=\"x_content-core\" style=\"margin: 0px; padding: 0px; -webkit-box-ordinal-group: 6; order: 5; color: #333333; font-family: Raleway, sans-serif; font-size: 16px; font-style: normal; font-variant-ligatures: normal; font-variant-caps: normal; font-weight: 400; letter-spacing: normal; orphans: 2; text-align: start; text-indent: 0px; text-transform: none; widows: 2; word-spacing: 0px; -webkit-text-stroke-width: 0px; white-space: normal; background-color: #ffffff; text-decoration-thickness: initial; text-decoration-style: initial; text-decoration-color: initial;\">\n<div id=\"x_parent-fieldname-text\" class=\"x_plain\" style=\"margin: 0px; padding: 0px;\">\n<p dir=\"ltr\" style=\"margin: 0px; padding: 0px; line-height: 1.6em;\">Diferente da maioria dos vereadores da C\u00e2mara Municipal de Curitiba, que pulverizam suas emendas parlamentares em diversas \u00e1reas,&nbsp;<strong style=\"margin: 0px; padding: 0px; font-weight: bold;\">Mauro Ign\u00e1cio (Uni\u00e3o)<\/strong>&nbsp;decidiu concentrar grande parte dos seus recursos em apenas uma emenda parlamentar ao or\u00e7amento de 2024. Ele reservou&nbsp;<strong style=\"margin: 0px; padding: 0px; font-weight: bold;\">R$ 800 mil para a Secretaria Municipal de Obras P\u00fablicas (Smop)<\/strong>&nbsp;realizar a manuten\u00e7\u00e3o das ruas de Curitiba, justificando, em plen\u00e1rio, que o objetivo \u00e9&nbsp;<strong style=\"margin: 0px; padding: 0px; font-weight: bold;\">reduzir as mortes no tr\u00e2nsito<\/strong>.<\/p>\n<p style=\"margin: 0px; padding: 0px; line-height: 1.6em;\"><span id=\"x_docs-internal-guid-6380cee7-7fff-5a6d-9310-2faf988e2e70\" style=\"margin: 0px; padding: 0px;\"><span style=\"margin: 0px; padding: 0px;\">Ao elaborarem o or\u00e7amento deste ano,&nbsp;<\/span><strong style=\"margin: 0px; padding: 0px; font-weight: bold;\">os vereadores da C\u00e2mara Municipal de Curitiba (CMC) tiveram cotas individuais de R$ 1,8 milh\u00e3o para refor\u00e7ar a\u00e7\u00f5es e projetos de interesse da popula\u00e7\u00e3o<\/strong><span style=\"margin: 0px; padding: 0px;\">. Mauro Ign\u00e1cio dividiu esses recursos em 26 indica\u00e7\u00f5es, sendo&nbsp;<strong style=\"margin: 0px; padding: 0px; font-weight: bold;\">9 emendas individuais<\/strong>, que receberam R$ 1,385 milh\u00e3o, e&nbsp;<strong style=\"margin: 0px; padding: 0px; font-weight: bold;\">17 coletivas<\/strong>, que ficaram com R$ 415 mil. Ao dar recursos \u00e0 Secretaria de Obras P\u00fablicas (<\/span><a style=\"margin: 0px; padding: 0px; outline: none; background: transparent; text-decoration: underline; color: #205c90; border-bottom: none;\" title=\"Protegido pelo Outlook: https:\/\/www.cmc.pr.gov.br\/wspl\/sistema\/ProposicaoDetalhesForm.do?select_action=&amp;cod=308.00563.2023. Clique ou toque para seguir o link.\" href=\"https:\/\/www.cmc.pr.gov.br\/wspl\/sistema\/ProposicaoDetalhesForm.do?select_action=&amp;cod=308.00563.2023\" target=\"_blank\" rel=\"noopener noreferrer\" data-auth=\"Verified\" data-linkindex=\"1\"><span style=\"margin: 0px; padding: 0px;\">308.00563.2023<\/span><\/a><span style=\"margin: 0px; padding: 0px;\">), afirmou que v\u00e1rias ruas da cidade t\u00eam o pavimento comprometido e h\u00e1 anos recebem apenas obras de manuten\u00e7\u00e3o de antip\u00f3 e tapa-buracos.<\/span><span style=\"margin: 0px; padding: 0px;\"><br style=\"margin: 0px; padding: 0px;\" aria-hidden=\"true\"><\/span><span style=\"margin: 0px; padding: 0px;\"><img loading=\"lazy\" decoding=\"async\" class=\"aligncenter size-full wp-image-9249\" src=\"https:\/\/gazetadoabranches.com\/wp-content\/uploads\/2024\/02\/Mauro-Ignacio2024.jpeg\" alt=\"\" width=\"400\" height=\"266\" srcset=\"https:\/\/gazetadoabranches.com\/wp-content\/uploads\/2024\/02\/Mauro-Ignacio2024.jpeg 400w, https:\/\/gazetadoabranches.com\/wp-content\/uploads\/2024\/02\/Mauro-Ignacio2024-300x200.jpeg 300w\" sizes=\"auto, (max-width: 400px) 100vw, 400px\" \/><\/span><span style=\"margin: 0px; padding: 0px;\">No campo das obras, a segunda maior emenda individual de Mauro Ign\u00e1cio, no valor de R$ 400 mil, foi destinada \u00e0 revitaliza\u00e7\u00e3o de \u00e1reas verdes, parques e pra\u00e7as das regionais Santa Felicidade, Boa Vista e CIC (<\/span><a style=\"margin: 0px; padding: 0px; outline: none; background: transparent; text-decoration: underline; color: #205c90; border-bottom: none;\" title=\"Protegido pelo Outlook: https:\/\/www.cmc.pr.gov.br\/wspl\/sistema\/ProposicaoDetalhesForm.do?select_action=&amp;cod=308.00606.2023. Clique ou toque para seguir o link.\" href=\"https:\/\/www.cmc.pr.gov.br\/wspl\/sistema\/ProposicaoDetalhesForm.do?select_action=&amp;cod=308.00606.2023\" target=\"_blank\" rel=\"noopener noreferrer\" data-auth=\"Verified\" data-linkindex=\"2\"><span style=\"margin: 0px; padding: 0px;\">308.00606.2023<\/span><\/a><span style=\"margin: 0px; padding: 0px;\">). O vereador ainda articulou uma emenda coletiva extra para a mesma Secretaria Municipal do Meio Ambiente, no valor de R$ 100 mil, para a implanta\u00e7\u00e3o de uma pra\u00e7a na rua Deocleciano de Paula Xavier, no Pilarzinho (<\/span><a style=\"margin: 0px; padding: 0px; outline: none; background: transparent; text-decoration: underline; color: #205c90; border-bottom: none;\" title=\"Protegido pelo Outlook: https:\/\/www.cmc.pr.gov.br\/wspl\/sistema\/ProposicaoDetalhesForm.do?select_action=&amp;cod=308.00130.2023. Clique ou toque para seguir o link.\" href=\"https:\/\/www.cmc.pr.gov.br\/wspl\/sistema\/ProposicaoDetalhesForm.do?select_action=&amp;cod=308.00130.2023\" target=\"_blank\" rel=\"noopener noreferrer\" data-auth=\"Verified\" data-linkindex=\"3\"><span style=\"margin: 0px; padding: 0px;\">308.00130.2023<\/span><\/a><span style=\"margin: 0px; padding: 0px;\">). Ign\u00e1cio tamb\u00e9m contribuiu com a arrecada\u00e7\u00e3o de recursos para o Jardim Bot\u00e2nico (<\/span><a style=\"margin: 0px; padding: 0px; outline: none; background: transparent; text-decoration: underline; color: #205c90; border-bottom: none;\" title=\"Protegido pelo Outlook: https:\/\/www.cmc.pr.gov.br\/wspl\/sistema\/ProposicaoDetalhesForm.do?select_action=&amp;cod=308.00683.2023. Clique ou toque para seguir o link.\" href=\"https:\/\/www.cmc.pr.gov.br\/wspl\/sistema\/ProposicaoDetalhesForm.do?select_action=&amp;cod=308.00683.2023\" target=\"_blank\" rel=\"noopener noreferrer\" data-auth=\"Verified\" data-linkindex=\"4\"><span style=\"margin: 0px; padding: 0px;\">308.00683.2023<\/span><\/a><span style=\"margin: 0px; padding: 0px;\">).<\/span><\/span><\/p>\n<h2 style=\"margin: 0px; padding: 0px; font-size: 1.75em; font-family: Raleway, sans-serif; font-weight: bold; color: #1a3a64; line-height: 1.2em; letter-spacing: -0.05em;\"><span id=\"x_docs-internal-guid-6380cee7-7fff-5a6d-9310-2faf988e2e70\" style=\"margin: 0px; padding: 0px;\"><span style=\"margin: 0px; padding: 0px;\">Mauro Ign\u00e1cio coordenou emenda coletiva para o Corpus Christi em Curitiba<\/span><span style=\"margin: 0px; padding: 0px;\"><br style=\"margin: 0px; padding: 0px;\" aria-hidden=\"true\"><\/span><\/span><\/h2>\n<p><img loading=\"lazy\" decoding=\"async\" class=\"aligncenter size-full wp-image-9250\" src=\"https:\/\/gazetadoabranches.com\/wp-content\/uploads\/2024\/02\/Mauro-corpus-chisti.jpeg\" alt=\"\" width=\"400\" height=\"266\" srcset=\"https:\/\/gazetadoabranches.com\/wp-content\/uploads\/2024\/02\/Mauro-corpus-chisti.jpeg 400w, https:\/\/gazetadoabranches.com\/wp-content\/uploads\/2024\/02\/Mauro-corpus-chisti-300x200.jpeg 300w\" sizes=\"auto, (max-width: 400px) 100vw, 400px\" \/><\/p>\n<p style=\"margin: 0px; padding: 0px; line-height: 1.6em;\"><span id=\"x_docs-internal-guid-6380cee7-7fff-5a6d-9310-2faf988e2e70\" style=\"margin: 0px; padding: 0px;\"><span style=\"margin: 0px; padding: 0px;\">Gra\u00e7as \u00e0 coordena\u00e7\u00e3o do vereador Mauro Ign\u00e1cio, uma&nbsp;<strong style=\"margin: 0px; padding: 0px; font-weight: bold;\">emenda coletiva de R$ 305 mil para a realiza\u00e7\u00e3o do evento de Corpus Christi neste ano<\/strong>&nbsp;foi levantada pela C\u00e2mara de Curitiba. Ele sensibilizou 20 parlamentares para a causa e fez uma das maiores contribui\u00e7\u00f5es, aportando R$ 30 mil (<\/span><a style=\"margin: 0px; padding: 0px; outline: none; background: transparent; text-decoration: underline; color: #205c90; border-bottom: none;\" title=\"Protegido pelo Outlook: https:\/\/www.cmc.pr.gov.br\/wspl\/sistema\/ProposicaoDetalhesForm.do?select_action=&amp;cod=308.00653.2023. Clique ou toque para seguir o link.\" href=\"https:\/\/www.cmc.pr.gov.br\/wspl\/sistema\/ProposicaoDetalhesForm.do?select_action=&amp;cod=308.00653.2023\" target=\"_blank\" rel=\"noopener noreferrer\" data-auth=\"Verified\" data-linkindex=\"5\"><span style=\"margin: 0px; padding: 0px;\">308.00653.2023<\/span><\/a><span style=\"margin: 0px; padding: 0px;\">). J\u00e1 para a encena\u00e7\u00e3o da Paix\u00e3o de Cristo do Grupo Lanteri, Ign\u00e1cio captou R$ 90 mil, obtidos com a contribui\u00e7\u00e3o de oito vereadores (<\/span><a style=\"margin: 0px; padding: 0px; outline: none; background: transparent; text-decoration: underline; color: #205c90; border-bottom: none;\" title=\"Protegido pelo Outlook: https:\/\/www.cmc.pr.gov.br\/wspl\/sistema\/ProposicaoDetalhesForm.do?select_action=&amp;cod=308.00629.2023. Clique ou toque para seguir o link.\" href=\"https:\/\/www.cmc.pr.gov.br\/wspl\/sistema\/ProposicaoDetalhesForm.do?select_action=&amp;cod=308.00629.2023\" target=\"_blank\" rel=\"noopener noreferrer\" data-auth=\"Verified\" data-linkindex=\"6\"><span style=\"margin: 0px; padding: 0px;\">308.00629.2023<\/span><\/a><span style=\"margin: 0px; padding: 0px;\">).<\/span><span style=\"margin: 0px; padding: 0px;\"><br style=\"margin: 0px; padding: 0px;\" aria-hidden=\"true\"><\/span><span style=\"margin: 0px; padding: 0px;\"><br style=\"margin: 0px; padding: 0px;\" aria-hidden=\"true\"><\/span><span style=\"margin: 0px; padding: 0px;\">Em 2024, a Festa de 146 anos de Santa Felicidade contar\u00e1 com uma emenda individual de Mauro Ign\u00e1cio no valor de R$ 10 mil (<\/span><a style=\"margin: 0px; padding: 0px; outline: none; background: transparent; text-decoration: underline; color: #205c90; border-bottom: none;\" title=\"Protegido pelo Outlook: https:\/\/www.cmc.pr.gov.br\/wspl\/sistema\/ProposicaoDetalhesForm.do?select_action=&amp;cod=308.00391.2023. Clique ou toque para seguir o link.\" href=\"https:\/\/www.cmc.pr.gov.br\/wspl\/sistema\/ProposicaoDetalhesForm.do?select_action=&amp;cod=308.00391.2023\" target=\"_blank\" rel=\"noopener noreferrer\" data-auth=\"Verified\" data-linkindex=\"7\"><span style=\"margin: 0px; padding: 0px;\">308.00591.2023<\/span><\/a><span style=\"margin: 0px; padding: 0px;\">), que tamb\u00e9m garantiu R$ 30 mil para as atividades do Centro Cultural Boqueir\u00e3o (<\/span><a style=\"margin: 0px; padding: 0px; outline: none; background: transparent; text-decoration: underline; color: #205c90; border-bottom: none;\" title=\"Protegido pelo Outlook: https:\/\/www.cmc.pr.gov.br\/wspl\/sistema\/ProposicaoDetalhesForm.do?select_action=&amp;cod=308.00588.2023. Clique ou toque para seguir o link.\" href=\"https:\/\/www.cmc.pr.gov.br\/wspl\/sistema\/ProposicaoDetalhesForm.do?select_action=&amp;cod=308.00588.2023\" target=\"_blank\" rel=\"noopener noreferrer\" data-auth=\"Verified\" data-linkindex=\"8\"><span style=\"margin: 0px; padding: 0px;\">308.00588.2023<\/span><\/a><span style=\"margin: 0px; padding: 0px;\">). Na \u00e1rea social, al\u00e9m de apoiar diversos hospitais do SUS em Curitiba, o parlamentar decidiu apoiar com R$ 50 mil a Associa\u00e7\u00e3o Irm\u00e3o Sol e Irm\u00e3 Lua, sediada no S\u00e3o Braz, que d\u00e1 apoio a mulheres e crian\u00e7as em situa\u00e7\u00e3o de vulnerabilidade social (<\/span><a style=\"margin: 0px; padding: 0px; outline: none; background: transparent; text-decoration: underline; color: #205c90; border-bottom: none;\" title=\"Protegido pelo Outlook: https:\/\/www.cmc.pr.gov.br\/wspl\/sistema\/ProposicaoDetalhesForm.do?select_action=&amp;cod=308.00584.2023. Clique ou toque para seguir o link.\" href=\"https:\/\/www.cmc.pr.gov.br\/wspl\/sistema\/ProposicaoDetalhesForm.do?select_action=&amp;cod=308.00584.2023\" target=\"_blank\" rel=\"noopener noreferrer\" data-auth=\"Verified\" data-linkindex=\"9\"><span style=\"margin: 0px; padding: 0px;\">308.00584.2023<\/span><\/a><span style=\"margin: 0px; padding: 0px;\">), e com R$ 50 mil a Associa\u00e7\u00e3o Fam\u00edlia de Maria, voltada \u00e0 educa\u00e7\u00e3o infantil (<\/span><a style=\"margin: 0px; padding: 0px; outline: none; background: transparent; text-decoration: underline; color: #205c90; border-bottom: none;\" title=\"Protegido pelo Outlook: https:\/\/www.cmc.pr.gov.br\/wspl\/sistema\/ProposicaoDetalhesForm.do?select_action=&amp;cod=308.00586.2023. Clique ou toque para seguir o link.\" href=\"https:\/\/www.cmc.pr.gov.br\/wspl\/sistema\/ProposicaoDetalhesForm.do?select_action=&amp;cod=308.00586.2023\" target=\"_blank\" rel=\"noopener noreferrer\" data-auth=\"Verified\" data-linkindex=\"10\"><span style=\"margin: 0px; padding: 0px;\">308.00586.2023<\/span><\/a><span style=\"margin: 0px; padding: 0px;\">).<\/span><\/span><\/p>\n<div id=\"x_content-core\" style=\"margin: 0px; padding: 0px; -webkit-box-ordinal-group: 6; order: 5;\">\n<div id=\"x_parent-fieldname-text\" class=\"x_plain\" style=\"margin: 0px; padding: 0px;\">\n<h2 style=\"margin: 0px; padding: 0px; font-size: 1.75em; font-family: Raleway, sans-serif; font-weight: bold; color: #1a3a64; line-height: 1.2em; letter-spacing: -0.05em;\">Not\u00edcias sobre emendas parlamentares continuam at\u00e9 dia 1\u00ba de fevereiro<\/h2>\n<p dir=\"ltr\" style=\"margin: 0px; padding: 0px; line-height: 1.6em;\">Desde 2005, os vereadores e vereadoras t\u00eam uma cota individual para emendas ao Or\u00e7amento. Ela \u00e9 viabilizada mediante um dispositivo do artigo 19 da Lei de Diretrizes Or\u00e7ament\u00e1rias (LDO) para 2024, que prev\u00ea o remanejamento da rubrica \u201creserva de conting\u00eancia\u201d para o pagamento desse instrumento de gest\u00e3o p\u00fablica. Por defini\u00e7\u00e3o, a \u201creserva de conting\u00eancia\u201d n\u00e3o \u00e9 destinada a nenhum \u00f3rg\u00e3o ou projeto espec\u00edfico, servindo para garantir o equil\u00edbrio das contas p\u00fablicas em situa\u00e7\u00f5es imprevistas. Mesmo que execute a totalidade das emendas (R$ 71 milh\u00f5es), ainda sobrar\u00e1 R$ 51,5 milh\u00f5es nesta rubrica para emerg\u00eancias.<\/p>\n<p dir=\"ltr\" style=\"margin: 0px; padding: 0px; line-height: 1.6em;\">Ao aprovar a lei municipal&nbsp;<a style=\"margin: 0px; padding: 0px; outline: none; background: transparent; text-decoration: underline; color: #205c90; border-bottom: none;\" title=\"Protegido pelo Outlook: https:\/\/www.leismunicipais.com.br\/a\/pr\/c\/curitiba\/lei-ordinaria\/2023\/1627\/16275\/lei-ordinaria-n-16275-2023-. Clique ou toque para seguir o link.\" href=\"https:\/\/www.leismunicipais.com.br\/a\/pr\/c\/curitiba\/lei-ordinaria\/2023\/1627\/16275\/lei-ordinaria-n-16275-2023-\" target=\"_blank\" rel=\"noopener noreferrer\" data-auth=\"Verified\" data-linkindex=\"11\">16.275\/2023<\/a>, al\u00e9m do&nbsp;<a style=\"margin: 0px; padding: 0px; outline: none; background: transparent; text-decoration: underline; color: #205c90; border-bottom: none;\" title=\"Protegido pelo Outlook: https:\/\/www.curitiba.pr.leg.br\/informacao\/noticias\/orcamento-de-curitiba-para-2024-obras-participacao-popular-prazo-camara. Clique ou toque para seguir o link.\" href=\"https:\/\/www.curitiba.pr.leg.br\/informacao\/noticias\/orcamento-de-curitiba-para-2024-obras-participacao-popular-prazo-camara\" target=\"_blank\" rel=\"noopener noreferrer\" data-auth=\"Verified\" data-linkindex=\"12\">texto-base<\/a>&nbsp;(<a style=\"margin: 0px; padding: 0px; outline: none; background: transparent; text-decoration: underline; color: #205c90; border-bottom: none;\" title=\"Protegido pelo Outlook: https:\/\/www.cmc.pr.gov.br\/wspl\/sistema\/ProposicaoDetalhesForm.do?select_action=&amp;cod=013.00006.2023. Clique ou toque para seguir o link.\" href=\"https:\/\/www.cmc.pr.gov.br\/wspl\/sistema\/ProposicaoDetalhesForm.do?select_action=&amp;cod=013.00006.2023\" target=\"_blank\" rel=\"noopener noreferrer\" data-auth=\"Verified\" data-linkindex=\"13\">013.00006.2023<\/a>), a C\u00e2mara de Curitiba avalizou&nbsp;<a style=\"margin: 0px; padding: 0px; outline: none; background: transparent; text-decoration: underline; color: #205c90; border-bottom: none;\" title=\"Protegido pelo Outlook: https:\/\/www.curitiba.pr.leg.br\/informacao\/noticias\/vereadores-de-curitiba-aprovaram-921-emendas-a-loa-2024-coletivas-cresceram. Clique ou toque para seguir o link.\" href=\"https:\/\/www.curitiba.pr.leg.br\/informacao\/noticias\/vereadores-de-curitiba-aprovaram-921-emendas-a-loa-2024-coletivas-cresceram\" target=\"_blank\" rel=\"noopener noreferrer\" data-auth=\"Verified\" data-linkindex=\"14\">921 emendas ao Or\u00e7amento<\/a>. Para a LOA 2024, a cota individual foi de R$ 1,8 milh\u00e3o, dos quais R$ 1,3 milh\u00e3o para indica\u00e7\u00e3o livre, R$ 400 mil para \u00e1reas verdes e R$ 100 mil para apoio a projetos do EcoCidad\u00e3o. Somando as&nbsp;<a style=\"margin: 0px; padding: 0px; outline: none; background: transparent; text-decoration: underline; color: #205c90; border-bottom: none;\" title=\"Protegido pelo Outlook: https:\/\/www.curitiba.pr.leg.br\/informacao\/noticias\/loa-2024-emendas-parlamentares-movimentaram-r-71-milhoes. Clique ou toque para seguir o link.\" href=\"https:\/\/www.curitiba.pr.leg.br\/informacao\/noticias\/loa-2024-emendas-parlamentares-movimentaram-r-71-milhoes\" target=\"_blank\" rel=\"noopener noreferrer\" data-auth=\"Verified\" data-linkindex=\"15\">775 emendas individuais<\/a>, as&nbsp;<a style=\"margin: 0px; padding: 0px; outline: none; background: transparent; text-decoration: underline; color: #205c90; border-bottom: none;\" title=\"Protegido pelo Outlook: https:\/\/www.curitiba.pr.leg.br\/informacao\/noticias\/vereadores-destinam-r-5-3-mi-para-infancia-e-juventude-com-emendas-coletivas. Clique ou toque para seguir o link.\" href=\"https:\/\/www.curitiba.pr.leg.br\/informacao\/noticias\/vereadores-destinam-r-5-3-mi-para-infancia-e-juventude-com-emendas-coletivas\" target=\"_blank\" rel=\"noopener noreferrer\" data-auth=\"Verified\" data-linkindex=\"16\">133 coletivas<\/a>&nbsp;e as&nbsp;<a style=\"margin: 0px; padding: 0px; outline: none; background: transparent; text-decoration: underline; color: #205c90; border-bottom: none;\" title=\"Protegido pelo Outlook: https:\/\/www.curitiba.pr.leg.br\/informacao\/noticias\/votos-da-populacao-de-curitiba-decidiram-onde-gastar-r-2-6-milhoes-da-loa-2024. Clique ou toque para seguir o link.\" href=\"https:\/\/www.curitiba.pr.leg.br\/informacao\/noticias\/votos-da-populacao-de-curitiba-decidiram-onde-gastar-r-2-6-milhoes-da-loa-2024\" target=\"_blank\" rel=\"noopener noreferrer\" data-auth=\"Verified\" data-linkindex=\"17\">9 premiando as consultas p\u00fablicas<\/a>, foram remanejados R$ 71 milh\u00f5es \u2013 0,63% do or\u00e7amento l\u00edquido de Curitiba para 2024,&nbsp;<a style=\"margin: 0px; padding: 0px; outline: none; background: transparent; text-decoration: underline; color: #205c90; border-bottom: none;\" title=\"Protegido pelo Outlook: https:\/\/www.curitiba.pr.leg.br\/informacao\/noticias\/orcamento-de-curitiba-para-2024-obras-participacao-popular-prazo-camara. Clique ou toque para seguir o link.\" href=\"https:\/\/www.curitiba.pr.leg.br\/informacao\/noticias\/orcamento-de-curitiba-para-2024-obras-participacao-popular-prazo-camara\" target=\"_blank\" rel=\"noopener noreferrer\" data-auth=\"Verified\" data-linkindex=\"18\">estimado em R$ 11,3 bilh\u00f5es<\/a>.<\/p>\n<p dir=\"ltr\" style=\"margin: 0px; padding: 0px; line-height: 1.6em;\">A CMC d\u00e1 ampla publicidade \u00e0s emendas parlamentares, coletivas e individuais, desde 2014. At\u00e9 o dia 1\u00ba de fevereiro, a Diretoria de Comunica\u00e7\u00e3o Social publicar\u00e1 not\u00edcias sobre as interven\u00e7\u00f5es dos vereadores \u00e0 LOA 2024, come\u00e7ando pelo detalhamento da resposta do Legislativo \u00e0s consultas p\u00fablicas, passando pelas \u201ccarimbadas&#8221; pelo Executivo e pelas coletivas, at\u00e9 chegar nas individuais, seguindo a ordem alfab\u00e9tica dos vereadores. Por n\u00e3o serem impositivas, a execu\u00e7\u00e3o das emendas depende da autoriza\u00e7\u00e3o do chefe do Poder Executivo.<\/p>\n<\/div>\n<\/div>\n<\/div>\n<\/div>\n<\/div>\n","protected":false},"excerpt":{"rendered":"<p>Vereador coordenou a emenda coletiva de R$ 305 mil para atividades culturais relacionadas ao Corpus Christi em Curitiba. &nbsp; &nbsp; Diferente da maioria dos vereadores da C\u00e2mara Municipal de Curitiba, que pulverizam suas emendas parlamentares em diversas \u00e1reas,&nbsp;Mauro Ign\u00e1cio (Uni\u00e3o)&nbsp;decidiu concentrar grande parte dos seus recursos em apenas uma emenda [&hellip;]<\/p>\n","protected":false},"author":1,"featured_media":9248,"comment_status":"open","ping_status":"open","sticky":false,"template":"","format":"standard","meta":{"ngg_post_thumbnail":0,"jetpack_post_was_ever_published":false,"amp_status":"","_jetpack_newsletter_access":"","_jetpack_dont_email_post_to_subs":false,"_jetpack_newsletter_tier_id":0,"_jetpack_memberships_contains_paywalled_content":false,"_jetpack_memberships_contains_paid_content":false,"footnotes":""},"categories":[138],"tags":[],"class_list":["post-9247","post","type-post","status-publish","format-standard","has-post-thumbnail","hentry","category-camara-municipal-de-curitiba"],"aioseo_notices":[],"jetpack_featured_media_url":"https:\/\/gazetadoabranches.com\/wp-content\/uploads\/2024\/02\/Emendas-Mauro-Ignacio.jpg","jetpack-related-posts":[{"id":9182,"url":"https:\/\/gazetadoabranches.com\/index.php\/2023\/12\/02\/defesa-civil-recebe-vereadores-de-curitiba-e-apresenta-material-adquirido-para-o-atendimento-da-populacao\/","url_meta":{"origin":9247,"position":0},"title":"Defesa Civil recebe vereadores de Curitiba e apresenta material adquirido para o atendimento da popula\u00e7\u00e3o","author":"Gazeta do Abranches","date":"dezembro 2, 2023","format":false,"excerpt":"A\u00a0Defesa Civil de Curitiba\u00a0recebeu na tarde dessa quinta-feira (30\/11)\u00a0o vereador Pastor Marciano Alves para apresentar os 41 rolos de lona, de 4m por 100m, adquiridos pelo munic\u00edpio para o atendimento da popula\u00e7\u00e3o afetada pelas fortes chuvas e ventos. O material foi comprado atrav\u00e9s de uma emenda parlamentar destinada pelo vereador\u2026","rel":"","context":"Em &quot;Defesa Civil&quot;","block_context":{"text":"Defesa Civil","link":"https:\/\/gazetadoabranches.com\/index.php\/category\/defesa-civil\/"},"img":{"alt_text":"","src":"https:\/\/i0.wp.com\/gazetadoabranches.com\/wp-content\/uploads\/2023\/12\/defesa-civil1.jpg?resize=350%2C200&ssl=1","width":350,"height":200,"srcset":"https:\/\/i0.wp.com\/gazetadoabranches.com\/wp-content\/uploads\/2023\/12\/defesa-civil1.jpg?resize=350%2C200&ssl=1 1x, https:\/\/i0.wp.com\/gazetadoabranches.com\/wp-content\/uploads\/2023\/12\/defesa-civil1.jpg?resize=525%2C300&ssl=1 1.5x, https:\/\/i0.wp.com\/gazetadoabranches.com\/wp-content\/uploads\/2023\/12\/defesa-civil1.jpg?resize=700%2C400&ssl=1 2x"},"classes":[]},{"id":8739,"url":"https:\/\/gazetadoabranches.com\/index.php\/2023\/01\/20\/mauro-ignacio-prioriza-obras-nas-regionais-santa-felicidade-e-boa-vista\/","url_meta":{"origin":9247,"position":1},"title":"Mauro Ign\u00e1cio prioriza obras nas regionais Santa Felicidade e Boa Vista","author":"Gazeta do Abranches","date":"janeiro 20, 2023","format":false,"excerpt":"Os bairros S\u00e3o Braz, Santa Felicidade, S\u00e3o Jo\u00e3o, Abranches, Tabo\u00e3o e CIC est\u00e3o contemplados nos R$ 670 mil que Ign\u00e1cio destinou \u00e0 infraestrutura. Seis bairros de Curitiba ganhar\u00e3o obras de infraestrutura em 2023 gra\u00e7as a emendas do vereador Mauro Ign\u00e1cio (Uni\u00e3o) ao or\u00e7amento da capital do Paran\u00e1. Or\u00e7adas em R$\u2026","rel":"","context":"Em &quot;Outros&quot;","block_context":{"text":"Outros","link":"https:\/\/gazetadoabranches.com\/index.php\/category\/outros\/"},"img":{"alt_text":"","src":"https:\/\/i0.wp.com\/gazetadoabranches.com\/wp-content\/uploads\/2023\/01\/Emendas-MI.jpg?resize=350%2C200&ssl=1","width":350,"height":200,"srcset":"https:\/\/i0.wp.com\/gazetadoabranches.com\/wp-content\/uploads\/2023\/01\/Emendas-MI.jpg?resize=350%2C200&ssl=1 1x, https:\/\/i0.wp.com\/gazetadoabranches.com\/wp-content\/uploads\/2023\/01\/Emendas-MI.jpg?resize=525%2C300&ssl=1 1.5x, https:\/\/i0.wp.com\/gazetadoabranches.com\/wp-content\/uploads\/2023\/01\/Emendas-MI.jpg?resize=700%2C400&ssl=1 2x"},"classes":[]},{"id":10038,"url":"https:\/\/gazetadoabranches.com\/index.php\/2025\/10\/07\/novo-viaduto-do-orleans-sonho-antigo-avanca-com-parceria-entre-prefeitura-governo-do-estado-a-colaboracao-da-concessionaria-e-a-luta-iniciada-pelo-vereador-mauro-ignacio-desde-2013\/","url_meta":{"origin":9247,"position":2},"title":"Novo Viaduto do Orleans: sonho antigo avan\u00e7a com parceria entre Prefeitura, Governo do Estado, a colabora\u00e7\u00e3o da concession\u00e1ria e a luta iniciada pelo vereador Mauro Ign\u00e1cio desde 2013","author":"Gazeta do Abranches","date":"outubro 7, 2025","format":false,"excerpt":"CURITIBA \u2013 (Bairros Orleans \/ S\u00e3o Braz \/ Santa Felicidade \/ Campo Comprido) \u2013 A t\u00e3o aguardada constru\u00e7\u00e3o de um novo viaduto sobre a BR-277, no trecho do bairro Orleans, ganhou novo f\u00f4lego com o an\u00fancio do Governo do Estado e da Prefeitura de Curitiba, al\u00e9m da valida\u00e7\u00e3o t\u00e9cnica da\u2026","rel":"","context":"Em &quot;Bairros&quot;","block_context":{"text":"Bairros","link":"https:\/\/gazetadoabranches.com\/index.php\/category\/bairros\/"},"img":{"alt_text":"Mauro Ign\u00e1cio com o Deputado Romanelli","src":"https:\/\/i0.wp.com\/gazetadoabranches.com\/wp-content\/uploads\/2025\/10\/Imagem-do-WhatsApp-de-2025-10-02-as-17.38.47_3955386d.jpg?resize=350%2C200&ssl=1","width":350,"height":200,"srcset":"https:\/\/i0.wp.com\/gazetadoabranches.com\/wp-content\/uploads\/2025\/10\/Imagem-do-WhatsApp-de-2025-10-02-as-17.38.47_3955386d.jpg?resize=350%2C200&ssl=1 1x, https:\/\/i0.wp.com\/gazetadoabranches.com\/wp-content\/uploads\/2025\/10\/Imagem-do-WhatsApp-de-2025-10-02-as-17.38.47_3955386d.jpg?resize=525%2C300&ssl=1 1.5x, https:\/\/i0.wp.com\/gazetadoabranches.com\/wp-content\/uploads\/2025\/10\/Imagem-do-WhatsApp-de-2025-10-02-as-17.38.47_3955386d.jpg?resize=700%2C400&ssl=1 2x, https:\/\/i0.wp.com\/gazetadoabranches.com\/wp-content\/uploads\/2025\/10\/Imagem-do-WhatsApp-de-2025-10-02-as-17.38.47_3955386d.jpg?resize=1050%2C600&ssl=1 3x, https:\/\/i0.wp.com\/gazetadoabranches.com\/wp-content\/uploads\/2025\/10\/Imagem-do-WhatsApp-de-2025-10-02-as-17.38.47_3955386d.jpg?resize=1400%2C800&ssl=1 4x"},"classes":[]},{"id":9358,"url":"https:\/\/gazetadoabranches.com\/index.php\/2024\/11\/01\/vereador-mauro-ignacio-agradece-pelos-6-462-votos\/","url_meta":{"origin":9247,"position":3},"title":"Vereador Mauro Ign\u00e1cio agradece pelos 6.462 votos","author":"Gazeta do Abranches","date":"novembro 1, 2024","format":false,"excerpt":"amigos e amigas, \u00a0 Quero come\u00e7ar expressando minha imensa gratid\u00e3o pelos 6.462 votos de confian\u00e7a que recebi de voc\u00eas. Cada voto representou uma demonstra\u00e7\u00e3o de apoio incondicional, algo que me enche de orgulho e responsabilidade. \u00a0 Apesar dessa expressiva vota\u00e7\u00e3o, que nos coloca como 26\u00ba candidato mais votado de Curitiba,\u2026","rel":"","context":"Em &quot;C\u00e2mara Municipal de Curitiba&quot;","block_context":{"text":"C\u00e2mara Municipal de Curitiba","link":"https:\/\/gazetadoabranches.com\/index.php\/category\/camara-municipal-de-curitiba\/"},"img":{"alt_text":"","src":"https:\/\/i0.wp.com\/gazetadoabranches.com\/wp-content\/uploads\/2023\/05\/Aprovada-lei-Sech.jpg?resize=350%2C200&ssl=1","width":350,"height":200,"srcset":"https:\/\/i0.wp.com\/gazetadoabranches.com\/wp-content\/uploads\/2023\/05\/Aprovada-lei-Sech.jpg?resize=350%2C200&ssl=1 1x, https:\/\/i0.wp.com\/gazetadoabranches.com\/wp-content\/uploads\/2023\/05\/Aprovada-lei-Sech.jpg?resize=525%2C300&ssl=1 1.5x, https:\/\/i0.wp.com\/gazetadoabranches.com\/wp-content\/uploads\/2023\/05\/Aprovada-lei-Sech.jpg?resize=700%2C400&ssl=1 2x, https:\/\/i0.wp.com\/gazetadoabranches.com\/wp-content\/uploads\/2023\/05\/Aprovada-lei-Sech.jpg?resize=1050%2C600&ssl=1 3x, https:\/\/i0.wp.com\/gazetadoabranches.com\/wp-content\/uploads\/2023\/05\/Aprovada-lei-Sech.jpg?resize=1400%2C800&ssl=1 4x"},"classes":[]},{"id":9325,"url":"https:\/\/gazetadoabranches.com\/index.php\/2024\/07\/15\/vereador-mauro-ignacio-lidera-apresentacao-de-requerimentos-no-primeiro-semestre-de-2024\/","url_meta":{"origin":9247,"position":4},"title":"Vereador Mauro Ign\u00e1cio lidera apresenta\u00e7\u00e3o de requerimentos no primeiro semestre de 2024","author":"Gazeta do Abranches","date":"julho 15, 2024","format":false,"excerpt":"No encerramento do primeiro semestre legislativo de 2024, o vereador Mauro Ign\u00e1cio se destacou novamente como o parlamentar mais atuante na apresenta\u00e7\u00e3o de requerimentos \u00e0 Prefeitura Municipal de Curitiba e outros \u00f3rg\u00e3os. Durante os primeiros seis meses do ano, Ign\u00e1cio protocolou 877 requerimentos direcionados \u00e0 Prefeitura. Al\u00e9m disso, ele encaminhou\u2026","rel":"","context":"Em &quot;C\u00e2mara Municipal de Curitiba&quot;","block_context":{"text":"C\u00e2mara Municipal de Curitiba","link":"https:\/\/gazetadoabranches.com\/index.php\/category\/camara-municipal-de-curitiba\/"},"img":{"alt_text":"","src":"https:\/\/i0.wp.com\/gazetadoabranches.com\/wp-content\/uploads\/2023\/05\/Aprovada-lei-Sech.jpg?resize=350%2C200&ssl=1","width":350,"height":200,"srcset":"https:\/\/i0.wp.com\/gazetadoabranches.com\/wp-content\/uploads\/2023\/05\/Aprovada-lei-Sech.jpg?resize=350%2C200&ssl=1 1x, https:\/\/i0.wp.com\/gazetadoabranches.com\/wp-content\/uploads\/2023\/05\/Aprovada-lei-Sech.jpg?resize=525%2C300&ssl=1 1.5x, https:\/\/i0.wp.com\/gazetadoabranches.com\/wp-content\/uploads\/2023\/05\/Aprovada-lei-Sech.jpg?resize=700%2C400&ssl=1 2x, https:\/\/i0.wp.com\/gazetadoabranches.com\/wp-content\/uploads\/2023\/05\/Aprovada-lei-Sech.jpg?resize=1050%2C600&ssl=1 3x, https:\/\/i0.wp.com\/gazetadoabranches.com\/wp-content\/uploads\/2023\/05\/Aprovada-lei-Sech.jpg?resize=1400%2C800&ssl=1 4x"},"classes":[]},{"id":7800,"url":"https:\/\/gazetadoabranches.com\/index.php\/2021\/10\/04\/comemoracao-dos-150-da-imigracao-polonesa-no-brasil-teve-continuidade-com-missa-no-abranches\/","url_meta":{"origin":9247,"position":5},"title":"Comemora\u00e7\u00e3o dos 150 anos da Imigra\u00e7\u00e3o Polonesa no Brasil teve continuidade com missa no Abranches","author":"Gazeta do Abranches","date":"outubro 4, 2021","format":false,"excerpt":"As comemora\u00e7\u00f5es dos 150 anos da Imigra\u00e7\u00e3o Polonesa no Brasil, teve sequencia neste domingo no bairro do Abranches. As 10:30hs aconteceu a missa onde estiveram presentes a Consul Geral da Polonia Marta Olkowska, juntamente com uma comitiva do governo Polones que veio ao Brasil para participarem destas comemora\u00e7\u00f5es, tamb\u00e9m autoridades\u2026","rel":"","context":"Em &quot;Hist\u00f3ria&quot;","block_context":{"text":"Hist\u00f3ria","link":"https:\/\/gazetadoabranches.com\/index.php\/category\/historia\/"},"img":{"alt_text":"","src":"https:\/\/i0.wp.com\/gazetadoabranches.com\/wp-content\/uploads\/2021\/10\/IMG_6457-scaled.jpg?resize=350%2C200&ssl=1","width":350,"height":200,"srcset":"https:\/\/i0.wp.com\/gazetadoabranches.com\/wp-content\/uploads\/2021\/10\/IMG_6457-scaled.jpg?resize=350%2C200&ssl=1 1x, https:\/\/i0.wp.com\/gazetadoabranches.com\/wp-content\/uploads\/2021\/10\/IMG_6457-scaled.jpg?resize=525%2C300&ssl=1 1.5x, https:\/\/i0.wp.com\/gazetadoabranches.com\/wp-content\/uploads\/2021\/10\/IMG_6457-scaled.jpg?resize=700%2C400&ssl=1 2x, https:\/\/i0.wp.com\/gazetadoabranches.com\/wp-content\/uploads\/2021\/10\/IMG_6457-scaled.jpg?resize=1050%2C600&ssl=1 3x, https:\/\/i0.wp.com\/gazetadoabranches.com\/wp-content\/uploads\/2021\/10\/IMG_6457-scaled.jpg?resize=1400%2C800&ssl=1 4x"},"classes":[]}],"jetpack_likes_enabled":true,"jetpack_sharing_enabled":true,"_links":{"self":[{"href":"https:\/\/gazetadoabranches.com\/index.php\/wp-json\/wp\/v2\/posts\/9247","targetHints":{"allow":["GET"]}}],"collection":[{"href":"https:\/\/gazetadoabranches.com\/index.php\/wp-json\/wp\/v2\/posts"}],"about":[{"href":"https:\/\/gazetadoabranches.com\/index.php\/wp-json\/wp\/v2\/types\/post"}],"author":[{"embeddable":true,"href":"https:\/\/gazetadoabranches.com\/index.php\/wp-json\/wp\/v2\/users\/1"}],"replies":[{"embeddable":true,"href":"https:\/\/gazetadoabranches.com\/index.php\/wp-json\/wp\/v2\/comments?post=9247"}],"version-history":[{"count":1,"href":"https:\/\/gazetadoabranches.com\/index.php\/wp-json\/wp\/v2\/posts\/9247\/revisions"}],"predecessor-version":[{"id":9251,"href":"https:\/\/gazetadoabranches.com\/index.php\/wp-json\/wp\/v2\/posts\/9247\/revisions\/9251"}],"wp:featuredmedia":[{"embeddable":true,"href":"https:\/\/gazetadoabranches.com\/index.php\/wp-json\/wp\/v2\/media\/9248"}],"wp:attachment":[{"href":"https:\/\/gazetadoabranches.com\/index.php\/wp-json\/wp\/v2\/media?parent=9247"}],"wp:term":[{"taxonomy":"category","embeddable":true,"href":"https:\/\/gazetadoabranches.com\/index.php\/wp-json\/wp\/v2\/categories?post=9247"},{"taxonomy":"post_tag","embeddable":true,"href":"https:\/\/gazetadoabranches.com\/index.php\/wp-json\/wp\/v2\/tags?post=9247"}],"curies":[{"name":"wp","href":"https:\/\/api.w.org\/{rel}","templated":true}]}}