{"id":9261,"date":"2024-06-10T18:00:51","date_gmt":"2024-06-10T21:00:51","guid":{"rendered":"https:\/\/gazetadoabranches.com\/?p=9261"},"modified":"2024-06-10T18:00:51","modified_gmt":"2024-06-10T21:00:51","slug":"prefeito-rafael-greca-entrega-nova-trincheira-e-viadutos-no-atuba-e-libera-o-transito-na-linha-verde-em-curitiba","status":"publish","type":"post","link":"https:\/\/gazetadoabranches.com\/index.php\/2024\/06\/10\/prefeito-rafael-greca-entrega-nova-trincheira-e-viadutos-no-atuba-e-libera-o-transito-na-linha-verde-em-curitiba\/","title":{"rendered":"Prefeito Rafael Greca entrega nova trincheira e viadutos no Atuba e libera o tr\u00e2nsito na Linha Verde em Curitiba"},"content":{"rendered":"<div class=\"row\">\n<div class=\"col textoNoticias\">\n<div class=\"textoBanner\">\n<div class=\"boxBannerTextoAnuncio\">\n<figure id=\"attachment_9263\" aria-describedby=\"caption-attachment-9263\" style=\"width: 800px\" class=\"wp-caption aligncenter\"><img loading=\"lazy\" decoding=\"async\" class=\"size-full wp-image-9263\" src=\"https:\/\/gazetadoabranches.com\/wp-content\/uploads\/2024\/06\/Trevo-do-Atuba.jpg\" alt=\"\" width=\"800\" height=\"533\" srcset=\"https:\/\/gazetadoabranches.com\/wp-content\/uploads\/2024\/06\/Trevo-do-Atuba.jpg 800w, https:\/\/gazetadoabranches.com\/wp-content\/uploads\/2024\/06\/Trevo-do-Atuba-300x200.jpg 300w, https:\/\/gazetadoabranches.com\/wp-content\/uploads\/2024\/06\/Trevo-do-Atuba-768x512.jpg 768w\" sizes=\"auto, (max-width: 800px) 100vw, 800px\" \/><figcaption id=\"caption-attachment-9263\" class=\"wp-caption-text\">Prefeito Rafael Greca, com a primeira-dama Margarita Sansone, o vice-prefeito Eduardo Pimentel, e demais autoridades, entregam a Linha Verde Norte no trevo do Atuba. &#8211; Curitiba, 09\/06\/2024. Foto: Daniel Castellano\/SMCS<\/figcaption><\/figure>\n<p>Neste hist\u00f3rico domingo (9\/6), o prefeito de Curitiba, Rafael Greca, fez aquilo que parecia imposs\u00edvel, que muitos prometeram, mas nunca cumpriram e o que os curitibanos aguardavam h\u00e1 quase 17 anos: as 12 faixas para ve\u00edculos do trecho final da&nbsp;<a href=\"https:\/\/www.curitiba.pr.gov.br\/noticiasespeciais\/a-evolucao-da-linha-verde\/17\" target=\"_self\" rel=\"noopener noreferrer\">Linha Verde<\/a>&nbsp;Norte (Lote 4.1) foram liberadas ao tr\u00e1fego, nos dois sentidos, assim como a nova trincheira e os 3 viadutos constru\u00eddos na regi\u00e3o do antigo Trevo do Atuba, desfazendo o maior n\u00f3 vi\u00e1rio da cidade.<\/p>\n<p>As obras ampliaram o grande corredor de transporte que agora conecta Curitiba de Norte a Sul, desde o Pinheirinho ao Atuba. A cerim\u00f4nia de entrega das obras vi\u00e1rias do lote \u2013 o trecho final da&nbsp;<a href=\"https:\/\/www.curitiba.pr.gov.br\/noticiasespeciais\/a-evolucao-da-linha-verde\/17\" target=\"_self\" rel=\"noopener noreferrer\">Linha Verde<\/a>&nbsp;\u2013 foi cercada de forte emo\u00e7\u00e3o e muitos simbolismos, pois a execu\u00e7\u00e3o dos trabalhos foi um dos principais compromissos do plano de governo do prefeito Rafael Greca e exigiu a supera\u00e7\u00e3o de muitos desafios.<\/p>\n<p>Desde 2017, a gest\u00e3o liderada pela determina\u00e7\u00e3o do prefeito n\u00e3o mediu esfor\u00e7os para viabilizar o trecho norte da&nbsp;<a href=\"https:\/\/www.curitiba.pr.gov.br\/noticiasespeciais\/a-evolucao-da-linha-verde\/17\" target=\"_self\" rel=\"noopener noreferrer\">Linha Verde<\/a>&nbsp;que agora, com as pistas de ve\u00edculos liberadas, torna-se a maior avenida da cidade. Cercado por centenas de pessoas, a maioria da comunidade local, Greca esteve acompanhado do vice-prefeito, Eduardo Pimentel, e da primeira-dama, Margarita Sansone, que na ocasi\u00e3o foi homenageada pelo seu anivers\u00e1rio, festejado em 7 de junho.<\/p>\n<blockquote><p>&#8220;Obra colossal a altura da grandeza da cidade. Eis a Linha Verde pronta para voc\u00eas&nbsp;usarem com sa\u00fade e com respeito \u00e0 vida, sem correr de mais, prestando a aten\u00e7\u00e3o no tr\u00e2nsito, desde S\u00e3o&nbsp;Paulo at\u00e9 o Rio Grande do Sul.&nbsp;Nos dias que fazemos o bem, existimos. Nos outros, n\u00f3s duramos. Existimos n\u00f3s, eu e o&nbsp;Eduardo Pimentel, pelo bem que realizamos hoje neste lugar. N\u00e3o existe mais&nbsp;o Trevo do Atuba. Agora, h\u00e1 um complexo de viadutos, uma trincheira e a libera\u00e7\u00e3o \u00e0 fluidez do tr\u00e2nsito&#8221;, afirmou Greca.<\/p><\/blockquote>\n<p>O prefeito destacou ainda que, uma obra que trancava a cidade e&nbsp;que ficou quatro anos parada, agora est\u00e1 sendo entregue a&nbsp;todos os curitibanos.&nbsp;<\/p>\n<blockquote><p>&#8220;Como eu sempre dizia para aqueles que n\u00e3o conseguiram entregar essas obras da Linha Verde ou que duvidavam deste momento: se fica dif\u00edcil para voc\u00eas, deixa que eu fa\u00e7o! E eu fiz! E logo chegar\u00e3o os Ligeir\u00f5es&#8221;, acrescentou Greca.<\/p><\/blockquote>\n<div style=\"width: 640px;\" class=\"wp-video\"><!--[if lt IE 9]><script>document.createElement('video');<\/script><![endif]-->\n<video class=\"wp-video-shortcode\" id=\"video-9261-1\" width=\"640\" height=\"360\" preload=\"metadata\" controls=\"controls\"><source type=\"video\/mp4\" src=\"https:\/\/gazetadoabranches.com\/wp-content\/uploads\/2024\/06\/6878.mp4?_=1\" \/><a href=\"https:\/\/gazetadoabranches.com\/wp-content\/uploads\/2024\/06\/6878.mp4\">https:\/\/gazetadoabranches.com\/wp-content\/uploads\/2024\/06\/6878.mp4<\/a><\/video><\/div>\n<p>&nbsp;<\/p>\n<p>A participa\u00e7\u00e3o da Banda Lyra Curitibana tornou o momento ainda mais especial, com o Parab\u00e9ns para voc\u00ea e o hino da cidade.<\/p>\n<p>Outro momento que emocionou a todos foi a abertura das pistas e faixas para o tr\u00e1fego de ve\u00edculos, logo ap\u00f3s a entrega pelo prefeito Rafael Greca:&nbsp;um comboio de caminh\u00f5es, conduzidos pelos oper\u00e1rios que atuaram na&nbsp;obra,&nbsp;abriu o&nbsp;caminho para o tr\u00e2nsito, com direito a um animado buzina\u00e7o.<\/p>\n<p>Instantes antes do evento, durante entrevista aos jornalistas, a primeira-dama Margarita Sansone, emocionada, falou sobre a import\u00e2ncia da entrega na Linha Verde.<\/p>\n<p>&#8220;A obra da Linha Verde est\u00e1 ai&nbsp;para todos verem e usufru\u00edrem o benef\u00edcio que ela promove&#8221;, disse Margarita.<\/p>\n<p>O vice-prefeito Eduardo Pimentel, que foi secret\u00e1rio de Obras P\u00fablicas, lembrou que a obra da Linha Verde neste trecho era esperada h\u00e1 anos.<\/p>\n<p>\u201cEsta \u00e9 uma obra metropolitana que ajuda Curitiba e a Regi\u00e3o Metropolitana Norte. Nossa administra\u00e7\u00e3o foi marcada por desatar n\u00f3s. Este foi um deles. Coroamos hoje com a libera\u00e7\u00e3o do tr\u00e1fego das 12 pistas da Linha Verde. A cidade \u00e9 uma permanente constru\u00e7\u00e3o. E os compromissos que fizemos, n\u00f3s cumprimos\u201d, disse Pimentel.<\/p>\n<p>O prefeito de Colombo, Helder Lazarotto dirigiu ao prefeito Rafael Greca um agradecimento especial.<\/p>\n<p>\u201cO senhor conseguiu vencer algo que muitos n\u00e3o acreditavam. Esta obra importante para Curitiba, talvez seja ainda mais importante para a Regi\u00e3o Metropolitana, especialmente para Colombo. Vai melhorar muito a mobilidade urbana. Foi enorme o desafio\u201d, declarou Lazarotto, que falou em nome dos prefeitos presentes.<\/p>\n<h3>Adeus Trevo do Atuba<\/h3>\n<figure id=\"attachment_9264\" aria-describedby=\"caption-attachment-9264\" style=\"width: 800px\" class=\"wp-caption aligncenter\"><img loading=\"lazy\" decoding=\"async\" class=\"size-full wp-image-9264\" src=\"https:\/\/gazetadoabranches.com\/wp-content\/uploads\/2024\/06\/Trevo-do-Atuba3.jpg\" alt=\"\" width=\"800\" height=\"533\" srcset=\"https:\/\/gazetadoabranches.com\/wp-content\/uploads\/2024\/06\/Trevo-do-Atuba3.jpg 800w, https:\/\/gazetadoabranches.com\/wp-content\/uploads\/2024\/06\/Trevo-do-Atuba3-300x200.jpg 300w, https:\/\/gazetadoabranches.com\/wp-content\/uploads\/2024\/06\/Trevo-do-Atuba3-768x512.jpg 768w\" sizes=\"auto, (max-width: 800px) 100vw, 800px\" \/><figcaption id=\"caption-attachment-9264\" class=\"wp-caption-text\">Vista a\u00e9rea da Linha Verde Norte no trevo do Atuba que teve o tr\u00e1fego liberado hoje. &#8211; Curitiba, 09\/06\/2024. Foto: Daniel Castellano\/SMCS<\/figcaption><\/figure>\n<p>O antigo Trevo do Atuba j\u00e1 n\u00e3o existe mais. No local, o conjunto de trincheira, tr\u00eas viadutos e 12 faixas distribu\u00eddas em 5 pistas, nos dois sentidos, garantem a fluidez no tr\u00e2nsito e facilitam a conex\u00e3o entre Curitiba e a Regi\u00e3o Metropolitana, fazendo a interse\u00e7\u00e3o com a antiga BR-116. &nbsp;<\/p>\n<blockquote><p>S\u00e3o obras&nbsp;que saltam aos olhos: a nova trincheira \u00e9 uma imensa escava\u00e7\u00e3o com 32 metros de largura e 500 metros de extens\u00e3o e os tr\u00eas viadutos, juntos, somam 117 metros de comprimento.<\/p><\/blockquote>\n<p>A estimativa da Superintend\u00eancia de Tr\u00e2nsito (Setran) \u00e9 de que 70 mil ve\u00edculos circulem diariamente pela regi\u00e3o, nos dois sentidos.<\/p>\n<p>A implanta\u00e7\u00e3o da trincheira e viadutos, na pr\u00e1tica, vai tornar a vida dos motoristas que circulam na regi\u00e3o muito mais f\u00e1cil, pois permitiu a retirada dos sem\u00e1foros, que causavam congestionamento, oferecendo aos motoristas a liberdade para escolher caminhos com maior conforto e seguran\u00e7a.<\/p>\n<p>Foram liberadas definitivamente aos motoristas as pistas da direita e da esquerda na liga\u00e7\u00e3o da&nbsp;<a href=\"https:\/\/www.curitiba.pr.gov.br\/noticiasespeciais\/a-evolucao-da-linha-verde\/17\" target=\"_self\" rel=\"noopener noreferrer\">Linha Verde<\/a>&nbsp;com a Estrada da Ribeira, com a Rodovia R\u00e9gis Bittencourt e com a Rua Mascarenhas de Moraes.<\/p>\n<p>Tamb\u00e9m foram abertas as vias de acesso e de sa\u00edda da capital paranaense a Colombo, na Regi\u00e3o Metropolitana, a S\u00e3o Paulo, al\u00e9m dos caminhos de acesso para dentro da cidade via bairros Santa C\u00e2ndida ou sentido Pinheirinho.<\/p>\n<h3>3 km de obras<\/h3>\n<p>A&nbsp;<a href=\"https:\/\/www.curitiba.pr.gov.br\/noticiasespeciais\/a-evolucao-da-linha-verde\/17\" target=\"_self\" rel=\"noopener noreferrer\">Linha Verde<\/a>&nbsp;\u00e9 o 6\u00ba eixo de transporte e de integra\u00e7\u00e3o vi\u00e1ria de Curitiba, que teve as obras iniciadas em setembro de 2007, separadas em lotes Sul e Norte.<\/p>\n<p>O Lote 4.1 abrange quase 3 km de extens\u00e3o, no trecho norte, com obras executadas desde a altura do Hospital Vita at\u00e9 a concession\u00e1ria Mercedes\/Savana.<\/p>\n<p>Os trabalhos foram os mais complexos de toda a&nbsp;<a href=\"https:\/\/www.curitiba.pr.gov.br\/noticiasespeciais\/a-evolucao-da-linha-verde\/17\" target=\"_self\" rel=\"noopener noreferrer\">Linha Verde<\/a>&nbsp;porque incluem as chamadas Obras de Arte Especiais (trincheiras e viadutos), terraplanagem, pavimenta\u00e7\u00e3o, drenagem, paisagismo, sinaliza\u00e7\u00e3o vi\u00e1ria, reloca\u00e7\u00e3o de postes de energia, semaforiza\u00e7\u00e3o e acessibilidade.<\/p>\n<p>Tamb\u00e9m contemplam a infraestrutura para as futuras esta\u00e7\u00f5es Atuba e Solar do transporte coletivo. A implanta\u00e7\u00e3o das estruturas para as paradas de \u00f4nibus pertencem a outro contrato, diferente do lote 4.1, e est\u00e1 com os servi\u00e7os em execu\u00e7\u00e3o.<\/p>\n<p>Em sua totalidade, a interven\u00e7\u00e3o no lote 4.1 inclui 12 faixas, sendo uma central com 2 faixas para \u00f4nibus, 2 vias marginais com 3 faixas em cada sentido, 2 vias locais com uma faixa cada e 2 faixas para estacionamento. Em alguns trechos a configura\u00e7\u00e3o de vias e faixas pode variar.<\/p>\n<p>A obra contempla ainda nova ilumina\u00e7\u00e3o, novas cal\u00e7adas, nova sinaliza\u00e7\u00e3o, ciclovia e paisagismo. Ao longo do trecho foram plantadas 1.000 mudas de \u00e1rvores de ip\u00eas roxos e amarelos, que ao longo dos anos transformar\u00e3o&nbsp;o local em um corredor colorido natural e sustent\u00e1vel.<\/p>\n<p>A execu\u00e7\u00e3o dos trabalhos aqueceu o mercado de trabalho, abrindo aproximadamente 300 pontos de servi\u00e7os.<\/p>\n<h3>Obras complementares<\/h3>\n<p>Obras complementares do Lote 4.1 continuam em ruas do entorno, sem prejudicar o fluxo de carros na regi\u00e3o. Pavimenta\u00e7\u00f5es, cal\u00e7adas, ilumina\u00e7\u00e3o e paisagismo est\u00e3o em andamento, com previs\u00e3o de conclus\u00e3o para agosto. Cinco esta\u00e7\u00f5es-tubo est\u00e3o sendo implantadas, com previs\u00e3o de opera\u00e7\u00e3o ap\u00f3s suas conclus\u00f5es, entre julho e dezembro.<\/p>\n<h3>Presen\u00e7as<\/h3>\n<figure id=\"attachment_9262\" aria-describedby=\"caption-attachment-9262\" style=\"width: 800px\" class=\"wp-caption aligncenter\"><img loading=\"lazy\" decoding=\"async\" class=\"size-full wp-image-9262\" src=\"https:\/\/gazetadoabranches.com\/wp-content\/uploads\/2024\/06\/Trevo-do-Atuba-2.jpg\" alt=\"\" width=\"800\" height=\"533\" srcset=\"https:\/\/gazetadoabranches.com\/wp-content\/uploads\/2024\/06\/Trevo-do-Atuba-2.jpg 800w, https:\/\/gazetadoabranches.com\/wp-content\/uploads\/2024\/06\/Trevo-do-Atuba-2-300x200.jpg 300w, https:\/\/gazetadoabranches.com\/wp-content\/uploads\/2024\/06\/Trevo-do-Atuba-2-768x512.jpg 768w\" sizes=\"auto, (max-width: 800px) 100vw, 800px\" \/><figcaption id=\"caption-attachment-9262\" class=\"wp-caption-text\">Vice-prefeito Eduardo Pimentel, na entrega da Linha Verde Norte no trevo do Atuba. &#8211; Curitiba, 09\/06\/2024. Foto: Ricardo Maraj\u00f3\/SMCS<\/figcaption><\/figure>\n<p>Participaram do evento os deputados estaduais M\u00e1rcia Hu\u00e7ulak, Maria Victoria e&nbsp;Luiz Cl\u00e1udio Romanelli; a ex-governadora Cida Borghetti; os prefeitos Loreno Bernardo Tolardo (Quatro Barras), Otavio Maurilio Alberti Goetten de Oliveira (Bocai\u00fava do Sul)&nbsp;e Bihl Zanetti (Campina Grande do Sul); os secret\u00e1rios municipais do Governo e presidente do Ippuc, Luiz Fernando&nbsp;Jamur, de Obras P\u00fablicas, Rodrigo Ara\u00fajo Rodrigues,&nbsp;do Desenvolvimento da Regi\u00e3o Metropolitana de Curitiba,&nbsp;&nbsp;Leverci Silveira Filho, de Planejamento, Finan\u00e7as e Or\u00e7amento,&nbsp;Cristiano Hotz,&nbsp;da Comunica\u00e7\u00e3o Social, Cinthia Genguini,&nbsp;de Seguran\u00e7a Alimentar e Nutricional, Luiz Gusi, de Educa\u00e7\u00e3o, Maria S\u00edlvia Bacila, do Esporte, Lazer e Juventude, Carlos Pijak Junior,&nbsp;da Sa\u00fade, Beatriz Batistella,&nbsp;de Defesa Social e Tr\u00e2nsito, P\u00e9ricles de Matos, de&nbsp;Administra\u00e7\u00e3o, Gest\u00e3o de Pessoal e Tecnologia da Informa\u00e7\u00e3o, Alexandre Jarschel, e&nbsp;do Urbanismo, Julio Mazza;&nbsp;a procuradora-geral do Munic\u00edpio, Vanessa Volpi; o controlador geral do Munic\u00edpio, Daniel Falc\u00e3o; os presidentes da Funda\u00e7\u00e3o Cultural de Curitiba, Ana Cristina de Castro, da Urbs, Ogeny Pedro Maia Neto, do Instituto Municipal de Turismo, Tatiana Turra, da Funda\u00e7\u00e3o de A\u00e7\u00e3o Social (FAS), Maria Alice Erthal, da Cohab Curitiba, Jos\u00e9 Lupion Neto, do Instituto Curitiba de Sa\u00fade (ICS), Tiago Waterkemper, do Instituto Curitiba de Arte e Cultura (Icac), Marino Galv\u00e3o J\u00fanior, e da Companhia de Desenvolvimento de Curitiba, Marcelo Frehse;&nbsp;os vereadores&nbsp;Marcelo Fachinello (presidente da C\u00e2mara Municipal), Tico Kuzma,&nbsp;Osias Moraes,&nbsp;Pier Petruzziello,&nbsp;Hernani,&nbsp;Jo\u00e3o da 5 Irm\u00e3os,&nbsp;Leonidas Dias,&nbsp;Mauro Bobato,&nbsp;Mauro Ign\u00e1cio,&nbsp;Herivelto Oliveira,&nbsp;Sabino Picolo, Serginho do Posto,&nbsp;Beto Moraes,&nbsp;Bruno Pessuti e Jornalista M\u00e1rcio Barros; o diretor do Departamento de Pavimenta\u00e7\u00e3o da Secretaria Municipal de Obras P\u00fablicas, M\u00e1rio Padovani; e a ex-secret\u00e1ria Municipal do Meio Ambiente,&nbsp;Marilza do Carmo Oliveira Dias.<\/p>\n<p>&nbsp;<\/p>\n<h3>N\u00fameros do Lote 4.1 da Linha Verde<\/h3>\n<ul>\n<li><strong>11,8 km&nbsp;<\/strong>de pistas para ve\u00edculos<\/li>\n<li><strong>2,8&nbsp;km<\/strong>&nbsp;de canaleta de \u00f4nibus<\/li>\n<li><strong>4,3 km<\/strong>&nbsp;de cal\u00e7adas<\/li>\n<li><strong>3,3 km&nbsp;<\/strong>de ciclovias<\/li>\n<li><strong>61 mil metros c\u00fabicos<\/strong>&nbsp;<strong>de terra<\/strong>&nbsp;para construir a trincheira<\/li>\n<li><strong>18 mil metros c\u00fabicos de concreto&nbsp;<\/strong>usados na trincheira, viadutos e canaletas<\/li>\n<li><strong>800 toneladas de a\u00e7o&nbsp;<\/strong>nas estruturas<\/li>\n<\/ul>\n<\/div>\n<\/div>\n<\/div>\n<\/div>\n<div class=\"row\">\n<div class=\"col text-right compNoticias\">\n<div class=\"d-flex midiasDetalheNoticias\">&nbsp;<\/div>\n<\/div>\n<\/div>\n","protected":false},"excerpt":{"rendered":"<p>Neste hist\u00f3rico domingo (9\/6), o prefeito de Curitiba, Rafael Greca, fez aquilo que parecia imposs\u00edvel, que muitos prometeram, mas nunca cumpriram e o que os curitibanos aguardavam h\u00e1 quase 17 anos: as 12 faixas para ve\u00edculos do trecho final da&nbsp;Linha Verde&nbsp;Norte (Lote 4.1) foram liberadas ao tr\u00e1fego, nos dois sentidos, [&hellip;]<\/p>\n","protected":false},"author":1,"featured_media":9263,"comment_status":"open","ping_status":"open","sticky":false,"template":"","format":"standard","meta":{"ngg_post_thumbnail":0,"jetpack_post_was_ever_published":false,"amp_status":"","_jetpack_newsletter_access":"","_jetpack_dont_email_post_to_subs":false,"_jetpack_newsletter_tier_id":0,"_jetpack_memberships_contains_paywalled_content":false,"_jetpack_memberships_contains_paid_content":false,"footnotes":""},"categories":[10],"tags":[],"class_list":["post-9261","post","type-post","status-publish","format-standard","has-post-thumbnail","hentry","category-obras"],"aioseo_notices":[],"jetpack_featured_media_url":"https:\/\/gazetadoabranches.com\/wp-content\/uploads\/2024\/06\/Trevo-do-Atuba.jpg","jetpack-related-posts":[{"id":9119,"url":"https:\/\/gazetadoabranches.com\/index.php\/2023\/10\/03\/eduardo-pimentel-vistoria-obras-do-lote-4-1-da-linha-verde-de-curitiba\/","url_meta":{"origin":9261,"position":0},"title":"Eduardo Pimentel vistoria obras do Lote 4.1 da Linha Verde de Curitiba","author":"Gazeta do Abranches","date":"outubro 3, 2023","format":false,"excerpt":"Nesta ter\u00e7a-feira (3\/10), o prefeito em exerc\u00edcio Eduardo Pimentel fez uma vistoria minuciosa nas obras do Lote 4.1 da Linha Verde Norte, na regi\u00e3o do Trevo do Atuba. O trecho abrange quase 3 km de extens\u00e3o, desde a altura do Hospital Vita at\u00e9 a concession\u00e1ria Mercedes\/Savana, e receber\u00e1 as esta\u00e7\u00f5es\u2026","rel":"","context":"Em &quot;Prefeitura&quot;","block_context":{"text":"Prefeitura","link":"https:\/\/gazetadoabranches.com\/index.php\/category\/prefeitura\/"},"img":{"alt_text":"","src":"https:\/\/i0.wp.com\/gazetadoabranches.com\/wp-content\/uploads\/2023\/10\/Obras-linha-verde-atuba.jpg?resize=350%2C200&ssl=1","width":350,"height":200,"srcset":"https:\/\/i0.wp.com\/gazetadoabranches.com\/wp-content\/uploads\/2023\/10\/Obras-linha-verde-atuba.jpg?resize=350%2C200&ssl=1 1x, https:\/\/i0.wp.com\/gazetadoabranches.com\/wp-content\/uploads\/2023\/10\/Obras-linha-verde-atuba.jpg?resize=525%2C300&ssl=1 1.5x, https:\/\/i0.wp.com\/gazetadoabranches.com\/wp-content\/uploads\/2023\/10\/Obras-linha-verde-atuba.jpg?resize=700%2C400&ssl=1 2x"},"classes":[]},{"id":9203,"url":"https:\/\/gazetadoabranches.com\/index.php\/2023\/12\/02\/prefeitura-de-curitiba-libera-novo-trecho-da-linha-verde-norte-na-regiao-do-bairro-alto\/","url_meta":{"origin":9261,"position":1},"title":"Prefeitura de Curitiba libera novo trecho da Linha Verde Norte na regi\u00e3o do Bairro Alto","author":"Gazeta do Abranches","date":"dezembro 2, 2023","format":false,"excerpt":"Com o avan\u00e7o nas obras da\u00a0Linha Verde\u00a0Norte (Lote 4.1) na regi\u00e3o do Bairro Alto, a Prefeitura de Curitiba liberou no fim da manh\u00e3 desta sexta-feira (24\/11) um novo trecho para a passagem dos motoristas. A libera\u00e7\u00e3o \u00e9 na pista marginal norte, sentido S\u00e3o Paulo, no trecho de 340 metros entre\u2026","rel":"","context":"Em &quot;Obras&quot;","block_context":{"text":"Obras","link":"https:\/\/gazetadoabranches.com\/index.php\/category\/obras\/"},"img":{"alt_text":"","src":"https:\/\/i0.wp.com\/gazetadoabranches.com\/wp-content\/uploads\/2023\/12\/Linha-Verde1.jpg?resize=350%2C200&ssl=1","width":350,"height":200,"srcset":"https:\/\/i0.wp.com\/gazetadoabranches.com\/wp-content\/uploads\/2023\/12\/Linha-Verde1.jpg?resize=350%2C200&ssl=1 1x, https:\/\/i0.wp.com\/gazetadoabranches.com\/wp-content\/uploads\/2023\/12\/Linha-Verde1.jpg?resize=525%2C300&ssl=1 1.5x, https:\/\/i0.wp.com\/gazetadoabranches.com\/wp-content\/uploads\/2023\/12\/Linha-Verde1.jpg?resize=700%2C400&ssl=1 2x"},"classes":[]},{"id":8864,"url":"https:\/\/gazetadoabranches.com\/index.php\/2023\/04\/11\/regional-boa-vista-recebe-1113-km-de-asfalto-novo-em-seis-anos\/","url_meta":{"origin":9261,"position":2},"title":"Regional Boa Vista recebe 111,3 km de asfalto novo em seis anos","author":"Gazeta do Abranches","date":"abril 11, 2023","format":false,"excerpt":"Curitibanos que residem nos 12 bairros da Regional Boa Vista t\u00eam um bom motivo para comemorar. A regi\u00e3o recebeu 111,3 km de asfalto novo em suas ruas nos \u00faltimos seis anos. Em mar\u00e7o, a Prefeitura anunciou como parte das comemora\u00e7\u00f5es dos\u00a0330 anos de Curitiba\u00a0que mais 46 ruas da regional v\u00e3o\u2026","rel":"","context":"Em &quot;Obras&quot;","block_context":{"text":"Obras","link":"https:\/\/gazetadoabranches.com\/index.php\/category\/obras\/"},"img":{"alt_text":"","src":"https:\/\/i0.wp.com\/gazetadoabranches.com\/wp-content\/uploads\/2023\/04\/Cruz-do-Pilarzinho2.jpg?resize=350%2C200&ssl=1","width":350,"height":200,"srcset":"https:\/\/i0.wp.com\/gazetadoabranches.com\/wp-content\/uploads\/2023\/04\/Cruz-do-Pilarzinho2.jpg?resize=350%2C200&ssl=1 1x, https:\/\/i0.wp.com\/gazetadoabranches.com\/wp-content\/uploads\/2023\/04\/Cruz-do-Pilarzinho2.jpg?resize=525%2C300&ssl=1 1.5x, https:\/\/i0.wp.com\/gazetadoabranches.com\/wp-content\/uploads\/2023\/04\/Cruz-do-Pilarzinho2.jpg?resize=700%2C400&ssl=1 2x"},"classes":[]},{"id":9312,"url":"https:\/\/gazetadoabranches.com\/index.php\/2024\/07\/02\/prefeito-de-curitiba-se-encontra-com-representantes-do-colegio-santa-maria\/","url_meta":{"origin":9261,"position":3},"title":"Prefeito de Curitiba se encontra com representantes do Col\u00e9gio Santa Maria","author":"Gazeta do Abranches","date":"julho 2, 2024","format":false,"excerpt":"O prefeito\u00a0Rafael Greca\u00a0recebeu, nesta segunda-feira (1\u00b0\/7), na sede da\u00a0Prefeitura, gestores do\u00a0Col\u00e9gio Marista Santa Maria. Participaram do encontro a diretora do col\u00e9gio, Antoniella Cavassin, o diretor regional do grupo, Renato Angelino Darui, e o coordenador administrativo do grupo, Luciano Armstrong. No encontro, foi anunciado que a Prefeitura ir\u00e1 fazer uma altera\u00e7\u00e3o\u2026","rel":"","context":"Em &quot;Bin\u00e1rio&quot;","block_context":{"text":"Bin\u00e1rio","link":"https:\/\/gazetadoabranches.com\/index.php\/category\/binario\/"},"img":{"alt_text":"","src":"https:\/\/i0.wp.com\/gazetadoabranches.com\/wp-content\/uploads\/2024\/07\/Binario-reuni%C3%A3o-prefeito.jpg?resize=350%2C200&ssl=1","width":350,"height":200,"srcset":"https:\/\/i0.wp.com\/gazetadoabranches.com\/wp-content\/uploads\/2024\/07\/Binario-reuni%C3%A3o-prefeito.jpg?resize=350%2C200&ssl=1 1x, https:\/\/i0.wp.com\/gazetadoabranches.com\/wp-content\/uploads\/2024\/07\/Binario-reuni%C3%A3o-prefeito.jpg?resize=525%2C300&ssl=1 1.5x, https:\/\/i0.wp.com\/gazetadoabranches.com\/wp-content\/uploads\/2024\/07\/Binario-reuni%C3%A3o-prefeito.jpg?resize=700%2C400&ssl=1 2x"},"classes":[]},{"id":7742,"url":"https:\/\/gazetadoabranches.com\/index.php\/2021\/10\/01\/governo-lanca-edital-para-instalacao-de-nova-iluminacao-no-contorno-sul-de-curitiba\/","url_meta":{"origin":9261,"position":4},"title":"Governo lan\u00e7a edital para instala\u00e7\u00e3o de nova ilumina\u00e7\u00e3o no Contorno Sul de Curitiba","author":"Gazeta do Abranches","date":"outubro 1, 2021","format":false,"excerpt":"O Contorno Sul de Curitiba ficar\u00e1 mais seguro para motoristas e pedestres. O trecho de 14,6 quil\u00f4metros, entre as intercess\u00f5es com a BR-277 (km 587) e a Linha Verde (km 601), vai receber nova ilumina\u00e7\u00e3o, toda em LED. O edital que d\u00e1 in\u00edcio ao processo de interven\u00e7\u00e3o foi lan\u00e7ado nesta\u2026","rel":"","context":"Em &quot;Governo&quot;","block_context":{"text":"Governo","link":"https:\/\/gazetadoabranches.com\/index.php\/category\/governo\/"},"img":{"alt_text":"","src":"https:\/\/i0.wp.com\/gazetadoabranches.com\/wp-content\/uploads\/2021\/10\/Imunina%C3%A7%C3%A3o-Contorno-sul-1-scaled.jpg?resize=350%2C200&ssl=1","width":350,"height":200,"srcset":"https:\/\/i0.wp.com\/gazetadoabranches.com\/wp-content\/uploads\/2021\/10\/Imunina%C3%A7%C3%A3o-Contorno-sul-1-scaled.jpg?resize=350%2C200&ssl=1 1x, https:\/\/i0.wp.com\/gazetadoabranches.com\/wp-content\/uploads\/2021\/10\/Imunina%C3%A7%C3%A3o-Contorno-sul-1-scaled.jpg?resize=525%2C300&ssl=1 1.5x, https:\/\/i0.wp.com\/gazetadoabranches.com\/wp-content\/uploads\/2021\/10\/Imunina%C3%A7%C3%A3o-Contorno-sul-1-scaled.jpg?resize=700%2C400&ssl=1 2x, https:\/\/i0.wp.com\/gazetadoabranches.com\/wp-content\/uploads\/2021\/10\/Imunina%C3%A7%C3%A3o-Contorno-sul-1-scaled.jpg?resize=1050%2C600&ssl=1 3x, https:\/\/i0.wp.com\/gazetadoabranches.com\/wp-content\/uploads\/2021\/10\/Imunina%C3%A7%C3%A3o-Contorno-sul-1-scaled.jpg?resize=1400%2C800&ssl=1 4x"},"classes":[]},{"id":9807,"url":"https:\/\/gazetadoabranches.com\/index.php\/2025\/05\/04\/prefeito-entrega-45-novos-onibus-para-atender-13-linhas-do-transporte-de-curitiba-veja-quais\/","url_meta":{"origin":9261,"position":5},"title":"Prefeito entrega 45 novos \u00f4nibus para atender 13 linhas do transporte de Curitiba; veja quais","author":"Gazeta do Abranches","date":"maio 4, 2025","format":false,"excerpt":"O prefeito Eduardo Pimentel entregou, na segunda-feira (28\/4), no SmartPark do Jardim Bot\u00e2nico, mais 45 novos \u00f4nibus para a frota do transporte coletivo de Curitiba. Com essa nova etapa, s\u00e3o 147 \u00f4nibus entregues desde o in\u00edcio do ano. Os ve\u00edculos fazem parte de um pacote de 202 novos \u00f4nibus que\u2026","rel":"","context":"Em &quot;Prefeitura&quot;","block_context":{"text":"Prefeitura","link":"https:\/\/gazetadoabranches.com\/index.php\/category\/prefeitura\/"},"img":{"alt_text":"","src":"https:\/\/i0.wp.com\/gazetadoabranches.com\/wp-content\/uploads\/2025\/05\/Pimentel-entrega-45-onibus.png?resize=350%2C200&ssl=1","width":350,"height":200,"srcset":"https:\/\/i0.wp.com\/gazetadoabranches.com\/wp-content\/uploads\/2025\/05\/Pimentel-entrega-45-onibus.png?resize=350%2C200&ssl=1 1x, https:\/\/i0.wp.com\/gazetadoabranches.com\/wp-content\/uploads\/2025\/05\/Pimentel-entrega-45-onibus.png?resize=525%2C300&ssl=1 1.5x, https:\/\/i0.wp.com\/gazetadoabranches.com\/wp-content\/uploads\/2025\/05\/Pimentel-entrega-45-onibus.png?resize=700%2C400&ssl=1 2x"},"classes":[]}],"jetpack_likes_enabled":true,"jetpack_sharing_enabled":true,"_links":{"self":[{"href":"https:\/\/gazetadoabranches.com\/index.php\/wp-json\/wp\/v2\/posts\/9261","targetHints":{"allow":["GET"]}}],"collection":[{"href":"https:\/\/gazetadoabranches.com\/index.php\/wp-json\/wp\/v2\/posts"}],"about":[{"href":"https:\/\/gazetadoabranches.com\/index.php\/wp-json\/wp\/v2\/types\/post"}],"author":[{"embeddable":true,"href":"https:\/\/gazetadoabranches.com\/index.php\/wp-json\/wp\/v2\/users\/1"}],"replies":[{"embeddable":true,"href":"https:\/\/gazetadoabranches.com\/index.php\/wp-json\/wp\/v2\/comments?post=9261"}],"version-history":[{"count":1,"href":"https:\/\/gazetadoabranches.com\/index.php\/wp-json\/wp\/v2\/posts\/9261\/revisions"}],"predecessor-version":[{"id":9266,"href":"https:\/\/gazetadoabranches.com\/index.php\/wp-json\/wp\/v2\/posts\/9261\/revisions\/9266"}],"wp:featuredmedia":[{"embeddable":true,"href":"https:\/\/gazetadoabranches.com\/index.php\/wp-json\/wp\/v2\/media\/9263"}],"wp:attachment":[{"href":"https:\/\/gazetadoabranches.com\/index.php\/wp-json\/wp\/v2\/media?parent=9261"}],"wp:term":[{"taxonomy":"category","embeddable":true,"href":"https:\/\/gazetadoabranches.com\/index.php\/wp-json\/wp\/v2\/categories?post=9261"},{"taxonomy":"post_tag","embeddable":true,"href":"https:\/\/gazetadoabranches.com\/index.php\/wp-json\/wp\/v2\/tags?post=9261"}],"curies":[{"name":"wp","href":"https:\/\/api.w.org\/{rel}","templated":true}]}}