{"id":9329,"date":"2024-08-05T18:58:31","date_gmt":"2024-08-05T21:58:31","guid":{"rendered":"https:\/\/gazetadoabranches.com\/?p=9329"},"modified":"2024-08-05T18:58:31","modified_gmt":"2024-08-05T21:58:31","slug":"rotary-club-curitiba-leste-elege-novo-conselho-diretor-para-2024-2025","status":"publish","type":"post","link":"https:\/\/gazetadoabranches.com\/index.php\/2024\/08\/05\/rotary-club-curitiba-leste-elege-novo-conselho-diretor-para-2024-2025\/","title":{"rendered":"Rotary Club Curitiba Leste Elege Novo Conselho Diretor para 2024\/2025"},"content":{"rendered":"<figure id=\"attachment_9331\" aria-describedby=\"caption-attachment-9331\" style=\"width: 640px\" class=\"wp-caption aligncenter\"><img loading=\"lazy\" decoding=\"async\" class=\"size-large wp-image-9331\" src=\"https:\/\/gazetadoabranches.com\/wp-content\/uploads\/2024\/08\/WhatsApp-Image-2024-07-26-at-12.36.15-2-1024x577.jpeg\" alt=\"\" width=\"640\" height=\"361\" srcset=\"https:\/\/gazetadoabranches.com\/wp-content\/uploads\/2024\/08\/WhatsApp-Image-2024-07-26-at-12.36.15-2-1024x577.jpeg 1024w, https:\/\/gazetadoabranches.com\/wp-content\/uploads\/2024\/08\/WhatsApp-Image-2024-07-26-at-12.36.15-2-300x169.jpeg 300w, https:\/\/gazetadoabranches.com\/wp-content\/uploads\/2024\/08\/WhatsApp-Image-2024-07-26-at-12.36.15-2-768x432.jpeg 768w, https:\/\/gazetadoabranches.com\/wp-content\/uploads\/2024\/08\/WhatsApp-Image-2024-07-26-at-12.36.15-2-1536x865.jpeg 1536w, https:\/\/gazetadoabranches.com\/wp-content\/uploads\/2024\/08\/WhatsApp-Image-2024-07-26-at-12.36.15-2.jpeg 1600w\" sizes=\"auto, (max-width: 640px) 100vw, 640px\" \/><figcaption id=\"caption-attachment-9331\" class=\"wp-caption-text\">Posse do novo presidente Miguel Arcanjo Skarbek para o ano 2024\/2025.<\/figcaption><\/figure>\n<p>Na noite de 4 de julho, o Rotary Club de Curitiba Leste realizou a cerim\u00f4nia de posse do Conselho Diretor 2024\/2025. O evento, marcado por emo\u00e7\u00e3o e celebra\u00e7\u00e3o, ocorreu nas depend\u00eancias do Senac, no centro de Curitiba, e contou com a passagem do cargo de presidente de Claiton Ferreira Borcath para Miguel Arcanjo Skarbek.<\/p>\n<p>A cerim\u00f4nia refor\u00e7ou o compromisso cont\u00ednuo do Rotary com a comunidade, destacando a import\u00e2ncia do companheirismo e do servi\u00e7o. Claiton Ferreira Borcath foi homenageado por sua lideran\u00e7a inspiradora, enquanto Miguel Arcanjo Skarbek foi calorosamente recebido e incentivado a liderar com sucesso.<\/p>\n<p>Ap\u00f3s a solenidade, os rotarianos do Leste, convidados e familiares participaram de um jantar de confraterniza\u00e7\u00e3o.<\/p>\n<p>Miguel Arcanjo Skarbek assume a presid\u00eancia com dedica\u00e7\u00e3o, empenho e compromisso com os valores e a miss\u00e3o do Rotary, visando transformar vidas atrav\u00e9s do servi\u00e7o comunit\u00e1rio.<\/p>\n<p>O novo Conselho Diretor do Rotary Club de Curitiba Leste para 2024\/2025 est\u00e1 composto por:<\/p>\n<ul>\n<li>Presidente: Miguel Arcanjo Skarbek<\/li>\n<li>Vice-presidentes: Claiton Ferreira Borcath, Marco Antonio Magolbo e Luiz Antonio Bertocco<\/li>\n<li>Secret\u00e1rios: Volnei Lopes da Silva e Darley Jennrich<\/li>\n<li>Tesoureiros: Augusto Janiszewski e Ricardo Karvat<\/li>\n<li>Diretores de protocolo: Elon C\u00e9sar Isfer Garcia, Cristiana Taiana e Mirian Cristina<\/li>\n<li>Secret\u00e1rio executivo: Kleber Gil Zeca<\/li>\n<\/ul>\n<p>O Rotary Club de Curitiba Leste celebra esta nova fase com expectativas de grandes realiza\u00e7\u00f5es e refor\u00e7a seu compromisso com o servi\u00e7o \u00e0 comunidade.<\/p>\n<figure id=\"attachment_9330\" aria-describedby=\"caption-attachment-9330\" style=\"width: 640px\" class=\"wp-caption aligncenter\"><img loading=\"lazy\" decoding=\"async\" class=\"size-large wp-image-9330\" src=\"https:\/\/gazetadoabranches.com\/wp-content\/uploads\/2024\/08\/WhatsApp-Image-2024-07-26-at-12.36.15-5-1024x577.jpeg\" alt=\"\" width=\"640\" height=\"361\" srcset=\"https:\/\/gazetadoabranches.com\/wp-content\/uploads\/2024\/08\/WhatsApp-Image-2024-07-26-at-12.36.15-5-1024x577.jpeg 1024w, https:\/\/gazetadoabranches.com\/wp-content\/uploads\/2024\/08\/WhatsApp-Image-2024-07-26-at-12.36.15-5-300x169.jpeg 300w, https:\/\/gazetadoabranches.com\/wp-content\/uploads\/2024\/08\/WhatsApp-Image-2024-07-26-at-12.36.15-5-768x432.jpeg 768w, https:\/\/gazetadoabranches.com\/wp-content\/uploads\/2024\/08\/WhatsApp-Image-2024-07-26-at-12.36.15-5-1536x865.jpeg 1536w, https:\/\/gazetadoabranches.com\/wp-content\/uploads\/2024\/08\/WhatsApp-Image-2024-07-26-at-12.36.15-5.jpeg 1600w\" sizes=\"auto, (max-width: 640px) 100vw, 640px\" \/><figcaption id=\"caption-attachment-9330\" class=\"wp-caption-text\">Miguel Arcanjo Skarbek eleito novo presidente do Rotary Club Curitiba Leste.<\/figcaption><\/figure>\n<p>Mat\u00e9ria: Mois\u00e9s Noronha Correa<\/p>\n","protected":false},"excerpt":{"rendered":"<p>Na noite de 4 de julho, o Rotary Club de Curitiba Leste realizou a cerim\u00f4nia de posse do Conselho Diretor 2024\/2025. O evento, marcado por emo\u00e7\u00e3o e celebra\u00e7\u00e3o, ocorreu nas depend\u00eancias do Senac, no centro de Curitiba, e contou com a passagem do cargo de presidente de Claiton Ferreira Borcath [&hellip;]<\/p>\n","protected":false},"author":1,"featured_media":9331,"comment_status":"open","ping_status":"open","sticky":false,"template":"","format":"standard","meta":{"ngg_post_thumbnail":0,"jetpack_post_was_ever_published":false,"amp_status":"","_jetpack_newsletter_access":"","_jetpack_dont_email_post_to_subs":false,"_jetpack_newsletter_tier_id":0,"_jetpack_memberships_contains_paywalled_content":false,"_jetpack_memberships_contains_paid_content":false,"footnotes":""},"categories":[160],"tags":[],"class_list":["post-9329","post","type-post","status-publish","format-standard","has-post-thumbnail","hentry","category-rotary-club"],"aioseo_notices":[],"jetpack_featured_media_url":"https:\/\/gazetadoabranches.com\/wp-content\/uploads\/2024\/08\/WhatsApp-Image-2024-07-26-at-12.36.15-2.jpeg","jetpack-related-posts":[{"id":9789,"url":"https:\/\/gazetadoabranches.com\/index.php\/2025\/03\/16\/nova-diretoria-do-conseg-abranches-toma-posse-em-solenidade-oficial\/","url_meta":{"origin":9329,"position":0},"title":"Nova Diretoria do CONSEG Abranches Toma Posse em Solenidade Oficial","author":"Gazeta do Abranches","date":"mar\u00e7o 16, 2025","format":false,"excerpt":"Na noite do dia 12 de Fevereiro (quarta feira), a comunidade do bairro Abranches, reuniu-se para um evento de grande import\u00e2ncia para a seguran\u00e7a local: a solenidade de posse da nova diretoria do Conselho Comunit\u00e1rio de Seguran\u00e7a (CONSEG) do bairro Abranches para a gest\u00e3o 2025\/2027. O evento tamb\u00e9m marcou a\u2026","rel":"","context":"Em &quot;Conseg&quot;","block_context":{"text":"Conseg","link":"https:\/\/gazetadoabranches.com\/index.php\/category\/conseg\/"},"img":{"alt_text":"","src":"https:\/\/i0.wp.com\/gazetadoabranches.com\/wp-content\/uploads\/2025\/03\/WhatsApp-Image-2025-03-16-at-13.34.42.jpeg?resize=350%2C200&ssl=1","width":350,"height":200,"srcset":"https:\/\/i0.wp.com\/gazetadoabranches.com\/wp-content\/uploads\/2025\/03\/WhatsApp-Image-2025-03-16-at-13.34.42.jpeg?resize=350%2C200&ssl=1 1x, https:\/\/i0.wp.com\/gazetadoabranches.com\/wp-content\/uploads\/2025\/03\/WhatsApp-Image-2025-03-16-at-13.34.42.jpeg?resize=525%2C300&ssl=1 1.5x, https:\/\/i0.wp.com\/gazetadoabranches.com\/wp-content\/uploads\/2025\/03\/WhatsApp-Image-2025-03-16-at-13.34.42.jpeg?resize=700%2C400&ssl=1 2x, https:\/\/i0.wp.com\/gazetadoabranches.com\/wp-content\/uploads\/2025\/03\/WhatsApp-Image-2025-03-16-at-13.34.42.jpeg?resize=1050%2C600&ssl=1 3x"},"classes":[]},{"id":10133,"url":"https:\/\/gazetadoabranches.com\/index.php\/2025\/10\/27\/video-3d-mostra-como-ficarao-sete-de-setembro-e-affonso-camargo-apos-obras-do-brt-leste-oeste\/","url_meta":{"origin":9329,"position":1},"title":"V\u00eddeo 3D mostra como ficar\u00e3o Sete de Setembro e Affonso Camargo ap\u00f3s obras do BRT Leste\/Oeste","author":"Gazeta do Abranches","date":"outubro 27, 2025","format":false,"excerpt":"Imagem: Divulga\u00e7\u00e3o\/Utag Um novo v\u00eddeo em 3D desenvolvido pela Prefeitura de Curitiba mostra como ficar\u00e3o as avenidas Sete de Setembro e Presidente Affonso Camargo ap\u00f3s as obras do Lote 2.3 do Projeto BRT Leste\/Oeste. A simula\u00e7\u00e3o apresenta detalhes das transforma\u00e7\u00f5es previstas na infraestrutura da regi\u00e3o, inclusive as novas esta\u00e7\u00f5es-tubo Eufr\u00e1sio\u2026","rel":"","context":"Em &quot;Com\u00e9rcio&quot;","block_context":{"text":"Com\u00e9rcio","link":"https:\/\/gazetadoabranches.com\/index.php\/category\/comercio\/"},"img":{"alt_text":"V\u00eddeo 3D mostra como ficar\u00e3o Sete de Setembro e Affonso Camargo ap\u00f3s obras do BRT Leste\/Oeste. Imagem: Divulga\u00e7\u00e3o\/Utag","src":"https:\/\/i0.wp.com\/gazetadoabranches.com\/wp-content\/uploads\/2025\/10\/00524384.png?resize=350%2C200&ssl=1","width":350,"height":200,"srcset":"https:\/\/i0.wp.com\/gazetadoabranches.com\/wp-content\/uploads\/2025\/10\/00524384.png?resize=350%2C200&ssl=1 1x, https:\/\/i0.wp.com\/gazetadoabranches.com\/wp-content\/uploads\/2025\/10\/00524384.png?resize=525%2C300&ssl=1 1.5x, https:\/\/i0.wp.com\/gazetadoabranches.com\/wp-content\/uploads\/2025\/10\/00524384.png?resize=700%2C400&ssl=1 2x"},"classes":[]},{"id":9815,"url":"https:\/\/gazetadoabranches.com\/index.php\/2025\/05\/04\/novo-parque-de-curitiba-no-abranches-vai-homenagear-o-papa-francisco\/","url_meta":{"origin":9329,"position":2},"title":"Novo parque de Curitiba, no Abranches, vai homenagear o papa Francisco","author":"Gazeta do Abranches","date":"maio 4, 2025","format":false,"excerpt":"Curitiba prestou, no domingo (27\/4), um tributo ao papa Francisco, falecido no \u00faltimo dia 21, aos 88 anos. Durante a missa de s\u00e9timo dia, na Catedral Bas\u00edlica Menor de Nossa Senhora da Luz dos Pinhais, o prefeito Eduardo Pimentel, ao lado da primeira-dama, Paula Mocellin, anunciou que um novo parque\u2026","rel":"","context":"Em &quot;Prefeitura&quot;","block_context":{"text":"Prefeitura","link":"https:\/\/gazetadoabranches.com\/index.php\/category\/prefeitura\/"},"img":{"alt_text":"","src":"https:\/\/i0.wp.com\/gazetadoabranches.com\/wp-content\/uploads\/2025\/05\/Missa-Papa-francisco.png?resize=350%2C200&ssl=1","width":350,"height":200,"srcset":"https:\/\/i0.wp.com\/gazetadoabranches.com\/wp-content\/uploads\/2025\/05\/Missa-Papa-francisco.png?resize=350%2C200&ssl=1 1x, https:\/\/i0.wp.com\/gazetadoabranches.com\/wp-content\/uploads\/2025\/05\/Missa-Papa-francisco.png?resize=525%2C300&ssl=1 1.5x, https:\/\/i0.wp.com\/gazetadoabranches.com\/wp-content\/uploads\/2025\/05\/Missa-Papa-francisco.png?resize=700%2C400&ssl=1 2x"},"classes":[]},{"id":10130,"url":"https:\/\/gazetadoabranches.com\/index.php\/2025\/10\/27\/com-praca-de-barcelona-curitiba-ganha-mais-um-cartao-postal\/","url_meta":{"origin":9329,"position":3},"title":"Com Pra\u00e7a de Barcelona, Curitiba ganha mais um cart\u00e3o postal","author":"Gazeta do Abranches","date":"outubro 27, 2025","format":false,"excerpt":"Inaugura\u00e7\u00e3o Pra\u00e7a Barcelona Vista Alegre Curitiba, 25\/10\/2025 Foto: Levy Ferreira\/SECOM O prefeito Eduardo Pimentel, acompanhado da primeira-dama, Paula Mocellin, inaugurou, neste s\u00e1bado (25\/10), a Pra\u00e7a de Barcelona, um novo espa\u00e7o de lazer e contempla\u00e7\u00e3o com vista privilegiada para a Serra do Mar. Localizada na rotat\u00f3ria da Rua Jacarezinho, no bairro\u2026","rel":"","context":"Em &quot;Bairros&quot;","block_context":{"text":"Bairros","link":"https:\/\/gazetadoabranches.com\/index.php\/category\/bairros\/"},"img":{"alt_text":"Inaugura\u00e7\u00e3o Pra\u00e7a Barcelona Vista Alegre Curitiba, 25\/10\/2025 Foto: Levy Ferreira\/SECOM","src":"https:\/\/i0.wp.com\/gazetadoabranches.com\/wp-content\/uploads\/2025\/10\/00524326.png?resize=350%2C200&ssl=1","width":350,"height":200,"srcset":"https:\/\/i0.wp.com\/gazetadoabranches.com\/wp-content\/uploads\/2025\/10\/00524326.png?resize=350%2C200&ssl=1 1x, https:\/\/i0.wp.com\/gazetadoabranches.com\/wp-content\/uploads\/2025\/10\/00524326.png?resize=525%2C300&ssl=1 1.5x, https:\/\/i0.wp.com\/gazetadoabranches.com\/wp-content\/uploads\/2025\/10\/00524326.png?resize=700%2C400&ssl=1 2x"},"classes":[]},{"id":10060,"url":"https:\/\/gazetadoabranches.com\/index.php\/2025\/10\/09\/curitiba-abre-120-vagas-para-novos-expositores-nas-feiras-de-artesanato-nos-bairros\/","url_meta":{"origin":9329,"position":4},"title":"Curitiba abre 120 vagas para novos expositores nas Feiras de Artesanato nos bairros","author":"Gazeta do Abranches","date":"outubro 9, 2025","format":false,"excerpt":"Foto: Valdecir Galor\/SECOM (arquivo) Artes\u00e3os e artistas pl\u00e1sticos que desejam mostrar seu talento e impulsionar a renda com produtos autorais j\u00e1 podem se inscrever para participar das Feiras de Bairro de Curitiba. O edital foi lan\u00e7ado pela Prefeitura por meio do\u00a0Instituto Municipal de Turismo (IMT). S\u00e3o 120 vagas para diversas\u2026","rel":"","context":"Em &quot;Bairros&quot;","block_context":{"text":"Bairros","link":"https:\/\/gazetadoabranches.com\/index.php\/category\/bairros\/"},"img":{"alt_text":"","src":"https:\/\/i0.wp.com\/gazetadoabranches.com\/wp-content\/uploads\/2025\/10\/00520604.png?resize=350%2C200&ssl=1","width":350,"height":200,"srcset":"https:\/\/i0.wp.com\/gazetadoabranches.com\/wp-content\/uploads\/2025\/10\/00520604.png?resize=350%2C200&ssl=1 1x, https:\/\/i0.wp.com\/gazetadoabranches.com\/wp-content\/uploads\/2025\/10\/00520604.png?resize=525%2C300&ssl=1 1.5x, https:\/\/i0.wp.com\/gazetadoabranches.com\/wp-content\/uploads\/2025\/10\/00520604.png?resize=700%2C400&ssl=1 2x"},"classes":[]},{"id":9043,"url":"https:\/\/gazetadoabranches.com\/index.php\/2023\/08\/14\/conselho-de-seguranca-do-bairro-sao-lourenco-e-criado-para-unir-esforcos-em-prol-da-seguranca-local\/","url_meta":{"origin":9329,"position":5},"title":"Conselho de Seguran\u00e7a do bairro S\u00e3o Louren\u00e7o \u00e9 criado para unir esfor\u00e7os em prol da seguran\u00e7a local","author":"Gazeta do Abranches","date":"agosto 14, 2023","format":false,"excerpt":"No dia 25 de julho, nas depend\u00eancias do Audit\u00f3rio do col\u00e9gio Bosque Mananciais, foi realizada a elei\u00e7\u00e3o do rec\u00e9m-criado Conselho de Seguran\u00e7a do bairro S\u00e3o Louren\u00e7o, tamb\u00e9m conhecido como Conseg S\u00e3o Louren\u00e7o. A assembleia de elei\u00e7\u00e3o teve in\u00edcio \u00e0s 19h30 e transcorreu de forma tranquila, uma vez que apenas uma\u2026","rel":"","context":"Em &quot;Conseg&quot;","block_context":{"text":"Conseg","link":"https:\/\/gazetadoabranches.com\/index.php\/category\/conseg\/"},"img":{"alt_text":"","src":"https:\/\/i0.wp.com\/gazetadoabranches.com\/wp-content\/uploads\/2023\/08\/WhatsApp-Image-2023-08-03-at-16.57.33.jpeg?resize=350%2C200&ssl=1","width":350,"height":200,"srcset":"https:\/\/i0.wp.com\/gazetadoabranches.com\/wp-content\/uploads\/2023\/08\/WhatsApp-Image-2023-08-03-at-16.57.33.jpeg?resize=350%2C200&ssl=1 1x, https:\/\/i0.wp.com\/gazetadoabranches.com\/wp-content\/uploads\/2023\/08\/WhatsApp-Image-2023-08-03-at-16.57.33.jpeg?resize=525%2C300&ssl=1 1.5x, https:\/\/i0.wp.com\/gazetadoabranches.com\/wp-content\/uploads\/2023\/08\/WhatsApp-Image-2023-08-03-at-16.57.33.jpeg?resize=700%2C400&ssl=1 2x, https:\/\/i0.wp.com\/gazetadoabranches.com\/wp-content\/uploads\/2023\/08\/WhatsApp-Image-2023-08-03-at-16.57.33.jpeg?resize=1050%2C600&ssl=1 3x"},"classes":[]}],"jetpack_likes_enabled":true,"jetpack_sharing_enabled":true,"_links":{"self":[{"href":"https:\/\/gazetadoabranches.com\/index.php\/wp-json\/wp\/v2\/posts\/9329","targetHints":{"allow":["GET"]}}],"collection":[{"href":"https:\/\/gazetadoabranches.com\/index.php\/wp-json\/wp\/v2\/posts"}],"about":[{"href":"https:\/\/gazetadoabranches.com\/index.php\/wp-json\/wp\/v2\/types\/post"}],"author":[{"embeddable":true,"href":"https:\/\/gazetadoabranches.com\/index.php\/wp-json\/wp\/v2\/users\/1"}],"replies":[{"embeddable":true,"href":"https:\/\/gazetadoabranches.com\/index.php\/wp-json\/wp\/v2\/comments?post=9329"}],"version-history":[{"count":1,"href":"https:\/\/gazetadoabranches.com\/index.php\/wp-json\/wp\/v2\/posts\/9329\/revisions"}],"predecessor-version":[{"id":9332,"href":"https:\/\/gazetadoabranches.com\/index.php\/wp-json\/wp\/v2\/posts\/9329\/revisions\/9332"}],"wp:featuredmedia":[{"embeddable":true,"href":"https:\/\/gazetadoabranches.com\/index.php\/wp-json\/wp\/v2\/media\/9331"}],"wp:attachment":[{"href":"https:\/\/gazetadoabranches.com\/index.php\/wp-json\/wp\/v2\/media?parent=9329"}],"wp:term":[{"taxonomy":"category","embeddable":true,"href":"https:\/\/gazetadoabranches.com\/index.php\/wp-json\/wp\/v2\/categories?post=9329"},{"taxonomy":"post_tag","embeddable":true,"href":"https:\/\/gazetadoabranches.com\/index.php\/wp-json\/wp\/v2\/tags?post=9329"}],"curies":[{"name":"wp","href":"https:\/\/api.w.org\/{rel}","templated":true}]}}