{"id":9821,"date":"2025-05-04T19:44:39","date_gmt":"2025-05-04T22:44:39","guid":{"rendered":"https:\/\/gazetadoabranches.com\/?p=9821"},"modified":"2025-05-04T19:44:39","modified_gmt":"2025-05-04T22:44:39","slug":"assembleia-legislativa-do-parana-debate-poluicao-sonora-em-audiencia-publica-no-dia-internacional-de-conscientizacao-sobre-o-ruido","status":"publish","type":"post","link":"https:\/\/gazetadoabranches.com\/index.php\/2025\/05\/04\/assembleia-legislativa-do-parana-debate-poluicao-sonora-em-audiencia-publica-no-dia-internacional-de-conscientizacao-sobre-o-ruido\/","title":{"rendered":"Assembleia Legislativa do Paran\u00e1 debate polui\u00e7\u00e3o sonora em audi\u00eancia p\u00fablica no Dia Internacional de Conscientiza\u00e7\u00e3o sobre o Ru\u00eddo"},"content":{"rendered":"<p data-start=\"175\" data-end=\"630\"><img loading=\"lazy\" decoding=\"async\" class=\"aligncenter size-full wp-image-9822\" src=\"https:\/\/gazetadoabranches.com\/wp-content\/uploads\/2025\/05\/Pertubacao-do-Sossego.jpeg\" alt=\"\" width=\"600\" height=\"600\" srcset=\"https:\/\/gazetadoabranches.com\/wp-content\/uploads\/2025\/05\/Pertubacao-do-Sossego.jpeg 600w, https:\/\/gazetadoabranches.com\/wp-content\/uploads\/2025\/05\/Pertubacao-do-Sossego-300x300.jpeg 300w, https:\/\/gazetadoabranches.com\/wp-content\/uploads\/2025\/05\/Pertubacao-do-Sossego-150x150.jpeg 150w\" sizes=\"auto, (max-width: 600px) 100vw, 600px\" \/><\/p>\n<p class=\"\" data-start=\"175\" data-end=\"630\">Em alus\u00e3o ao Dia Internacional de Conscientiza\u00e7\u00e3o sobre o Ru\u00eddo, a Assembleia Legislativa do Paran\u00e1 realizar\u00e1, no dia 5 de maio, \u00e0s 9h30, uma audi\u00eancia p\u00fablica dedicada \u00e0 discuss\u00e3o dos impactos da polui\u00e7\u00e3o sonora na sa\u00fade e na qualidade de vida da popula\u00e7\u00e3o. A iniciativa \u00e9 do deputado estadual Luiz Claudio Romanelli (PSD) e reunir\u00e1 especialistas, representantes de Conselhos Comunit\u00e1rios de Seguran\u00e7a (Consegs), autoridades e membros da sociedade civil.<\/p>\n<p class=\"\" data-start=\"632\" data-end=\"996\">A exposi\u00e7\u00e3o cont\u00ednua a ru\u00eddos intensos pode gerar uma s\u00e9rie de efeitos nocivos \u00e0 sa\u00fade, como dist\u00farbios do sono, problemas cardiovasculares, metab\u00f3licos e preju\u00edzos cognitivos \u2014 sobretudo em crian\u00e7as e idosos. Segundo dados apresentados pela organiza\u00e7\u00e3o do evento, sons acima de 65 decib\u00e9is j\u00e1 s\u00e3o suficientes para desencadear rea\u00e7\u00f5es adversas no organismo humano.<\/p>\n<p class=\"\" data-start=\"998\" data-end=\"1044\"><strong data-start=\"998\" data-end=\"1044\">Grupos vulner\u00e1veis e consequ\u00eancias diretas<\/strong><\/p>\n<p class=\"\" data-start=\"1046\" data-end=\"1324\">Entre os grupos mais afetados est\u00e3o pessoas com Transtorno do Espectro Autista (TEA), que frequentemente apresentam hipersensibilidade auditiva. Nesses casos, ru\u00eddos comuns podem ser percebidos como dolorosos, provocando crises de ansiedade, comportamentos de fuga ou autoles\u00e3o.<\/p>\n<p class=\"\" data-start=\"1326\" data-end=\"1695\">Idosos tamb\u00e9m figuram entre os mais vulner\u00e1veis: a polui\u00e7\u00e3o sonora pode intensificar problemas cardiovasculares e cognitivos, al\u00e9m de comprometer o sono e a concentra\u00e7\u00e3o. J\u00e1 no reino animal, tanto esp\u00e9cies dom\u00e9sticas quanto silvestres s\u00e3o altamente sens\u00edveis ao barulho. Epis\u00f3dios de estresse severo, convuls\u00f5es e at\u00e9 paradas card\u00edacas s\u00e3o alguns dos riscos associados.<\/p>\n<p class=\"\" data-start=\"1697\" data-end=\"1746\"><strong data-start=\"1697\" data-end=\"1746\">Preocupa\u00e7\u00f5es comunit\u00e1rias e seguran\u00e7a p\u00fablica<\/strong><\/p>\n<p class=\"\" data-start=\"1748\" data-end=\"2110\">Os Consegs t\u00eam demonstrado preocupa\u00e7\u00e3o com o crescimento de eventos e atividades barulhentas promovidas por entes p\u00fablicos e privados. Segundo esses conselhos, bares e festividades frequentemente autorizados pelas prefeituras e pelo governo estadual s\u00e3o apontados como fontes recorrentes de ru\u00eddo excessivo, afetando diretamente o sossego e a sa\u00fade da popula\u00e7\u00e3o.<\/p>\n<p class=\"\" data-start=\"2112\" data-end=\"2335\">De acordo com o Manual de Seguran\u00e7a Comunit\u00e1ria elaborado pelos pr\u00f3prios Consegs, atitudes preventivas simples por parte da comunidade podem reduzir significativamente tanto a polui\u00e7\u00e3o sonora quanto a incid\u00eancia de delitos.<\/p>\n<p class=\"\" data-start=\"2337\" data-end=\"2367\"><strong data-start=\"2337\" data-end=\"2367\">Mobiliza\u00e7\u00e3o e participa\u00e7\u00e3o<\/strong><\/p>\n<p class=\"\" data-start=\"2369\" data-end=\"2661\">A audi\u00eancia p\u00fablica visa fomentar um debate qualificado sobre pol\u00edticas p\u00fablicas de controle de ru\u00eddos urbanos e formas de mitigar seus efeitos. A Assembleia Legislativa convida a popula\u00e7\u00e3o a participar e contribuir com propostas para tornar os ambientes urbanos mais silenciosos e saud\u00e1veis.<\/p>\n<p class=\"\" data-start=\"2663\" data-end=\"2748\">O evento \u00e9 aberto ao p\u00fablico e ser\u00e1 realizado no Plen\u00e1rio da Assembleia, em Curitiba.<\/p>\n<p data-start=\"2663\" data-end=\"2748\">&nbsp;<\/p>\n","protected":false},"excerpt":{"rendered":"<p>Em alus\u00e3o ao Dia Internacional de Conscientiza\u00e7\u00e3o sobre o Ru\u00eddo, a Assembleia Legislativa do Paran\u00e1 realizar\u00e1, no dia 5 de maio, \u00e0s 9h30, uma audi\u00eancia p\u00fablica dedicada \u00e0 discuss\u00e3o dos impactos da polui\u00e7\u00e3o sonora na sa\u00fade e na qualidade de vida da popula\u00e7\u00e3o. A iniciativa \u00e9 do deputado estadual Luiz [&hellip;]<\/p>\n","protected":false},"author":1,"featured_media":9822,"comment_status":"open","ping_status":"open","sticky":false,"template":"","format":"standard","meta":{"ngg_post_thumbnail":0,"jetpack_post_was_ever_published":false,"amp_status":"","_jetpack_newsletter_access":"","_jetpack_dont_email_post_to_subs":false,"_jetpack_newsletter_tier_id":0,"_jetpack_memberships_contains_paywalled_content":false,"_jetpack_memberships_contains_paid_content":false,"footnotes":""},"categories":[19],"tags":[],"class_list":["post-9821","post","type-post","status-publish","format-standard","has-post-thumbnail","hentry","category-alep"],"aioseo_notices":[],"jetpack_featured_media_url":"https:\/\/gazetadoabranches.com\/wp-content\/uploads\/2025\/05\/Pertubacao-do-Sossego.jpeg","jetpack-related-posts":[{"id":8711,"url":"https:\/\/gazetadoabranches.com\/index.php\/2023\/01\/02\/carlos-massa-ratinho-junior-e-empossado-na-assembleia-legislativa-para-o-seu-segundo-mandato-a-frente-do-governo-do-estado\/","url_meta":{"origin":9821,"position":0},"title":"CARLOS MASSA RATINHO JUNIOR \u00c9 EMPOSSADO NA ASSEMBLEIA LEGISLATIVA PARA O SEU SEGUNDO MANDATO \u00c0 FRENTE DO GOVERNO DO ESTADO","author":"Gazeta do Abranches","date":"janeiro 2, 2023","format":false,"excerpt":"O governador Carlos Massa Ratinho Junior (PSD) foi empossado para o segundo mandato \u00e0 frente do Poder Executivo do Estado na manh\u00e3 deste domingo (1\u00ba), em sess\u00e3o solene realizada na Assembleia Legislativa do Paran\u00e1. Ao lado do vice-governador, Darci Piana (PSD), a cerim\u00f4nia de posse contou com a presen\u00e7a de\u2026","rel":"","context":"Em &quot;Governo&quot;","block_context":{"text":"Governo","link":"https:\/\/gazetadoabranches.com\/index.php\/category\/governo\/"},"img":{"alt_text":"","src":"https:\/\/i0.wp.com\/gazetadoabranches.com\/wp-content\/uploads\/2023\/01\/Posse-Ratinho.jpg?resize=350%2C200&ssl=1","width":350,"height":200,"srcset":"https:\/\/i0.wp.com\/gazetadoabranches.com\/wp-content\/uploads\/2023\/01\/Posse-Ratinho.jpg?resize=350%2C200&ssl=1 1x, https:\/\/i0.wp.com\/gazetadoabranches.com\/wp-content\/uploads\/2023\/01\/Posse-Ratinho.jpg?resize=525%2C300&ssl=1 1.5x"},"classes":[]},{"id":10339,"url":"https:\/\/gazetadoabranches.com\/index.php\/2026\/03\/10\/conseg-abranches-realiza-primeira-reuniao-de-2026\/","url_meta":{"origin":9821,"position":1},"title":"Conseg Abranches realiza primeira reuni\u00e3o de 2026","author":"Gazeta do Abranches","date":"mar\u00e7o 10, 2026","format":false,"excerpt":"O Conselho Comunit\u00e1rio de Seguran\u00e7a do Abranches (Conseg) realizou, no dia 11 de fevereiro, a primeira reuni\u00e3o de 2026. O encontro ocorreu no Sal\u00e3o Padre Henrique, nas depend\u00eancias da Par\u00f3quia Sant\u2019Ana de Abranches, e reuniu diretoria, membros natos e representantes das for\u00e7as de seguran\u00e7a. A reuni\u00e3o teve in\u00edcio com a\u2026","rel":"","context":"Em &quot;Seguran\u00e7a&quot;","block_context":{"text":"Seguran\u00e7a","link":"https:\/\/gazetadoabranches.com\/index.php\/category\/seguranca\/"},"img":{"alt_text":"","src":"https:\/\/i0.wp.com\/gazetadoabranches.com\/wp-content\/uploads\/2026\/03\/CONSEG-ABRANCHES.jpeg?resize=350%2C200&ssl=1","width":350,"height":200,"srcset":"https:\/\/i0.wp.com\/gazetadoabranches.com\/wp-content\/uploads\/2026\/03\/CONSEG-ABRANCHES.jpeg?resize=350%2C200&ssl=1 1x, https:\/\/i0.wp.com\/gazetadoabranches.com\/wp-content\/uploads\/2026\/03\/CONSEG-ABRANCHES.jpeg?resize=525%2C300&ssl=1 1.5x, https:\/\/i0.wp.com\/gazetadoabranches.com\/wp-content\/uploads\/2026\/03\/CONSEG-ABRANCHES.jpeg?resize=700%2C400&ssl=1 2x, https:\/\/i0.wp.com\/gazetadoabranches.com\/wp-content\/uploads\/2026\/03\/CONSEG-ABRANCHES.jpeg?resize=1050%2C600&ssl=1 3x, https:\/\/i0.wp.com\/gazetadoabranches.com\/wp-content\/uploads\/2026\/03\/CONSEG-ABRANCHES.jpeg?resize=1400%2C800&ssl=1 4x"},"classes":[]},{"id":8633,"url":"https:\/\/gazetadoabranches.com\/index.php\/2022\/11\/17\/assembleia-apresenta-praticas-inovadoras-na-administracao-durante-o-evento-governo-5-0-desenvolve-parana\/","url_meta":{"origin":9821,"position":2},"title":"Assembleia apresenta pr\u00e1ticas inovadoras na administra\u00e7\u00e3o durante o evento Governo 5.0 &#8211; Desenvolve Paran\u00e1","author":"Gazeta do Abranches","date":"novembro 17, 2022","format":false,"excerpt":"A\u00e7\u00f5es administrativas, legislativas e de comunica\u00e7\u00e3o desenvolvidas pelo Poder Legislativo foram apresentadas durante workshop a prefeitos, vereadores e demais agentes p\u00fablicos. por Eduardo Santana \u00a0 Um panorama das principais a\u00e7\u00f5es administrativas, legislativas e de comunica\u00e7\u00e3o desenvolvidas pelo Poder Legislativo do Estado ao longo dos \u00faltimos quatro anos. Assim se deu\u2026","rel":"","context":"Em &quot;Alep&quot;","block_context":{"text":"Alep","link":"https:\/\/gazetadoabranches.com\/index.php\/category\/alep\/"},"img":{"alt_text":"","src":"https:\/\/i0.wp.com\/gazetadoabranches.com\/wp-content\/uploads\/2022\/11\/Romanelli-parana-5.0.jpg?resize=350%2C200&ssl=1","width":350,"height":200,"srcset":"https:\/\/i0.wp.com\/gazetadoabranches.com\/wp-content\/uploads\/2022\/11\/Romanelli-parana-5.0.jpg?resize=350%2C200&ssl=1 1x, https:\/\/i0.wp.com\/gazetadoabranches.com\/wp-content\/uploads\/2022\/11\/Romanelli-parana-5.0.jpg?resize=525%2C300&ssl=1 1.5x, https:\/\/i0.wp.com\/gazetadoabranches.com\/wp-content\/uploads\/2022\/11\/Romanelli-parana-5.0.jpg?resize=700%2C400&ssl=1 2x"},"classes":[]},{"id":9982,"url":"https:\/\/gazetadoabranches.com\/index.php\/2025\/08\/22\/deputado-romanelli-psd-destaca-ampliacao-dos-servicos-da-defensoria-publica-as-pessoas-com-deficiencia-no-parana\/","url_meta":{"origin":9821,"position":3},"title":"DEPUTADO ROMANELLI (PSD) DESTACA AMPLIA\u00c7\u00c3O DOS SERVI\u00c7OS DA DEFENSORIA P\u00daBLICA \u00c0S PESSOAS COM DEFICI\u00caNCIA NO PARAN\u00c1","author":"Gazeta do Abranches","date":"agosto 22, 2025","format":false,"excerpt":"O deputado Luiz Cl\u00e1udio Romanelli (PSD) destacou nesta ter\u00e7a-feira (19) a apresenta\u00e7\u00e3o do projeto de lei pela Defensoria P\u00fablica do Estado na Assembleia Legislativa que garante a assist\u00eancia jur\u00eddica integral e gratuita \u00e0s pessoas com defici\u00eancia no Paran\u00e1. \"Desde 2021, a Defensoria P\u00fablica tem um posto avan\u00e7ado na Assembleia Legislativa\u2026","rel":"","context":"Em &quot;Alep&quot;","block_context":{"text":"Alep","link":"https:\/\/gazetadoabranches.com\/index.php\/category\/alep\/"},"img":{"alt_text":"","src":"https:\/\/i0.wp.com\/gazetadoabranches.com\/wp-content\/uploads\/2025\/08\/Romanelli-Defensoria.jpg?resize=350%2C200&ssl=1","width":350,"height":200,"srcset":"https:\/\/i0.wp.com\/gazetadoabranches.com\/wp-content\/uploads\/2025\/08\/Romanelli-Defensoria.jpg?resize=350%2C200&ssl=1 1x, https:\/\/i0.wp.com\/gazetadoabranches.com\/wp-content\/uploads\/2025\/08\/Romanelli-Defensoria.jpg?resize=525%2C300&ssl=1 1.5x"},"classes":[]},{"id":7831,"url":"https:\/\/gazetadoabranches.com\/index.php\/2021\/10\/15\/lei-garante-e-regulamenta-aplicacao-da-dose-complementar-da-vacina-contra-a-covid\/","url_meta":{"origin":9821,"position":4},"title":"LEI GARANTE E REGULAMENTA APLICA\u00c7\u00c3O DA DOSE COMPLEMENTAR DA VACINA CONTRA A COVID","author":"Gazeta do Abranches","date":"outubro 15, 2021","format":false,"excerpt":"A aplica\u00e7\u00e3o da dose de refor\u00e7o da vacina contra a Covid, ou terceira dose, agora \u00e9 lei no Paran\u00e1. A iniciativa precursora do deputado Delegado Francischini (PSL), aprovada na Assembleia Legislativa do Paran\u00e1, foi sancionada pelo governador Carlos Massa Ratinho Junior e regulamenta o refor\u00e7o vacinal como forma de aumentar\u2026","rel":"","context":"Em &quot;Alep&quot;","block_context":{"text":"Alep","link":"https:\/\/gazetadoabranches.com\/index.php\/category\/alep\/"},"img":{"alt_text":"","src":"https:\/\/i0.wp.com\/gazetadoabranches.com\/wp-content\/uploads\/2020\/06\/Vacina3.jpg?resize=350%2C200&ssl=1","width":350,"height":200,"srcset":"https:\/\/i0.wp.com\/gazetadoabranches.com\/wp-content\/uploads\/2020\/06\/Vacina3.jpg?resize=350%2C200&ssl=1 1x, https:\/\/i0.wp.com\/gazetadoabranches.com\/wp-content\/uploads\/2020\/06\/Vacina3.jpg?resize=525%2C300&ssl=1 1.5x, https:\/\/i0.wp.com\/gazetadoabranches.com\/wp-content\/uploads\/2020\/06\/Vacina3.jpg?resize=700%2C400&ssl=1 2x"},"classes":[]},{"id":8011,"url":"https:\/\/gazetadoabranches.com\/index.php\/2022\/01\/21\/jogos-do-campeonato-paranaense-de-futebol-serao-transmitidos-a-partir-deste-domingo-pela-tv-assembleia\/","url_meta":{"origin":9821,"position":5},"title":"JOGOS DO CAMPEONATO PARANAENSE DE FUTEBOL SER\u00c3O TRANSMITIDOS A PARTIR DESTE DOMINGO PELA TV ASSEMBLEIA","author":"Gazeta do Abranches","date":"janeiro 21, 2022","format":false,"excerpt":"A Assembleia Legislativa do Paran\u00e1 e a Federa\u00e7\u00e3o Paranaense de Futebol (FPF) firmaram uma parceria para a transmiss\u00e3o de jogos do Campeonato Paranaense de Futebol da Primeira Divis\u00e3o \u2013 temporada 2022 em TV aberta. As transmiss\u00f5es pela TV Assembleia iniciam neste domingo (23), atrav\u00e9s do canal 10.2 em TV Aberta\u2026","rel":"","context":"Em &quot;Futebol&quot;","block_context":{"text":"Futebol","link":"https:\/\/gazetadoabranches.com\/index.php\/category\/futebol\/"},"img":{"alt_text":"","src":"https:\/\/i0.wp.com\/gazetadoabranches.com\/wp-content\/uploads\/2022\/01\/Campeonato-Paranaense.jpg?resize=350%2C200&ssl=1","width":350,"height":200,"srcset":"https:\/\/i0.wp.com\/gazetadoabranches.com\/wp-content\/uploads\/2022\/01\/Campeonato-Paranaense.jpg?resize=350%2C200&ssl=1 1x, https:\/\/i0.wp.com\/gazetadoabranches.com\/wp-content\/uploads\/2022\/01\/Campeonato-Paranaense.jpg?resize=525%2C300&ssl=1 1.5x"},"classes":[]}],"jetpack_likes_enabled":true,"jetpack_sharing_enabled":true,"_links":{"self":[{"href":"https:\/\/gazetadoabranches.com\/index.php\/wp-json\/wp\/v2\/posts\/9821","targetHints":{"allow":["GET"]}}],"collection":[{"href":"https:\/\/gazetadoabranches.com\/index.php\/wp-json\/wp\/v2\/posts"}],"about":[{"href":"https:\/\/gazetadoabranches.com\/index.php\/wp-json\/wp\/v2\/types\/post"}],"author":[{"embeddable":true,"href":"https:\/\/gazetadoabranches.com\/index.php\/wp-json\/wp\/v2\/users\/1"}],"replies":[{"embeddable":true,"href":"https:\/\/gazetadoabranches.com\/index.php\/wp-json\/wp\/v2\/comments?post=9821"}],"version-history":[{"count":1,"href":"https:\/\/gazetadoabranches.com\/index.php\/wp-json\/wp\/v2\/posts\/9821\/revisions"}],"predecessor-version":[{"id":9823,"href":"https:\/\/gazetadoabranches.com\/index.php\/wp-json\/wp\/v2\/posts\/9821\/revisions\/9823"}],"wp:featuredmedia":[{"embeddable":true,"href":"https:\/\/gazetadoabranches.com\/index.php\/wp-json\/wp\/v2\/media\/9822"}],"wp:attachment":[{"href":"https:\/\/gazetadoabranches.com\/index.php\/wp-json\/wp\/v2\/media?parent=9821"}],"wp:term":[{"taxonomy":"category","embeddable":true,"href":"https:\/\/gazetadoabranches.com\/index.php\/wp-json\/wp\/v2\/categories?post=9821"},{"taxonomy":"post_tag","embeddable":true,"href":"https:\/\/gazetadoabranches.com\/index.php\/wp-json\/wp\/v2\/tags?post=9821"}],"curies":[{"name":"wp","href":"https:\/\/api.w.org\/{rel}","templated":true}]}}