{"id":9840,"date":"2025-06-10T20:50:43","date_gmt":"2025-06-10T23:50:43","guid":{"rendered":"https:\/\/gazetadoabranches.com\/?p=9840"},"modified":"2025-06-10T20:50:43","modified_gmt":"2025-06-10T23:50:43","slug":"ampliacao-de-binario-no-bairro-abranches-gera-preocupacao-entre-moradores","status":"publish","type":"post","link":"https:\/\/gazetadoabranches.com\/index.php\/2025\/06\/10\/ampliacao-de-binario-no-bairro-abranches-gera-preocupacao-entre-moradores\/","title":{"rendered":"Amplia\u00e7\u00e3o de bin\u00e1rio no bairro Abranches gera preocupa\u00e7\u00e3o entre moradores"},"content":{"rendered":"<p><img loading=\"lazy\" decoding=\"async\" class=\"aligncenter size-full wp-image-9841\" src=\"https:\/\/gazetadoabranches.com\/wp-content\/uploads\/2025\/06\/Rua-Vitorio-Joao-Brunor.jpeg\" alt=\"\" width=\"768\" height=\"512\" srcset=\"https:\/\/gazetadoabranches.com\/wp-content\/uploads\/2025\/06\/Rua-Vitorio-Joao-Brunor.jpeg 768w, https:\/\/gazetadoabranches.com\/wp-content\/uploads\/2025\/06\/Rua-Vitorio-Joao-Brunor-300x200.jpeg 300w\" sizes=\"auto, (max-width: 768px) 100vw, 768px\" \/><\/p>\n<p><strong>Curitiba (PR)<\/strong> \u2014 A poss\u00edvel amplia\u00e7\u00e3o do bin\u00e1rio Mateus Leme x Nilo Pe\u00e7anha tem gerado ampla repercuss\u00e3o entre os moradores do bairro Abranches. O projeto, atualmente em fase de estudos pelo Instituto de Pesquisa e Planejamento Urbano de Curitiba (Ippuc), prev\u00ea uma terceira etapa do sistema vi\u00e1rio, o que tem causado apreens\u00e3o na comunidade local devido aos impactos previstos.<\/p>\n<p>A proposta foi tema central da \u00faltima reuni\u00e3o do Conselho Comunit\u00e1rio de Seguran\u00e7a (Conseg) do Abranches, que reuniu mais de 170 moradores. O aumento do tr\u00e1fego na regi\u00e3o, impulsionado pela constru\u00e7\u00e3o de novos condom\u00ednios nos bairros vizinhos e em cidades da Regi\u00e3o Metropolitana, tem agravado os congestionamentos, especialmente nos hor\u00e1rios de pico.<\/p>\n<p>Conforme os estudos preliminares do Ippuc, a rua Mateus Leme dever\u00e1 ser convertida em via de m\u00e3o \u00fanica no sentido bairro, a partir do cruzamento com a rua Jo\u00e3o Gava at\u00e9 a rua Vit\u00f3rio Jo\u00e3o Brunor. O retorno no sentido centro ocorreria pela pr\u00f3pria rua Vit\u00f3rio Jo\u00e3o Brunor, que passaria a contar com um novo tra\u00e7ado ao lado da Igreja Sant\u2019Ana de Abranches, uma das mais antigas da cidade. O plano inclui a constru\u00e7\u00e3o de uma ponte ligando a rua Vit\u00f3rio Jo\u00e3o Brunor \u00e0 Jo\u00e3o En\u00e9as de S\u00e1, alcan\u00e7ando a Nilo Pe\u00e7anha.<\/p>\n<p>No entanto, a proposta prev\u00ea desapropria\u00e7\u00f5es que preocupam a comunidade. Dois estabelecimentos comerciais tradicionais seriam removidos, al\u00e9m da perda de parte do estacionamento do sal\u00e3o paroquial da Igreja Sant\u2019Ana. Fi\u00e9is e moradores temem que o novo tr\u00e1fego intenso, incluindo \u00f4nibus biarticulados e caminh\u00f5es, comprometa a estrutura do templo, cuja constru\u00e7\u00e3o antiga n\u00e3o oferece suporte adequado a trepida\u00e7\u00f5es constantes.<\/p>\n<p>Outro ponto sens\u00edvel \u00e9 a presen\u00e7a de salas de catequese ao lado da via projetada, onde crian\u00e7as participam de atividades nos fins de semana. Os moradores da rua Vit\u00f3rio Jo\u00e3o Brunor tamb\u00e9m podem ser afetados com alargamentos e desapropria\u00e7\u00f5es residenciais.<\/p>\n<p>Diante da situa\u00e7\u00e3o, Conseg Abranches, lideran\u00e7as locais, representantes da Igreja, comerciantes e o vereador Leonidas Dias t\u00eam buscado alternativas ao tra\u00e7ado atual. Uma das sugest\u00f5es \u00e9 o alargamento da pr\u00f3pria rua Mateus Leme, com a cria\u00e7\u00e3o de faixas duplas em ambos os sentidos, o que poderia minimizar os impactos urbanos.<\/p>\n<p>O Ippuc se comprometeu a realizar uma audi\u00eancia p\u00fablica para apresentar o projeto e discutir com a comunidade eventuais ajustes que possam atender \u00e0 necessidade de mobilidade urbana, sem comprometer o patrim\u00f4nio hist\u00f3rico e o bem-estar dos moradores.<\/p>\n","protected":false},"excerpt":{"rendered":"<p>Curitiba (PR) \u2014 A poss\u00edvel amplia\u00e7\u00e3o do bin\u00e1rio Mateus Leme x Nilo Pe\u00e7anha tem gerado ampla repercuss\u00e3o entre os moradores do bairro Abranches. O projeto, atualmente em fase de estudos pelo Instituto de Pesquisa e Planejamento Urbano de Curitiba (Ippuc), prev\u00ea uma terceira etapa do sistema vi\u00e1rio, o que tem [&hellip;]<\/p>\n","protected":false},"author":1,"featured_media":9841,"comment_status":"open","ping_status":"open","sticky":false,"template":"","format":"standard","meta":{"ngg_post_thumbnail":0,"jetpack_post_was_ever_published":false,"amp_status":"","_jetpack_newsletter_access":"","_jetpack_dont_email_post_to_subs":false,"_jetpack_newsletter_tier_id":0,"_jetpack_memberships_contains_paywalled_content":false,"_jetpack_memberships_contains_paid_content":false,"footnotes":""},"categories":[156],"tags":[],"class_list":["post-9840","post","type-post","status-publish","format-standard","has-post-thumbnail","hentry","category-binario"],"aioseo_notices":[],"jetpack_featured_media_url":"https:\/\/gazetadoabranches.com\/wp-content\/uploads\/2025\/06\/Rua-Vitorio-Joao-Brunor.jpeg","jetpack-related-posts":[{"id":9825,"url":"https:\/\/gazetadoabranches.com\/index.php\/2025\/05\/15\/conseg-abranches-realiza-assembleia-e-debate-seguranca-cameras-e-futuro-binario-que-pode-impactar-18-mil-moradores\/","url_meta":{"origin":9840,"position":0},"title":"Conseg Abranches realiza assembl\u00e9ia e debate seguran\u00e7a, c\u00e2meras e futuro bin\u00e1rio que pode impactar 18 mil moradores","author":"Gazeta do Abranches","date":"maio 15, 2025","format":false,"excerpt":"A comunidade do Abranches est\u00e1 mobilizada! No dia 14 de maio, o Conselho Comunit\u00e1rio de Seguran\u00e7a (Conseg Abranches) realizou uma importante assembl\u00e9ia no sal\u00e3o da Igreja Sant\u2019Ana. O encontro contou com a presen\u00e7a de mais de 170 pessoas, entre moradores, autoridades, representantes da Guarda Municipal e lideran\u00e7as locais. Em pauta:\u2026","rel":"","context":"Em &quot;Conseg&quot;","block_context":{"text":"Conseg","link":"https:\/\/gazetadoabranches.com\/index.php\/category\/conseg\/"},"img":{"alt_text":"","src":"https:\/\/i0.wp.com\/gazetadoabranches.com\/wp-content\/uploads\/2025\/05\/WhatsApp-Image-2025-05-15-at-10.15.11.jpeg?resize=350%2C200&ssl=1","width":350,"height":200,"srcset":"https:\/\/i0.wp.com\/gazetadoabranches.com\/wp-content\/uploads\/2025\/05\/WhatsApp-Image-2025-05-15-at-10.15.11.jpeg?resize=350%2C200&ssl=1 1x, https:\/\/i0.wp.com\/gazetadoabranches.com\/wp-content\/uploads\/2025\/05\/WhatsApp-Image-2025-05-15-at-10.15.11.jpeg?resize=525%2C300&ssl=1 1.5x, https:\/\/i0.wp.com\/gazetadoabranches.com\/wp-content\/uploads\/2025\/05\/WhatsApp-Image-2025-05-15-at-10.15.11.jpeg?resize=700%2C400&ssl=1 2x, https:\/\/i0.wp.com\/gazetadoabranches.com\/wp-content\/uploads\/2025\/05\/WhatsApp-Image-2025-05-15-at-10.15.11.jpeg?resize=1050%2C600&ssl=1 3x, https:\/\/i0.wp.com\/gazetadoabranches.com\/wp-content\/uploads\/2025\/05\/WhatsApp-Image-2025-05-15-at-10.15.11.jpeg?resize=1400%2C800&ssl=1 4x"},"classes":[]},{"id":9276,"url":"https:\/\/gazetadoabranches.com\/index.php\/2024\/06\/12\/segunda-etapa-de-binario-implantado-pela-prefeitura-de-curitiba-traz-mais-seguranca-e-fluidez-ao-transito-no-sao-lourenco\/","url_meta":{"origin":9840,"position":1},"title":"Segunda etapa de bin\u00e1rio implantado pela Prefeitura de Curitiba traz mais seguran\u00e7a e fluidez ao tr\u00e2nsito no S\u00e3o Louren\u00e7o","author":"Gazeta do Abranches","date":"junho 12, 2024","format":false,"excerpt":"A\u00a0segunda fase do bin\u00e1rio\u00a0das ruas Mateus Leme e Nilo Pe\u00e7anha, no bairro S\u00e3o Louren\u00e7o, dever\u00e1 resultar em mais seguran\u00e7a e fluidez no tr\u00e2nsito para a regi\u00e3o. \u00c9 o que afirmam os moradores e a popula\u00e7\u00e3o que transita pelo bairro. A implanta\u00e7\u00e3o, feita pela Superintend\u00eancia de Tr\u00e2nsito (Setran), teve in\u00edcio na\u2026","rel":"","context":"Em &quot;Bin\u00e1rio&quot;","block_context":{"text":"Bin\u00e1rio","link":"https:\/\/gazetadoabranches.com\/index.php\/category\/binario\/"},"img":{"alt_text":"","src":"https:\/\/i0.wp.com\/gazetadoabranches.com\/wp-content\/uploads\/2024\/06\/Binario-S%C3%A3o-louren%C3%A7o.jpg?resize=350%2C200&ssl=1","width":350,"height":200,"srcset":"https:\/\/i0.wp.com\/gazetadoabranches.com\/wp-content\/uploads\/2024\/06\/Binario-S%C3%A3o-louren%C3%A7o.jpg?resize=350%2C200&ssl=1 1x, https:\/\/i0.wp.com\/gazetadoabranches.com\/wp-content\/uploads\/2024\/06\/Binario-S%C3%A3o-louren%C3%A7o.jpg?resize=525%2C300&ssl=1 1.5x, https:\/\/i0.wp.com\/gazetadoabranches.com\/wp-content\/uploads\/2024\/06\/Binario-S%C3%A3o-louren%C3%A7o.jpg?resize=700%2C400&ssl=1 2x"},"classes":[]},{"id":9878,"url":"https:\/\/gazetadoabranches.com\/index.php\/2025\/07\/04\/fala-curitiba-reune-moradores-no-bairro-abranches-para-debater-demandas-da-regiao-na-noite-gelada-da-ultima-quarta-feira-3-de-julho-o-salao-paroquial-da-igreja-santana-de-abranches-foi-palc\/","url_meta":{"origin":9840,"position":2},"title":"Fala Curitiba re\u00fane moradores no bairro Abranches para debater demandas da regi\u00e3o","author":"Gazeta do Abranches","date":"julho 4, 2025","format":false,"excerpt":"Na noite gelada da \u00faltima quarta-feira, 3 de julho, o sal\u00e3o paroquial da Igreja Sant\u2019Ana de Abranches foi palco de mais uma etapa do programa Fala Curitiba, promovido pela Prefeitura de Curitiba por meio da Administra\u00e7\u00e3o Regional Boa Vista. O evento contou com a presen\u00e7a expressiva de moradores dos bairros\u2026","rel":"","context":"Em &quot;Fala Curitiba&quot;","block_context":{"text":"Fala Curitiba","link":"https:\/\/gazetadoabranches.com\/index.php\/category\/fala-curitiba\/"},"img":{"alt_text":"","src":"https:\/\/i0.wp.com\/gazetadoabranches.com\/wp-content\/uploads\/2025\/07\/WhatsApp-Image-2025-07-04-at-13.16.54.jpeg?resize=350%2C200&ssl=1","width":350,"height":200,"srcset":"https:\/\/i0.wp.com\/gazetadoabranches.com\/wp-content\/uploads\/2025\/07\/WhatsApp-Image-2025-07-04-at-13.16.54.jpeg?resize=350%2C200&ssl=1 1x, https:\/\/i0.wp.com\/gazetadoabranches.com\/wp-content\/uploads\/2025\/07\/WhatsApp-Image-2025-07-04-at-13.16.54.jpeg?resize=525%2C300&ssl=1 1.5x, https:\/\/i0.wp.com\/gazetadoabranches.com\/wp-content\/uploads\/2025\/07\/WhatsApp-Image-2025-07-04-at-13.16.54.jpeg?resize=700%2C400&ssl=1 2x, https:\/\/i0.wp.com\/gazetadoabranches.com\/wp-content\/uploads\/2025\/07\/WhatsApp-Image-2025-07-04-at-13.16.54.jpeg?resize=1050%2C600&ssl=1 3x, https:\/\/i0.wp.com\/gazetadoabranches.com\/wp-content\/uploads\/2025\/07\/WhatsApp-Image-2025-07-04-at-13.16.54.jpeg?resize=1400%2C800&ssl=1 4x"},"classes":[]},{"id":9270,"url":"https:\/\/gazetadoabranches.com\/index.php\/2024\/06\/11\/segunda-fase-do-binario-mateus-leme-nilo-pecanha-vai-ser-implantada-nesta-quarta-feira\/","url_meta":{"origin":9840,"position":3},"title":"Segunda fase do bin\u00e1rio Mateus Leme\/Nilo Pe\u00e7anha vai ser implantada nesta quarta-feira","author":"Gazeta do Abranches","date":"junho 11, 2024","format":false,"excerpt":"Nesta quarta-feira (12\/6), \u00e0s 11h, equipes da\u00a0Superintend\u00eancia de Tr\u00e2nsito (Setran)\u00a0v\u00e3o iniciar a implanta\u00e7\u00e3o da segunda fase do bin\u00e1rio das ruas Mateus Leme e Nilo Pe\u00e7anha, no bairro S\u00e3o Louren\u00e7o. O projeto \u00e9 do\u00a0Instituto de Pesquisa e Planejamento Urbano de Curitiba (Ippuc)\u00a0e o objetivo \u00e9 melhorar a fluidez no tr\u00e2nsito da\u2026","rel":"","context":"Em &quot;Bin\u00e1rio&quot;","block_context":{"text":"Bin\u00e1rio","link":"https:\/\/gazetadoabranches.com\/index.php\/category\/binario\/"},"img":{"alt_text":"","src":"https:\/\/i0.wp.com\/gazetadoabranches.com\/wp-content\/uploads\/2024\/06\/Novo-bin%C3%A1rio-s%C3%A3o-Louren%C3%A7o.jpg?resize=350%2C200&ssl=1","width":350,"height":200,"srcset":"https:\/\/i0.wp.com\/gazetadoabranches.com\/wp-content\/uploads\/2024\/06\/Novo-bin%C3%A1rio-s%C3%A3o-Louren%C3%A7o.jpg?resize=350%2C200&ssl=1 1x, https:\/\/i0.wp.com\/gazetadoabranches.com\/wp-content\/uploads\/2024\/06\/Novo-bin%C3%A1rio-s%C3%A3o-Louren%C3%A7o.jpg?resize=525%2C300&ssl=1 1.5x, https:\/\/i0.wp.com\/gazetadoabranches.com\/wp-content\/uploads\/2024\/06\/Novo-bin%C3%A1rio-s%C3%A3o-Louren%C3%A7o.jpg?resize=700%2C400&ssl=1 2x"},"classes":[]},{"id":9299,"url":"https:\/\/gazetadoabranches.com\/index.php\/2024\/06\/25\/novo-binario-e-instalado-em-curitiba-para-reducao-de-conflitos-no-transito\/","url_meta":{"origin":9840,"position":4},"title":"Novo bin\u00e1rio \u00e9 instalado em Curitiba para redu\u00e7\u00e3o de conflitos no tr\u00e2nsito","author":"Gazeta do Abranches","date":"junho 25, 2024","format":false,"excerpt":"O novo bin\u00e1rio implantado no bairro Boa Vista nesta ter\u00e7a-feira (25\/6), nas ruas\u00a0Lodovico Geronazzo e Brigadeiro Arthur Carlos Peralta, deve ajudar a organizar o tr\u00e2nsito na regi\u00e3o e diminuir os conflitos vi\u00e1rios. No local, al\u00e9m das mudan\u00e7as de sentido de vias, foram instaladas uma estrutura ciclovi\u00e1ria e novos sem\u00e1foros. \u201cS\u00e3o\u2026","rel":"","context":"Em &quot;Bin\u00e1rio&quot;","block_context":{"text":"Bin\u00e1rio","link":"https:\/\/gazetadoabranches.com\/index.php\/category\/binario\/"},"img":{"alt_text":"","src":"https:\/\/i0.wp.com\/gazetadoabranches.com\/wp-content\/uploads\/2024\/06\/Novo-bin%C3%A1rio-Boa-Vista.jpg?resize=350%2C200&ssl=1","width":350,"height":200,"srcset":"https:\/\/i0.wp.com\/gazetadoabranches.com\/wp-content\/uploads\/2024\/06\/Novo-bin%C3%A1rio-Boa-Vista.jpg?resize=350%2C200&ssl=1 1x, https:\/\/i0.wp.com\/gazetadoabranches.com\/wp-content\/uploads\/2024\/06\/Novo-bin%C3%A1rio-Boa-Vista.jpg?resize=525%2C300&ssl=1 1.5x, https:\/\/i0.wp.com\/gazetadoabranches.com\/wp-content\/uploads\/2024\/06\/Novo-bin%C3%A1rio-Boa-Vista.jpg?resize=700%2C400&ssl=1 2x"},"classes":[]},{"id":9312,"url":"https:\/\/gazetadoabranches.com\/index.php\/2024\/07\/02\/prefeito-de-curitiba-se-encontra-com-representantes-do-colegio-santa-maria\/","url_meta":{"origin":9840,"position":5},"title":"Prefeito de Curitiba se encontra com representantes do Col\u00e9gio Santa Maria","author":"Gazeta do Abranches","date":"julho 2, 2024","format":false,"excerpt":"O prefeito\u00a0Rafael Greca\u00a0recebeu, nesta segunda-feira (1\u00b0\/7), na sede da\u00a0Prefeitura, gestores do\u00a0Col\u00e9gio Marista Santa Maria. Participaram do encontro a diretora do col\u00e9gio, Antoniella Cavassin, o diretor regional do grupo, Renato Angelino Darui, e o coordenador administrativo do grupo, Luciano Armstrong. No encontro, foi anunciado que a Prefeitura ir\u00e1 fazer uma altera\u00e7\u00e3o\u2026","rel":"","context":"Em &quot;Bin\u00e1rio&quot;","block_context":{"text":"Bin\u00e1rio","link":"https:\/\/gazetadoabranches.com\/index.php\/category\/binario\/"},"img":{"alt_text":"","src":"https:\/\/i0.wp.com\/gazetadoabranches.com\/wp-content\/uploads\/2024\/07\/Binario-reuni%C3%A3o-prefeito.jpg?resize=350%2C200&ssl=1","width":350,"height":200,"srcset":"https:\/\/i0.wp.com\/gazetadoabranches.com\/wp-content\/uploads\/2024\/07\/Binario-reuni%C3%A3o-prefeito.jpg?resize=350%2C200&ssl=1 1x, https:\/\/i0.wp.com\/gazetadoabranches.com\/wp-content\/uploads\/2024\/07\/Binario-reuni%C3%A3o-prefeito.jpg?resize=525%2C300&ssl=1 1.5x, https:\/\/i0.wp.com\/gazetadoabranches.com\/wp-content\/uploads\/2024\/07\/Binario-reuni%C3%A3o-prefeito.jpg?resize=700%2C400&ssl=1 2x"},"classes":[]}],"jetpack_likes_enabled":true,"jetpack_sharing_enabled":true,"_links":{"self":[{"href":"https:\/\/gazetadoabranches.com\/index.php\/wp-json\/wp\/v2\/posts\/9840","targetHints":{"allow":["GET"]}}],"collection":[{"href":"https:\/\/gazetadoabranches.com\/index.php\/wp-json\/wp\/v2\/posts"}],"about":[{"href":"https:\/\/gazetadoabranches.com\/index.php\/wp-json\/wp\/v2\/types\/post"}],"author":[{"embeddable":true,"href":"https:\/\/gazetadoabranches.com\/index.php\/wp-json\/wp\/v2\/users\/1"}],"replies":[{"embeddable":true,"href":"https:\/\/gazetadoabranches.com\/index.php\/wp-json\/wp\/v2\/comments?post=9840"}],"version-history":[{"count":1,"href":"https:\/\/gazetadoabranches.com\/index.php\/wp-json\/wp\/v2\/posts\/9840\/revisions"}],"predecessor-version":[{"id":9842,"href":"https:\/\/gazetadoabranches.com\/index.php\/wp-json\/wp\/v2\/posts\/9840\/revisions\/9842"}],"wp:featuredmedia":[{"embeddable":true,"href":"https:\/\/gazetadoabranches.com\/index.php\/wp-json\/wp\/v2\/media\/9841"}],"wp:attachment":[{"href":"https:\/\/gazetadoabranches.com\/index.php\/wp-json\/wp\/v2\/media?parent=9840"}],"wp:term":[{"taxonomy":"category","embeddable":true,"href":"https:\/\/gazetadoabranches.com\/index.php\/wp-json\/wp\/v2\/categories?post=9840"},{"taxonomy":"post_tag","embeddable":true,"href":"https:\/\/gazetadoabranches.com\/index.php\/wp-json\/wp\/v2\/tags?post=9840"}],"curies":[{"name":"wp","href":"https:\/\/api.w.org\/{rel}","templated":true}]}}